{"id":3997,"date":"2023-07-27T21:57:47","date_gmt":"2023-07-27T20:57:47","guid":{"rendered":"https:\/\/universnews224.com\/?p=3997"},"modified":"2023-07-27T21:57:47","modified_gmt":"2023-07-27T20:57:47","slug":"coup-detat-au-niger-je-ne-suis-pas-du-tout-surpris-alhousseine-makanera-kake","status":"publish","type":"post","link":"https:\/\/universnews224.com\/index.php\/coup-detat-au-niger-je-ne-suis-pas-du-tout-surpris-alhousseine-makanera-kake\/","title":{"rendered":"Coup d\u2019\u00c9tat au Niger: \u201cJe ne suis pas du tout surpris\u201d, Alhousseine Makan\u00e9ra Kak\u00e9."},"content":{"rendered":"<p class=\"p1\"><span class=\"s1\">Le pr\u00e9sident FND, Alhoussein Makan\u00e9ra Kak\u00e9 s\u2019est prononc\u00e9 sur la recrudescence des coups d\u2019\u00c9tats en Afrique de l\u2019Ouest avec l\u2019\u00e9viction au pouvoir du pr\u00e9sident nig\u00e9rien, Mohamed Bazoum par un groupe de militaires hier mercredi, 26 juillet 2023. <\/span><\/p>\n<p class=\"p1\"><span class=\"s1\">Selon cet ancien d\u00e9put\u00e9, les coups de force perp\u00e9tr\u00e9s contre les pr\u00e9sidents \u00e9lus n\u2019est nullement li\u00e9 au 3\u00e8me mandat, mais plut\u00f4t \u00e0 un malaise profond. <\/span><\/p>\n<p class=\"p1\"><span class=\"s1\">\u201cJe ne suis pas du tout surpris, vous savez j\u2019ai toujours dit<span class=\"Apple-converted-space\">\u00a0 <\/span>que l\u2019affaire des coups d\u2019Etat en Afrique n\u2019a rien \u00e0 voir avec le troisi\u00e8me mandat. Comme par co\u00efncidence le 26 octobre 2021 Bazoum disait qu\u2019il pensait que Alpha Cond\u00e9 contr\u00f4lait et ma\u00eetrisait son arm\u00e9e, mais que ce n\u2019\u00e9tait pas le cas. Le 26 juillet 2023 il connait le m\u00eame sort. Cela veut dire que le malaise est profond et que les coups d\u2019Etat devaient \u00eatre pour tous les d\u00e9mocrates une ligne rouge \u00e0 ne pas franchir. Il ne faut jamais trouver un argument pour valider n\u2019importe quel coup d\u2019Etat. Je voulais attirer votre attention sur y a trois (3) dimensions dans cette affaire, il y a la dimension exog\u00e8ne par rapport \u00e0 tout ce qui se passe sur le plan mondial surtout avec la guerre en Ukraine qui ne vient pas pour arranger les choses. Il y a la dimension africaine qui m\u00eame est endog\u00e8ne au Niger. Parce que soyez certain m\u00eame le Niger, il y a dichotomie entre les politiques. Nous rappelons que<span class=\"Apple-converted-space\">\u00a0 <\/span>Issoufou n\u2019a pas voulu aller au troisi\u00e8me mandat, mais nous savons que Hama Amadou a fait sa campagne en prison contre Issoufou et il a \u00e9t\u00e9 emp\u00each\u00e9 d\u2019\u00eatre candidat pour ne pas emp\u00eacher Bazoum, a t-il indiqu\u00e9. <\/span><\/p>\n<p class=\"p1\"><span class=\"s1\">Pour mettre un terme aux coups d\u2019\u00c9tats dans l\u2019espace C\u00c9D\u00c9AO, l\u2019ancien ministre de l\u2019information et de la communication sugg\u00e8re plus d\u2019int\u00e9gration politique \u00e0 l\u2019image de l\u2019OTAN pour intervenir en cas de coups de force sur le continent. <\/span><\/p>\n<p class=\"p1\"><span class=\"s1\">\u201cCela veut dire que pour agir et \u00e9viter les coups de force, il faut non seulement que Afrique ait une int\u00e9gration politique, parce que, tout ce que nous faisons aujourd\u2019hui, nous nous battons pour l\u2019int\u00e9gration \u00e9conomique. Il n y a jamais eu une int\u00e9gration \u00e9conomique r\u00e9ussie, sans au pr\u00e9alable, une int\u00e9gration politique. Parce qu\u2019il faudra qu\u2019un \u00e9tat de la C\u00c9D\u00c9AO ou de l\u2019Afrique est attaqu\u00e9 par un co\u00fbt ou une force \u00e9trang\u00e8re comme la clause au niveau de l\u2019OTAN, que \u00e7a soit que tous les \u00c9tats qui sont d\u00e9j\u00e0 attaqu\u00e9s. Mais pour cela, il faut faire un travail en profondeur\u201d<\/span><\/p>\n<p class=\"p1\"><span class=\"s1\">Camara Mamadouba <\/span><\/p>\n<p class=\"p1\"><span class=\"s1\">611 46 04 10 <\/span><\/p>\n","protected":false},"excerpt":{"rendered":"<p>Le pr\u00e9sident FND, Alhoussein Makan\u00e9ra Kak\u00e9 s\u2019est prononc\u00e9 sur la recrudescence des coups d\u2019\u00c9tats en<\/p>\n","protected":false},"author":2,"featured_media":3998,"comment_status":"closed","ping_status":"open","sticky":false,"template":"","format":"standard","meta":[],"categories":[3,4],"tags":[229],"yoast_head":"<!-- This site is optimized with the Yoast SEO plugin v19.13 - https:\/\/yoast.com\/wordpress\/plugins\/seo\/ -->\n<title>Coup d\u2019\u00c9tat au Niger: \u201cJe ne suis pas du tout surpris\u201d, Alhousseine Makan\u00e9ra Kak\u00e9. - UNIVERSNEWS224<\/title>\n<meta name=\"robots\" content=\"index, follow, max-snippet:-1, max-image-preview:large, max-video-preview:-1\" \/>\n<link rel=\"canonical\" href=\"https:\/\/universnews224.com\/index.php\/coup-detat-au-niger-je-ne-suis-pas-du-tout-surpris-alhousseine-makanera-kake\/\" \/>\n<meta property=\"og:locale\" content=\"fr_FR\" \/>\n<meta property=\"og:type\" content=\"article\" \/>\n<meta property=\"og:title\" content=\"Coup d\u2019\u00c9tat au Niger: \u201cJe ne suis pas du tout surpris\u201d, Alhousseine Makan\u00e9ra Kak\u00e9. - UNIVERSNEWS224\" \/>\n<meta property=\"og:description\" content=\"Le pr\u00e9sident FND, Alhoussein Makan\u00e9ra Kak\u00e9 s\u2019est prononc\u00e9 sur la recrudescence des coups d\u2019\u00c9tats en\" \/>\n<meta property=\"og:url\" content=\"https:\/\/universnews224.com\/index.php\/coup-detat-au-niger-je-ne-suis-pas-du-tout-surpris-alhousseine-makanera-kake\/\" \/>\n<meta property=\"og:site_name\" content=\"UNIVERSNEWS224\" \/>\n<meta property=\"article:published_time\" content=\"2023-07-27T20:57:47+00:00\" \/>\n<meta property=\"og:image\" content=\"https:\/\/universnews224.com\/wp-content\/uploads\/2023\/07\/A97A8654-33BF-439E-B2E5-E98BD7404D67.webp\" \/>\n\t<meta property=\"og:image:width\" content=\"700\" \/>\n\t<meta property=\"og:image:height\" content=\"368\" \/>\n\t<meta property=\"og:image:type\" content=\"image\/webp\" \/>\n<meta name=\"author\" content=\"La R\u00e9daction\" \/>\n<meta name=\"twitter:label1\" content=\"\u00c9crit par\" \/>\n\t<meta name=\"twitter:data1\" content=\"La R\u00e9daction\" \/>\n\t<meta name=\"twitter:label2\" content=\"Dur\u00e9e de lecture estim\u00e9e\" \/>\n\t<meta name=\"twitter:data2\" content=\"3 minutes\" \/>\n<script type=\"application\/ld+json\" class=\"yoast-schema-graph\">{\"@context\":\"https:\/\/schema.org\",\"@graph\":[{\"@type\":\"Article\",\"@id\":\"https:\/\/universnews224.com\/index.php\/coup-detat-au-niger-je-ne-suis-pas-du-tout-surpris-alhousseine-makanera-kake\/#article\",\"isPartOf\":{\"@id\":\"https:\/\/universnews224.com\/index.php\/coup-detat-au-niger-je-ne-suis-pas-du-tout-surpris-alhousseine-makanera-kake\/\"},\"author\":{\"name\":\"La R\u00e9daction\",\"@id\":\"https:\/\/universnews224.com\/#\/schema\/person\/a4b7d4f94a4716df60456a491260485e\"},\"headline\":\"Coup d\u2019\u00c9tat au Niger: \u201cJe ne suis pas du tout surpris\u201d, Alhousseine Makan\u00e9ra Kak\u00e9.\",\"datePublished\":\"2023-07-27T20:57:47+00:00\",\"dateModified\":\"2023-07-27T20:57:47+00:00\",\"mainEntityOfPage\":{\"@id\":\"https:\/\/universnews224.com\/index.php\/coup-detat-au-niger-je-ne-suis-pas-du-tout-surpris-alhousseine-makanera-kake\/\"},\"wordCount\":486,\"publisher\":{\"@id\":\"https:\/\/universnews224.com\/#organization\"},\"keywords\":[\"La une\"],\"articleSection\":[\"ACTU\",\"POLITIQUE\"],\"inLanguage\":\"fr-FR\"},{\"@type\":\"WebPage\",\"@id\":\"https:\/\/universnews224.com\/index.php\/coup-detat-au-niger-je-ne-suis-pas-du-tout-surpris-alhousseine-makanera-kake\/\",\"url\":\"https:\/\/universnews224.com\/index.php\/coup-detat-au-niger-je-ne-suis-pas-du-tout-surpris-alhousseine-makanera-kake\/\",\"name\":\"Coup d\u2019\u00c9tat au Niger: \u201cJe ne suis pas du tout surpris\u201d, Alhousseine Makan\u00e9ra Kak\u00e9. - UNIVERSNEWS224\",\"isPartOf\":{\"@id\":\"https:\/\/universnews224.com\/#website\"},\"datePublished\":\"2023-07-27T20:57:47+00:00\",\"dateModified\":\"2023-07-27T20:57:47+00:00\",\"inLanguage\":\"fr-FR\",\"potentialAction\":[{\"@type\":\"ReadAction\",\"target\":[\"https:\/\/universnews224.com\/index.php\/coup-detat-au-niger-je-ne-suis-pas-du-tout-surpris-alhousseine-makanera-kake\/\"]}]},{\"@type\":\"WebSite\",\"@id\":\"https:\/\/universnews224.com\/#website\",\"url\":\"https:\/\/universnews224.com\/\",\"name\":\"UNIVERSNEWS224\",\"description\":\"\",\"publisher\":{\"@id\":\"https:\/\/universnews224.com\/#organization\"},\"potentialAction\":[{\"@type\":\"SearchAction\",\"target\":{\"@type\":\"EntryPoint\",\"urlTemplate\":\"https:\/\/universnews224.com\/?s={search_term_string}\"},\"query-input\":\"required name=search_term_string\"}],\"inLanguage\":\"fr-FR\"},{\"@type\":\"Organization\",\"@id\":\"https:\/\/universnews224.com\/#organization\",\"name\":\"UNIVERSNEWS224\",\"url\":\"https:\/\/universnews224.com\/\",\"logo\":{\"@type\":\"ImageObject\",\"inLanguage\":\"fr-FR\",\"@id\":\"https:\/\/universnews224.com\/#\/schema\/logo\/image\/\",\"url\":\"https:\/\/universnews224.com\/wp-content\/uploads\/2022\/08\/cropped-cropped-logoban.jpg\",\"contentUrl\":\"https:\/\/universnews224.com\/wp-content\/uploads\/2022\/08\/cropped-cropped-logoban.jpg\",\"width\":1080,\"height\":138,\"caption\":\"UNIVERSNEWS224\"},\"image\":{\"@id\":\"https:\/\/universnews224.com\/#\/schema\/logo\/image\/\"}},{\"@type\":\"Person\",\"@id\":\"https:\/\/universnews224.com\/#\/schema\/person\/a4b7d4f94a4716df60456a491260485e\",\"name\":\"La R\u00e9daction\",\"image\":{\"@type\":\"ImageObject\",\"inLanguage\":\"fr-FR\",\"@id\":\"https:\/\/universnews224.com\/#\/schema\/person\/image\/\",\"url\":\"https:\/\/secure.gravatar.com\/avatar\/edb90acc7752b23e1b3307ad36c14f0d?s=96&d=mm&r=g\",\"contentUrl\":\"https:\/\/secure.gravatar.com\/avatar\/edb90acc7752b23e1b3307ad36c14f0d?s=96&d=mm&r=g\",\"caption\":\"La R\u00e9daction\"},\"sameAs\":[\"https:\/\/universnews224.com\"],\"url\":\"https:\/\/universnews224.com\/index.php\/author\/m-camara\/\"}]}<\/script>\n<!-- \/ Yoast SEO plugin. -->","yoast_head_json":{"title":"Coup d\u2019\u00c9tat au Niger: \u201cJe ne suis pas du tout surpris\u201d, Alhousseine Makan\u00e9ra Kak\u00e9. - UNIVERSNEWS224","robots":{"index":"index","follow":"follow","max-snippet":"max-snippet:-1","max-image-preview":"max-image-preview:large","max-video-preview":"max-video-preview:-1"},"canonical":"https:\/\/universnews224.com\/index.php\/coup-detat-au-niger-je-ne-suis-pas-du-tout-surpris-alhousseine-makanera-kake\/","og_locale":"fr_FR","og_type":"article","og_title":"Coup d\u2019\u00c9tat au Niger: \u201cJe ne suis pas du tout surpris\u201d, Alhousseine Makan\u00e9ra Kak\u00e9. - UNIVERSNEWS224","og_description":"Le pr\u00e9sident FND, Alhoussein Makan\u00e9ra Kak\u00e9 s\u2019est prononc\u00e9 sur la recrudescence des coups d\u2019\u00c9tats en","og_url":"https:\/\/universnews224.com\/index.php\/coup-detat-au-niger-je-ne-suis-pas-du-tout-surpris-alhousseine-makanera-kake\/","og_site_name":"UNIVERSNEWS224","article_published_time":"2023-07-27T20:57:47+00:00","og_image":[{"width":700,"height":368,"url":"https:\/\/universnews224.com\/wp-content\/uploads\/2023\/07\/A97A8654-33BF-439E-B2E5-E98BD7404D67.webp","type":"image\/webp"}],"author":"La R\u00e9daction","twitter_misc":{"\u00c9crit par":"La R\u00e9daction","Dur\u00e9e de lecture estim\u00e9e":"3 minutes"},"schema":{"@context":"https:\/\/schema.org","@graph":[{"@type":"Article","@id":"https:\/\/universnews224.com\/index.php\/coup-detat-au-niger-je-ne-suis-pas-du-tout-surpris-alhousseine-makanera-kake\/#article","isPartOf":{"@id":"https:\/\/universnews224.com\/index.php\/coup-detat-au-niger-je-ne-suis-pas-du-tout-surpris-alhousseine-makanera-kake\/"},"author":{"name":"La R\u00e9daction","@id":"https:\/\/universnews224.com\/#\/schema\/person\/a4b7d4f94a4716df60456a491260485e"},"headline":"Coup d\u2019\u00c9tat au Niger: \u201cJe ne suis pas du tout surpris\u201d, Alhousseine Makan\u00e9ra Kak\u00e9.","datePublished":"2023-07-27T20:57:47+00:00","dateModified":"2023-07-27T20:57:47+00:00","mainEntityOfPage":{"@id":"https:\/\/universnews224.com\/index.php\/coup-detat-au-niger-je-ne-suis-pas-du-tout-surpris-alhousseine-makanera-kake\/"},"wordCount":486,"publisher":{"@id":"https:\/\/universnews224.com\/#organization"},"keywords":["La une"],"articleSection":["ACTU","POLITIQUE"],"inLanguage":"fr-FR"},{"@type":"WebPage","@id":"https:\/\/universnews224.com\/index.php\/coup-detat-au-niger-je-ne-suis-pas-du-tout-surpris-alhousseine-makanera-kake\/","url":"https:\/\/universnews224.com\/index.php\/coup-detat-au-niger-je-ne-suis-pas-du-tout-surpris-alhousseine-makanera-kake\/","name":"Coup d\u2019\u00c9tat au Niger: \u201cJe ne suis pas du tout surpris\u201d, Alhousseine Makan\u00e9ra Kak\u00e9. - UNIVERSNEWS224","isPartOf":{"@id":"https:\/\/universnews224.com\/#website"},"datePublished":"2023-07-27T20:57:47+00:00","dateModified":"2023-07-27T20:57:47+00:00","inLanguage":"fr-FR","potentialAction":[{"@type":"ReadAction","target":["https:\/\/universnews224.com\/index.php\/coup-detat-au-niger-je-ne-suis-pas-du-tout-surpris-alhousseine-makanera-kake\/"]}]},{"@type":"WebSite","@id":"https:\/\/universnews224.com\/#website","url":"https:\/\/universnews224.com\/","name":"UNIVERSNEWS224","description":"","publisher":{"@id":"https:\/\/universnews224.com\/#organization"},"potentialAction":[{"@type":"SearchAction","target":{"@type":"EntryPoint","urlTemplate":"https:\/\/universnews224.com\/?s={search_term_string}"},"query-input":"required name=search_term_string"}],"inLanguage":"fr-FR"},{"@type":"Organization","@id":"https:\/\/universnews224.com\/#organization","name":"UNIVERSNEWS224","url":"https:\/\/universnews224.com\/","logo":{"@type":"ImageObject","inLanguage":"fr-FR","@id":"https:\/\/universnews224.com\/#\/schema\/logo\/image\/","url":"https:\/\/universnews224.com\/wp-content\/uploads\/2022\/08\/cropped-cropped-logoban.jpg","contentUrl":"https:\/\/universnews224.com\/wp-content\/uploads\/2022\/08\/cropped-cropped-logoban.jpg","width":1080,"height":138,"caption":"UNIVERSNEWS224"},"image":{"@id":"https:\/\/universnews224.com\/#\/schema\/logo\/image\/"}},{"@type":"Person","@id":"https:\/\/universnews224.com\/#\/schema\/person\/a4b7d4f94a4716df60456a491260485e","name":"La R\u00e9daction","image":{"@type":"ImageObject","inLanguage":"fr-FR","@id":"https:\/\/universnews224.com\/#\/schema\/person\/image\/","url":"https:\/\/secure.gravatar.com\/avatar\/edb90acc7752b23e1b3307ad36c14f0d?s=96&d=mm&r=g","contentUrl":"https:\/\/secure.gravatar.com\/avatar\/edb90acc7752b23e1b3307ad36c14f0d?s=96&d=mm&r=g","caption":"La R\u00e9daction"},"sameAs":["https:\/\/universnews224.com"],"url":"https:\/\/universnews224.com\/index.php\/author\/m-camara\/"}]}},"_links":{"self":[{"href":"https:\/\/universnews224.com\/index.php\/wp-json\/wp\/v2\/posts\/3997"}],"collection":[{"href":"https:\/\/universnews224.com\/index.php\/wp-json\/wp\/v2\/posts"}],"about":[{"href":"https:\/\/universnews224.com\/index.php\/wp-json\/wp\/v2\/types\/post"}],"author":[{"embeddable":true,"href":"https:\/\/universnews224.com\/index.php\/wp-json\/wp\/v2\/users\/2"}],"replies":[{"embeddable":true,"href":"https:\/\/universnews224.com\/index.php\/wp-json\/wp\/v2\/comments?post=3997"}],"version-history":[{"count":1,"href":"https:\/\/universnews224.com\/index.php\/wp-json\/wp\/v2\/posts\/3997\/revisions"}],"predecessor-version":[{"id":3999,"href":"https:\/\/universnews224.com\/index.php\/wp-json\/wp\/v2\/posts\/3997\/revisions\/3999"}],"wp:featuredmedia":[{"embeddable":true,"href":"https:\/\/universnews224.com\/index.php\/wp-json\/wp\/v2\/media\/3998"}],"wp:attachment":[{"href":"https:\/\/universnews224.com\/index.php\/wp-json\/wp\/v2\/media?parent=3997"}],"wp:term":[{"taxonomy":"category","embeddable":true,"href":"https:\/\/universnews224.com\/index.php\/wp-json\/wp\/v2\/categories?post=3997"},{"taxonomy":"post_tag","embeddable":true,"href":"https:\/\/universnews224.com\/index.php\/wp-json\/wp\/v2\/tags?post=3997"}],"curies":[{"name":"wp","href":"https:\/\/api.w.org\/{rel}","templated":true}]}}