{"id":4023,"date":"2023-07-31T22:21:31","date_gmt":"2023-07-31T21:21:31","guid":{"rendered":"https:\/\/universnews224.com\/?p=4023"},"modified":"2023-07-31T22:21:31","modified_gmt":"2023-07-31T21:21:31","slug":"journee-internationale-de-la-femmes-africaine-il-faut-que-les-femmes-fassent-de-la-politique-pour-prendre-leur-place-au-sein-de-la-gestion-de-la-cite-hadja-makale-camara-fan","status":"publish","type":"post","link":"https:\/\/universnews224.com\/index.php\/journee-internationale-de-la-femmes-africaine-il-faut-que-les-femmes-fassent-de-la-politique-pour-prendre-leur-place-au-sein-de-la-gestion-de-la-cite-hadja-makale-camara-fan\/","title":{"rendered":"Journ\u00e9e internationale de la femmes Africaine: \u201cIl faut que les femmes fassent de la politique pour prendre leur place au sein de la gestion de la cit\u00e9\u201d, Hadja Makal\u00e9 Camara, FAN."},"content":{"rendered":"<p class=\"p1\"><span class=\"s1\">Les femmes de Guin\u00e9e \u00e0 l\u2019instar de leurs cons\u0153urs Africaines, ont c\u00e9l\u00e9br\u00e9 ce lundi, 31 juillet 2023, la Journ\u00e9e internationale de la Femme africaine. Une occasion que la fondation \u201cAfrican Woman\u2019s Impact\u201d a mise en exergue pour organiser des panels en faveur de plusieurs jeunes filles pour leur rappeler le r\u00f4le que les femmes africaines jouent sur le continent. <\/span><\/p>\n<p class=\"p1\"><span class=\"s1\">S\u2019adressant \u00e0 ces derni\u00e8res, Hadja Makal\u00e9 Camara, pr\u00e9sidente du Front pour l\u2019Alliance Nationale(FAN), \u00e0 inviter les femmes guin\u00e9ennes \u00e0 s\u2019engager en politique afin de changer les choses en Guin\u00e9e. <\/span><\/p>\n<p class=\"p1\"><span class=\"s1\">\u201cIl faut que les femmes fassent de la politique pour prendre leur place au sein de la gestion de la cit\u00e9. Car, plus de la moiti\u00e9 de notre population est femme. Les femmes repr\u00e9sentent une dividende d\u00e9mographique, une dynamique de progr\u00e8s qu\u2019il faut ins\u00e9rer dans la gestion \u00e9conomique, politique et sociale de notre pays. Les femmes doivent avoir le courage de venir sur la sc\u00e8ne politique, avoir de la visibilit\u00e9, acc\u00e9der au pouvoir et aux instances de d\u00e9cision pour changer le cours de l\u2019histoire dans notre pays. D\u00e9j\u00e0 64 ans du pouvoir des hommes, nous en sommes encore l\u00e0, il faut absolument que les femmes puissent prendre le pouvoir dans ce pays pour redresser les choses qui ne sont pas encore afin que les routes soient mieux faites, afin qu\u2019il y ait beaucoup d\u2019\u00e9coles, beaucoup h\u00f4pitaux, afin que nos enfants qui sont dans la rue, qui font dans la M\u00e9diterran\u00e9e, qui font dans le d\u00e9sert, puissent retrouver de l\u2019emploi et que le pays jouisse de la prosp\u00e9rit\u00e9, de toute cette mane que Dieu a mise dans ce pays\u201d\u00a0a martel\u00e9 l\u2019ancien ministre des affaires \u00e9trang\u00e8res. <\/span><\/p>\n<p class=\"p1\"><span class=\"s1\">Camara Mamadouba<\/span><\/p>\n<p class=\"p1\"><span class=\"s1\">611 46 04 10 <\/span><\/p>\n","protected":false},"excerpt":{"rendered":"<p>Les femmes de Guin\u00e9e \u00e0 l\u2019instar de leurs cons\u0153urs Africaines, ont c\u00e9l\u00e9br\u00e9 ce lundi, 31<\/p>\n","protected":false},"author":2,"featured_media":4024,"comment_status":"closed","ping_status":"open","sticky":false,"template":"","format":"standard","meta":[],"categories":[3,5],"tags":[229],"yoast_head":"<!-- This site is optimized with the Yoast SEO plugin v19.13 - https:\/\/yoast.com\/wordpress\/plugins\/seo\/ -->\n<title>Journ\u00e9e internationale de la femmes Africaine: \u201cIl faut que les femmes fassent de la politique pour prendre leur place au sein de la gestion de la cit\u00e9\u201d, Hadja Makal\u00e9 Camara, FAN. - UNIVERSNEWS224<\/title>\n<meta name=\"robots\" content=\"index, follow, max-snippet:-1, max-image-preview:large, max-video-preview:-1\" \/>\n<link rel=\"canonical\" href=\"https:\/\/universnews224.com\/index.php\/journee-internationale-de-la-femmes-africaine-il-faut-que-les-femmes-fassent-de-la-politique-pour-prendre-leur-place-au-sein-de-la-gestion-de-la-cite-hadja-makale-camara-fan\/\" \/>\n<meta property=\"og:locale\" content=\"fr_FR\" \/>\n<meta property=\"og:type\" content=\"article\" \/>\n<meta property=\"og:title\" content=\"Journ\u00e9e internationale de la femmes Africaine: \u201cIl faut que les femmes fassent de la politique pour prendre leur place au sein de la gestion de la cit\u00e9\u201d, Hadja Makal\u00e9 Camara, FAN. - UNIVERSNEWS224\" \/>\n<meta property=\"og:description\" content=\"Les femmes de Guin\u00e9e \u00e0 l\u2019instar de leurs cons\u0153urs Africaines, ont c\u00e9l\u00e9br\u00e9 ce lundi, 31\" \/>\n<meta property=\"og:url\" content=\"https:\/\/universnews224.com\/index.php\/journee-internationale-de-la-femmes-africaine-il-faut-que-les-femmes-fassent-de-la-politique-pour-prendre-leur-place-au-sein-de-la-gestion-de-la-cite-hadja-makale-camara-fan\/\" \/>\n<meta property=\"og:site_name\" content=\"UNIVERSNEWS224\" \/>\n<meta property=\"article:published_time\" content=\"2023-07-31T21:21:31+00:00\" \/>\n<meta property=\"og:image\" content=\"https:\/\/universnews224.com\/wp-content\/uploads\/2023\/07\/ABE915BF-09A7-4D10-BBE2-A3E5002CDCCB.jpeg\" \/>\n\t<meta property=\"og:image:width\" content=\"1024\" \/>\n\t<meta property=\"og:image:height\" content=\"576\" \/>\n\t<meta property=\"og:image:type\" content=\"image\/jpeg\" \/>\n<meta name=\"author\" content=\"La R\u00e9daction\" \/>\n<meta name=\"twitter:label1\" content=\"\u00c9crit par\" \/>\n\t<meta name=\"twitter:data1\" content=\"La R\u00e9daction\" \/>\n\t<meta name=\"twitter:label2\" content=\"Dur\u00e9e de lecture estim\u00e9e\" \/>\n\t<meta name=\"twitter:data2\" content=\"2 minutes\" \/>\n<script type=\"application\/ld+json\" class=\"yoast-schema-graph\">{\"@context\":\"https:\/\/schema.org\",\"@graph\":[{\"@type\":\"Article\",\"@id\":\"https:\/\/universnews224.com\/index.php\/journee-internationale-de-la-femmes-africaine-il-faut-que-les-femmes-fassent-de-la-politique-pour-prendre-leur-place-au-sein-de-la-gestion-de-la-cite-hadja-makale-camara-fan\/#article\",\"isPartOf\":{\"@id\":\"https:\/\/universnews224.com\/index.php\/journee-internationale-de-la-femmes-africaine-il-faut-que-les-femmes-fassent-de-la-politique-pour-prendre-leur-place-au-sein-de-la-gestion-de-la-cite-hadja-makale-camara-fan\/\"},\"author\":{\"name\":\"La R\u00e9daction\",\"@id\":\"https:\/\/universnews224.com\/#\/schema\/person\/a4b7d4f94a4716df60456a491260485e\"},\"headline\":\"Journ\u00e9e internationale de la femmes Africaine: \u201cIl faut que les femmes fassent de la politique pour prendre leur place au sein de la gestion de la cit\u00e9\u201d, Hadja Makal\u00e9 Camara, FAN.\",\"datePublished\":\"2023-07-31T21:21:31+00:00\",\"dateModified\":\"2023-07-31T21:21:31+00:00\",\"mainEntityOfPage\":{\"@id\":\"https:\/\/universnews224.com\/index.php\/journee-internationale-de-la-femmes-africaine-il-faut-que-les-femmes-fassent-de-la-politique-pour-prendre-leur-place-au-sein-de-la-gestion-de-la-cite-hadja-makale-camara-fan\/\"},\"wordCount\":336,\"publisher\":{\"@id\":\"https:\/\/universnews224.com\/#organization\"},\"keywords\":[\"La une\"],\"articleSection\":[\"ACTU\",\"SOCI\u00c9T\u00c9\"],\"inLanguage\":\"fr-FR\"},{\"@type\":\"WebPage\",\"@id\":\"https:\/\/universnews224.com\/index.php\/journee-internationale-de-la-femmes-africaine-il-faut-que-les-femmes-fassent-de-la-politique-pour-prendre-leur-place-au-sein-de-la-gestion-de-la-cite-hadja-makale-camara-fan\/\",\"url\":\"https:\/\/universnews224.com\/index.php\/journee-internationale-de-la-femmes-africaine-il-faut-que-les-femmes-fassent-de-la-politique-pour-prendre-leur-place-au-sein-de-la-gestion-de-la-cite-hadja-makale-camara-fan\/\",\"name\":\"Journ\u00e9e internationale de la femmes Africaine: \u201cIl faut que les femmes fassent de la politique pour prendre leur place au sein de la gestion de la cit\u00e9\u201d, Hadja Makal\u00e9 Camara, FAN. - UNIVERSNEWS224\",\"isPartOf\":{\"@id\":\"https:\/\/universnews224.com\/#website\"},\"datePublished\":\"2023-07-31T21:21:31+00:00\",\"dateModified\":\"2023-07-31T21:21:31+00:00\",\"inLanguage\":\"fr-FR\",\"potentialAction\":[{\"@type\":\"ReadAction\",\"target\":[\"https:\/\/universnews224.com\/index.php\/journee-internationale-de-la-femmes-africaine-il-faut-que-les-femmes-fassent-de-la-politique-pour-prendre-leur-place-au-sein-de-la-gestion-de-la-cite-hadja-makale-camara-fan\/\"]}]},{\"@type\":\"WebSite\",\"@id\":\"https:\/\/universnews224.com\/#website\",\"url\":\"https:\/\/universnews224.com\/\",\"name\":\"UNIVERSNEWS224\",\"description\":\"\",\"publisher\":{\"@id\":\"https:\/\/universnews224.com\/#organization\"},\"potentialAction\":[{\"@type\":\"SearchAction\",\"target\":{\"@type\":\"EntryPoint\",\"urlTemplate\":\"https:\/\/universnews224.com\/?s={search_term_string}\"},\"query-input\":\"required name=search_term_string\"}],\"inLanguage\":\"fr-FR\"},{\"@type\":\"Organization\",\"@id\":\"https:\/\/universnews224.com\/#organization\",\"name\":\"UNIVERSNEWS224\",\"url\":\"https:\/\/universnews224.com\/\",\"logo\":{\"@type\":\"ImageObject\",\"inLanguage\":\"fr-FR\",\"@id\":\"https:\/\/universnews224.com\/#\/schema\/logo\/image\/\",\"url\":\"https:\/\/universnews224.com\/wp-content\/uploads\/2022\/08\/cropped-cropped-logoban.jpg\",\"contentUrl\":\"https:\/\/universnews224.com\/wp-content\/uploads\/2022\/08\/cropped-cropped-logoban.jpg\",\"width\":1080,\"height\":138,\"caption\":\"UNIVERSNEWS224\"},\"image\":{\"@id\":\"https:\/\/universnews224.com\/#\/schema\/logo\/image\/\"}},{\"@type\":\"Person\",\"@id\":\"https:\/\/universnews224.com\/#\/schema\/person\/a4b7d4f94a4716df60456a491260485e\",\"name\":\"La R\u00e9daction\",\"image\":{\"@type\":\"ImageObject\",\"inLanguage\":\"fr-FR\",\"@id\":\"https:\/\/universnews224.com\/#\/schema\/person\/image\/\",\"url\":\"https:\/\/secure.gravatar.com\/avatar\/edb90acc7752b23e1b3307ad36c14f0d?s=96&d=mm&r=g\",\"contentUrl\":\"https:\/\/secure.gravatar.com\/avatar\/edb90acc7752b23e1b3307ad36c14f0d?s=96&d=mm&r=g\",\"caption\":\"La R\u00e9daction\"},\"sameAs\":[\"https:\/\/universnews224.com\"],\"url\":\"https:\/\/universnews224.com\/index.php\/author\/m-camara\/\"}]}<\/script>\n<!-- \/ Yoast SEO plugin. -->","yoast_head_json":{"title":"Journ\u00e9e internationale de la femmes Africaine: \u201cIl faut que les femmes fassent de la politique pour prendre leur place au sein de la gestion de la cit\u00e9\u201d, Hadja Makal\u00e9 Camara, FAN. - UNIVERSNEWS224","robots":{"index":"index","follow":"follow","max-snippet":"max-snippet:-1","max-image-preview":"max-image-preview:large","max-video-preview":"max-video-preview:-1"},"canonical":"https:\/\/universnews224.com\/index.php\/journee-internationale-de-la-femmes-africaine-il-faut-que-les-femmes-fassent-de-la-politique-pour-prendre-leur-place-au-sein-de-la-gestion-de-la-cite-hadja-makale-camara-fan\/","og_locale":"fr_FR","og_type":"article","og_title":"Journ\u00e9e internationale de la femmes Africaine: \u201cIl faut que les femmes fassent de la politique pour prendre leur place au sein de la gestion de la cit\u00e9\u201d, Hadja Makal\u00e9 Camara, FAN. - UNIVERSNEWS224","og_description":"Les femmes de Guin\u00e9e \u00e0 l\u2019instar de leurs cons\u0153urs Africaines, ont c\u00e9l\u00e9br\u00e9 ce lundi, 31","og_url":"https:\/\/universnews224.com\/index.php\/journee-internationale-de-la-femmes-africaine-il-faut-que-les-femmes-fassent-de-la-politique-pour-prendre-leur-place-au-sein-de-la-gestion-de-la-cite-hadja-makale-camara-fan\/","og_site_name":"UNIVERSNEWS224","article_published_time":"2023-07-31T21:21:31+00:00","og_image":[{"width":1024,"height":576,"url":"https:\/\/universnews224.com\/wp-content\/uploads\/2023\/07\/ABE915BF-09A7-4D10-BBE2-A3E5002CDCCB.jpeg","type":"image\/jpeg"}],"author":"La R\u00e9daction","twitter_misc":{"\u00c9crit par":"La R\u00e9daction","Dur\u00e9e de lecture estim\u00e9e":"2 minutes"},"schema":{"@context":"https:\/\/schema.org","@graph":[{"@type":"Article","@id":"https:\/\/universnews224.com\/index.php\/journee-internationale-de-la-femmes-africaine-il-faut-que-les-femmes-fassent-de-la-politique-pour-prendre-leur-place-au-sein-de-la-gestion-de-la-cite-hadja-makale-camara-fan\/#article","isPartOf":{"@id":"https:\/\/universnews224.com\/index.php\/journee-internationale-de-la-femmes-africaine-il-faut-que-les-femmes-fassent-de-la-politique-pour-prendre-leur-place-au-sein-de-la-gestion-de-la-cite-hadja-makale-camara-fan\/"},"author":{"name":"La R\u00e9daction","@id":"https:\/\/universnews224.com\/#\/schema\/person\/a4b7d4f94a4716df60456a491260485e"},"headline":"Journ\u00e9e internationale de la femmes Africaine: \u201cIl faut que les femmes fassent de la politique pour prendre leur place au sein de la gestion de la cit\u00e9\u201d, Hadja Makal\u00e9 Camara, FAN.","datePublished":"2023-07-31T21:21:31+00:00","dateModified":"2023-07-31T21:21:31+00:00","mainEntityOfPage":{"@id":"https:\/\/universnews224.com\/index.php\/journee-internationale-de-la-femmes-africaine-il-faut-que-les-femmes-fassent-de-la-politique-pour-prendre-leur-place-au-sein-de-la-gestion-de-la-cite-hadja-makale-camara-fan\/"},"wordCount":336,"publisher":{"@id":"https:\/\/universnews224.com\/#organization"},"keywords":["La une"],"articleSection":["ACTU","SOCI\u00c9T\u00c9"],"inLanguage":"fr-FR"},{"@type":"WebPage","@id":"https:\/\/universnews224.com\/index.php\/journee-internationale-de-la-femmes-africaine-il-faut-que-les-femmes-fassent-de-la-politique-pour-prendre-leur-place-au-sein-de-la-gestion-de-la-cite-hadja-makale-camara-fan\/","url":"https:\/\/universnews224.com\/index.php\/journee-internationale-de-la-femmes-africaine-il-faut-que-les-femmes-fassent-de-la-politique-pour-prendre-leur-place-au-sein-de-la-gestion-de-la-cite-hadja-makale-camara-fan\/","name":"Journ\u00e9e internationale de la femmes Africaine: \u201cIl faut que les femmes fassent de la politique pour prendre leur place au sein de la gestion de la cit\u00e9\u201d, Hadja Makal\u00e9 Camara, FAN. - UNIVERSNEWS224","isPartOf":{"@id":"https:\/\/universnews224.com\/#website"},"datePublished":"2023-07-31T21:21:31+00:00","dateModified":"2023-07-31T21:21:31+00:00","inLanguage":"fr-FR","potentialAction":[{"@type":"ReadAction","target":["https:\/\/universnews224.com\/index.php\/journee-internationale-de-la-femmes-africaine-il-faut-que-les-femmes-fassent-de-la-politique-pour-prendre-leur-place-au-sein-de-la-gestion-de-la-cite-hadja-makale-camara-fan\/"]}]},{"@type":"WebSite","@id":"https:\/\/universnews224.com\/#website","url":"https:\/\/universnews224.com\/","name":"UNIVERSNEWS224","description":"","publisher":{"@id":"https:\/\/universnews224.com\/#organization"},"potentialAction":[{"@type":"SearchAction","target":{"@type":"EntryPoint","urlTemplate":"https:\/\/universnews224.com\/?s={search_term_string}"},"query-input":"required name=search_term_string"}],"inLanguage":"fr-FR"},{"@type":"Organization","@id":"https:\/\/universnews224.com\/#organization","name":"UNIVERSNEWS224","url":"https:\/\/universnews224.com\/","logo":{"@type":"ImageObject","inLanguage":"fr-FR","@id":"https:\/\/universnews224.com\/#\/schema\/logo\/image\/","url":"https:\/\/universnews224.com\/wp-content\/uploads\/2022\/08\/cropped-cropped-logoban.jpg","contentUrl":"https:\/\/universnews224.com\/wp-content\/uploads\/2022\/08\/cropped-cropped-logoban.jpg","width":1080,"height":138,"caption":"UNIVERSNEWS224"},"image":{"@id":"https:\/\/universnews224.com\/#\/schema\/logo\/image\/"}},{"@type":"Person","@id":"https:\/\/universnews224.com\/#\/schema\/person\/a4b7d4f94a4716df60456a491260485e","name":"La R\u00e9daction","image":{"@type":"ImageObject","inLanguage":"fr-FR","@id":"https:\/\/universnews224.com\/#\/schema\/person\/image\/","url":"https:\/\/secure.gravatar.com\/avatar\/edb90acc7752b23e1b3307ad36c14f0d?s=96&d=mm&r=g","contentUrl":"https:\/\/secure.gravatar.com\/avatar\/edb90acc7752b23e1b3307ad36c14f0d?s=96&d=mm&r=g","caption":"La R\u00e9daction"},"sameAs":["https:\/\/universnews224.com"],"url":"https:\/\/universnews224.com\/index.php\/author\/m-camara\/"}]}},"_links":{"self":[{"href":"https:\/\/universnews224.com\/index.php\/wp-json\/wp\/v2\/posts\/4023"}],"collection":[{"href":"https:\/\/universnews224.com\/index.php\/wp-json\/wp\/v2\/posts"}],"about":[{"href":"https:\/\/universnews224.com\/index.php\/wp-json\/wp\/v2\/types\/post"}],"author":[{"embeddable":true,"href":"https:\/\/universnews224.com\/index.php\/wp-json\/wp\/v2\/users\/2"}],"replies":[{"embeddable":true,"href":"https:\/\/universnews224.com\/index.php\/wp-json\/wp\/v2\/comments?post=4023"}],"version-history":[{"count":1,"href":"https:\/\/universnews224.com\/index.php\/wp-json\/wp\/v2\/posts\/4023\/revisions"}],"predecessor-version":[{"id":4025,"href":"https:\/\/universnews224.com\/index.php\/wp-json\/wp\/v2\/posts\/4023\/revisions\/4025"}],"wp:featuredmedia":[{"embeddable":true,"href":"https:\/\/universnews224.com\/index.php\/wp-json\/wp\/v2\/media\/4024"}],"wp:attachment":[{"href":"https:\/\/universnews224.com\/index.php\/wp-json\/wp\/v2\/media?parent=4023"}],"wp:term":[{"taxonomy":"category","embeddable":true,"href":"https:\/\/universnews224.com\/index.php\/wp-json\/wp\/v2\/categories?post=4023"},{"taxonomy":"post_tag","embeddable":true,"href":"https:\/\/universnews224.com\/index.php\/wp-json\/wp\/v2\/tags?post=4023"}],"curies":[{"name":"wp","href":"https:\/\/api.w.org\/{rel}","templated":true}]}}