{"id":4029,"date":"2023-08-01T21:47:32","date_gmt":"2023-08-01T20:47:32","guid":{"rendered":"https:\/\/universnews224.com\/?p=4029"},"modified":"2023-08-01T21:47:32","modified_gmt":"2023-08-01T20:47:32","slug":"soutien-des-juntes-guineenne-malienne-et-burkinabe-aux-putschistes-nigeriens-pour-moi-ce-nest-quune-solidarite-des-putschistes-cellou-balde","status":"publish","type":"post","link":"https:\/\/universnews224.com\/index.php\/soutien-des-juntes-guineenne-malienne-et-burkinabe-aux-putschistes-nigeriens-pour-moi-ce-nest-quune-solidarite-des-putschistes-cellou-balde\/","title":{"rendered":"Soutien des juntes guin\u00e9enne, malienne et burkinab\u00e9 aux putschistes nig\u00e9riens: \u201cPour moi, ce n\u2019est qu\u2019une solidarit\u00e9 des putschistes\u201d, Cellou Bald\u00e9."},"content":{"rendered":"<p class=\"p1\"><span class=\"s1\">Dans des communiqu\u00e9s qu\u2019elles ont rendu public hier les juntes guin\u00e9enne, malienne et burkinab\u00e9 ont apport\u00e9 leur soutien aux putschistes nig\u00e9riens qui ont renvers\u00e9 le pr\u00e9sident Mohamed Bazoum. Dans les communiqu\u00e9s, elles s\u2019opposent cat\u00e9goriquement \u00e0 toute intervention militaire de la C\u00c9D\u00c9AO au Niger. <\/span><\/p>\n<p class=\"p1\"><span class=\"s1\">R\u00e9gissant sur cette actualit\u00e9 chez nos confr\u00e8res de la radio Fim Fim, Cellou Bald\u00e9, responsable des f\u00e9d\u00e9rations de l\u2019int\u00e9rieur du pays \u00e0 l\u2019UFDG a laiss\u00e9 entendre que ces soutiens des 3 juntes aux militaires nig\u00e9riens est une solidarit\u00e9 entre les putschistes. <\/span><\/p>\n<p class=\"p1\"><span class=\"s1\">\u201cPour moi, ce n\u2019est qu\u2019une solidarit\u00e9 des putschistes.C\u2019est une mani\u00e8re de pers\u00e9v\u00e9rer leur fauteuil ici,\u00e7a n\u2019engage nullement le peuple de Guin\u00e9e\u2026 On dit que le ridicule ne tue pas sinon ce ne sont pas les putschistes de ses 3 pays qui auraient pris des communiqu\u00e9s, pour aller jusqu\u2019\u00e0 dire qu\u2019ils font travailler \u00e0 la dislocation de la C\u00c9D\u00c9AO. Cela n\u2019est pas possible\u00bb, a t-il indiqu\u00e9.<\/span><\/p>\n<p class=\"p1\"><span class=\"s1\">Et d\u2019ajouter: \u201cCe qui m\u2019\u00e9c\u0153ure et qui me pose des inqui\u00e9tudes, c\u2019est qu\u2019il y a un semblant de nationalisme, un panafricanisme crue, on ne peut pas combattre Marie Lop\u00e8ne, combattre l\u2019extr\u00eame droite. Pour la plupart des ministres, des directeurs des r\u00e9gies financi\u00e8res en passant par le directeur cabinet de la pr\u00e9sidence, des ministres et des ministres d\u2019\u00c9tat, mais ce sont tous des gens qui ont v\u00e9cu pendant des dixi\u00e8mes d\u2019ann\u00e9es en Europe, qui vivent de l\u2019asile, qui souscrivent \u00e0 l\u2019aide m\u00e9dicale d\u2019\u00c9tat, qui viennent aujourd\u2019hui, manipuler la jeune g\u00e9n\u00e9ration contre l\u2019occident, pour dire que nous sommes des panafricains, nous sommes des nationalistes, nous sommes jaloux de ceci, nous sommes jaloux de cela. \u00c7a ne passera pas, nous sommes l\u00e0 pour faire barrage \u00e0 ces discours de haine. Ils ont b\u00e9n\u00e9fici\u00e9 de la solidarit\u00e9 internationale pendant toutes ces ann\u00e9es. Prenez le ministre Lansana B\u00e9a Diallo, c\u2019est quelqu\u2019un qui a \u00e9t\u00e9 suffisamment int\u00e9gr\u00e9 en Belgique.Je peux citer beaucoup de ministres qui ont pass\u00e9 tout leur temps l\u00e0-bas, comment voulez-vous aujourd\u2019hui que ce discours soit d\u00e9velopp\u00e9. Je suis tout a fait d\u2019accord que nous prenions nos responsabilit\u00e9s pour le d\u00e9veloppement socio-\u00e9conomique de notre pays la Guin\u00e9e, mais \u00e9galement de l\u2019Afrique en traitant d\u2019\u00e9gal en \u00e9gal avec tous les partenaires internationaux, mais une fois encore, ce n\u2019est pas dans le repli et le nationalisme qui frise le populisme que nous pouvons faire cela\u201d a t-il martel\u00e9. <\/span><\/p>\n<p class=\"p1\"><span class=\"s1\">Camara Mamadouba <\/span><\/p>\n<p class=\"p1\"><span class=\"s1\">611 46 04 10<\/span><\/p>\n","protected":false},"excerpt":{"rendered":"<p>Dans des communiqu\u00e9s qu\u2019elles ont rendu public hier les juntes guin\u00e9enne, malienne et burkinab\u00e9 ont<\/p>\n","protected":false},"author":2,"featured_media":4030,"comment_status":"closed","ping_status":"open","sticky":false,"template":"","format":"standard","meta":[],"categories":[3,4],"tags":[229],"yoast_head":"<!-- This site is optimized with the Yoast SEO plugin v19.13 - https:\/\/yoast.com\/wordpress\/plugins\/seo\/ -->\n<title>Soutien des juntes guin\u00e9enne, malienne et burkinab\u00e9 aux putschistes nig\u00e9riens: \u201cPour moi, ce n\u2019est qu\u2019une solidarit\u00e9 des putschistes\u201d, Cellou Bald\u00e9. - UNIVERSNEWS224<\/title>\n<meta name=\"robots\" content=\"index, follow, max-snippet:-1, max-image-preview:large, max-video-preview:-1\" \/>\n<link rel=\"canonical\" href=\"https:\/\/universnews224.com\/index.php\/soutien-des-juntes-guineenne-malienne-et-burkinabe-aux-putschistes-nigeriens-pour-moi-ce-nest-quune-solidarite-des-putschistes-cellou-balde\/\" \/>\n<meta property=\"og:locale\" content=\"fr_FR\" \/>\n<meta property=\"og:type\" content=\"article\" \/>\n<meta property=\"og:title\" content=\"Soutien des juntes guin\u00e9enne, malienne et burkinab\u00e9 aux putschistes nig\u00e9riens: \u201cPour moi, ce n\u2019est qu\u2019une solidarit\u00e9 des putschistes\u201d, Cellou Bald\u00e9. - UNIVERSNEWS224\" \/>\n<meta property=\"og:description\" content=\"Dans des communiqu\u00e9s qu\u2019elles ont rendu public hier les juntes guin\u00e9enne, malienne et burkinab\u00e9 ont\" \/>\n<meta property=\"og:url\" content=\"https:\/\/universnews224.com\/index.php\/soutien-des-juntes-guineenne-malienne-et-burkinabe-aux-putschistes-nigeriens-pour-moi-ce-nest-quune-solidarite-des-putschistes-cellou-balde\/\" \/>\n<meta property=\"og:site_name\" content=\"UNIVERSNEWS224\" \/>\n<meta property=\"article:published_time\" content=\"2023-08-01T20:47:32+00:00\" \/>\n<meta property=\"og:image\" content=\"https:\/\/universnews224.com\/wp-content\/uploads\/2023\/08\/1EA2BE35-DF94-4302-B982-C871D00A296D.jpeg\" \/>\n\t<meta property=\"og:image:width\" content=\"1080\" \/>\n\t<meta property=\"og:image:height\" content=\"644\" \/>\n\t<meta property=\"og:image:type\" content=\"image\/jpeg\" \/>\n<meta name=\"author\" content=\"La R\u00e9daction\" \/>\n<meta name=\"twitter:label1\" content=\"\u00c9crit par\" \/>\n\t<meta name=\"twitter:data1\" content=\"La R\u00e9daction\" \/>\n\t<meta name=\"twitter:label2\" content=\"Dur\u00e9e de lecture estim\u00e9e\" \/>\n\t<meta name=\"twitter:data2\" content=\"2 minutes\" \/>\n<script type=\"application\/ld+json\" class=\"yoast-schema-graph\">{\"@context\":\"https:\/\/schema.org\",\"@graph\":[{\"@type\":\"Article\",\"@id\":\"https:\/\/universnews224.com\/index.php\/soutien-des-juntes-guineenne-malienne-et-burkinabe-aux-putschistes-nigeriens-pour-moi-ce-nest-quune-solidarite-des-putschistes-cellou-balde\/#article\",\"isPartOf\":{\"@id\":\"https:\/\/universnews224.com\/index.php\/soutien-des-juntes-guineenne-malienne-et-burkinabe-aux-putschistes-nigeriens-pour-moi-ce-nest-quune-solidarite-des-putschistes-cellou-balde\/\"},\"author\":{\"name\":\"La R\u00e9daction\",\"@id\":\"https:\/\/universnews224.com\/#\/schema\/person\/a4b7d4f94a4716df60456a491260485e\"},\"headline\":\"Soutien des juntes guin\u00e9enne, malienne et burkinab\u00e9 aux putschistes nig\u00e9riens: \u201cPour moi, ce n\u2019est qu\u2019une solidarit\u00e9 des putschistes\u201d, Cellou Bald\u00e9.\",\"datePublished\":\"2023-08-01T20:47:32+00:00\",\"dateModified\":\"2023-08-01T20:47:32+00:00\",\"mainEntityOfPage\":{\"@id\":\"https:\/\/universnews224.com\/index.php\/soutien-des-juntes-guineenne-malienne-et-burkinabe-aux-putschistes-nigeriens-pour-moi-ce-nest-quune-solidarite-des-putschistes-cellou-balde\/\"},\"wordCount\":477,\"publisher\":{\"@id\":\"https:\/\/universnews224.com\/#organization\"},\"keywords\":[\"La une\"],\"articleSection\":[\"ACTU\",\"POLITIQUE\"],\"inLanguage\":\"fr-FR\"},{\"@type\":\"WebPage\",\"@id\":\"https:\/\/universnews224.com\/index.php\/soutien-des-juntes-guineenne-malienne-et-burkinabe-aux-putschistes-nigeriens-pour-moi-ce-nest-quune-solidarite-des-putschistes-cellou-balde\/\",\"url\":\"https:\/\/universnews224.com\/index.php\/soutien-des-juntes-guineenne-malienne-et-burkinabe-aux-putschistes-nigeriens-pour-moi-ce-nest-quune-solidarite-des-putschistes-cellou-balde\/\",\"name\":\"Soutien des juntes guin\u00e9enne, malienne et burkinab\u00e9 aux putschistes nig\u00e9riens: \u201cPour moi, ce n\u2019est qu\u2019une solidarit\u00e9 des putschistes\u201d, Cellou Bald\u00e9. - UNIVERSNEWS224\",\"isPartOf\":{\"@id\":\"https:\/\/universnews224.com\/#website\"},\"datePublished\":\"2023-08-01T20:47:32+00:00\",\"dateModified\":\"2023-08-01T20:47:32+00:00\",\"inLanguage\":\"fr-FR\",\"potentialAction\":[{\"@type\":\"ReadAction\",\"target\":[\"https:\/\/universnews224.com\/index.php\/soutien-des-juntes-guineenne-malienne-et-burkinabe-aux-putschistes-nigeriens-pour-moi-ce-nest-quune-solidarite-des-putschistes-cellou-balde\/\"]}]},{\"@type\":\"WebSite\",\"@id\":\"https:\/\/universnews224.com\/#website\",\"url\":\"https:\/\/universnews224.com\/\",\"name\":\"UNIVERSNEWS224\",\"description\":\"\",\"publisher\":{\"@id\":\"https:\/\/universnews224.com\/#organization\"},\"potentialAction\":[{\"@type\":\"SearchAction\",\"target\":{\"@type\":\"EntryPoint\",\"urlTemplate\":\"https:\/\/universnews224.com\/?s={search_term_string}\"},\"query-input\":\"required name=search_term_string\"}],\"inLanguage\":\"fr-FR\"},{\"@type\":\"Organization\",\"@id\":\"https:\/\/universnews224.com\/#organization\",\"name\":\"UNIVERSNEWS224\",\"url\":\"https:\/\/universnews224.com\/\",\"logo\":{\"@type\":\"ImageObject\",\"inLanguage\":\"fr-FR\",\"@id\":\"https:\/\/universnews224.com\/#\/schema\/logo\/image\/\",\"url\":\"https:\/\/universnews224.com\/wp-content\/uploads\/2022\/08\/cropped-cropped-logoban.jpg\",\"contentUrl\":\"https:\/\/universnews224.com\/wp-content\/uploads\/2022\/08\/cropped-cropped-logoban.jpg\",\"width\":1080,\"height\":138,\"caption\":\"UNIVERSNEWS224\"},\"image\":{\"@id\":\"https:\/\/universnews224.com\/#\/schema\/logo\/image\/\"}},{\"@type\":\"Person\",\"@id\":\"https:\/\/universnews224.com\/#\/schema\/person\/a4b7d4f94a4716df60456a491260485e\",\"name\":\"La R\u00e9daction\",\"image\":{\"@type\":\"ImageObject\",\"inLanguage\":\"fr-FR\",\"@id\":\"https:\/\/universnews224.com\/#\/schema\/person\/image\/\",\"url\":\"https:\/\/secure.gravatar.com\/avatar\/edb90acc7752b23e1b3307ad36c14f0d?s=96&d=mm&r=g\",\"contentUrl\":\"https:\/\/secure.gravatar.com\/avatar\/edb90acc7752b23e1b3307ad36c14f0d?s=96&d=mm&r=g\",\"caption\":\"La R\u00e9daction\"},\"sameAs\":[\"https:\/\/universnews224.com\"],\"url\":\"https:\/\/universnews224.com\/index.php\/author\/m-camara\/\"}]}<\/script>\n<!-- \/ Yoast SEO plugin. -->","yoast_head_json":{"title":"Soutien des juntes guin\u00e9enne, malienne et burkinab\u00e9 aux putschistes nig\u00e9riens: \u201cPour moi, ce n\u2019est qu\u2019une solidarit\u00e9 des putschistes\u201d, Cellou Bald\u00e9. - UNIVERSNEWS224","robots":{"index":"index","follow":"follow","max-snippet":"max-snippet:-1","max-image-preview":"max-image-preview:large","max-video-preview":"max-video-preview:-1"},"canonical":"https:\/\/universnews224.com\/index.php\/soutien-des-juntes-guineenne-malienne-et-burkinabe-aux-putschistes-nigeriens-pour-moi-ce-nest-quune-solidarite-des-putschistes-cellou-balde\/","og_locale":"fr_FR","og_type":"article","og_title":"Soutien des juntes guin\u00e9enne, malienne et burkinab\u00e9 aux putschistes nig\u00e9riens: \u201cPour moi, ce n\u2019est qu\u2019une solidarit\u00e9 des putschistes\u201d, Cellou Bald\u00e9. - UNIVERSNEWS224","og_description":"Dans des communiqu\u00e9s qu\u2019elles ont rendu public hier les juntes guin\u00e9enne, malienne et burkinab\u00e9 ont","og_url":"https:\/\/universnews224.com\/index.php\/soutien-des-juntes-guineenne-malienne-et-burkinabe-aux-putschistes-nigeriens-pour-moi-ce-nest-quune-solidarite-des-putschistes-cellou-balde\/","og_site_name":"UNIVERSNEWS224","article_published_time":"2023-08-01T20:47:32+00:00","og_image":[{"width":1080,"height":644,"url":"https:\/\/universnews224.com\/wp-content\/uploads\/2023\/08\/1EA2BE35-DF94-4302-B982-C871D00A296D.jpeg","type":"image\/jpeg"}],"author":"La R\u00e9daction","twitter_misc":{"\u00c9crit par":"La R\u00e9daction","Dur\u00e9e de lecture estim\u00e9e":"2 minutes"},"schema":{"@context":"https:\/\/schema.org","@graph":[{"@type":"Article","@id":"https:\/\/universnews224.com\/index.php\/soutien-des-juntes-guineenne-malienne-et-burkinabe-aux-putschistes-nigeriens-pour-moi-ce-nest-quune-solidarite-des-putschistes-cellou-balde\/#article","isPartOf":{"@id":"https:\/\/universnews224.com\/index.php\/soutien-des-juntes-guineenne-malienne-et-burkinabe-aux-putschistes-nigeriens-pour-moi-ce-nest-quune-solidarite-des-putschistes-cellou-balde\/"},"author":{"name":"La R\u00e9daction","@id":"https:\/\/universnews224.com\/#\/schema\/person\/a4b7d4f94a4716df60456a491260485e"},"headline":"Soutien des juntes guin\u00e9enne, malienne et burkinab\u00e9 aux putschistes nig\u00e9riens: \u201cPour moi, ce n\u2019est qu\u2019une solidarit\u00e9 des putschistes\u201d, Cellou Bald\u00e9.","datePublished":"2023-08-01T20:47:32+00:00","dateModified":"2023-08-01T20:47:32+00:00","mainEntityOfPage":{"@id":"https:\/\/universnews224.com\/index.php\/soutien-des-juntes-guineenne-malienne-et-burkinabe-aux-putschistes-nigeriens-pour-moi-ce-nest-quune-solidarite-des-putschistes-cellou-balde\/"},"wordCount":477,"publisher":{"@id":"https:\/\/universnews224.com\/#organization"},"keywords":["La une"],"articleSection":["ACTU","POLITIQUE"],"inLanguage":"fr-FR"},{"@type":"WebPage","@id":"https:\/\/universnews224.com\/index.php\/soutien-des-juntes-guineenne-malienne-et-burkinabe-aux-putschistes-nigeriens-pour-moi-ce-nest-quune-solidarite-des-putschistes-cellou-balde\/","url":"https:\/\/universnews224.com\/index.php\/soutien-des-juntes-guineenne-malienne-et-burkinabe-aux-putschistes-nigeriens-pour-moi-ce-nest-quune-solidarite-des-putschistes-cellou-balde\/","name":"Soutien des juntes guin\u00e9enne, malienne et burkinab\u00e9 aux putschistes nig\u00e9riens: \u201cPour moi, ce n\u2019est qu\u2019une solidarit\u00e9 des putschistes\u201d, Cellou Bald\u00e9. - UNIVERSNEWS224","isPartOf":{"@id":"https:\/\/universnews224.com\/#website"},"datePublished":"2023-08-01T20:47:32+00:00","dateModified":"2023-08-01T20:47:32+00:00","inLanguage":"fr-FR","potentialAction":[{"@type":"ReadAction","target":["https:\/\/universnews224.com\/index.php\/soutien-des-juntes-guineenne-malienne-et-burkinabe-aux-putschistes-nigeriens-pour-moi-ce-nest-quune-solidarite-des-putschistes-cellou-balde\/"]}]},{"@type":"WebSite","@id":"https:\/\/universnews224.com\/#website","url":"https:\/\/universnews224.com\/","name":"UNIVERSNEWS224","description":"","publisher":{"@id":"https:\/\/universnews224.com\/#organization"},"potentialAction":[{"@type":"SearchAction","target":{"@type":"EntryPoint","urlTemplate":"https:\/\/universnews224.com\/?s={search_term_string}"},"query-input":"required name=search_term_string"}],"inLanguage":"fr-FR"},{"@type":"Organization","@id":"https:\/\/universnews224.com\/#organization","name":"UNIVERSNEWS224","url":"https:\/\/universnews224.com\/","logo":{"@type":"ImageObject","inLanguage":"fr-FR","@id":"https:\/\/universnews224.com\/#\/schema\/logo\/image\/","url":"https:\/\/universnews224.com\/wp-content\/uploads\/2022\/08\/cropped-cropped-logoban.jpg","contentUrl":"https:\/\/universnews224.com\/wp-content\/uploads\/2022\/08\/cropped-cropped-logoban.jpg","width":1080,"height":138,"caption":"UNIVERSNEWS224"},"image":{"@id":"https:\/\/universnews224.com\/#\/schema\/logo\/image\/"}},{"@type":"Person","@id":"https:\/\/universnews224.com\/#\/schema\/person\/a4b7d4f94a4716df60456a491260485e","name":"La R\u00e9daction","image":{"@type":"ImageObject","inLanguage":"fr-FR","@id":"https:\/\/universnews224.com\/#\/schema\/person\/image\/","url":"https:\/\/secure.gravatar.com\/avatar\/edb90acc7752b23e1b3307ad36c14f0d?s=96&d=mm&r=g","contentUrl":"https:\/\/secure.gravatar.com\/avatar\/edb90acc7752b23e1b3307ad36c14f0d?s=96&d=mm&r=g","caption":"La R\u00e9daction"},"sameAs":["https:\/\/universnews224.com"],"url":"https:\/\/universnews224.com\/index.php\/author\/m-camara\/"}]}},"_links":{"self":[{"href":"https:\/\/universnews224.com\/index.php\/wp-json\/wp\/v2\/posts\/4029"}],"collection":[{"href":"https:\/\/universnews224.com\/index.php\/wp-json\/wp\/v2\/posts"}],"about":[{"href":"https:\/\/universnews224.com\/index.php\/wp-json\/wp\/v2\/types\/post"}],"author":[{"embeddable":true,"href":"https:\/\/universnews224.com\/index.php\/wp-json\/wp\/v2\/users\/2"}],"replies":[{"embeddable":true,"href":"https:\/\/universnews224.com\/index.php\/wp-json\/wp\/v2\/comments?post=4029"}],"version-history":[{"count":1,"href":"https:\/\/universnews224.com\/index.php\/wp-json\/wp\/v2\/posts\/4029\/revisions"}],"predecessor-version":[{"id":4031,"href":"https:\/\/universnews224.com\/index.php\/wp-json\/wp\/v2\/posts\/4029\/revisions\/4031"}],"wp:featuredmedia":[{"embeddable":true,"href":"https:\/\/universnews224.com\/index.php\/wp-json\/wp\/v2\/media\/4030"}],"wp:attachment":[{"href":"https:\/\/universnews224.com\/index.php\/wp-json\/wp\/v2\/media?parent=4029"}],"wp:term":[{"taxonomy":"category","embeddable":true,"href":"https:\/\/universnews224.com\/index.php\/wp-json\/wp\/v2\/categories?post=4029"},{"taxonomy":"post_tag","embeddable":true,"href":"https:\/\/universnews224.com\/index.php\/wp-json\/wp\/v2\/tags?post=4029"}],"curies":[{"name":"wp","href":"https:\/\/api.w.org\/{rel}","templated":true}]}}