{"id":4045,"date":"2023-08-03T22:23:59","date_gmt":"2023-08-03T21:23:59","guid":{"rendered":"https:\/\/universnews224.com\/?p=4045"},"modified":"2023-08-03T22:23:59","modified_gmt":"2023-08-03T21:23:59","slug":"eventuelle-flambee-du-prix-du-riz-le-ministre-de-lagriculture-annonce-des-mesures","status":"publish","type":"post","link":"https:\/\/universnews224.com\/index.php\/eventuelle-flambee-du-prix-du-riz-le-ministre-de-lagriculture-annonce-des-mesures\/","title":{"rendered":"\u00c9ventuelle flamb\u00e9e du prix du riz: le ministre de l\u2019Agriculture annonce des mesures."},"content":{"rendered":"<p class=\"p1\">Alors que l\u2019Inde d\u00e9cide de plus importer son riz vers les autres pays, l\u2019inqui\u00e9tude grandit de plus en plus au sein la population guin\u00e9enne qui redoute une augmentation du prix de riz dans les prochains jours.<\/p>\n<p class=\"p1\"><span class=\"s1\">Invit\u00e9 de l\u2019\u00e9mission Mirador de la radio Fim, le ministre l\u2019Agriculture et de l\u2019\u00e9levage, Mamoudou Nangnalen Barry a rassur\u00e9 que le gouvernement est entrain de prendre des dispositions pour r\u00e9duire l\u2019importation du riz en Guin\u00e9e. <\/span><\/p>\n<p class=\"p1\"><span class=\"s1\">\u201cPar rapport \u00e0 ce qui se passe en Inde, la transition a d\u00e9j\u00e0 l\u2019ambition de mettre fin \u00e0 l\u2019augmentation drastique des importations du riz en Guin\u00e9e. Graduellement, chaque ann\u00e9e notre importation augmente d\u2019environ 100 mille tonnes. Si on est \u00e0 600 mille tonnes cette ann\u00e9e, l\u2019ann\u00e9e prochaine, on est \u00e0 700 milles. Donc, en moyenne notre importation augmente en moyenne de 100 milles tonnes, \u00e0 chaque ann\u00e9e. Et aujourd\u2019hui, nous sommes \u00e0 800 milles du riz import\u00e9 par an. Ce qui est extr\u00eamement \u00e9lev\u00e9, mais ce n\u2019est pas l\u2019une des<span class=\"Apple-converted-space\">\u00a0 <\/span>plus grandes importations en Afrique de l\u2019Ouest. On ne compare m\u00eame pas au S\u00e9n\u00e9gal,<span class=\"Apple-converted-space\">\u00a0 <\/span>\u00e0 la C\u00f4te d\u2019Ivoire au Nig\u00e9ria en terme d\u2019importation du riz, m\u00eame le Burkina. Ils importent plus largement que nous\u201d, a t-il indiqu\u00e9. <\/span><\/p>\n<p class=\"p1\"><span class=\"s1\">\u201cCette ann\u00e9e, dit-il \u201cnotre strat\u00e9gie est claire, on va renforcer la production du riz et de ma\u00efs. On a beaucoup investi dans la production cette ann\u00e9e. Mais, \u00e0 son du riz, nous avons une forte campagne de diversification alimentaire. Pour diversifier l\u2019alimentation et r\u00e9duire la d\u00e9pendance vis \u00e0 vis du riz, il faut d\u00e9velopper la culture des tubercules. Nous avons beaucoup investi dans l\u2019igname et les autres vari\u00e9t\u00e9s\u201d, a t-il martel\u00e9. <\/span><\/p>\n<p class=\"p1\"><span class=\"s1\">Camara Mamadouba <\/span><\/p>\n<p class=\"p1\"><span class=\"s1\">611 46 04 10 <\/span><\/p>\n","protected":false},"excerpt":{"rendered":"<p>Alors que l\u2019Inde d\u00e9cide de plus importer son riz vers les autres pays, l\u2019inqui\u00e9tude grandit<\/p>\n","protected":false},"author":2,"featured_media":4046,"comment_status":"closed","ping_status":"open","sticky":false,"template":"","format":"standard","meta":[],"categories":[3,4],"tags":[229],"yoast_head":"<!-- This site is optimized with the Yoast SEO plugin v19.13 - https:\/\/yoast.com\/wordpress\/plugins\/seo\/ -->\n<title>\u00c9ventuelle flamb\u00e9e du prix du riz: le ministre de l\u2019Agriculture annonce des mesures. - UNIVERSNEWS224<\/title>\n<meta name=\"robots\" content=\"index, follow, max-snippet:-1, max-image-preview:large, max-video-preview:-1\" \/>\n<link rel=\"canonical\" href=\"https:\/\/universnews224.com\/index.php\/eventuelle-flambee-du-prix-du-riz-le-ministre-de-lagriculture-annonce-des-mesures\/\" \/>\n<meta property=\"og:locale\" content=\"fr_FR\" \/>\n<meta property=\"og:type\" content=\"article\" \/>\n<meta property=\"og:title\" content=\"\u00c9ventuelle flamb\u00e9e du prix du riz: le ministre de l\u2019Agriculture annonce des mesures. - UNIVERSNEWS224\" \/>\n<meta property=\"og:description\" content=\"Alors que l\u2019Inde d\u00e9cide de plus importer son riz vers les autres pays, l\u2019inqui\u00e9tude grandit\" \/>\n<meta property=\"og:url\" content=\"https:\/\/universnews224.com\/index.php\/eventuelle-flambee-du-prix-du-riz-le-ministre-de-lagriculture-annonce-des-mesures\/\" \/>\n<meta property=\"og:site_name\" content=\"UNIVERSNEWS224\" \/>\n<meta property=\"article:published_time\" content=\"2023-08-03T21:23:59+00:00\" \/>\n<meta property=\"og:image\" content=\"https:\/\/universnews224.com\/wp-content\/uploads\/2023\/08\/5E6B5A64-ECD1-4762-84F3-D82236F236C0.jpeg\" \/>\n\t<meta property=\"og:image:width\" content=\"440\" \/>\n\t<meta property=\"og:image:height\" content=\"350\" \/>\n\t<meta property=\"og:image:type\" content=\"image\/jpeg\" \/>\n<meta name=\"author\" content=\"La R\u00e9daction\" \/>\n<meta name=\"twitter:label1\" content=\"\u00c9crit par\" \/>\n\t<meta name=\"twitter:data1\" content=\"La R\u00e9daction\" \/>\n\t<meta name=\"twitter:label2\" content=\"Dur\u00e9e de lecture estim\u00e9e\" \/>\n\t<meta name=\"twitter:data2\" content=\"2 minutes\" \/>\n<script type=\"application\/ld+json\" class=\"yoast-schema-graph\">{\"@context\":\"https:\/\/schema.org\",\"@graph\":[{\"@type\":\"Article\",\"@id\":\"https:\/\/universnews224.com\/index.php\/eventuelle-flambee-du-prix-du-riz-le-ministre-de-lagriculture-annonce-des-mesures\/#article\",\"isPartOf\":{\"@id\":\"https:\/\/universnews224.com\/index.php\/eventuelle-flambee-du-prix-du-riz-le-ministre-de-lagriculture-annonce-des-mesures\/\"},\"author\":{\"name\":\"La R\u00e9daction\",\"@id\":\"https:\/\/universnews224.com\/#\/schema\/person\/a4b7d4f94a4716df60456a491260485e\"},\"headline\":\"\u00c9ventuelle flamb\u00e9e du prix du riz: le ministre de l\u2019Agriculture annonce des mesures.\",\"datePublished\":\"2023-08-03T21:23:59+00:00\",\"dateModified\":\"2023-08-03T21:23:59+00:00\",\"mainEntityOfPage\":{\"@id\":\"https:\/\/universnews224.com\/index.php\/eventuelle-flambee-du-prix-du-riz-le-ministre-de-lagriculture-annonce-des-mesures\/\"},\"wordCount\":317,\"publisher\":{\"@id\":\"https:\/\/universnews224.com\/#organization\"},\"keywords\":[\"La une\"],\"articleSection\":[\"ACTU\",\"POLITIQUE\"],\"inLanguage\":\"fr-FR\"},{\"@type\":\"WebPage\",\"@id\":\"https:\/\/universnews224.com\/index.php\/eventuelle-flambee-du-prix-du-riz-le-ministre-de-lagriculture-annonce-des-mesures\/\",\"url\":\"https:\/\/universnews224.com\/index.php\/eventuelle-flambee-du-prix-du-riz-le-ministre-de-lagriculture-annonce-des-mesures\/\",\"name\":\"\u00c9ventuelle flamb\u00e9e du prix du riz: le ministre de l\u2019Agriculture annonce des mesures. - UNIVERSNEWS224\",\"isPartOf\":{\"@id\":\"https:\/\/universnews224.com\/#website\"},\"datePublished\":\"2023-08-03T21:23:59+00:00\",\"dateModified\":\"2023-08-03T21:23:59+00:00\",\"inLanguage\":\"fr-FR\",\"potentialAction\":[{\"@type\":\"ReadAction\",\"target\":[\"https:\/\/universnews224.com\/index.php\/eventuelle-flambee-du-prix-du-riz-le-ministre-de-lagriculture-annonce-des-mesures\/\"]}]},{\"@type\":\"WebSite\",\"@id\":\"https:\/\/universnews224.com\/#website\",\"url\":\"https:\/\/universnews224.com\/\",\"name\":\"UNIVERSNEWS224\",\"description\":\"\",\"publisher\":{\"@id\":\"https:\/\/universnews224.com\/#organization\"},\"potentialAction\":[{\"@type\":\"SearchAction\",\"target\":{\"@type\":\"EntryPoint\",\"urlTemplate\":\"https:\/\/universnews224.com\/?s={search_term_string}\"},\"query-input\":\"required name=search_term_string\"}],\"inLanguage\":\"fr-FR\"},{\"@type\":\"Organization\",\"@id\":\"https:\/\/universnews224.com\/#organization\",\"name\":\"UNIVERSNEWS224\",\"url\":\"https:\/\/universnews224.com\/\",\"logo\":{\"@type\":\"ImageObject\",\"inLanguage\":\"fr-FR\",\"@id\":\"https:\/\/universnews224.com\/#\/schema\/logo\/image\/\",\"url\":\"https:\/\/universnews224.com\/wp-content\/uploads\/2022\/08\/cropped-cropped-logoban.jpg\",\"contentUrl\":\"https:\/\/universnews224.com\/wp-content\/uploads\/2022\/08\/cropped-cropped-logoban.jpg\",\"width\":1080,\"height\":138,\"caption\":\"UNIVERSNEWS224\"},\"image\":{\"@id\":\"https:\/\/universnews224.com\/#\/schema\/logo\/image\/\"}},{\"@type\":\"Person\",\"@id\":\"https:\/\/universnews224.com\/#\/schema\/person\/a4b7d4f94a4716df60456a491260485e\",\"name\":\"La R\u00e9daction\",\"image\":{\"@type\":\"ImageObject\",\"inLanguage\":\"fr-FR\",\"@id\":\"https:\/\/universnews224.com\/#\/schema\/person\/image\/\",\"url\":\"https:\/\/secure.gravatar.com\/avatar\/edb90acc7752b23e1b3307ad36c14f0d?s=96&d=mm&r=g\",\"contentUrl\":\"https:\/\/secure.gravatar.com\/avatar\/edb90acc7752b23e1b3307ad36c14f0d?s=96&d=mm&r=g\",\"caption\":\"La R\u00e9daction\"},\"sameAs\":[\"https:\/\/universnews224.com\"],\"url\":\"https:\/\/universnews224.com\/index.php\/author\/m-camara\/\"}]}<\/script>\n<!-- \/ Yoast SEO plugin. -->","yoast_head_json":{"title":"\u00c9ventuelle flamb\u00e9e du prix du riz: le ministre de l\u2019Agriculture annonce des mesures. - UNIVERSNEWS224","robots":{"index":"index","follow":"follow","max-snippet":"max-snippet:-1","max-image-preview":"max-image-preview:large","max-video-preview":"max-video-preview:-1"},"canonical":"https:\/\/universnews224.com\/index.php\/eventuelle-flambee-du-prix-du-riz-le-ministre-de-lagriculture-annonce-des-mesures\/","og_locale":"fr_FR","og_type":"article","og_title":"\u00c9ventuelle flamb\u00e9e du prix du riz: le ministre de l\u2019Agriculture annonce des mesures. - UNIVERSNEWS224","og_description":"Alors que l\u2019Inde d\u00e9cide de plus importer son riz vers les autres pays, l\u2019inqui\u00e9tude grandit","og_url":"https:\/\/universnews224.com\/index.php\/eventuelle-flambee-du-prix-du-riz-le-ministre-de-lagriculture-annonce-des-mesures\/","og_site_name":"UNIVERSNEWS224","article_published_time":"2023-08-03T21:23:59+00:00","og_image":[{"width":440,"height":350,"url":"https:\/\/universnews224.com\/wp-content\/uploads\/2023\/08\/5E6B5A64-ECD1-4762-84F3-D82236F236C0.jpeg","type":"image\/jpeg"}],"author":"La R\u00e9daction","twitter_misc":{"\u00c9crit par":"La R\u00e9daction","Dur\u00e9e de lecture estim\u00e9e":"2 minutes"},"schema":{"@context":"https:\/\/schema.org","@graph":[{"@type":"Article","@id":"https:\/\/universnews224.com\/index.php\/eventuelle-flambee-du-prix-du-riz-le-ministre-de-lagriculture-annonce-des-mesures\/#article","isPartOf":{"@id":"https:\/\/universnews224.com\/index.php\/eventuelle-flambee-du-prix-du-riz-le-ministre-de-lagriculture-annonce-des-mesures\/"},"author":{"name":"La R\u00e9daction","@id":"https:\/\/universnews224.com\/#\/schema\/person\/a4b7d4f94a4716df60456a491260485e"},"headline":"\u00c9ventuelle flamb\u00e9e du prix du riz: le ministre de l\u2019Agriculture annonce des mesures.","datePublished":"2023-08-03T21:23:59+00:00","dateModified":"2023-08-03T21:23:59+00:00","mainEntityOfPage":{"@id":"https:\/\/universnews224.com\/index.php\/eventuelle-flambee-du-prix-du-riz-le-ministre-de-lagriculture-annonce-des-mesures\/"},"wordCount":317,"publisher":{"@id":"https:\/\/universnews224.com\/#organization"},"keywords":["La une"],"articleSection":["ACTU","POLITIQUE"],"inLanguage":"fr-FR"},{"@type":"WebPage","@id":"https:\/\/universnews224.com\/index.php\/eventuelle-flambee-du-prix-du-riz-le-ministre-de-lagriculture-annonce-des-mesures\/","url":"https:\/\/universnews224.com\/index.php\/eventuelle-flambee-du-prix-du-riz-le-ministre-de-lagriculture-annonce-des-mesures\/","name":"\u00c9ventuelle flamb\u00e9e du prix du riz: le ministre de l\u2019Agriculture annonce des mesures. - UNIVERSNEWS224","isPartOf":{"@id":"https:\/\/universnews224.com\/#website"},"datePublished":"2023-08-03T21:23:59+00:00","dateModified":"2023-08-03T21:23:59+00:00","inLanguage":"fr-FR","potentialAction":[{"@type":"ReadAction","target":["https:\/\/universnews224.com\/index.php\/eventuelle-flambee-du-prix-du-riz-le-ministre-de-lagriculture-annonce-des-mesures\/"]}]},{"@type":"WebSite","@id":"https:\/\/universnews224.com\/#website","url":"https:\/\/universnews224.com\/","name":"UNIVERSNEWS224","description":"","publisher":{"@id":"https:\/\/universnews224.com\/#organization"},"potentialAction":[{"@type":"SearchAction","target":{"@type":"EntryPoint","urlTemplate":"https:\/\/universnews224.com\/?s={search_term_string}"},"query-input":"required name=search_term_string"}],"inLanguage":"fr-FR"},{"@type":"Organization","@id":"https:\/\/universnews224.com\/#organization","name":"UNIVERSNEWS224","url":"https:\/\/universnews224.com\/","logo":{"@type":"ImageObject","inLanguage":"fr-FR","@id":"https:\/\/universnews224.com\/#\/schema\/logo\/image\/","url":"https:\/\/universnews224.com\/wp-content\/uploads\/2022\/08\/cropped-cropped-logoban.jpg","contentUrl":"https:\/\/universnews224.com\/wp-content\/uploads\/2022\/08\/cropped-cropped-logoban.jpg","width":1080,"height":138,"caption":"UNIVERSNEWS224"},"image":{"@id":"https:\/\/universnews224.com\/#\/schema\/logo\/image\/"}},{"@type":"Person","@id":"https:\/\/universnews224.com\/#\/schema\/person\/a4b7d4f94a4716df60456a491260485e","name":"La R\u00e9daction","image":{"@type":"ImageObject","inLanguage":"fr-FR","@id":"https:\/\/universnews224.com\/#\/schema\/person\/image\/","url":"https:\/\/secure.gravatar.com\/avatar\/edb90acc7752b23e1b3307ad36c14f0d?s=96&d=mm&r=g","contentUrl":"https:\/\/secure.gravatar.com\/avatar\/edb90acc7752b23e1b3307ad36c14f0d?s=96&d=mm&r=g","caption":"La R\u00e9daction"},"sameAs":["https:\/\/universnews224.com"],"url":"https:\/\/universnews224.com\/index.php\/author\/m-camara\/"}]}},"_links":{"self":[{"href":"https:\/\/universnews224.com\/index.php\/wp-json\/wp\/v2\/posts\/4045"}],"collection":[{"href":"https:\/\/universnews224.com\/index.php\/wp-json\/wp\/v2\/posts"}],"about":[{"href":"https:\/\/universnews224.com\/index.php\/wp-json\/wp\/v2\/types\/post"}],"author":[{"embeddable":true,"href":"https:\/\/universnews224.com\/index.php\/wp-json\/wp\/v2\/users\/2"}],"replies":[{"embeddable":true,"href":"https:\/\/universnews224.com\/index.php\/wp-json\/wp\/v2\/comments?post=4045"}],"version-history":[{"count":1,"href":"https:\/\/universnews224.com\/index.php\/wp-json\/wp\/v2\/posts\/4045\/revisions"}],"predecessor-version":[{"id":4047,"href":"https:\/\/universnews224.com\/index.php\/wp-json\/wp\/v2\/posts\/4045\/revisions\/4047"}],"wp:featuredmedia":[{"embeddable":true,"href":"https:\/\/universnews224.com\/index.php\/wp-json\/wp\/v2\/media\/4046"}],"wp:attachment":[{"href":"https:\/\/universnews224.com\/index.php\/wp-json\/wp\/v2\/media?parent=4045"}],"wp:term":[{"taxonomy":"category","embeddable":true,"href":"https:\/\/universnews224.com\/index.php\/wp-json\/wp\/v2\/categories?post=4045"},{"taxonomy":"post_tag","embeddable":true,"href":"https:\/\/universnews224.com\/index.php\/wp-json\/wp\/v2\/tags?post=4045"}],"curies":[{"name":"wp","href":"https:\/\/api.w.org\/{rel}","templated":true}]}}