{"id":4059,"date":"2023-08-04T23:06:35","date_gmt":"2023-08-04T22:06:35","guid":{"rendered":"https:\/\/universnews224.com\/?p=4059"},"modified":"2023-08-04T23:06:35","modified_gmt":"2023-08-04T22:06:35","slug":"communication-entre-le-colonel-doumbouya-et-sydia-touretout-ce-que-je-peux-dire-cest-quil-n-y-a-pas-eu-dappel-entre-le-president-mamadi-doumbouya-et-le-president","status":"publish","type":"post","link":"https:\/\/universnews224.com\/index.php\/communication-entre-le-colonel-doumbouya-et-sydia-touretout-ce-que-je-peux-dire-cest-quil-n-y-a-pas-eu-dappel-entre-le-president-mamadi-doumbouya-et-le-president\/","title":{"rendered":"Communication entre le Colonel Doumbouya et Sydia Tour\u00e9:\u201cTout ce que je peux dire, c\u2019est qu\u2019il n y a pas eu d\u2019appel entre le pr\u00e9sident Mamadi Doumbouya et le pr\u00e9sident Sydia Tour\u00e9\u201c, Fod\u00e9 Bald\u00e9."},"content":{"rendered":"<p class=\"p1\">Le responsable de communication de l\u2019Union des Forces R\u00e9publicaines (UFR) a r\u00e9pondu ce vendredi, 04 ao\u00fbt 2023, aux propos du porte-parole du gouvernement, Ousmane Gaoul Diallo qui a indiqu\u00e9 lors de sa r\u00e9cente sortie m\u00e9diatique que, le pr\u00e9sident de la transition \u00e9change r\u00e9guli\u00e8rement avec Cellou Dalein Diallo et Sydia Tour\u00e9.<\/p>\n<p class=\"p1\"><span class=\"s1\">\u201cTout ce que je peux dire, c\u2019est qu\u2019il n y a pas eu d\u2019appel entre le pr\u00e9sident Mamadi Doumbouya et le pr\u00e9sident Sydia Tour\u00e9. Je vous rappelle que juste apr\u00e8s le coup d\u2019\u00c9tat, le pr\u00e9sident Sydia Tour\u00e9 et tous les leaders politiques ont \u00e9t\u00e9 rencontr\u00e9s par le colonel Mamadi Doumbouya au palais du peuple. Et apr\u00e8s cela, nous avons demand\u00e9 de fa\u00e7on officielle \u00e0 rencontrer le CNRD conform\u00e9ment \u00e0 la charte de la transition, \u00e0 son article 77, mais depuis lors, nous sommes l\u00e0, nous suivons. Mais, il n y pas de contact tel que l\u2019insinue le porte-parole du gouvernement et ce n\u2019est pas son premier essai, il en a l\u2019habitude. Je le pense que les guin\u00e9ens savent pertinemment distinguer ce qu\u2019il dise si c\u2019est vrai ou faux. Je suis contraint de dire que, ce qu\u2019il a dit m\u2019engage que sa personne\u201d, a t-il d\u00e9menti. <\/span><\/p>\n<p class=\"p1\"><span class=\"s1\">Et de poursuivre: \u201cCette sortie du porte-parole du gouvernement rev\u00eat qu\u2019il n y pas une discr\u00e9tion autour du pr\u00e9sident de la transition et je pense que le pr\u00e9sident de la transition doit faire beaucoup attention. Parce que \u00e7a am\u00e8ne \u00e0 comprendre que tout qui se dit peut \u00eatre mis sur la place publique d\u2019une fa\u00e7on ou d\u2019une autre. Si cette fois-ci a \u00e9t\u00e9 dit par le biais d\u2019une interview. Peut-\u00eatre, un jour \u00e7a peut se faire de bouche \u00e0 l\u2019oreille ce qu\u2019on pourrait appeler des \u00e9changes officieux entre le pr\u00e9sident de la transition et certains acteurs. M\u00eame si je pr\u00e9cise qu\u2019il n\u2019a parl\u00e9 avec le pr\u00e9sident Sydia Tour\u00e9\u201d, a t-il martel\u00e9. <\/span><\/p>\n<p class=\"p1\"><span class=\"s1\">Camara Mamadouba <\/span><\/p>\n<p class=\"p1\"><span class=\"s1\">611 46 04 10<\/span><\/p>\n","protected":false},"excerpt":{"rendered":"<p>Le responsable de communication de l\u2019Union des Forces R\u00e9publicaines (UFR) a r\u00e9pondu ce vendredi, 04<\/p>\n","protected":false},"author":2,"featured_media":4060,"comment_status":"closed","ping_status":"open","sticky":false,"template":"","format":"standard","meta":[],"categories":[3,4],"tags":[229],"yoast_head":"<!-- This site is optimized with the Yoast SEO plugin v19.13 - https:\/\/yoast.com\/wordpress\/plugins\/seo\/ -->\n<title>Communication entre le Colonel Doumbouya et Sydia Tour\u00e9:\u201cTout ce que je peux dire, c\u2019est qu\u2019il n y a pas eu d\u2019appel entre le pr\u00e9sident Mamadi Doumbouya et le pr\u00e9sident Sydia Tour\u00e9\u201c, Fod\u00e9 Bald\u00e9. - UNIVERSNEWS224<\/title>\n<meta name=\"robots\" content=\"index, follow, max-snippet:-1, max-image-preview:large, max-video-preview:-1\" \/>\n<link rel=\"canonical\" href=\"https:\/\/universnews224.com\/index.php\/communication-entre-le-colonel-doumbouya-et-sydia-touretout-ce-que-je-peux-dire-cest-quil-n-y-a-pas-eu-dappel-entre-le-president-mamadi-doumbouya-et-le-president\/\" \/>\n<meta property=\"og:locale\" content=\"fr_FR\" \/>\n<meta property=\"og:type\" content=\"article\" \/>\n<meta property=\"og:title\" content=\"Communication entre le Colonel Doumbouya et Sydia Tour\u00e9:\u201cTout ce que je peux dire, c\u2019est qu\u2019il n y a pas eu d\u2019appel entre le pr\u00e9sident Mamadi Doumbouya et le pr\u00e9sident Sydia Tour\u00e9\u201c, Fod\u00e9 Bald\u00e9. - UNIVERSNEWS224\" \/>\n<meta property=\"og:description\" content=\"Le responsable de communication de l\u2019Union des Forces R\u00e9publicaines (UFR) a r\u00e9pondu ce vendredi, 04\" \/>\n<meta property=\"og:url\" content=\"https:\/\/universnews224.com\/index.php\/communication-entre-le-colonel-doumbouya-et-sydia-touretout-ce-que-je-peux-dire-cest-quil-n-y-a-pas-eu-dappel-entre-le-president-mamadi-doumbouya-et-le-president\/\" \/>\n<meta property=\"og:site_name\" content=\"UNIVERSNEWS224\" \/>\n<meta property=\"article:published_time\" content=\"2023-08-04T22:06:35+00:00\" \/>\n<meta property=\"og:image\" content=\"https:\/\/universnews224.com\/wp-content\/uploads\/2023\/08\/80428FBA-D3F9-4B88-946E-53FE5B71D52C.jpeg\" \/>\n\t<meta property=\"og:image:width\" content=\"720\" \/>\n\t<meta property=\"og:image:height\" content=\"522\" \/>\n\t<meta property=\"og:image:type\" content=\"image\/jpeg\" \/>\n<meta name=\"author\" content=\"La R\u00e9daction\" \/>\n<meta name=\"twitter:label1\" content=\"\u00c9crit par\" \/>\n\t<meta name=\"twitter:data1\" content=\"La R\u00e9daction\" \/>\n\t<meta name=\"twitter:label2\" content=\"Dur\u00e9e de lecture estim\u00e9e\" \/>\n\t<meta name=\"twitter:data2\" content=\"2 minutes\" \/>\n<script type=\"application\/ld+json\" class=\"yoast-schema-graph\">{\"@context\":\"https:\/\/schema.org\",\"@graph\":[{\"@type\":\"Article\",\"@id\":\"https:\/\/universnews224.com\/index.php\/communication-entre-le-colonel-doumbouya-et-sydia-touretout-ce-que-je-peux-dire-cest-quil-n-y-a-pas-eu-dappel-entre-le-president-mamadi-doumbouya-et-le-president\/#article\",\"isPartOf\":{\"@id\":\"https:\/\/universnews224.com\/index.php\/communication-entre-le-colonel-doumbouya-et-sydia-touretout-ce-que-je-peux-dire-cest-quil-n-y-a-pas-eu-dappel-entre-le-president-mamadi-doumbouya-et-le-president\/\"},\"author\":{\"name\":\"La R\u00e9daction\",\"@id\":\"https:\/\/universnews224.com\/#\/schema\/person\/a4b7d4f94a4716df60456a491260485e\"},\"headline\":\"Communication entre le Colonel Doumbouya et Sydia Tour\u00e9:\u201cTout ce que je peux dire, c\u2019est qu\u2019il n y a pas eu d\u2019appel entre le pr\u00e9sident Mamadi Doumbouya et le pr\u00e9sident Sydia Tour\u00e9\u201c, Fod\u00e9 Bald\u00e9.\",\"datePublished\":\"2023-08-04T22:06:35+00:00\",\"dateModified\":\"2023-08-04T22:06:35+00:00\",\"mainEntityOfPage\":{\"@id\":\"https:\/\/universnews224.com\/index.php\/communication-entre-le-colonel-doumbouya-et-sydia-touretout-ce-que-je-peux-dire-cest-quil-n-y-a-pas-eu-dappel-entre-le-president-mamadi-doumbouya-et-le-president\/\"},\"wordCount\":388,\"publisher\":{\"@id\":\"https:\/\/universnews224.com\/#organization\"},\"keywords\":[\"La une\"],\"articleSection\":[\"ACTU\",\"POLITIQUE\"],\"inLanguage\":\"fr-FR\"},{\"@type\":\"WebPage\",\"@id\":\"https:\/\/universnews224.com\/index.php\/communication-entre-le-colonel-doumbouya-et-sydia-touretout-ce-que-je-peux-dire-cest-quil-n-y-a-pas-eu-dappel-entre-le-president-mamadi-doumbouya-et-le-president\/\",\"url\":\"https:\/\/universnews224.com\/index.php\/communication-entre-le-colonel-doumbouya-et-sydia-touretout-ce-que-je-peux-dire-cest-quil-n-y-a-pas-eu-dappel-entre-le-president-mamadi-doumbouya-et-le-president\/\",\"name\":\"Communication entre le Colonel Doumbouya et Sydia Tour\u00e9:\u201cTout ce que je peux dire, c\u2019est qu\u2019il n y a pas eu d\u2019appel entre le pr\u00e9sident Mamadi Doumbouya et le pr\u00e9sident Sydia Tour\u00e9\u201c, Fod\u00e9 Bald\u00e9. - UNIVERSNEWS224\",\"isPartOf\":{\"@id\":\"https:\/\/universnews224.com\/#website\"},\"datePublished\":\"2023-08-04T22:06:35+00:00\",\"dateModified\":\"2023-08-04T22:06:35+00:00\",\"inLanguage\":\"fr-FR\",\"potentialAction\":[{\"@type\":\"ReadAction\",\"target\":[\"https:\/\/universnews224.com\/index.php\/communication-entre-le-colonel-doumbouya-et-sydia-touretout-ce-que-je-peux-dire-cest-quil-n-y-a-pas-eu-dappel-entre-le-president-mamadi-doumbouya-et-le-president\/\"]}]},{\"@type\":\"WebSite\",\"@id\":\"https:\/\/universnews224.com\/#website\",\"url\":\"https:\/\/universnews224.com\/\",\"name\":\"UNIVERSNEWS224\",\"description\":\"\",\"publisher\":{\"@id\":\"https:\/\/universnews224.com\/#organization\"},\"potentialAction\":[{\"@type\":\"SearchAction\",\"target\":{\"@type\":\"EntryPoint\",\"urlTemplate\":\"https:\/\/universnews224.com\/?s={search_term_string}\"},\"query-input\":\"required name=search_term_string\"}],\"inLanguage\":\"fr-FR\"},{\"@type\":\"Organization\",\"@id\":\"https:\/\/universnews224.com\/#organization\",\"name\":\"UNIVERSNEWS224\",\"url\":\"https:\/\/universnews224.com\/\",\"logo\":{\"@type\":\"ImageObject\",\"inLanguage\":\"fr-FR\",\"@id\":\"https:\/\/universnews224.com\/#\/schema\/logo\/image\/\",\"url\":\"https:\/\/universnews224.com\/wp-content\/uploads\/2022\/08\/cropped-cropped-logoban.jpg\",\"contentUrl\":\"https:\/\/universnews224.com\/wp-content\/uploads\/2022\/08\/cropped-cropped-logoban.jpg\",\"width\":1080,\"height\":138,\"caption\":\"UNIVERSNEWS224\"},\"image\":{\"@id\":\"https:\/\/universnews224.com\/#\/schema\/logo\/image\/\"}},{\"@type\":\"Person\",\"@id\":\"https:\/\/universnews224.com\/#\/schema\/person\/a4b7d4f94a4716df60456a491260485e\",\"name\":\"La R\u00e9daction\",\"image\":{\"@type\":\"ImageObject\",\"inLanguage\":\"fr-FR\",\"@id\":\"https:\/\/universnews224.com\/#\/schema\/person\/image\/\",\"url\":\"https:\/\/secure.gravatar.com\/avatar\/edb90acc7752b23e1b3307ad36c14f0d?s=96&d=mm&r=g\",\"contentUrl\":\"https:\/\/secure.gravatar.com\/avatar\/edb90acc7752b23e1b3307ad36c14f0d?s=96&d=mm&r=g\",\"caption\":\"La R\u00e9daction\"},\"sameAs\":[\"https:\/\/universnews224.com\"],\"url\":\"https:\/\/universnews224.com\/index.php\/author\/m-camara\/\"}]}<\/script>\n<!-- \/ Yoast SEO plugin. -->","yoast_head_json":{"title":"Communication entre le Colonel Doumbouya et Sydia Tour\u00e9:\u201cTout ce que je peux dire, c\u2019est qu\u2019il n y a pas eu d\u2019appel entre le pr\u00e9sident Mamadi Doumbouya et le pr\u00e9sident Sydia Tour\u00e9\u201c, Fod\u00e9 Bald\u00e9. - UNIVERSNEWS224","robots":{"index":"index","follow":"follow","max-snippet":"max-snippet:-1","max-image-preview":"max-image-preview:large","max-video-preview":"max-video-preview:-1"},"canonical":"https:\/\/universnews224.com\/index.php\/communication-entre-le-colonel-doumbouya-et-sydia-touretout-ce-que-je-peux-dire-cest-quil-n-y-a-pas-eu-dappel-entre-le-president-mamadi-doumbouya-et-le-president\/","og_locale":"fr_FR","og_type":"article","og_title":"Communication entre le Colonel Doumbouya et Sydia Tour\u00e9:\u201cTout ce que je peux dire, c\u2019est qu\u2019il n y a pas eu d\u2019appel entre le pr\u00e9sident Mamadi Doumbouya et le pr\u00e9sident Sydia Tour\u00e9\u201c, Fod\u00e9 Bald\u00e9. - UNIVERSNEWS224","og_description":"Le responsable de communication de l\u2019Union des Forces R\u00e9publicaines (UFR) a r\u00e9pondu ce vendredi, 04","og_url":"https:\/\/universnews224.com\/index.php\/communication-entre-le-colonel-doumbouya-et-sydia-touretout-ce-que-je-peux-dire-cest-quil-n-y-a-pas-eu-dappel-entre-le-president-mamadi-doumbouya-et-le-president\/","og_site_name":"UNIVERSNEWS224","article_published_time":"2023-08-04T22:06:35+00:00","og_image":[{"width":720,"height":522,"url":"https:\/\/universnews224.com\/wp-content\/uploads\/2023\/08\/80428FBA-D3F9-4B88-946E-53FE5B71D52C.jpeg","type":"image\/jpeg"}],"author":"La R\u00e9daction","twitter_misc":{"\u00c9crit par":"La R\u00e9daction","Dur\u00e9e de lecture estim\u00e9e":"2 minutes"},"schema":{"@context":"https:\/\/schema.org","@graph":[{"@type":"Article","@id":"https:\/\/universnews224.com\/index.php\/communication-entre-le-colonel-doumbouya-et-sydia-touretout-ce-que-je-peux-dire-cest-quil-n-y-a-pas-eu-dappel-entre-le-president-mamadi-doumbouya-et-le-president\/#article","isPartOf":{"@id":"https:\/\/universnews224.com\/index.php\/communication-entre-le-colonel-doumbouya-et-sydia-touretout-ce-que-je-peux-dire-cest-quil-n-y-a-pas-eu-dappel-entre-le-president-mamadi-doumbouya-et-le-president\/"},"author":{"name":"La R\u00e9daction","@id":"https:\/\/universnews224.com\/#\/schema\/person\/a4b7d4f94a4716df60456a491260485e"},"headline":"Communication entre le Colonel Doumbouya et Sydia Tour\u00e9:\u201cTout ce que je peux dire, c\u2019est qu\u2019il n y a pas eu d\u2019appel entre le pr\u00e9sident Mamadi Doumbouya et le pr\u00e9sident Sydia Tour\u00e9\u201c, Fod\u00e9 Bald\u00e9.","datePublished":"2023-08-04T22:06:35+00:00","dateModified":"2023-08-04T22:06:35+00:00","mainEntityOfPage":{"@id":"https:\/\/universnews224.com\/index.php\/communication-entre-le-colonel-doumbouya-et-sydia-touretout-ce-que-je-peux-dire-cest-quil-n-y-a-pas-eu-dappel-entre-le-president-mamadi-doumbouya-et-le-president\/"},"wordCount":388,"publisher":{"@id":"https:\/\/universnews224.com\/#organization"},"keywords":["La une"],"articleSection":["ACTU","POLITIQUE"],"inLanguage":"fr-FR"},{"@type":"WebPage","@id":"https:\/\/universnews224.com\/index.php\/communication-entre-le-colonel-doumbouya-et-sydia-touretout-ce-que-je-peux-dire-cest-quil-n-y-a-pas-eu-dappel-entre-le-president-mamadi-doumbouya-et-le-president\/","url":"https:\/\/universnews224.com\/index.php\/communication-entre-le-colonel-doumbouya-et-sydia-touretout-ce-que-je-peux-dire-cest-quil-n-y-a-pas-eu-dappel-entre-le-president-mamadi-doumbouya-et-le-president\/","name":"Communication entre le Colonel Doumbouya et Sydia Tour\u00e9:\u201cTout ce que je peux dire, c\u2019est qu\u2019il n y a pas eu d\u2019appel entre le pr\u00e9sident Mamadi Doumbouya et le pr\u00e9sident Sydia Tour\u00e9\u201c, Fod\u00e9 Bald\u00e9. - UNIVERSNEWS224","isPartOf":{"@id":"https:\/\/universnews224.com\/#website"},"datePublished":"2023-08-04T22:06:35+00:00","dateModified":"2023-08-04T22:06:35+00:00","inLanguage":"fr-FR","potentialAction":[{"@type":"ReadAction","target":["https:\/\/universnews224.com\/index.php\/communication-entre-le-colonel-doumbouya-et-sydia-touretout-ce-que-je-peux-dire-cest-quil-n-y-a-pas-eu-dappel-entre-le-president-mamadi-doumbouya-et-le-president\/"]}]},{"@type":"WebSite","@id":"https:\/\/universnews224.com\/#website","url":"https:\/\/universnews224.com\/","name":"UNIVERSNEWS224","description":"","publisher":{"@id":"https:\/\/universnews224.com\/#organization"},"potentialAction":[{"@type":"SearchAction","target":{"@type":"EntryPoint","urlTemplate":"https:\/\/universnews224.com\/?s={search_term_string}"},"query-input":"required name=search_term_string"}],"inLanguage":"fr-FR"},{"@type":"Organization","@id":"https:\/\/universnews224.com\/#organization","name":"UNIVERSNEWS224","url":"https:\/\/universnews224.com\/","logo":{"@type":"ImageObject","inLanguage":"fr-FR","@id":"https:\/\/universnews224.com\/#\/schema\/logo\/image\/","url":"https:\/\/universnews224.com\/wp-content\/uploads\/2022\/08\/cropped-cropped-logoban.jpg","contentUrl":"https:\/\/universnews224.com\/wp-content\/uploads\/2022\/08\/cropped-cropped-logoban.jpg","width":1080,"height":138,"caption":"UNIVERSNEWS224"},"image":{"@id":"https:\/\/universnews224.com\/#\/schema\/logo\/image\/"}},{"@type":"Person","@id":"https:\/\/universnews224.com\/#\/schema\/person\/a4b7d4f94a4716df60456a491260485e","name":"La R\u00e9daction","image":{"@type":"ImageObject","inLanguage":"fr-FR","@id":"https:\/\/universnews224.com\/#\/schema\/person\/image\/","url":"https:\/\/secure.gravatar.com\/avatar\/edb90acc7752b23e1b3307ad36c14f0d?s=96&d=mm&r=g","contentUrl":"https:\/\/secure.gravatar.com\/avatar\/edb90acc7752b23e1b3307ad36c14f0d?s=96&d=mm&r=g","caption":"La R\u00e9daction"},"sameAs":["https:\/\/universnews224.com"],"url":"https:\/\/universnews224.com\/index.php\/author\/m-camara\/"}]}},"_links":{"self":[{"href":"https:\/\/universnews224.com\/index.php\/wp-json\/wp\/v2\/posts\/4059"}],"collection":[{"href":"https:\/\/universnews224.com\/index.php\/wp-json\/wp\/v2\/posts"}],"about":[{"href":"https:\/\/universnews224.com\/index.php\/wp-json\/wp\/v2\/types\/post"}],"author":[{"embeddable":true,"href":"https:\/\/universnews224.com\/index.php\/wp-json\/wp\/v2\/users\/2"}],"replies":[{"embeddable":true,"href":"https:\/\/universnews224.com\/index.php\/wp-json\/wp\/v2\/comments?post=4059"}],"version-history":[{"count":1,"href":"https:\/\/universnews224.com\/index.php\/wp-json\/wp\/v2\/posts\/4059\/revisions"}],"predecessor-version":[{"id":4061,"href":"https:\/\/universnews224.com\/index.php\/wp-json\/wp\/v2\/posts\/4059\/revisions\/4061"}],"wp:featuredmedia":[{"embeddable":true,"href":"https:\/\/universnews224.com\/index.php\/wp-json\/wp\/v2\/media\/4060"}],"wp:attachment":[{"href":"https:\/\/universnews224.com\/index.php\/wp-json\/wp\/v2\/media?parent=4059"}],"wp:term":[{"taxonomy":"category","embeddable":true,"href":"https:\/\/universnews224.com\/index.php\/wp-json\/wp\/v2\/categories?post=4059"},{"taxonomy":"post_tag","embeddable":true,"href":"https:\/\/universnews224.com\/index.php\/wp-json\/wp\/v2\/tags?post=4059"}],"curies":[{"name":"wp","href":"https:\/\/api.w.org\/{rel}","templated":true}]}}