{"id":4166,"date":"2023-08-25T20:24:29","date_gmt":"2023-08-25T19:24:29","guid":{"rendered":"https:\/\/universnews224.com\/?p=4166"},"modified":"2023-08-25T20:24:29","modified_gmt":"2023-08-25T19:24:29","slug":"economie-une-delegation-du-port-de-pointe-noire-visite-les-installations-dalport-conakry-2","status":"publish","type":"post","link":"https:\/\/universnews224.com\/index.php\/economie-une-delegation-du-port-de-pointe-noire-visite-les-installations-dalport-conakry-2\/","title":{"rendered":"\u00c9conomie: Une d\u00e9l\u00e9gation du port de Pointe-Noire visite les installations d\u2019Alport-Conakry."},"content":{"rendered":"<p class=\"p1\"><span class=\"s1\">En faveur d\u2019un m\u00e9morandum d\u2019attente fait entre le port autonome de Pointe-Noire (Congo Brazzaville) et groupe Albayrak pour la mise en concession du quai conventionnel du Port autonome du Pointe-Noire une d\u00e9l\u00e9gation congolaise a effectu\u00e9 ce mercredi, 23 ao\u00fbt 2023, une visite sur les installations du groupe Albayrak au port de Conakry, pour s\u2019assurer de l\u2019exp\u00e9rience africaine du groupe et constater les investissements r\u00e9alis\u00e9s par cette soci\u00e9t\u00e9 en Guin\u00e9e.<a href=\"https:\/\/universnews224.com\/wp-content\/uploads\/2023\/08\/D1ADEEC5-014E-4EF4-9965-31EF6ECADD73.jpeg\"><img loading=\"lazy\" class=\"alignnone size-medium wp-image-4169\" src=\"https:\/\/universnews224.com\/wp-content\/uploads\/2023\/08\/D1ADEEC5-014E-4EF4-9965-31EF6ECADD73-300x189.jpeg\" alt=\"\" width=\"300\" height=\"189\" srcset=\"https:\/\/universnews224.com\/wp-content\/uploads\/2023\/08\/D1ADEEC5-014E-4EF4-9965-31EF6ECADD73-300x189.jpeg 300w, https:\/\/universnews224.com\/wp-content\/uploads\/2023\/08\/D1ADEEC5-014E-4EF4-9965-31EF6ECADD73-1024x644.jpeg 1024w, https:\/\/universnews224.com\/wp-content\/uploads\/2023\/08\/D1ADEEC5-014E-4EF4-9965-31EF6ECADD73-768x483.jpeg 768w, https:\/\/universnews224.com\/wp-content\/uploads\/2023\/08\/D1ADEEC5-014E-4EF4-9965-31EF6ECADD73.jpeg 1080w\" sizes=\"(max-width: 300px) 100vw, 300px\" \/><\/a><br \/>\nConduite par le Directeur g\u00e9n\u00e9ral du port de Pointe Noire, cette d\u00e9l\u00e9gation s\u2019est rendue tour \u00e0 tour au quai conventionnel du port de Conakry, des entrep\u00f4ts maliens, le nouveau quai en construction au c\u00f4t\u00e9 l\u2019est et le parc des camions maliens.<br \/>\n<\/span><\/p>\n<p class=\"p1\"><span class=\"s1\">Impressionn\u00e9 par les investissements r\u00e9alis\u00e9s par le groupe Albayrak au Port de Conakry, S\u00e9raphin BHALAT, Directeur g\u00e9n\u00e9ral du Port autonome de Pointe-Noire s\u2019est dit satisfait de cette visite au Port de Conakry avant de donner l\u2019assurance d\u2019une fra\u00eeche collaboration dans les prochains jours entre le groupe Albayrak et le Port de Pointe-Noire.<a href=\"https:\/\/universnews224.com\/wp-content\/uploads\/2023\/08\/0D5874DA-4423-4E41-B197-909331C6B973.jpeg\"><img loading=\"lazy\" class=\"alignnone size-medium wp-image-4168\" src=\"https:\/\/universnews224.com\/wp-content\/uploads\/2023\/08\/0D5874DA-4423-4E41-B197-909331C6B973-300x135.jpeg\" alt=\"\" width=\"300\" height=\"135\" srcset=\"https:\/\/universnews224.com\/wp-content\/uploads\/2023\/08\/0D5874DA-4423-4E41-B197-909331C6B973-300x135.jpeg 300w, https:\/\/universnews224.com\/wp-content\/uploads\/2023\/08\/0D5874DA-4423-4E41-B197-909331C6B973-768x346.jpeg 768w, https:\/\/universnews224.com\/wp-content\/uploads\/2023\/08\/0D5874DA-4423-4E41-B197-909331C6B973.jpeg 1000w\" sizes=\"(max-width: 300px) 100vw, 300px\" \/><\/a> <\/span><\/p>\n<p class=\"p1\"><span class=\"s1\">\u201cVous savez le groupe Albayrak est au Congo. Nous sommes entrain de voir avec eux, comment les faire participer au d\u00e9veloppement du Port de Pointe-Noire qui joue de plus ou moins le m\u00eame r\u00f4le que celui de Conakry. Nous venons de voir ce matin qu\u2019il y a eu un v\u00e9ritable d\u00e9veloppement depuis qq qu\u2019une convention de concession a \u00e9t\u00e9 sign\u00e9e entre le port autonome de Conakry et le groupe Albayrak. Nous \u00e9tions en discussion avec ce groupe en Turquie et l\u00e0, nous avons tenu \u00e0 venir voir ce qu\u2019ils sont entrain de r\u00e9aliser pour le port de Conakry et nous avons vu qu\u2019il y a des grandes choses qui sont r\u00e9alis\u00e9es depuis qu\u2019ils sont install\u00e9s ici. Nous avons eu des conversations avec les chauffeurs maliens qui sont totalement satisfaits de ce trafic sur le corridor Conakry-Bamako. Cette visite nous rassure autant plus que, nous, au port de pointe noire, autant on a fait beaucoup d\u2019efforts sur le trafic conteneurs, autant il reste \u00e0 faire sur le trafic conventionnel et le vrac. Et un partenariat avec le groupe Albayrak serait une bonne chose pour le d\u00e9veloppement de notre port, ce qui est d\u2019ailleurs pr\u00e9vu dans notre plan strat\u00e9gique\u201d <\/span><\/p>\n<p class=\"p1\"><span class=\"s1\">Pour sa part, Ousmane Savan\u00e9, Directeur g\u00e9n\u00e9ral adjoint d\u2019Alport-Conakry s\u2019est r\u00e9joui de cette visite de la d\u00e9l\u00e9gation du Port de Pointe-Noire sur les installations du groupe Albayrak au port de Conakry, avant de rassurer que la d\u00e9l\u00e9gation congolaise de l\u2019expertise du groupe Albayrak dans le domaine portuaire.<a href=\"https:\/\/universnews224.com\/wp-content\/uploads\/2023\/08\/402D81C4-2655-4ADE-8F9D-0E2E78605C2E.jpeg\"><img loading=\"lazy\" class=\"alignnone size-medium wp-image-4170\" src=\"https:\/\/universnews224.com\/wp-content\/uploads\/2023\/08\/402D81C4-2655-4ADE-8F9D-0E2E78605C2E-300x292.jpeg\" alt=\"\" width=\"300\" height=\"292\" srcset=\"https:\/\/universnews224.com\/wp-content\/uploads\/2023\/08\/402D81C4-2655-4ADE-8F9D-0E2E78605C2E-300x292.jpeg 300w, https:\/\/universnews224.com\/wp-content\/uploads\/2023\/08\/402D81C4-2655-4ADE-8F9D-0E2E78605C2E-768x748.jpeg 768w, https:\/\/universnews224.com\/wp-content\/uploads\/2023\/08\/402D81C4-2655-4ADE-8F9D-0E2E78605C2E.jpeg 920w\" sizes=\"(max-width: 300px) 100vw, 300px\" \/><\/a> <\/span><\/p>\n<p class=\"p1\"><span class=\"s1\">\u201cIl y a un mois, le groupe Albayrak fait un m\u00e9morandum d\u2019attente avec le port autonome de pointe noire pour la mise en concession du port, afin de le moderniser et d\u2019augmenter sa capacit\u00e9. C\u2019est dans ce cadre que, la d\u00e9l\u00e9gation du port autonome de pointe noire est venue au port de Conakry pour s\u2019assurer de l\u2019exp\u00e9rience africaine du groupe Albayrak et constater les investissements. Nous sommes au niveau de la p\u00e9n\u00e9trante que nous avons r\u00e9alis\u00e9e pour d\u00e9congestionner le port et limiter les embouteillages au niveau de la ville de Kaloum. Nous avons r\u00e9alis\u00e9 l\u2019auberge pour les chauffeurs maliens que nous avons visit\u00e9. Nous avons r\u00e9habilit\u00e9 les quais et nous avons \u00e9quip\u00e9 le port des grues de derni\u00e8res g\u00e9n\u00e9rations pour augmenter la capacit\u00e9 du port et augmenter la cadence des marchandises.Aujourd\u2019hui, les performances que nous avons r\u00e9alis\u00e9es font du port de Conakry, le premier port performant de la sous-r\u00e9gion, deux fois de suite. Ce qui fait que, la d\u00e9l\u00e9gation de pointe noire a fait un d\u00e9placement au port de Conakry pour voir les r\u00e9alisations d\u2019Albayrak, afin de tisser dans les prochains jours un partenariat avec le groupe Albayrak pour la modernisation et l\u2019extension du port de pointe noire\u201da t-il martel\u00e9.<a href=\"https:\/\/universnews224.com\/wp-content\/uploads\/2023\/08\/A10B4A9A-A819-42D2-B30A-4F43D9488639.jpeg\"><img loading=\"lazy\" class=\"alignnone size-medium wp-image-4171\" src=\"https:\/\/universnews224.com\/wp-content\/uploads\/2023\/08\/A10B4A9A-A819-42D2-B30A-4F43D9488639-300x191.jpeg\" alt=\"\" width=\"300\" height=\"191\" srcset=\"https:\/\/universnews224.com\/wp-content\/uploads\/2023\/08\/A10B4A9A-A819-42D2-B30A-4F43D9488639-300x191.jpeg 300w, https:\/\/universnews224.com\/wp-content\/uploads\/2023\/08\/A10B4A9A-A819-42D2-B30A-4F43D9488639-1024x651.jpeg 1024w, https:\/\/universnews224.com\/wp-content\/uploads\/2023\/08\/A10B4A9A-A819-42D2-B30A-4F43D9488639-768x489.jpeg 768w, https:\/\/universnews224.com\/wp-content\/uploads\/2023\/08\/A10B4A9A-A819-42D2-B30A-4F43D9488639.jpeg 1080w\" sizes=\"(max-width: 300px) 100vw, 300px\" \/><\/a> <\/span><\/p>\n<p class=\"p1\"><span class=\"s1\">Mohamed Camara <\/span><\/p>\n","protected":false},"excerpt":{"rendered":"<p>En faveur d\u2019un m\u00e9morandum d\u2019attente fait entre le port autonome de Pointe-Noire (Congo Brazzaville) et<\/p>\n","protected":false},"author":2,"featured_media":4169,"comment_status":"closed","ping_status":"open","sticky":false,"template":"","format":"standard","meta":[],"categories":[3,5],"tags":[229],"yoast_head":"<!-- This site is optimized with the Yoast SEO plugin v19.13 - https:\/\/yoast.com\/wordpress\/plugins\/seo\/ -->\n<title>\u00c9conomie: Une d\u00e9l\u00e9gation du port de Pointe-Noire visite les installations d\u2019Alport-Conakry. - UNIVERSNEWS224<\/title>\n<meta name=\"robots\" content=\"index, follow, max-snippet:-1, max-image-preview:large, max-video-preview:-1\" \/>\n<link rel=\"canonical\" href=\"https:\/\/universnews224.com\/index.php\/economie-une-delegation-du-port-de-pointe-noire-visite-les-installations-dalport-conakry-2\/\" \/>\n<meta property=\"og:locale\" content=\"fr_FR\" \/>\n<meta property=\"og:type\" content=\"article\" \/>\n<meta property=\"og:title\" content=\"\u00c9conomie: Une d\u00e9l\u00e9gation du port de Pointe-Noire visite les installations d\u2019Alport-Conakry. - UNIVERSNEWS224\" \/>\n<meta property=\"og:description\" content=\"En faveur d\u2019un m\u00e9morandum d\u2019attente fait entre le port autonome de Pointe-Noire (Congo Brazzaville) et\" \/>\n<meta property=\"og:url\" content=\"https:\/\/universnews224.com\/index.php\/economie-une-delegation-du-port-de-pointe-noire-visite-les-installations-dalport-conakry-2\/\" \/>\n<meta property=\"og:site_name\" content=\"UNIVERSNEWS224\" \/>\n<meta property=\"article:published_time\" content=\"2023-08-25T19:24:29+00:00\" \/>\n<meta property=\"og:image\" content=\"https:\/\/universnews224.com\/wp-content\/uploads\/2023\/08\/D1ADEEC5-014E-4EF4-9965-31EF6ECADD73.jpeg\" \/>\n\t<meta property=\"og:image:width\" content=\"1080\" \/>\n\t<meta property=\"og:image:height\" content=\"679\" \/>\n\t<meta property=\"og:image:type\" content=\"image\/jpeg\" \/>\n<meta name=\"author\" content=\"La R\u00e9daction\" \/>\n<meta name=\"twitter:label1\" content=\"\u00c9crit par\" \/>\n\t<meta name=\"twitter:data1\" content=\"La R\u00e9daction\" \/>\n\t<meta name=\"twitter:label2\" content=\"Dur\u00e9e de lecture estim\u00e9e\" \/>\n\t<meta name=\"twitter:data2\" content=\"4 minutes\" \/>\n<script type=\"application\/ld+json\" class=\"yoast-schema-graph\">{\"@context\":\"https:\/\/schema.org\",\"@graph\":[{\"@type\":\"Article\",\"@id\":\"https:\/\/universnews224.com\/index.php\/economie-une-delegation-du-port-de-pointe-noire-visite-les-installations-dalport-conakry-2\/#article\",\"isPartOf\":{\"@id\":\"https:\/\/universnews224.com\/index.php\/economie-une-delegation-du-port-de-pointe-noire-visite-les-installations-dalport-conakry-2\/\"},\"author\":{\"name\":\"La R\u00e9daction\",\"@id\":\"https:\/\/universnews224.com\/#\/schema\/person\/a4b7d4f94a4716df60456a491260485e\"},\"headline\":\"\u00c9conomie: Une d\u00e9l\u00e9gation du port de Pointe-Noire visite les installations d\u2019Alport-Conakry.\",\"datePublished\":\"2023-08-25T19:24:29+00:00\",\"dateModified\":\"2023-08-25T19:24:29+00:00\",\"mainEntityOfPage\":{\"@id\":\"https:\/\/universnews224.com\/index.php\/economie-une-delegation-du-port-de-pointe-noire-visite-les-installations-dalport-conakry-2\/\"},\"wordCount\":709,\"publisher\":{\"@id\":\"https:\/\/universnews224.com\/#organization\"},\"keywords\":[\"La une\"],\"articleSection\":[\"ACTU\",\"SOCI\u00c9T\u00c9\"],\"inLanguage\":\"fr-FR\"},{\"@type\":\"WebPage\",\"@id\":\"https:\/\/universnews224.com\/index.php\/economie-une-delegation-du-port-de-pointe-noire-visite-les-installations-dalport-conakry-2\/\",\"url\":\"https:\/\/universnews224.com\/index.php\/economie-une-delegation-du-port-de-pointe-noire-visite-les-installations-dalport-conakry-2\/\",\"name\":\"\u00c9conomie: Une d\u00e9l\u00e9gation du port de Pointe-Noire visite les installations d\u2019Alport-Conakry. - UNIVERSNEWS224\",\"isPartOf\":{\"@id\":\"https:\/\/universnews224.com\/#website\"},\"datePublished\":\"2023-08-25T19:24:29+00:00\",\"dateModified\":\"2023-08-25T19:24:29+00:00\",\"inLanguage\":\"fr-FR\",\"potentialAction\":[{\"@type\":\"ReadAction\",\"target\":[\"https:\/\/universnews224.com\/index.php\/economie-une-delegation-du-port-de-pointe-noire-visite-les-installations-dalport-conakry-2\/\"]}]},{\"@type\":\"WebSite\",\"@id\":\"https:\/\/universnews224.com\/#website\",\"url\":\"https:\/\/universnews224.com\/\",\"name\":\"UNIVERSNEWS224\",\"description\":\"\",\"publisher\":{\"@id\":\"https:\/\/universnews224.com\/#organization\"},\"potentialAction\":[{\"@type\":\"SearchAction\",\"target\":{\"@type\":\"EntryPoint\",\"urlTemplate\":\"https:\/\/universnews224.com\/?s={search_term_string}\"},\"query-input\":\"required name=search_term_string\"}],\"inLanguage\":\"fr-FR\"},{\"@type\":\"Organization\",\"@id\":\"https:\/\/universnews224.com\/#organization\",\"name\":\"UNIVERSNEWS224\",\"url\":\"https:\/\/universnews224.com\/\",\"logo\":{\"@type\":\"ImageObject\",\"inLanguage\":\"fr-FR\",\"@id\":\"https:\/\/universnews224.com\/#\/schema\/logo\/image\/\",\"url\":\"https:\/\/universnews224.com\/wp-content\/uploads\/2022\/08\/cropped-cropped-logoban.jpg\",\"contentUrl\":\"https:\/\/universnews224.com\/wp-content\/uploads\/2022\/08\/cropped-cropped-logoban.jpg\",\"width\":1080,\"height\":138,\"caption\":\"UNIVERSNEWS224\"},\"image\":{\"@id\":\"https:\/\/universnews224.com\/#\/schema\/logo\/image\/\"}},{\"@type\":\"Person\",\"@id\":\"https:\/\/universnews224.com\/#\/schema\/person\/a4b7d4f94a4716df60456a491260485e\",\"name\":\"La R\u00e9daction\",\"image\":{\"@type\":\"ImageObject\",\"inLanguage\":\"fr-FR\",\"@id\":\"https:\/\/universnews224.com\/#\/schema\/person\/image\/\",\"url\":\"https:\/\/secure.gravatar.com\/avatar\/edb90acc7752b23e1b3307ad36c14f0d?s=96&d=mm&r=g\",\"contentUrl\":\"https:\/\/secure.gravatar.com\/avatar\/edb90acc7752b23e1b3307ad36c14f0d?s=96&d=mm&r=g\",\"caption\":\"La R\u00e9daction\"},\"sameAs\":[\"https:\/\/universnews224.com\"],\"url\":\"https:\/\/universnews224.com\/index.php\/author\/m-camara\/\"}]}<\/script>\n<!-- \/ Yoast SEO plugin. -->","yoast_head_json":{"title":"\u00c9conomie: Une d\u00e9l\u00e9gation du port de Pointe-Noire visite les installations d\u2019Alport-Conakry. - UNIVERSNEWS224","robots":{"index":"index","follow":"follow","max-snippet":"max-snippet:-1","max-image-preview":"max-image-preview:large","max-video-preview":"max-video-preview:-1"},"canonical":"https:\/\/universnews224.com\/index.php\/economie-une-delegation-du-port-de-pointe-noire-visite-les-installations-dalport-conakry-2\/","og_locale":"fr_FR","og_type":"article","og_title":"\u00c9conomie: Une d\u00e9l\u00e9gation du port de Pointe-Noire visite les installations d\u2019Alport-Conakry. - UNIVERSNEWS224","og_description":"En faveur d\u2019un m\u00e9morandum d\u2019attente fait entre le port autonome de Pointe-Noire (Congo Brazzaville) et","og_url":"https:\/\/universnews224.com\/index.php\/economie-une-delegation-du-port-de-pointe-noire-visite-les-installations-dalport-conakry-2\/","og_site_name":"UNIVERSNEWS224","article_published_time":"2023-08-25T19:24:29+00:00","og_image":[{"width":1080,"height":679,"url":"https:\/\/universnews224.com\/wp-content\/uploads\/2023\/08\/D1ADEEC5-014E-4EF4-9965-31EF6ECADD73.jpeg","type":"image\/jpeg"}],"author":"La R\u00e9daction","twitter_misc":{"\u00c9crit par":"La R\u00e9daction","Dur\u00e9e de lecture estim\u00e9e":"4 minutes"},"schema":{"@context":"https:\/\/schema.org","@graph":[{"@type":"Article","@id":"https:\/\/universnews224.com\/index.php\/economie-une-delegation-du-port-de-pointe-noire-visite-les-installations-dalport-conakry-2\/#article","isPartOf":{"@id":"https:\/\/universnews224.com\/index.php\/economie-une-delegation-du-port-de-pointe-noire-visite-les-installations-dalport-conakry-2\/"},"author":{"name":"La R\u00e9daction","@id":"https:\/\/universnews224.com\/#\/schema\/person\/a4b7d4f94a4716df60456a491260485e"},"headline":"\u00c9conomie: Une d\u00e9l\u00e9gation du port de Pointe-Noire visite les installations d\u2019Alport-Conakry.","datePublished":"2023-08-25T19:24:29+00:00","dateModified":"2023-08-25T19:24:29+00:00","mainEntityOfPage":{"@id":"https:\/\/universnews224.com\/index.php\/economie-une-delegation-du-port-de-pointe-noire-visite-les-installations-dalport-conakry-2\/"},"wordCount":709,"publisher":{"@id":"https:\/\/universnews224.com\/#organization"},"keywords":["La une"],"articleSection":["ACTU","SOCI\u00c9T\u00c9"],"inLanguage":"fr-FR"},{"@type":"WebPage","@id":"https:\/\/universnews224.com\/index.php\/economie-une-delegation-du-port-de-pointe-noire-visite-les-installations-dalport-conakry-2\/","url":"https:\/\/universnews224.com\/index.php\/economie-une-delegation-du-port-de-pointe-noire-visite-les-installations-dalport-conakry-2\/","name":"\u00c9conomie: Une d\u00e9l\u00e9gation du port de Pointe-Noire visite les installations d\u2019Alport-Conakry. - UNIVERSNEWS224","isPartOf":{"@id":"https:\/\/universnews224.com\/#website"},"datePublished":"2023-08-25T19:24:29+00:00","dateModified":"2023-08-25T19:24:29+00:00","inLanguage":"fr-FR","potentialAction":[{"@type":"ReadAction","target":["https:\/\/universnews224.com\/index.php\/economie-une-delegation-du-port-de-pointe-noire-visite-les-installations-dalport-conakry-2\/"]}]},{"@type":"WebSite","@id":"https:\/\/universnews224.com\/#website","url":"https:\/\/universnews224.com\/","name":"UNIVERSNEWS224","description":"","publisher":{"@id":"https:\/\/universnews224.com\/#organization"},"potentialAction":[{"@type":"SearchAction","target":{"@type":"EntryPoint","urlTemplate":"https:\/\/universnews224.com\/?s={search_term_string}"},"query-input":"required name=search_term_string"}],"inLanguage":"fr-FR"},{"@type":"Organization","@id":"https:\/\/universnews224.com\/#organization","name":"UNIVERSNEWS224","url":"https:\/\/universnews224.com\/","logo":{"@type":"ImageObject","inLanguage":"fr-FR","@id":"https:\/\/universnews224.com\/#\/schema\/logo\/image\/","url":"https:\/\/universnews224.com\/wp-content\/uploads\/2022\/08\/cropped-cropped-logoban.jpg","contentUrl":"https:\/\/universnews224.com\/wp-content\/uploads\/2022\/08\/cropped-cropped-logoban.jpg","width":1080,"height":138,"caption":"UNIVERSNEWS224"},"image":{"@id":"https:\/\/universnews224.com\/#\/schema\/logo\/image\/"}},{"@type":"Person","@id":"https:\/\/universnews224.com\/#\/schema\/person\/a4b7d4f94a4716df60456a491260485e","name":"La R\u00e9daction","image":{"@type":"ImageObject","inLanguage":"fr-FR","@id":"https:\/\/universnews224.com\/#\/schema\/person\/image\/","url":"https:\/\/secure.gravatar.com\/avatar\/edb90acc7752b23e1b3307ad36c14f0d?s=96&d=mm&r=g","contentUrl":"https:\/\/secure.gravatar.com\/avatar\/edb90acc7752b23e1b3307ad36c14f0d?s=96&d=mm&r=g","caption":"La R\u00e9daction"},"sameAs":["https:\/\/universnews224.com"],"url":"https:\/\/universnews224.com\/index.php\/author\/m-camara\/"}]}},"_links":{"self":[{"href":"https:\/\/universnews224.com\/index.php\/wp-json\/wp\/v2\/posts\/4166"}],"collection":[{"href":"https:\/\/universnews224.com\/index.php\/wp-json\/wp\/v2\/posts"}],"about":[{"href":"https:\/\/universnews224.com\/index.php\/wp-json\/wp\/v2\/types\/post"}],"author":[{"embeddable":true,"href":"https:\/\/universnews224.com\/index.php\/wp-json\/wp\/v2\/users\/2"}],"replies":[{"embeddable":true,"href":"https:\/\/universnews224.com\/index.php\/wp-json\/wp\/v2\/comments?post=4166"}],"version-history":[{"count":1,"href":"https:\/\/universnews224.com\/index.php\/wp-json\/wp\/v2\/posts\/4166\/revisions"}],"predecessor-version":[{"id":4172,"href":"https:\/\/universnews224.com\/index.php\/wp-json\/wp\/v2\/posts\/4166\/revisions\/4172"}],"wp:featuredmedia":[{"embeddable":true,"href":"https:\/\/universnews224.com\/index.php\/wp-json\/wp\/v2\/media\/4169"}],"wp:attachment":[{"href":"https:\/\/universnews224.com\/index.php\/wp-json\/wp\/v2\/media?parent=4166"}],"wp:term":[{"taxonomy":"category","embeddable":true,"href":"https:\/\/universnews224.com\/index.php\/wp-json\/wp\/v2\/categories?post=4166"},{"taxonomy":"post_tag","embeddable":true,"href":"https:\/\/universnews224.com\/index.php\/wp-json\/wp\/v2\/tags?post=4166"}],"curies":[{"name":"wp","href":"https:\/\/api.w.org\/{rel}","templated":true}]}}