{"id":4173,"date":"2023-08-25T20:36:58","date_gmt":"2023-08-25T19:36:58","guid":{"rendered":"https:\/\/universnews224.com\/?p=4173"},"modified":"2023-08-25T20:36:58","modified_gmt":"2023-08-25T19:36:58","slug":"alport-conakry-le-pdg-du-groupe-albayrak-est-a-conakry-plusieurs-rencontres-prevues-avec-les-autorites-guineennes","status":"publish","type":"post","link":"https:\/\/universnews224.com\/index.php\/alport-conakry-le-pdg-du-groupe-albayrak-est-a-conakry-plusieurs-rencontres-prevues-avec-les-autorites-guineennes\/","title":{"rendered":"Alport-Conakry: le PDG du groupe Albayrak est \u00e0 Conakry, plusieurs rencontres pr\u00e9vues avec les autorit\u00e9s guin\u00e9ennes."},"content":{"rendered":"<p class=\"p1\">Le Pr\u00e9sident, Directeur g\u00e9n\u00e9ral du groupe Albayrak, AHAMET Albayrak, accompagn\u00e9 d\u2019une forte d\u00e9l\u00e9gation est arriv\u00e9 \u00e0 Conakry ce mercredi, 23 ao\u00fbt 2023 pour un s\u00e9jour de travail de cinq cinq (5) jours.<\/p>\n<p class=\"p1\">.<a href=\"https:\/\/universnews224.com\/wp-content\/uploads\/2023\/08\/57E5707D-08D0-4876-A446-EBA0FB3E76FC.jpeg\"><img loading=\"lazy\" class=\"alignnone size-medium wp-image-4177\" src=\"https:\/\/universnews224.com\/wp-content\/uploads\/2023\/08\/57E5707D-08D0-4876-A446-EBA0FB3E76FC-300x135.jpeg\" alt=\"\" width=\"300\" height=\"135\" srcset=\"https:\/\/universnews224.com\/wp-content\/uploads\/2023\/08\/57E5707D-08D0-4876-A446-EBA0FB3E76FC-300x135.jpeg 300w, https:\/\/universnews224.com\/wp-content\/uploads\/2023\/08\/57E5707D-08D0-4876-A446-EBA0FB3E76FC-768x346.jpeg 768w, https:\/\/universnews224.com\/wp-content\/uploads\/2023\/08\/57E5707D-08D0-4876-A446-EBA0FB3E76FC.jpeg 1000w\" sizes=\"(max-width: 300px) 100vw, 300px\" \/><\/a><\/p>\n<p>\u00c9voluant dans\u00a0 plusieurs secteurs de l\u2019\u00e9conomie guin\u00e9enne, notamment le secteur portuaire, de \u00e0 l\u2019assainissement, de l\u2019agriculture et la construction, cette visite du PDG du Albayrak sera une occasion pour le groupe Albayrak et les autorit\u00e9s guin\u00e9ennes de passer en revue leur collaboration pour l\u2019int\u00e9r\u00eat des deux parties.<\/p>\n<p class=\"p1\"><span class=\"s1\">Aussit\u00f4t arriv\u00e9s, le PDG du groupe Albayrak et sa d\u00e9l\u00e9gation ont effectu\u00e9 une visite au quai conventionnel du Port de Conakry o\u00f9 ils ont constat\u00e9 \u00e0 vue d\u2019\u0153il les nombreuses r\u00e9alisations en terme infrastructures que son entreprise a r\u00e9alis\u00e9 au Port de Conakry.<a href=\"https:\/\/universnews224.com\/wp-content\/uploads\/2023\/08\/5CD72780-77FC-4C2E-AA6D-B7FDD01DF1DC.jpeg\"><img loading=\"lazy\" class=\"alignnone size-medium wp-image-4178\" src=\"https:\/\/universnews224.com\/wp-content\/uploads\/2023\/08\/5CD72780-77FC-4C2E-AA6D-B7FDD01DF1DC-300x135.jpeg\" alt=\"\" width=\"300\" height=\"135\" srcset=\"https:\/\/universnews224.com\/wp-content\/uploads\/2023\/08\/5CD72780-77FC-4C2E-AA6D-B7FDD01DF1DC-300x135.jpeg 300w, https:\/\/universnews224.com\/wp-content\/uploads\/2023\/08\/5CD72780-77FC-4C2E-AA6D-B7FDD01DF1DC-768x346.jpeg 768w, https:\/\/universnews224.com\/wp-content\/uploads\/2023\/08\/5CD72780-77FC-4C2E-AA6D-B7FDD01DF1DC.jpeg 1000w\" sizes=\"(max-width: 300px) 100vw, 300px\" \/><\/a><\/span><\/p>\n<p class=\"p1\">Ensuite, AHAMET Albayrak et sa suite se sont rendus \u00e0 la Direction g\u00e9n\u00e9rale du Port autonome de Conakry o\u00f9 il y a eu un t\u00eate-\u00e0-t\u00eate avec le Directeur g\u00e9n\u00e9ral de la dite direction.<\/p>\n<p class=\"p1\"><span class=\"s1\">Apr\u00e8s de fructueux \u00e9changes avec le PDG du groupe Albayrak, le Directeur g\u00e9n\u00e9ral du Port autonome de Conakry, Mamadou Biro Diallo s\u2019est r\u00e9joui de cette visite des dirigeants du groupe.<a href=\"https:\/\/universnews224.com\/wp-content\/uploads\/2023\/08\/03C3250E-CCF5-453A-9893-B9B2D4099A62.jpeg\"><img loading=\"lazy\" class=\"alignnone size-medium wp-image-4179\" src=\"https:\/\/universnews224.com\/wp-content\/uploads\/2023\/08\/03C3250E-CCF5-453A-9893-B9B2D4099A62-300x135.jpeg\" alt=\"\" width=\"300\" height=\"135\" srcset=\"https:\/\/universnews224.com\/wp-content\/uploads\/2023\/08\/03C3250E-CCF5-453A-9893-B9B2D4099A62-300x135.jpeg 300w, https:\/\/universnews224.com\/wp-content\/uploads\/2023\/08\/03C3250E-CCF5-453A-9893-B9B2D4099A62-768x346.jpeg 768w, https:\/\/universnews224.com\/wp-content\/uploads\/2023\/08\/03C3250E-CCF5-453A-9893-B9B2D4099A62.jpeg 1000w\" sizes=\"(max-width: 300px) 100vw, 300px\" \/><\/a> <\/span><\/p>\n<p class=\"p1\"><span class=\"s1\">\u201cC\u2019est un grand plaisir de recevoir le PDG du groupe Albayrak et une r\u00e9assurance de leur voir ici, \u00e7a r\u00e9affirme leur engagement par rapport au projet \u00e9norme qu\u2019on a au Port autonome. Ils sont un grand partenaire pour nous au Port autonome, voir qu\u2019il tient \u00e0 c\u0153ur et que lui-m\u00eame, il vient observer avec nous sur les choses importantes et comment faire progresser les progr\u00e8s, est une bonne chose et tr\u00e8s salutaire. Donc, on est heureux de les recevoir \u00e0 Conakry. Le groupe Albayrak est un bon partenaire parce que, c\u2019est communaut\u00e9 portuaire, la partie conventionnelle et le d\u00e9veloppement du Port est tr\u00e8s important pour nous. Parce qu\u2019un Port sans infrastructures ne peut pas se faire appeler un grand Port. Ils ont jou\u00e9 un grand r\u00f4le et ils continuent \u00e0 jouer et on a des gros projets d\u2019expansion pour le c\u00f4t\u00e9 Est \u00e0 remblayer et \u00e0 refaire des quais sur le Port. Donc, pour qu\u2019ils viennent ici et revoir ces projets l\u00e0 avec nous et donner un peu plus d\u2019importance \u00e0 ces projets ne peut \u00eatre que salutaire\u201d, a d\u00e9clar\u00e9 le Directeur g\u00e9n\u00e9ral de PAC. <\/span><\/p>\n<p class=\"p1\"><span class=\"s1\">Dans le sillage ce jeudi, 24 ao\u00fbt 2023, le PDG du groupe Albayrak et sa d\u00e9l\u00e9gation se sont rendus successivement au minist\u00e8re des transports et celui l\u2019administration du territoire et de la d\u00e9centralisation. Au cours de ces deux<span class=\"Apple-converted-space\">\u00a0 <\/span>rencontres, plusieurs questions li\u00e9es aux investissements dans le domain ont \u00e9t\u00e9 accord\u00e9es. <\/span><\/p>\n<p class=\"p1\"><span class=\"s1\">Ministre des Transports F\u00e9lix Lama:<a href=\"https:\/\/universnews224.com\/wp-content\/uploads\/2023\/08\/DC0A5716-2C35-443C-8CDE-E0D1CE25FDF5.jpeg\"><img loading=\"lazy\" class=\"alignnone size-medium wp-image-4176\" src=\"https:\/\/universnews224.com\/wp-content\/uploads\/2023\/08\/DC0A5716-2C35-443C-8CDE-E0D1CE25FDF5-300x201.jpeg\" alt=\"\" width=\"300\" height=\"201\" srcset=\"https:\/\/universnews224.com\/wp-content\/uploads\/2023\/08\/DC0A5716-2C35-443C-8CDE-E0D1CE25FDF5-300x201.jpeg 300w, https:\/\/universnews224.com\/wp-content\/uploads\/2023\/08\/DC0A5716-2C35-443C-8CDE-E0D1CE25FDF5-1024x686.jpeg 1024w, https:\/\/universnews224.com\/wp-content\/uploads\/2023\/08\/DC0A5716-2C35-443C-8CDE-E0D1CE25FDF5-768x515.jpeg 768w, https:\/\/universnews224.com\/wp-content\/uploads\/2023\/08\/DC0A5716-2C35-443C-8CDE-E0D1CE25FDF5.jpeg 1080w\" sizes=\"(max-width: 300px) 100vw, 300px\" \/><\/a> <\/span><\/p>\n<p class=\"p1\"><span class=\"s1\">\u201cVous avez, le groupe Albayrak a beaucoup de projets en R\u00e9publique de Guin\u00e9e. D\u2019abord, la concession du Port conventionnel du Port autonome de Conakry, ensuite dans le cadre de l\u2019agriculture, tout comme dans le cadre de l\u2019assainissement, surtout le projet de construction de notre nouvel a\u00e9roport international Ahmed Sekou Tour\u00e9. C\u2019est dans le cadre du suivi de ces projets que le PDG lui-m\u00eame a fait le d\u00e9placement avec l\u2019ensemble de son \u00e9quipe pour nous rencontrer, \u00e9changer et puis accorder sur l\u2019avancement de ses diff\u00e9rents projets que nous avons en commun dont ils<span class=\"Apple-converted-space\">\u00a0 <\/span>sont ma\u00eetres d\u2019\u0153uvre. Nous avons parcouru l\u2019ensemble de ses projets depuis la construction du port autonome jusqu\u2019\u00e0 l\u2019a\u00e9roport international Ahmed Sekou Tour\u00e9. Les projets avancent, comme vous savez, vous avez pu le constater les proc\u00e8s qui sont r\u00e9alis\u00e9s au Port autonome de Conakry, mais \u00e9galement l\u2019avancement des diff\u00e9rents quais. Aujourd\u2019hui, il y a 8 autres quais en cours de r\u00e9alisation au niveau du Port de Conakry qui va permettre v\u00e9ritablement d\u2019accueillir le maximum de bateaux et \u00e0 acc\u00e9l\u00e9rer la cadence au niveau de notre Port\u2026 Nous avons aussi discut\u00e9 de l\u2019a\u00e9roport international de Conakry, les travaux ont d\u00e9marr\u00e9 depuis la pose de la premi\u00e8re et ensemble, nous avons revu un certain d\u2019\u00e9l\u00e9ments concernant notre a\u00e9roport international en cours de r\u00e9alisation dans sa premi\u00e8re phase. Nous avons discut\u00e9 du transport urbain, vous savez ce sont eux qui exploitent les bus que nous avons en moment. Nous allons pouvoir<span class=\"Apple-converted-space\">\u00a0 <\/span>continuer l\u2019ensemble des projets que nous avons en commun\u201d <\/span><\/p>\n<p class=\"p1\"><span class=\"s1\">Ministre de l\u2019Administration du territoire et de la d\u00e9centralisation, Mory Cond\u00e9:<a href=\"https:\/\/universnews224.com\/wp-content\/uploads\/2023\/08\/53ECCF3B-35A5-4ACF-B19B-9DD13DF85642.jpeg\"><img loading=\"lazy\" class=\"alignnone size-medium wp-image-4175\" src=\"https:\/\/universnews224.com\/wp-content\/uploads\/2023\/08\/53ECCF3B-35A5-4ACF-B19B-9DD13DF85642-300x177.jpeg\" alt=\"\" width=\"300\" height=\"177\" srcset=\"https:\/\/universnews224.com\/wp-content\/uploads\/2023\/08\/53ECCF3B-35A5-4ACF-B19B-9DD13DF85642-300x177.jpeg 300w, https:\/\/universnews224.com\/wp-content\/uploads\/2023\/08\/53ECCF3B-35A5-4ACF-B19B-9DD13DF85642-768x452.jpeg 768w, https:\/\/universnews224.com\/wp-content\/uploads\/2023\/08\/53ECCF3B-35A5-4ACF-B19B-9DD13DF85642.jpeg 960w\" sizes=\"(max-width: 300px) 100vw, 300px\" \/><\/a> <\/span><\/p>\n<p class=\"p1\"><span class=\"s1\">\u201cLe minist\u00e8re a un partenariat avec Albayrak dans le cadre de l\u2019assainissement et de la gestion des d\u00e9chets solides dans la r\u00e9gion de Conakry. Ce partenariat couvre les 5 communes de la ville de Conakry et quelques de la commune rurale de Man\u00e9ah et la commune urbaine de Dubr\u00e9ka. La rencontre de ce matin avec le PDG du groupe Albayrak nous a permis de faire d\u2019abord la revue de notre collaboration pour voir qu\u2019est-ce qui a march\u00e9, qu\u2019est-ce qui est \u00e0 am\u00e9liorer et quelles sont perspectives dans ce partenariat. Au nombre de ses perspectives, nous avons aujourd\u2019hui que la d\u00e9charge qui nous sert le centre d\u2019enfouissement ne peut plus tenir. Les r\u00e9flexions ont \u00e9t\u00e9 orient\u00e9es vers la cr\u00e9ation d\u2019un nouveau centre d\u2019enfouissement des d\u00e9chets solides et voir comment, les activit\u00e9s d\u2019Albayrak peut s\u2019entendre \u00e9galement sur les pr\u00e9fectures environnantes de Coleah et de Dubreka afin d\u2019am\u00e9liorer le cadre de vie de nos citoyens, aussi rendre notre capitale propre\u2026 Globalement, avec le groupe Albayrak, nous allons continuer sur l\u2019ensemble des projets que nous avons avec la soci\u00e9t\u00e9. Dans les perspectives, r\u00e9fl\u00e9chir sur comment d\u00e9placer aujourd\u2019hui le centre d\u2019enfouissement que nous avons \u00e0 la Mini\u00e8re, cr\u00e9er d\u2019autres centres et mettre en place d\u2019autres initiatives d\u2019appui aux collectivit\u00e9s pour que les communes elles-m\u00eames puissent \u00eatre en capacit\u00e9 de pouvoir g\u00e9rer la gestion li\u00e9e aux d\u00e9chets solides\u00bb, a t-il indiqu\u00e9.<\/span><\/p>\n<p class=\"p1\"><span class=\"s1\">Pour sa part ,le PDG du groupe Albayrak, AHAMET Albayrak, a d\u2019abord remerci\u00e9 les ministres pour l\u2019accueil qu\u2019on lui a r\u00e9serv\u00e9, avant de rassurer les autorit\u00e9s guin\u00e9enne de poursuivre les investissements en Guin\u00e9e.<a href=\"https:\/\/universnews224.com\/wp-content\/uploads\/2023\/08\/E02FE06E-0022-4077-B601-989887EDAA17.jpeg\"><img loading=\"lazy\" class=\"alignnone size-medium wp-image-4174\" src=\"https:\/\/universnews224.com\/wp-content\/uploads\/2023\/08\/E02FE06E-0022-4077-B601-989887EDAA17-300x179.jpeg\" alt=\"\" width=\"300\" height=\"179\" srcset=\"https:\/\/universnews224.com\/wp-content\/uploads\/2023\/08\/E02FE06E-0022-4077-B601-989887EDAA17-300x179.jpeg 300w, https:\/\/universnews224.com\/wp-content\/uploads\/2023\/08\/E02FE06E-0022-4077-B601-989887EDAA17-1024x610.jpeg 1024w, https:\/\/universnews224.com\/wp-content\/uploads\/2023\/08\/E02FE06E-0022-4077-B601-989887EDAA17-768x457.jpeg 768w, https:\/\/universnews224.com\/wp-content\/uploads\/2023\/08\/E02FE06E-0022-4077-B601-989887EDAA17.jpeg 1080w\" sizes=\"(max-width: 300px) 100vw, 300px\" \/><\/a><\/span><\/p>\n<p class=\"p1\">\u201cJe suis tr\u00e8s ravi d\u2019\u00eatre \u00e0 Conakry et d\u2019\u00eatre re\u00e7u par les ministres des transports et de l\u2019administration du territoire. Nous sommes l\u00e0 pour les assurer que nous ferons le n\u00e9cessaire pour le d\u00e9veloppement du pays et nous nous engageons que, nous allons faire des efforts pour pouvoir r\u00e9aliser nos obligations. Nous consid\u00e9rons la Guin\u00e9e comme notre pays fr\u00e8re \u00a0et nous faisons le n\u00e9cessaire pour distribuer au d\u00e9veloppement de la Guin\u00e9e\u201d, a t-il dit<\/p>\n<p class=\"p1\"><span class=\"s1\">Mohamed Camara <\/span><\/p>\n<p class=\"p1\">\n","protected":false},"excerpt":{"rendered":"<p>Le Pr\u00e9sident, Directeur g\u00e9n\u00e9ral du groupe Albayrak, AHAMET Albayrak, accompagn\u00e9 d\u2019une forte d\u00e9l\u00e9gation est arriv\u00e9<\/p>\n","protected":false},"author":2,"featured_media":4180,"comment_status":"closed","ping_status":"open","sticky":false,"template":"","format":"standard","meta":[],"categories":[3,5],"tags":[229],"yoast_head":"<!-- This site is optimized with the Yoast SEO plugin v19.13 - https:\/\/yoast.com\/wordpress\/plugins\/seo\/ -->\n<title>Alport-Conakry: le PDG du groupe Albayrak est \u00e0 Conakry, plusieurs rencontres pr\u00e9vues avec les autorit\u00e9s guin\u00e9ennes. - UNIVERSNEWS224<\/title>\n<meta name=\"robots\" content=\"index, follow, max-snippet:-1, max-image-preview:large, max-video-preview:-1\" \/>\n<link rel=\"canonical\" href=\"https:\/\/universnews224.com\/index.php\/alport-conakry-le-pdg-du-groupe-albayrak-est-a-conakry-plusieurs-rencontres-prevues-avec-les-autorites-guineennes\/\" \/>\n<meta property=\"og:locale\" content=\"fr_FR\" \/>\n<meta property=\"og:type\" content=\"article\" \/>\n<meta property=\"og:title\" content=\"Alport-Conakry: le PDG du groupe Albayrak est \u00e0 Conakry, plusieurs rencontres pr\u00e9vues avec les autorit\u00e9s guin\u00e9ennes. - UNIVERSNEWS224\" \/>\n<meta property=\"og:description\" content=\"Le Pr\u00e9sident, Directeur g\u00e9n\u00e9ral du groupe Albayrak, AHAMET Albayrak, accompagn\u00e9 d\u2019une forte d\u00e9l\u00e9gation est arriv\u00e9\" \/>\n<meta property=\"og:url\" content=\"https:\/\/universnews224.com\/index.php\/alport-conakry-le-pdg-du-groupe-albayrak-est-a-conakry-plusieurs-rencontres-prevues-avec-les-autorites-guineennes\/\" \/>\n<meta property=\"og:site_name\" content=\"UNIVERSNEWS224\" \/>\n<meta property=\"article:published_time\" content=\"2023-08-25T19:36:58+00:00\" \/>\n<meta property=\"og:image\" content=\"https:\/\/universnews224.com\/wp-content\/uploads\/2023\/08\/A11BEEFE-9A65-4477-8708-B9B6AB56806A.jpeg\" \/>\n\t<meta property=\"og:image:width\" content=\"1000\" \/>\n\t<meta property=\"og:image:height\" content=\"450\" \/>\n\t<meta property=\"og:image:type\" content=\"image\/jpeg\" \/>\n<meta name=\"author\" content=\"La R\u00e9daction\" \/>\n<meta name=\"twitter:label1\" content=\"\u00c9crit par\" \/>\n\t<meta name=\"twitter:data1\" content=\"La R\u00e9daction\" \/>\n\t<meta name=\"twitter:label2\" content=\"Dur\u00e9e de lecture estim\u00e9e\" \/>\n\t<meta name=\"twitter:data2\" content=\"7 minutes\" \/>\n<script type=\"application\/ld+json\" class=\"yoast-schema-graph\">{\"@context\":\"https:\/\/schema.org\",\"@graph\":[{\"@type\":\"Article\",\"@id\":\"https:\/\/universnews224.com\/index.php\/alport-conakry-le-pdg-du-groupe-albayrak-est-a-conakry-plusieurs-rencontres-prevues-avec-les-autorites-guineennes\/#article\",\"isPartOf\":{\"@id\":\"https:\/\/universnews224.com\/index.php\/alport-conakry-le-pdg-du-groupe-albayrak-est-a-conakry-plusieurs-rencontres-prevues-avec-les-autorites-guineennes\/\"},\"author\":{\"name\":\"La R\u00e9daction\",\"@id\":\"https:\/\/universnews224.com\/#\/schema\/person\/a4b7d4f94a4716df60456a491260485e\"},\"headline\":\"Alport-Conakry: le PDG du groupe Albayrak est \u00e0 Conakry, plusieurs rencontres pr\u00e9vues avec les autorit\u00e9s guin\u00e9ennes.\",\"datePublished\":\"2023-08-25T19:36:58+00:00\",\"dateModified\":\"2023-08-25T19:36:58+00:00\",\"mainEntityOfPage\":{\"@id\":\"https:\/\/universnews224.com\/index.php\/alport-conakry-le-pdg-du-groupe-albayrak-est-a-conakry-plusieurs-rencontres-prevues-avec-les-autorites-guineennes\/\"},\"wordCount\":1184,\"publisher\":{\"@id\":\"https:\/\/universnews224.com\/#organization\"},\"keywords\":[\"La une\"],\"articleSection\":[\"ACTU\",\"SOCI\u00c9T\u00c9\"],\"inLanguage\":\"fr-FR\"},{\"@type\":\"WebPage\",\"@id\":\"https:\/\/universnews224.com\/index.php\/alport-conakry-le-pdg-du-groupe-albayrak-est-a-conakry-plusieurs-rencontres-prevues-avec-les-autorites-guineennes\/\",\"url\":\"https:\/\/universnews224.com\/index.php\/alport-conakry-le-pdg-du-groupe-albayrak-est-a-conakry-plusieurs-rencontres-prevues-avec-les-autorites-guineennes\/\",\"name\":\"Alport-Conakry: le PDG du groupe Albayrak est \u00e0 Conakry, plusieurs rencontres pr\u00e9vues avec les autorit\u00e9s guin\u00e9ennes. - UNIVERSNEWS224\",\"isPartOf\":{\"@id\":\"https:\/\/universnews224.com\/#website\"},\"datePublished\":\"2023-08-25T19:36:58+00:00\",\"dateModified\":\"2023-08-25T19:36:58+00:00\",\"inLanguage\":\"fr-FR\",\"potentialAction\":[{\"@type\":\"ReadAction\",\"target\":[\"https:\/\/universnews224.com\/index.php\/alport-conakry-le-pdg-du-groupe-albayrak-est-a-conakry-plusieurs-rencontres-prevues-avec-les-autorites-guineennes\/\"]}]},{\"@type\":\"WebSite\",\"@id\":\"https:\/\/universnews224.com\/#website\",\"url\":\"https:\/\/universnews224.com\/\",\"name\":\"UNIVERSNEWS224\",\"description\":\"\",\"publisher\":{\"@id\":\"https:\/\/universnews224.com\/#organization\"},\"potentialAction\":[{\"@type\":\"SearchAction\",\"target\":{\"@type\":\"EntryPoint\",\"urlTemplate\":\"https:\/\/universnews224.com\/?s={search_term_string}\"},\"query-input\":\"required name=search_term_string\"}],\"inLanguage\":\"fr-FR\"},{\"@type\":\"Organization\",\"@id\":\"https:\/\/universnews224.com\/#organization\",\"name\":\"UNIVERSNEWS224\",\"url\":\"https:\/\/universnews224.com\/\",\"logo\":{\"@type\":\"ImageObject\",\"inLanguage\":\"fr-FR\",\"@id\":\"https:\/\/universnews224.com\/#\/schema\/logo\/image\/\",\"url\":\"https:\/\/universnews224.com\/wp-content\/uploads\/2022\/08\/cropped-cropped-logoban.jpg\",\"contentUrl\":\"https:\/\/universnews224.com\/wp-content\/uploads\/2022\/08\/cropped-cropped-logoban.jpg\",\"width\":1080,\"height\":138,\"caption\":\"UNIVERSNEWS224\"},\"image\":{\"@id\":\"https:\/\/universnews224.com\/#\/schema\/logo\/image\/\"}},{\"@type\":\"Person\",\"@id\":\"https:\/\/universnews224.com\/#\/schema\/person\/a4b7d4f94a4716df60456a491260485e\",\"name\":\"La R\u00e9daction\",\"image\":{\"@type\":\"ImageObject\",\"inLanguage\":\"fr-FR\",\"@id\":\"https:\/\/universnews224.com\/#\/schema\/person\/image\/\",\"url\":\"https:\/\/secure.gravatar.com\/avatar\/edb90acc7752b23e1b3307ad36c14f0d?s=96&d=mm&r=g\",\"contentUrl\":\"https:\/\/secure.gravatar.com\/avatar\/edb90acc7752b23e1b3307ad36c14f0d?s=96&d=mm&r=g\",\"caption\":\"La R\u00e9daction\"},\"sameAs\":[\"https:\/\/universnews224.com\"],\"url\":\"https:\/\/universnews224.com\/index.php\/author\/m-camara\/\"}]}<\/script>\n<!-- \/ Yoast SEO plugin. -->","yoast_head_json":{"title":"Alport-Conakry: le PDG du groupe Albayrak est \u00e0 Conakry, plusieurs rencontres pr\u00e9vues avec les autorit\u00e9s guin\u00e9ennes. - UNIVERSNEWS224","robots":{"index":"index","follow":"follow","max-snippet":"max-snippet:-1","max-image-preview":"max-image-preview:large","max-video-preview":"max-video-preview:-1"},"canonical":"https:\/\/universnews224.com\/index.php\/alport-conakry-le-pdg-du-groupe-albayrak-est-a-conakry-plusieurs-rencontres-prevues-avec-les-autorites-guineennes\/","og_locale":"fr_FR","og_type":"article","og_title":"Alport-Conakry: le PDG du groupe Albayrak est \u00e0 Conakry, plusieurs rencontres pr\u00e9vues avec les autorit\u00e9s guin\u00e9ennes. - UNIVERSNEWS224","og_description":"Le Pr\u00e9sident, Directeur g\u00e9n\u00e9ral du groupe Albayrak, AHAMET Albayrak, accompagn\u00e9 d\u2019une forte d\u00e9l\u00e9gation est arriv\u00e9","og_url":"https:\/\/universnews224.com\/index.php\/alport-conakry-le-pdg-du-groupe-albayrak-est-a-conakry-plusieurs-rencontres-prevues-avec-les-autorites-guineennes\/","og_site_name":"UNIVERSNEWS224","article_published_time":"2023-08-25T19:36:58+00:00","og_image":[{"width":1000,"height":450,"url":"https:\/\/universnews224.com\/wp-content\/uploads\/2023\/08\/A11BEEFE-9A65-4477-8708-B9B6AB56806A.jpeg","type":"image\/jpeg"}],"author":"La R\u00e9daction","twitter_misc":{"\u00c9crit par":"La R\u00e9daction","Dur\u00e9e de lecture estim\u00e9e":"7 minutes"},"schema":{"@context":"https:\/\/schema.org","@graph":[{"@type":"Article","@id":"https:\/\/universnews224.com\/index.php\/alport-conakry-le-pdg-du-groupe-albayrak-est-a-conakry-plusieurs-rencontres-prevues-avec-les-autorites-guineennes\/#article","isPartOf":{"@id":"https:\/\/universnews224.com\/index.php\/alport-conakry-le-pdg-du-groupe-albayrak-est-a-conakry-plusieurs-rencontres-prevues-avec-les-autorites-guineennes\/"},"author":{"name":"La R\u00e9daction","@id":"https:\/\/universnews224.com\/#\/schema\/person\/a4b7d4f94a4716df60456a491260485e"},"headline":"Alport-Conakry: le PDG du groupe Albayrak est \u00e0 Conakry, plusieurs rencontres pr\u00e9vues avec les autorit\u00e9s guin\u00e9ennes.","datePublished":"2023-08-25T19:36:58+00:00","dateModified":"2023-08-25T19:36:58+00:00","mainEntityOfPage":{"@id":"https:\/\/universnews224.com\/index.php\/alport-conakry-le-pdg-du-groupe-albayrak-est-a-conakry-plusieurs-rencontres-prevues-avec-les-autorites-guineennes\/"},"wordCount":1184,"publisher":{"@id":"https:\/\/universnews224.com\/#organization"},"keywords":["La une"],"articleSection":["ACTU","SOCI\u00c9T\u00c9"],"inLanguage":"fr-FR"},{"@type":"WebPage","@id":"https:\/\/universnews224.com\/index.php\/alport-conakry-le-pdg-du-groupe-albayrak-est-a-conakry-plusieurs-rencontres-prevues-avec-les-autorites-guineennes\/","url":"https:\/\/universnews224.com\/index.php\/alport-conakry-le-pdg-du-groupe-albayrak-est-a-conakry-plusieurs-rencontres-prevues-avec-les-autorites-guineennes\/","name":"Alport-Conakry: le PDG du groupe Albayrak est \u00e0 Conakry, plusieurs rencontres pr\u00e9vues avec les autorit\u00e9s guin\u00e9ennes. - UNIVERSNEWS224","isPartOf":{"@id":"https:\/\/universnews224.com\/#website"},"datePublished":"2023-08-25T19:36:58+00:00","dateModified":"2023-08-25T19:36:58+00:00","inLanguage":"fr-FR","potentialAction":[{"@type":"ReadAction","target":["https:\/\/universnews224.com\/index.php\/alport-conakry-le-pdg-du-groupe-albayrak-est-a-conakry-plusieurs-rencontres-prevues-avec-les-autorites-guineennes\/"]}]},{"@type":"WebSite","@id":"https:\/\/universnews224.com\/#website","url":"https:\/\/universnews224.com\/","name":"UNIVERSNEWS224","description":"","publisher":{"@id":"https:\/\/universnews224.com\/#organization"},"potentialAction":[{"@type":"SearchAction","target":{"@type":"EntryPoint","urlTemplate":"https:\/\/universnews224.com\/?s={search_term_string}"},"query-input":"required name=search_term_string"}],"inLanguage":"fr-FR"},{"@type":"Organization","@id":"https:\/\/universnews224.com\/#organization","name":"UNIVERSNEWS224","url":"https:\/\/universnews224.com\/","logo":{"@type":"ImageObject","inLanguage":"fr-FR","@id":"https:\/\/universnews224.com\/#\/schema\/logo\/image\/","url":"https:\/\/universnews224.com\/wp-content\/uploads\/2022\/08\/cropped-cropped-logoban.jpg","contentUrl":"https:\/\/universnews224.com\/wp-content\/uploads\/2022\/08\/cropped-cropped-logoban.jpg","width":1080,"height":138,"caption":"UNIVERSNEWS224"},"image":{"@id":"https:\/\/universnews224.com\/#\/schema\/logo\/image\/"}},{"@type":"Person","@id":"https:\/\/universnews224.com\/#\/schema\/person\/a4b7d4f94a4716df60456a491260485e","name":"La R\u00e9daction","image":{"@type":"ImageObject","inLanguage":"fr-FR","@id":"https:\/\/universnews224.com\/#\/schema\/person\/image\/","url":"https:\/\/secure.gravatar.com\/avatar\/edb90acc7752b23e1b3307ad36c14f0d?s=96&d=mm&r=g","contentUrl":"https:\/\/secure.gravatar.com\/avatar\/edb90acc7752b23e1b3307ad36c14f0d?s=96&d=mm&r=g","caption":"La R\u00e9daction"},"sameAs":["https:\/\/universnews224.com"],"url":"https:\/\/universnews224.com\/index.php\/author\/m-camara\/"}]}},"_links":{"self":[{"href":"https:\/\/universnews224.com\/index.php\/wp-json\/wp\/v2\/posts\/4173"}],"collection":[{"href":"https:\/\/universnews224.com\/index.php\/wp-json\/wp\/v2\/posts"}],"about":[{"href":"https:\/\/universnews224.com\/index.php\/wp-json\/wp\/v2\/types\/post"}],"author":[{"embeddable":true,"href":"https:\/\/universnews224.com\/index.php\/wp-json\/wp\/v2\/users\/2"}],"replies":[{"embeddable":true,"href":"https:\/\/universnews224.com\/index.php\/wp-json\/wp\/v2\/comments?post=4173"}],"version-history":[{"count":1,"href":"https:\/\/universnews224.com\/index.php\/wp-json\/wp\/v2\/posts\/4173\/revisions"}],"predecessor-version":[{"id":4181,"href":"https:\/\/universnews224.com\/index.php\/wp-json\/wp\/v2\/posts\/4173\/revisions\/4181"}],"wp:featuredmedia":[{"embeddable":true,"href":"https:\/\/universnews224.com\/index.php\/wp-json\/wp\/v2\/media\/4180"}],"wp:attachment":[{"href":"https:\/\/universnews224.com\/index.php\/wp-json\/wp\/v2\/media?parent=4173"}],"wp:term":[{"taxonomy":"category","embeddable":true,"href":"https:\/\/universnews224.com\/index.php\/wp-json\/wp\/v2\/categories?post=4173"},{"taxonomy":"post_tag","embeddable":true,"href":"https:\/\/universnews224.com\/index.php\/wp-json\/wp\/v2\/tags?post=4173"}],"curies":[{"name":"wp","href":"https:\/\/api.w.org\/{rel}","templated":true}]}}