{"id":4187,"date":"2023-08-27T22:04:34","date_gmt":"2023-08-27T21:04:34","guid":{"rendered":"https:\/\/universnews224.com\/?p=4187"},"modified":"2023-08-27T22:04:34","modified_gmt":"2023-08-27T21:04:34","slug":"guinee-les-forces-vives-annoncent-une-marche-le-05-septembre-2023","status":"publish","type":"post","link":"https:\/\/universnews224.com\/index.php\/guinee-les-forces-vives-annoncent-une-marche-le-05-septembre-2023\/","title":{"rendered":"Guin\u00e9e: les Forces Vives annoncent une marche le 05 septembre 2023"},"content":{"rendered":"<p>Apr\u00e8s deux (2) ans d\u2019exercice du pouvoir par la junte militaire guin\u00e9enne, la rupture avec le peuple de Guin\u00e9e est compl\u00e8tement consomm\u00e9e tant les engagements pris solennellement par le Pr\u00e9sident du CNRD, le Colonel Mamadi Doumbouya, ont \u00e9t\u00e9 trahis et la transition, d\u00e9voy\u00e9e de ses objectifs ultimes : faire de la justice la boussole de l\u2019action publique et diligenter le retour \u00e0 l\u2019ordre constitutionnel par l\u2019organisation d\u2019\u00e9lections transparentes, libres et inclusives.<\/p>\n<p>Les Forces Vives de Guin\u00e9e constatent qu\u2019\u00e0 date aucune action concourant au retour \u00e0 l\u2019ordre constitutionnel n\u2019a \u00e9t\u00e9 r\u00e9alis\u00e9e. Il n\u2019existe pas encore de projet de Constitution, ni de Code \u00e9lectoral, ni d\u2019Organe de gestion des \u00e9lections, ni d\u2019operateur technique, ni de Fichier \u00e9lectoral, ni de budget r\u00e9aliste des \u00e9lections.<\/p>\n<p>La junte est plus pr\u00e9occup\u00e9e \u00e0 lancer et inaugurer des c antiers et \u00e0 s\u00e9vir contre les acteurs socio- politiques qui d\u00e9noncent ses d\u00e9rives qu\u2019\u00e0 pr\u00e9parer les \u00e9lections.<\/p>\n<p>Au m\u00eame moment, le climat politique et social se d\u00e9grade sous l\u2019effet de l\u2019aggravation de la pauvret\u00e9\u00a0 de la population et de l\u2019enric issement effr\u00e9n\u00e9\u00a0 de la classe dirigeante.<\/p>\n<p>Les concertations initi\u00e9es de bonne foi par les Chefs religieux visant \u00e0 aplanir les divergences entre la junte et les Forces Vives de Guin\u00e9e par l\u2019ouverture d\u2019un dialogue mettant en pr\u00e9sence ces deux parties sous la Pr\u00e9sidence de la CEDEAO pour discuter des modalit\u00e9s du retour \u00e0 l\u2019ordre constitutionnel, se sont sold\u00e9es par un \u00e9c ec faute de volont\u00e9 manifeste du CNRD qui multiplie les man\u0153uvres dilatoires.<\/p>\n<p>Les Forces Vives de Guin\u00e9e saluent le soutien du peuple de Guin\u00e9e \u00e0 ses initiatives pour le retour \u00e0 l\u2019ordre constitutionnel et les informe qu\u2019en l\u2019absence de tout dialogue cr\u00e9dible et\u00a0 en raison de la gestion unilat\u00e9rale et autoritaire de la transition qui traduit une volont\u00e9 manifeste de confiscation du pouvoir par le CNRD, la mobilisation citoyenne reste la seule option envisageable pour contraindre la junte militaire au respect de ses propres engagements et sauver la Guin\u00e9e du c aos et de l\u2019instabilit\u00e9 qui la guettent.<\/p>\n<p>Les Forces Vives de Guin\u00e9e invitent par cons\u00e9quent le peuple de Guin\u00e9e \u00e0 participer massivement \u00e0 la marche pacifique et citoyenne qu\u2019elles organisent le 5 septembre 2023 \u00e0 Conakry, pour exiger la rectification de la transition en vue d\u2019un retour diligent, consensuel et paisible \u00e0 l\u2019ordre constitutionnel en Guin\u00e9e.<\/p>\n<p>Dans la perspective de l\u2019organisation de cette marche pacifique, les Forces Vives adresseront des lettres d\u2019informations aux autorit\u00e9s des communes travers\u00e9es, conform\u00e9ment \u00e0 la r\u00e9glementation en vigueur en R\u00e9publique de Guin\u00e9e, dans lesquelles elles indiqueront l\u2019itin\u00e9raire de la marche et les dispositions pratiques \u00e0 prendre par les autorit\u00e9s pour sa r\u00e9ussite.<\/p>\n<p><strong>Vive le retour rapide \u00e0 l\u2019ordre constitutionnel !<\/strong><br \/>\n<strong>Ensemble, Unis et Solidaires, nous vaincrons !<\/strong><\/p>\n<p class=\"has-text-align-right\"><strong>Conakry, le 27 ao\u00fbt 2023<\/strong><\/p>\n<div class=\"jeg_ad jeg_ad_article jnews_content_inline_3_ads  \">\n<div class=\"ads-wrapper align-center \"><\/div>\n<\/div>\n<p class=\"has-text-align-right\"><strong>Les forces vives de Guin\u00e9e<\/strong><\/p>\n","protected":false},"excerpt":{"rendered":"<p>Apr\u00e8s deux (2) ans d\u2019exercice du pouvoir par la junte militaire guin\u00e9enne, la rupture avec<\/p>\n","protected":false},"author":2,"featured_media":3230,"comment_status":"closed","ping_status":"open","sticky":false,"template":"","format":"standard","meta":[],"categories":[3,4],"tags":[229],"yoast_head":"<!-- This site is optimized with the Yoast SEO plugin v19.13 - https:\/\/yoast.com\/wordpress\/plugins\/seo\/ -->\n<title>Guin\u00e9e: les Forces Vives annoncent une marche le 05 septembre 2023 - UNIVERSNEWS224<\/title>\n<meta name=\"robots\" content=\"index, follow, max-snippet:-1, max-image-preview:large, max-video-preview:-1\" \/>\n<link rel=\"canonical\" href=\"https:\/\/universnews224.com\/index.php\/guinee-les-forces-vives-annoncent-une-marche-le-05-septembre-2023\/\" \/>\n<meta property=\"og:locale\" content=\"fr_FR\" \/>\n<meta property=\"og:type\" content=\"article\" \/>\n<meta property=\"og:title\" content=\"Guin\u00e9e: les Forces Vives annoncent une marche le 05 septembre 2023 - UNIVERSNEWS224\" \/>\n<meta property=\"og:description\" content=\"Apr\u00e8s deux (2) ans d\u2019exercice du pouvoir par la junte militaire guin\u00e9enne, la rupture avec\" \/>\n<meta property=\"og:url\" content=\"https:\/\/universnews224.com\/index.php\/guinee-les-forces-vives-annoncent-une-marche-le-05-septembre-2023\/\" \/>\n<meta property=\"og:site_name\" content=\"UNIVERSNEWS224\" \/>\n<meta property=\"article:published_time\" content=\"2023-08-27T21:04:34+00:00\" \/>\n<meta property=\"og:image\" content=\"https:\/\/universnews224.com\/wp-content\/uploads\/2023\/03\/D32CAA31-E82C-4E29-87C7-9B9348334C83.jpeg\" \/>\n\t<meta property=\"og:image:width\" content=\"700\" \/>\n\t<meta property=\"og:image:height\" content=\"372\" \/>\n\t<meta property=\"og:image:type\" content=\"image\/jpeg\" \/>\n<meta name=\"author\" content=\"La R\u00e9daction\" \/>\n<meta name=\"twitter:label1\" content=\"\u00c9crit par\" \/>\n\t<meta name=\"twitter:data1\" content=\"La R\u00e9daction\" \/>\n\t<meta name=\"twitter:label2\" content=\"Dur\u00e9e de lecture estim\u00e9e\" \/>\n\t<meta name=\"twitter:data2\" content=\"3 minutes\" \/>\n<script type=\"application\/ld+json\" class=\"yoast-schema-graph\">{\"@context\":\"https:\/\/schema.org\",\"@graph\":[{\"@type\":\"Article\",\"@id\":\"https:\/\/universnews224.com\/index.php\/guinee-les-forces-vives-annoncent-une-marche-le-05-septembre-2023\/#article\",\"isPartOf\":{\"@id\":\"https:\/\/universnews224.com\/index.php\/guinee-les-forces-vives-annoncent-une-marche-le-05-septembre-2023\/\"},\"author\":{\"name\":\"La R\u00e9daction\",\"@id\":\"https:\/\/universnews224.com\/#\/schema\/person\/a4b7d4f94a4716df60456a491260485e\"},\"headline\":\"Guin\u00e9e: les Forces Vives annoncent une marche le 05 septembre 2023\",\"datePublished\":\"2023-08-27T21:04:34+00:00\",\"dateModified\":\"2023-08-27T21:04:34+00:00\",\"mainEntityOfPage\":{\"@id\":\"https:\/\/universnews224.com\/index.php\/guinee-les-forces-vives-annoncent-une-marche-le-05-septembre-2023\/\"},\"wordCount\":518,\"publisher\":{\"@id\":\"https:\/\/universnews224.com\/#organization\"},\"keywords\":[\"La une\"],\"articleSection\":[\"ACTU\",\"POLITIQUE\"],\"inLanguage\":\"fr-FR\"},{\"@type\":\"WebPage\",\"@id\":\"https:\/\/universnews224.com\/index.php\/guinee-les-forces-vives-annoncent-une-marche-le-05-septembre-2023\/\",\"url\":\"https:\/\/universnews224.com\/index.php\/guinee-les-forces-vives-annoncent-une-marche-le-05-septembre-2023\/\",\"name\":\"Guin\u00e9e: les Forces Vives annoncent une marche le 05 septembre 2023 - UNIVERSNEWS224\",\"isPartOf\":{\"@id\":\"https:\/\/universnews224.com\/#website\"},\"datePublished\":\"2023-08-27T21:04:34+00:00\",\"dateModified\":\"2023-08-27T21:04:34+00:00\",\"inLanguage\":\"fr-FR\",\"potentialAction\":[{\"@type\":\"ReadAction\",\"target\":[\"https:\/\/universnews224.com\/index.php\/guinee-les-forces-vives-annoncent-une-marche-le-05-septembre-2023\/\"]}]},{\"@type\":\"WebSite\",\"@id\":\"https:\/\/universnews224.com\/#website\",\"url\":\"https:\/\/universnews224.com\/\",\"name\":\"UNIVERSNEWS224\",\"description\":\"\",\"publisher\":{\"@id\":\"https:\/\/universnews224.com\/#organization\"},\"potentialAction\":[{\"@type\":\"SearchAction\",\"target\":{\"@type\":\"EntryPoint\",\"urlTemplate\":\"https:\/\/universnews224.com\/?s={search_term_string}\"},\"query-input\":\"required name=search_term_string\"}],\"inLanguage\":\"fr-FR\"},{\"@type\":\"Organization\",\"@id\":\"https:\/\/universnews224.com\/#organization\",\"name\":\"UNIVERSNEWS224\",\"url\":\"https:\/\/universnews224.com\/\",\"logo\":{\"@type\":\"ImageObject\",\"inLanguage\":\"fr-FR\",\"@id\":\"https:\/\/universnews224.com\/#\/schema\/logo\/image\/\",\"url\":\"https:\/\/universnews224.com\/wp-content\/uploads\/2022\/08\/cropped-cropped-logoban.jpg\",\"contentUrl\":\"https:\/\/universnews224.com\/wp-content\/uploads\/2022\/08\/cropped-cropped-logoban.jpg\",\"width\":1080,\"height\":138,\"caption\":\"UNIVERSNEWS224\"},\"image\":{\"@id\":\"https:\/\/universnews224.com\/#\/schema\/logo\/image\/\"}},{\"@type\":\"Person\",\"@id\":\"https:\/\/universnews224.com\/#\/schema\/person\/a4b7d4f94a4716df60456a491260485e\",\"name\":\"La R\u00e9daction\",\"image\":{\"@type\":\"ImageObject\",\"inLanguage\":\"fr-FR\",\"@id\":\"https:\/\/universnews224.com\/#\/schema\/person\/image\/\",\"url\":\"https:\/\/secure.gravatar.com\/avatar\/edb90acc7752b23e1b3307ad36c14f0d?s=96&d=mm&r=g\",\"contentUrl\":\"https:\/\/secure.gravatar.com\/avatar\/edb90acc7752b23e1b3307ad36c14f0d?s=96&d=mm&r=g\",\"caption\":\"La R\u00e9daction\"},\"sameAs\":[\"https:\/\/universnews224.com\"],\"url\":\"https:\/\/universnews224.com\/index.php\/author\/m-camara\/\"}]}<\/script>\n<!-- \/ Yoast SEO plugin. -->","yoast_head_json":{"title":"Guin\u00e9e: les Forces Vives annoncent une marche le 05 septembre 2023 - UNIVERSNEWS224","robots":{"index":"index","follow":"follow","max-snippet":"max-snippet:-1","max-image-preview":"max-image-preview:large","max-video-preview":"max-video-preview:-1"},"canonical":"https:\/\/universnews224.com\/index.php\/guinee-les-forces-vives-annoncent-une-marche-le-05-septembre-2023\/","og_locale":"fr_FR","og_type":"article","og_title":"Guin\u00e9e: les Forces Vives annoncent une marche le 05 septembre 2023 - UNIVERSNEWS224","og_description":"Apr\u00e8s deux (2) ans d\u2019exercice du pouvoir par la junte militaire guin\u00e9enne, la rupture avec","og_url":"https:\/\/universnews224.com\/index.php\/guinee-les-forces-vives-annoncent-une-marche-le-05-septembre-2023\/","og_site_name":"UNIVERSNEWS224","article_published_time":"2023-08-27T21:04:34+00:00","og_image":[{"width":700,"height":372,"url":"https:\/\/universnews224.com\/wp-content\/uploads\/2023\/03\/D32CAA31-E82C-4E29-87C7-9B9348334C83.jpeg","type":"image\/jpeg"}],"author":"La R\u00e9daction","twitter_misc":{"\u00c9crit par":"La R\u00e9daction","Dur\u00e9e de lecture estim\u00e9e":"3 minutes"},"schema":{"@context":"https:\/\/schema.org","@graph":[{"@type":"Article","@id":"https:\/\/universnews224.com\/index.php\/guinee-les-forces-vives-annoncent-une-marche-le-05-septembre-2023\/#article","isPartOf":{"@id":"https:\/\/universnews224.com\/index.php\/guinee-les-forces-vives-annoncent-une-marche-le-05-septembre-2023\/"},"author":{"name":"La R\u00e9daction","@id":"https:\/\/universnews224.com\/#\/schema\/person\/a4b7d4f94a4716df60456a491260485e"},"headline":"Guin\u00e9e: les Forces Vives annoncent une marche le 05 septembre 2023","datePublished":"2023-08-27T21:04:34+00:00","dateModified":"2023-08-27T21:04:34+00:00","mainEntityOfPage":{"@id":"https:\/\/universnews224.com\/index.php\/guinee-les-forces-vives-annoncent-une-marche-le-05-septembre-2023\/"},"wordCount":518,"publisher":{"@id":"https:\/\/universnews224.com\/#organization"},"keywords":["La une"],"articleSection":["ACTU","POLITIQUE"],"inLanguage":"fr-FR"},{"@type":"WebPage","@id":"https:\/\/universnews224.com\/index.php\/guinee-les-forces-vives-annoncent-une-marche-le-05-septembre-2023\/","url":"https:\/\/universnews224.com\/index.php\/guinee-les-forces-vives-annoncent-une-marche-le-05-septembre-2023\/","name":"Guin\u00e9e: les Forces Vives annoncent une marche le 05 septembre 2023 - UNIVERSNEWS224","isPartOf":{"@id":"https:\/\/universnews224.com\/#website"},"datePublished":"2023-08-27T21:04:34+00:00","dateModified":"2023-08-27T21:04:34+00:00","inLanguage":"fr-FR","potentialAction":[{"@type":"ReadAction","target":["https:\/\/universnews224.com\/index.php\/guinee-les-forces-vives-annoncent-une-marche-le-05-septembre-2023\/"]}]},{"@type":"WebSite","@id":"https:\/\/universnews224.com\/#website","url":"https:\/\/universnews224.com\/","name":"UNIVERSNEWS224","description":"","publisher":{"@id":"https:\/\/universnews224.com\/#organization"},"potentialAction":[{"@type":"SearchAction","target":{"@type":"EntryPoint","urlTemplate":"https:\/\/universnews224.com\/?s={search_term_string}"},"query-input":"required name=search_term_string"}],"inLanguage":"fr-FR"},{"@type":"Organization","@id":"https:\/\/universnews224.com\/#organization","name":"UNIVERSNEWS224","url":"https:\/\/universnews224.com\/","logo":{"@type":"ImageObject","inLanguage":"fr-FR","@id":"https:\/\/universnews224.com\/#\/schema\/logo\/image\/","url":"https:\/\/universnews224.com\/wp-content\/uploads\/2022\/08\/cropped-cropped-logoban.jpg","contentUrl":"https:\/\/universnews224.com\/wp-content\/uploads\/2022\/08\/cropped-cropped-logoban.jpg","width":1080,"height":138,"caption":"UNIVERSNEWS224"},"image":{"@id":"https:\/\/universnews224.com\/#\/schema\/logo\/image\/"}},{"@type":"Person","@id":"https:\/\/universnews224.com\/#\/schema\/person\/a4b7d4f94a4716df60456a491260485e","name":"La R\u00e9daction","image":{"@type":"ImageObject","inLanguage":"fr-FR","@id":"https:\/\/universnews224.com\/#\/schema\/person\/image\/","url":"https:\/\/secure.gravatar.com\/avatar\/edb90acc7752b23e1b3307ad36c14f0d?s=96&d=mm&r=g","contentUrl":"https:\/\/secure.gravatar.com\/avatar\/edb90acc7752b23e1b3307ad36c14f0d?s=96&d=mm&r=g","caption":"La R\u00e9daction"},"sameAs":["https:\/\/universnews224.com"],"url":"https:\/\/universnews224.com\/index.php\/author\/m-camara\/"}]}},"_links":{"self":[{"href":"https:\/\/universnews224.com\/index.php\/wp-json\/wp\/v2\/posts\/4187"}],"collection":[{"href":"https:\/\/universnews224.com\/index.php\/wp-json\/wp\/v2\/posts"}],"about":[{"href":"https:\/\/universnews224.com\/index.php\/wp-json\/wp\/v2\/types\/post"}],"author":[{"embeddable":true,"href":"https:\/\/universnews224.com\/index.php\/wp-json\/wp\/v2\/users\/2"}],"replies":[{"embeddable":true,"href":"https:\/\/universnews224.com\/index.php\/wp-json\/wp\/v2\/comments?post=4187"}],"version-history":[{"count":1,"href":"https:\/\/universnews224.com\/index.php\/wp-json\/wp\/v2\/posts\/4187\/revisions"}],"predecessor-version":[{"id":4188,"href":"https:\/\/universnews224.com\/index.php\/wp-json\/wp\/v2\/posts\/4187\/revisions\/4188"}],"wp:featuredmedia":[{"embeddable":true,"href":"https:\/\/universnews224.com\/index.php\/wp-json\/wp\/v2\/media\/3230"}],"wp:attachment":[{"href":"https:\/\/universnews224.com\/index.php\/wp-json\/wp\/v2\/media?parent=4187"}],"wp:term":[{"taxonomy":"category","embeddable":true,"href":"https:\/\/universnews224.com\/index.php\/wp-json\/wp\/v2\/categories?post=4187"},{"taxonomy":"post_tag","embeddable":true,"href":"https:\/\/universnews224.com\/index.php\/wp-json\/wp\/v2\/tags?post=4187"}],"curies":[{"name":"wp","href":"https:\/\/api.w.org\/{rel}","templated":true}]}}