{"id":4190,"date":"2023-08-28T21:00:49","date_gmt":"2023-08-28T20:00:49","guid":{"rendered":"https:\/\/universnews224.com\/?p=4190"},"modified":"2023-08-28T21:00:49","modified_gmt":"2023-08-28T20:00:49","slug":"guinee-le-cnt-adopte-le-document-de-program","status":"publish","type":"post","link":"https:\/\/universnews224.com\/index.php\/guinee-le-cnt-adopte-le-document-de-program\/","title":{"rendered":"Guin\u00e9e: le CNT adopte le document de program"},"content":{"rendered":"<p class=\"p2\"><span class=\"s1\">Les conseillers nationaux, r\u00e9unis en pl\u00e9ni\u00e8re ce lundi, 28 ao\u00fbt 2023 \u00e0 l\u2019h\u00e9micycle du palais du peuple, ont proc\u00e9d\u00e9 \u00e0 l\u2019examen et l\u2019adoption du \u201cdocument de programmation budg\u00e9taire pluriannuelle 2024-2026\u201d plus d\u2019une semaine apr\u00e8s sa pr\u00e9sentation par le gouvernement. <\/span><\/p>\n<p class=\"p2\"><span class=\"s1\">Selon rapport de la Commission du Plan, des Affaires Financi\u00e8res et du Contr\u00f4le Budg\u00e9taire, en d\u00e9pit du conflit russo-ukrainien et la r\u00e9surgence de la pand\u00e9mie de Covid-19 en Chine qui ont fortement pes\u00e9 sur l\u2019activit\u00e9 \u00e9conomique mondiale en 2022, les perspectives macro\u00e9conomiques de la Guin\u00e9e ont \u00e9t\u00e9 tir\u00e9es vers le haut par : la prise de mesures pour la stabilisation du cadre macro\u00e9conomique afin de renforcer la r\u00e9silience du pays ; la mise en \u0153uvre du Programme de R\u00e9f\u00e9rence Int\u00e9rimaire (PRI) 2022-2025 ; la mise en \u0153uvre du Plan de Relance Economique (PRE) 2022-2024 ; l\u2019am\u00e9lioration du climat des affaires ; et<\/span><\/p>\n<p class=\"p2\"><span class=\"s1\">les r\u00e9formes engag\u00e9es dans le secteur minier.<\/span><\/p>\n<p class=\"p2\"><span class=\"s1\">Ainsi, pr\u00e9cise le rapport, les principales hypoth\u00e8ses retenues dans le cadrage budg\u00e9taire de la p\u00e9riode soumis \u00e0 l\u2019appr\u00e9ciation des conseillers nationaux se r\u00e9sument comme suit :<\/span><\/p>\n<p class=\"p2\"><span class=\"s1\">\u201cR\u00e9aliser un taux de croissance du PIB de 5,8% en 2024 ; 6,2% en 2025 et 7,4% en 2026; Ramener le taux d\u2019inflation (en moyenne annuelle) \u00e0 5,9% en 2024 ; 7,1% en 2025 et 6,0% en 2026 ; Atteindre un taux de pression fiscale de 12,2% en 2024, 12,5% en 2025 et 13% en 2026 ; Stabiliser le taux de change \u00e0 8 805,7 GNF pour 1 Dollar en 2024 ; 8 881,8 en 2025 et 8 899,9 en 2026\u201d, a t-il indiqu\u00e9. <\/span><\/p>\n<p class=\"p2\"><span class=\"s1\">Poursuivant, le m\u00eame rapport indique que, la base de ces hypoth\u00e8ses macro\u00e9conomiques, les projections budg\u00e9taires en recettes et en d\u00e9penses de la p\u00e9riode se pr\u00e9sentent ainsi qu\u2019il suit :<\/span><\/p>\n<p class=\"p2\"><span class=\"s1\">\u201cVOLET RECETTES : Elles sont projet\u00e9es \u00e0 108 131,81 Mds de GNF sur la p\u00e9riode 2024- 2026 et augmenteraient en moyenne de 11,75%. Ces recettes sont constitu\u00e9es de recettes fiscales pour 98 651,81 Mds, de dons, legs et fonds de concours pour 3 616,56 Mds et des autres recettes pour 5 863,44 Mds. <\/span><\/p>\n<p class=\"p2\"><span class=\"s1\">Les recettes \u00e0 mobiliser en 2024 devraient cro\u00eetre de 13,82% par rapport au PLFR 2023. Pour les ann\u00e9es 2025 et 2026, les taux de progression seraient respectivement de 9,52% et de 14,93%. Les r\u00e9gies de recettes devraient mobiliser sur la p\u00e9riode 104 515,26 Mds GNF dont 31 160,78 Mds (29,81%) en 2024, 34 128,70 Mds (32,65%) en 2025 et 39 225,78 Mds (37,53%) en 2026, a t-il not\u00e9. <\/span><\/p>\n<p class=\"p2\"><span class=\"s1\">Pour l\u2019atteinte de ces objectifs de mobilisation indique le rapport, la Direction G\u00e9n\u00e9rale des Imp\u00f4ts contribuerait \u00e0 hauteur de 56,45%, la Direction G\u00e9n\u00e9rale des Douanes participerait \u00e0 hauteur de 35,13% et la Direction G\u00e9n\u00e9rale du Tr\u00e9sor et de la Comptabilit\u00e9 Publique apporterait 8,42%.<\/span><\/p>\n<p class=\"p2\"><span class=\"s1\">Quant au volet<span class=\"Apple-converted-space\">\u00a0 <\/span>d\u00e9penses, le rapport indique qu\u2019elles sont \u00e9valu\u00e9es \u00e0 132 604,59 Mds de GNF sur la p\u00e9riode, soit une \u00e9volution moyenne de 10,56%. Elles se d\u00e9composent en budget g\u00e9n\u00e9ral pour 128 502,94 Mds (96,91%) et en Budget d\u2019Affectation Sp\u00e9ciale (BAS) pour 4 101,65 Mds (3,09%).<\/span><\/p>\n<p class=\"p2\"><span class=\"s1\">\u00c0 ce qui concerne les d\u00e9penses du budget g\u00e9n\u00e9ral, elles se r\u00e9partissent sur la p\u00e9riode en d\u00e9penses courantes pour 73 618,20 Mds (57,29%) et en d\u00e9penses d\u2019investissement pour 54 884,74 Mds (42,71%).<\/span><\/p>\n<p class=\"p2\"><span class=\"s1\">\u201cCes d\u00e9penses sont compos\u00e9es de d\u00e9penses courantes et de d\u00e9penses d\u2019investissement comme suit :<\/span><\/p>\n<p class=\"p2\"><span class=\"s1\">D\u00e9penses courantes :<\/span><\/p>\n<p class=\"p2\"><span class=\"s1\">\u201cElles sont \u00e9valu\u00e9es \u00e0 73 618,20 Mds de GNF dont 22 422,46 Mds en 2024, 24 287,31 Mds en 2025 et 26 908,44 Mds en 2026, soit un taux d\u2019accroissement moyen annuel de 9,55%, pour une augmentation de 7,94% en 2024 par rapport au Projet de Loi de Finances Rectificative 2023. Elles sont constitu\u00e9es de charges financi\u00e8res de la dette pour 3 735,55 Mds (5,07%), de d\u00e9penses de personnel pour 23 627,68 Mds (32,09%), de d\u00e9penses de biens et services pour 23 131,73 Mds (31,42%) et de d\u00e9penses de transfert pour 23 123,24 Mds (31,41%)\u00a0\u00bb a t-il soulign\u00e9. <\/span><\/p>\n<p class=\"p2\"><span class=\"s1\">\u00c0 ce qui concerne, les D\u00e9penses d\u2019investissement, les d\u00e9penses d\u2019investissement hors BAS projet\u00e9es pour la p\u00e9riode 2024- 2026 se chiffrent \u00e0 54 884,74 Mds dont 27 684,74 Mds (50,44%) de ressources propres et 27 200,00 Mds (49,56%) en financement ext\u00e9rieur. Elles repr\u00e9sentent 42,71% du Budget G\u00e9n\u00e9ral et sont \u00e9valu\u00e9es \u00e0 16 083,77 Mds en 2024, 17 933,21 Mds en 2025 et 20867,76 Mds en 2026, soit un taux de progression moyen de 12,43%\u00bb, a t-il indiqu\u00e9. <\/span><\/p>\n<p class=\"p2\"><span class=\"s1\">Camara Mamadouba <\/span><\/p>\n<p class=\"p2\"><span class=\"s1\">611 46 04 10 <\/span><\/p>\n","protected":false},"excerpt":{"rendered":"<p>Les conseillers nationaux, r\u00e9unis en pl\u00e9ni\u00e8re ce lundi, 28 ao\u00fbt 2023 \u00e0 l\u2019h\u00e9micycle du palais<\/p>\n","protected":false},"author":2,"featured_media":4191,"comment_status":"closed","ping_status":"open","sticky":false,"template":"","format":"standard","meta":[],"categories":[3,4],"tags":[229],"yoast_head":"<!-- This site is optimized with the Yoast SEO plugin v19.13 - https:\/\/yoast.com\/wordpress\/plugins\/seo\/ -->\n<title>Guin\u00e9e: le CNT adopte le document de program - UNIVERSNEWS224<\/title>\n<meta name=\"robots\" content=\"index, follow, max-snippet:-1, max-image-preview:large, max-video-preview:-1\" \/>\n<link rel=\"canonical\" href=\"https:\/\/universnews224.com\/index.php\/guinee-le-cnt-adopte-le-document-de-program\/\" \/>\n<meta property=\"og:locale\" content=\"fr_FR\" \/>\n<meta property=\"og:type\" content=\"article\" \/>\n<meta property=\"og:title\" content=\"Guin\u00e9e: le CNT adopte le document de program - UNIVERSNEWS224\" \/>\n<meta property=\"og:description\" content=\"Les conseillers nationaux, r\u00e9unis en pl\u00e9ni\u00e8re ce lundi, 28 ao\u00fbt 2023 \u00e0 l\u2019h\u00e9micycle du palais\" \/>\n<meta property=\"og:url\" content=\"https:\/\/universnews224.com\/index.php\/guinee-le-cnt-adopte-le-document-de-program\/\" \/>\n<meta property=\"og:site_name\" content=\"UNIVERSNEWS224\" \/>\n<meta property=\"article:published_time\" content=\"2023-08-28T20:00:49+00:00\" \/>\n<meta property=\"og:image\" content=\"https:\/\/universnews224.com\/wp-content\/uploads\/2023\/08\/179F5259-ABA9-47BD-B1DA-3A9E90FBF8D0.jpeg\" \/>\n\t<meta property=\"og:image:width\" content=\"1600\" \/>\n\t<meta property=\"og:image:height\" content=\"1066\" \/>\n\t<meta property=\"og:image:type\" content=\"image\/jpeg\" \/>\n<meta name=\"author\" content=\"La R\u00e9daction\" \/>\n<meta name=\"twitter:label1\" content=\"\u00c9crit par\" \/>\n\t<meta name=\"twitter:data1\" content=\"La R\u00e9daction\" \/>\n\t<meta name=\"twitter:label2\" content=\"Dur\u00e9e de lecture estim\u00e9e\" \/>\n\t<meta name=\"twitter:data2\" content=\"4 minutes\" \/>\n<script type=\"application\/ld+json\" class=\"yoast-schema-graph\">{\"@context\":\"https:\/\/schema.org\",\"@graph\":[{\"@type\":\"Article\",\"@id\":\"https:\/\/universnews224.com\/index.php\/guinee-le-cnt-adopte-le-document-de-program\/#article\",\"isPartOf\":{\"@id\":\"https:\/\/universnews224.com\/index.php\/guinee-le-cnt-adopte-le-document-de-program\/\"},\"author\":{\"name\":\"La R\u00e9daction\",\"@id\":\"https:\/\/universnews224.com\/#\/schema\/person\/a4b7d4f94a4716df60456a491260485e\"},\"headline\":\"Guin\u00e9e: le CNT adopte le document de program\",\"datePublished\":\"2023-08-28T20:00:49+00:00\",\"dateModified\":\"2023-08-28T20:00:49+00:00\",\"mainEntityOfPage\":{\"@id\":\"https:\/\/universnews224.com\/index.php\/guinee-le-cnt-adopte-le-document-de-program\/\"},\"wordCount\":682,\"publisher\":{\"@id\":\"https:\/\/universnews224.com\/#organization\"},\"keywords\":[\"La une\"],\"articleSection\":[\"ACTU\",\"POLITIQUE\"],\"inLanguage\":\"fr-FR\"},{\"@type\":\"WebPage\",\"@id\":\"https:\/\/universnews224.com\/index.php\/guinee-le-cnt-adopte-le-document-de-program\/\",\"url\":\"https:\/\/universnews224.com\/index.php\/guinee-le-cnt-adopte-le-document-de-program\/\",\"name\":\"Guin\u00e9e: le CNT adopte le document de program - UNIVERSNEWS224\",\"isPartOf\":{\"@id\":\"https:\/\/universnews224.com\/#website\"},\"datePublished\":\"2023-08-28T20:00:49+00:00\",\"dateModified\":\"2023-08-28T20:00:49+00:00\",\"inLanguage\":\"fr-FR\",\"potentialAction\":[{\"@type\":\"ReadAction\",\"target\":[\"https:\/\/universnews224.com\/index.php\/guinee-le-cnt-adopte-le-document-de-program\/\"]}]},{\"@type\":\"WebSite\",\"@id\":\"https:\/\/universnews224.com\/#website\",\"url\":\"https:\/\/universnews224.com\/\",\"name\":\"UNIVERSNEWS224\",\"description\":\"\",\"publisher\":{\"@id\":\"https:\/\/universnews224.com\/#organization\"},\"potentialAction\":[{\"@type\":\"SearchAction\",\"target\":{\"@type\":\"EntryPoint\",\"urlTemplate\":\"https:\/\/universnews224.com\/?s={search_term_string}\"},\"query-input\":\"required name=search_term_string\"}],\"inLanguage\":\"fr-FR\"},{\"@type\":\"Organization\",\"@id\":\"https:\/\/universnews224.com\/#organization\",\"name\":\"UNIVERSNEWS224\",\"url\":\"https:\/\/universnews224.com\/\",\"logo\":{\"@type\":\"ImageObject\",\"inLanguage\":\"fr-FR\",\"@id\":\"https:\/\/universnews224.com\/#\/schema\/logo\/image\/\",\"url\":\"https:\/\/universnews224.com\/wp-content\/uploads\/2022\/08\/cropped-cropped-logoban.jpg\",\"contentUrl\":\"https:\/\/universnews224.com\/wp-content\/uploads\/2022\/08\/cropped-cropped-logoban.jpg\",\"width\":1080,\"height\":138,\"caption\":\"UNIVERSNEWS224\"},\"image\":{\"@id\":\"https:\/\/universnews224.com\/#\/schema\/logo\/image\/\"}},{\"@type\":\"Person\",\"@id\":\"https:\/\/universnews224.com\/#\/schema\/person\/a4b7d4f94a4716df60456a491260485e\",\"name\":\"La R\u00e9daction\",\"image\":{\"@type\":\"ImageObject\",\"inLanguage\":\"fr-FR\",\"@id\":\"https:\/\/universnews224.com\/#\/schema\/person\/image\/\",\"url\":\"https:\/\/secure.gravatar.com\/avatar\/edb90acc7752b23e1b3307ad36c14f0d?s=96&d=mm&r=g\",\"contentUrl\":\"https:\/\/secure.gravatar.com\/avatar\/edb90acc7752b23e1b3307ad36c14f0d?s=96&d=mm&r=g\",\"caption\":\"La R\u00e9daction\"},\"sameAs\":[\"https:\/\/universnews224.com\"],\"url\":\"https:\/\/universnews224.com\/index.php\/author\/m-camara\/\"}]}<\/script>\n<!-- \/ Yoast SEO plugin. -->","yoast_head_json":{"title":"Guin\u00e9e: le CNT adopte le document de program - UNIVERSNEWS224","robots":{"index":"index","follow":"follow","max-snippet":"max-snippet:-1","max-image-preview":"max-image-preview:large","max-video-preview":"max-video-preview:-1"},"canonical":"https:\/\/universnews224.com\/index.php\/guinee-le-cnt-adopte-le-document-de-program\/","og_locale":"fr_FR","og_type":"article","og_title":"Guin\u00e9e: le CNT adopte le document de program - UNIVERSNEWS224","og_description":"Les conseillers nationaux, r\u00e9unis en pl\u00e9ni\u00e8re ce lundi, 28 ao\u00fbt 2023 \u00e0 l\u2019h\u00e9micycle du palais","og_url":"https:\/\/universnews224.com\/index.php\/guinee-le-cnt-adopte-le-document-de-program\/","og_site_name":"UNIVERSNEWS224","article_published_time":"2023-08-28T20:00:49+00:00","og_image":[{"width":1600,"height":1066,"url":"https:\/\/universnews224.com\/wp-content\/uploads\/2023\/08\/179F5259-ABA9-47BD-B1DA-3A9E90FBF8D0.jpeg","type":"image\/jpeg"}],"author":"La R\u00e9daction","twitter_misc":{"\u00c9crit par":"La R\u00e9daction","Dur\u00e9e de lecture estim\u00e9e":"4 minutes"},"schema":{"@context":"https:\/\/schema.org","@graph":[{"@type":"Article","@id":"https:\/\/universnews224.com\/index.php\/guinee-le-cnt-adopte-le-document-de-program\/#article","isPartOf":{"@id":"https:\/\/universnews224.com\/index.php\/guinee-le-cnt-adopte-le-document-de-program\/"},"author":{"name":"La R\u00e9daction","@id":"https:\/\/universnews224.com\/#\/schema\/person\/a4b7d4f94a4716df60456a491260485e"},"headline":"Guin\u00e9e: le CNT adopte le document de program","datePublished":"2023-08-28T20:00:49+00:00","dateModified":"2023-08-28T20:00:49+00:00","mainEntityOfPage":{"@id":"https:\/\/universnews224.com\/index.php\/guinee-le-cnt-adopte-le-document-de-program\/"},"wordCount":682,"publisher":{"@id":"https:\/\/universnews224.com\/#organization"},"keywords":["La une"],"articleSection":["ACTU","POLITIQUE"],"inLanguage":"fr-FR"},{"@type":"WebPage","@id":"https:\/\/universnews224.com\/index.php\/guinee-le-cnt-adopte-le-document-de-program\/","url":"https:\/\/universnews224.com\/index.php\/guinee-le-cnt-adopte-le-document-de-program\/","name":"Guin\u00e9e: le CNT adopte le document de program - UNIVERSNEWS224","isPartOf":{"@id":"https:\/\/universnews224.com\/#website"},"datePublished":"2023-08-28T20:00:49+00:00","dateModified":"2023-08-28T20:00:49+00:00","inLanguage":"fr-FR","potentialAction":[{"@type":"ReadAction","target":["https:\/\/universnews224.com\/index.php\/guinee-le-cnt-adopte-le-document-de-program\/"]}]},{"@type":"WebSite","@id":"https:\/\/universnews224.com\/#website","url":"https:\/\/universnews224.com\/","name":"UNIVERSNEWS224","description":"","publisher":{"@id":"https:\/\/universnews224.com\/#organization"},"potentialAction":[{"@type":"SearchAction","target":{"@type":"EntryPoint","urlTemplate":"https:\/\/universnews224.com\/?s={search_term_string}"},"query-input":"required name=search_term_string"}],"inLanguage":"fr-FR"},{"@type":"Organization","@id":"https:\/\/universnews224.com\/#organization","name":"UNIVERSNEWS224","url":"https:\/\/universnews224.com\/","logo":{"@type":"ImageObject","inLanguage":"fr-FR","@id":"https:\/\/universnews224.com\/#\/schema\/logo\/image\/","url":"https:\/\/universnews224.com\/wp-content\/uploads\/2022\/08\/cropped-cropped-logoban.jpg","contentUrl":"https:\/\/universnews224.com\/wp-content\/uploads\/2022\/08\/cropped-cropped-logoban.jpg","width":1080,"height":138,"caption":"UNIVERSNEWS224"},"image":{"@id":"https:\/\/universnews224.com\/#\/schema\/logo\/image\/"}},{"@type":"Person","@id":"https:\/\/universnews224.com\/#\/schema\/person\/a4b7d4f94a4716df60456a491260485e","name":"La R\u00e9daction","image":{"@type":"ImageObject","inLanguage":"fr-FR","@id":"https:\/\/universnews224.com\/#\/schema\/person\/image\/","url":"https:\/\/secure.gravatar.com\/avatar\/edb90acc7752b23e1b3307ad36c14f0d?s=96&d=mm&r=g","contentUrl":"https:\/\/secure.gravatar.com\/avatar\/edb90acc7752b23e1b3307ad36c14f0d?s=96&d=mm&r=g","caption":"La R\u00e9daction"},"sameAs":["https:\/\/universnews224.com"],"url":"https:\/\/universnews224.com\/index.php\/author\/m-camara\/"}]}},"_links":{"self":[{"href":"https:\/\/universnews224.com\/index.php\/wp-json\/wp\/v2\/posts\/4190"}],"collection":[{"href":"https:\/\/universnews224.com\/index.php\/wp-json\/wp\/v2\/posts"}],"about":[{"href":"https:\/\/universnews224.com\/index.php\/wp-json\/wp\/v2\/types\/post"}],"author":[{"embeddable":true,"href":"https:\/\/universnews224.com\/index.php\/wp-json\/wp\/v2\/users\/2"}],"replies":[{"embeddable":true,"href":"https:\/\/universnews224.com\/index.php\/wp-json\/wp\/v2\/comments?post=4190"}],"version-history":[{"count":1,"href":"https:\/\/universnews224.com\/index.php\/wp-json\/wp\/v2\/posts\/4190\/revisions"}],"predecessor-version":[{"id":4192,"href":"https:\/\/universnews224.com\/index.php\/wp-json\/wp\/v2\/posts\/4190\/revisions\/4192"}],"wp:featuredmedia":[{"embeddable":true,"href":"https:\/\/universnews224.com\/index.php\/wp-json\/wp\/v2\/media\/4191"}],"wp:attachment":[{"href":"https:\/\/universnews224.com\/index.php\/wp-json\/wp\/v2\/media?parent=4190"}],"wp:term":[{"taxonomy":"category","embeddable":true,"href":"https:\/\/universnews224.com\/index.php\/wp-json\/wp\/v2\/categories?post=4190"},{"taxonomy":"post_tag","embeddable":true,"href":"https:\/\/universnews224.com\/index.php\/wp-json\/wp\/v2\/tags?post=4190"}],"curies":[{"name":"wp","href":"https:\/\/api.w.org\/{rel}","templated":true}]}}