{"id":4195,"date":"2023-08-30T00:44:33","date_gmt":"2023-08-29T23:44:33","guid":{"rendered":"https:\/\/universnews224.com\/?p=4195"},"modified":"2023-08-30T00:44:33","modified_gmt":"2023-08-29T23:44:33","slug":"manif-des-forces-vives-de-guinee-le-05-septembre-cest-une-provocation-estime-bogola-haba","status":"publish","type":"post","link":"https:\/\/universnews224.com\/index.php\/manif-des-forces-vives-de-guinee-le-05-septembre-cest-une-provocation-estime-bogola-haba\/","title":{"rendered":"Manif des forces vives de Guin\u00e9e le 05 septembre: \u201cC\u2019est une provocation\u201d, estime Bogola Haba."},"content":{"rendered":"<p><span class=\"s1\">Alors que le Comit\u00e9 National pour Rassemblement pour le D\u00e9veloppement (CNRD) et ses soutiens s\u2019appr\u00eatent \u00e0 c\u00e9l\u00e9brer avec faste l\u2019an 2 de la prise du pouvoir le 05 septembre prochain, contre toute attente, les forces vives Guin\u00e9e ont appel\u00e9 une manifestation \u00e0 la m\u00eame date pour non seulement d\u00e9noncer la gestion cavali\u00e8re de la transition, mais aussi pour exiger le retour rapide \u00e0 l\u2019ordre constitutionnel. <\/span><\/p>\n<p class=\"p1\"><span class=\"s1\">Une annonce qui continue de susciter beaucoup de r\u00e9actions au sein de la classe guin\u00e9enne. Interrog\u00e9 sur cette actualit\u00e9 par notre reporter, Bogola Haba, coordinateur du FNDT estime, choisir la date anniversaire de la prise du pouvoir du CNRD pour appeler \u00e0 manifester, est une convocation de la part des forces vives. <\/span><\/p>\n<p class=\"p1\"><span class=\"s1\">\u201cPour moi, le choix de la date 05 septembre, c\u2019est une convocation, ils ne peuvent pas choisir une telle date pour dire qu\u2019ils font affronter les militaires. Je ne pense que c\u2019est rationnel, il faut les d\u00e9courager compl\u00e8tement&#8230;Les trois (3) leaders qui sont \u00e0 l\u2019\u00e9tranger et qui se disent forces vives, comme le 28 septembre 2009, ils veulent faire la m\u00eame chose. Mais, tout cela n\u2019aura pas lieu parce que le peuple de Guin\u00e9e est mature. Il n y aura plus un autre 28 septembre en Guin\u00e9e. Il faut que les guin\u00e9ens sortent de cette question de marche, on a beaucoup march\u00e9 dans ce pays, il faut qu\u2019on se mette au travail cette fois-ci\u201d, a t-il indiqu\u00e9. <\/span><\/p>\n<p class=\"p1\"><span class=\"s1\">Poursuivant, l\u2019ancien charg\u00e9 de communication de l\u2019ANAD soutient qu\u2019il est favorable aux manifestations des Pros et les anti CNRD le 05 septembre, mais uniquement dans les QG des partis politiques et sur les plateaux de t\u00e9l\u00e9vision, pas dans la rue. <\/span><\/p>\n<p class=\"p1\"><span class=\"s1\">\u201cLe 05 septembre est une date importante, les<span class=\"Apple-converted-space\">\u00a0 <\/span>guin\u00e9ens ont \u00e9t\u00e9 lib\u00e9r\u00e9s de beaucoup de choses. Nous \u00e9tions tous emprisonn\u00e9s, les fronti\u00e8res ferm\u00e9es, \u00e0 22h chacun devait rentrer chez lui, \u00e9conomiquement, le pays \u00e9tait dans une situation difficile. Donc, il est important qu\u2019il y ait de la c\u00e9l\u00e9bration apr\u00e8s deux ans pass\u00e9s \u00e0 la t\u00eate du pays. Les<span class=\"Apple-converted-space\">\u00a0 <\/span>jeunes ont r\u00e9ussi \u00e0 rajeunir l\u2019administration militaire et civile, ils ont pos\u00e9 actes sur le plan des infrastructures. Si ce jour-l\u00e0, ils peuvent se rappeler, il est important qu\u2019ils organisent des symposiums, des ateliers, des d\u00e9bats contradictoires sur le bilan du CNRD. C\u2019est est important qu\u2019il y ait d\u2019autres qui critiquent parce que tout le monde ne peut pas voir les choses de la m\u00eame mani\u00e8re. Et cela doit se faire dans les si\u00e8ges des partis politiques, mais pas dans la rue surtout. Au bien ceux qui veulent magnifier le bilan et ceux qui veulent critiquer, chacun doit rester cadrer dans les salles de r\u00e9union, sur les plateaux de t\u00e9l\u00e9vision\u201d, a t-il martel\u00e9. <\/span><\/p>\n<p class=\"p1\"><span class=\"s1\">Camara Mamadouba <\/span><\/p>\n<p class=\"p1\"><span class=\"s1\">611 46 04 10<\/span><\/p>\n<p class=\"p1\">\n","protected":false},"excerpt":{"rendered":"<p>Alors que le Comit\u00e9 National pour Rassemblement pour le D\u00e9veloppement (CNRD) et ses soutiens s\u2019appr\u00eatent<\/p>\n","protected":false},"author":2,"featured_media":4196,"comment_status":"closed","ping_status":"open","sticky":false,"template":"","format":"standard","meta":[],"categories":[3,4],"tags":[229],"yoast_head":"<!-- This site is optimized with the Yoast SEO plugin v19.13 - https:\/\/yoast.com\/wordpress\/plugins\/seo\/ -->\n<title>Manif des forces vives de Guin\u00e9e le 05 septembre: \u201cC\u2019est une provocation\u201d, estime Bogola Haba. - UNIVERSNEWS224<\/title>\n<meta name=\"robots\" content=\"index, follow, max-snippet:-1, max-image-preview:large, max-video-preview:-1\" \/>\n<link rel=\"canonical\" href=\"https:\/\/universnews224.com\/index.php\/manif-des-forces-vives-de-guinee-le-05-septembre-cest-une-provocation-estime-bogola-haba\/\" \/>\n<meta property=\"og:locale\" content=\"fr_FR\" \/>\n<meta property=\"og:type\" content=\"article\" \/>\n<meta property=\"og:title\" content=\"Manif des forces vives de Guin\u00e9e le 05 septembre: \u201cC\u2019est une provocation\u201d, estime Bogola Haba. - UNIVERSNEWS224\" \/>\n<meta property=\"og:description\" content=\"Alors que le Comit\u00e9 National pour Rassemblement pour le D\u00e9veloppement (CNRD) et ses soutiens s\u2019appr\u00eatent\" \/>\n<meta property=\"og:url\" content=\"https:\/\/universnews224.com\/index.php\/manif-des-forces-vives-de-guinee-le-05-septembre-cest-une-provocation-estime-bogola-haba\/\" \/>\n<meta property=\"og:site_name\" content=\"UNIVERSNEWS224\" \/>\n<meta property=\"article:published_time\" content=\"2023-08-29T23:44:33+00:00\" \/>\n<meta property=\"og:image\" content=\"https:\/\/universnews224.com\/wp-content\/uploads\/2023\/08\/804D9883-A8F5-47FA-AB62-FA9B6C325287.png\" \/>\n\t<meta property=\"og:image:width\" content=\"269\" \/>\n\t<meta property=\"og:image:height\" content=\"134\" \/>\n\t<meta property=\"og:image:type\" content=\"image\/png\" \/>\n<meta name=\"author\" content=\"La R\u00e9daction\" \/>\n<meta name=\"twitter:label1\" content=\"\u00c9crit par\" \/>\n\t<meta name=\"twitter:data1\" content=\"La R\u00e9daction\" \/>\n\t<meta name=\"twitter:label2\" content=\"Dur\u00e9e de lecture estim\u00e9e\" \/>\n\t<meta name=\"twitter:data2\" content=\"3 minutes\" \/>\n<script type=\"application\/ld+json\" class=\"yoast-schema-graph\">{\"@context\":\"https:\/\/schema.org\",\"@graph\":[{\"@type\":\"Article\",\"@id\":\"https:\/\/universnews224.com\/index.php\/manif-des-forces-vives-de-guinee-le-05-septembre-cest-une-provocation-estime-bogola-haba\/#article\",\"isPartOf\":{\"@id\":\"https:\/\/universnews224.com\/index.php\/manif-des-forces-vives-de-guinee-le-05-septembre-cest-une-provocation-estime-bogola-haba\/\"},\"author\":{\"name\":\"La R\u00e9daction\",\"@id\":\"https:\/\/universnews224.com\/#\/schema\/person\/a4b7d4f94a4716df60456a491260485e\"},\"headline\":\"Manif des forces vives de Guin\u00e9e le 05 septembre: \u201cC\u2019est une provocation\u201d, estime Bogola Haba.\",\"datePublished\":\"2023-08-29T23:44:33+00:00\",\"dateModified\":\"2023-08-29T23:44:33+00:00\",\"mainEntityOfPage\":{\"@id\":\"https:\/\/universnews224.com\/index.php\/manif-des-forces-vives-de-guinee-le-05-septembre-cest-une-provocation-estime-bogola-haba\/\"},\"wordCount\":502,\"publisher\":{\"@id\":\"https:\/\/universnews224.com\/#organization\"},\"keywords\":[\"La une\"],\"articleSection\":[\"ACTU\",\"POLITIQUE\"],\"inLanguage\":\"fr-FR\"},{\"@type\":\"WebPage\",\"@id\":\"https:\/\/universnews224.com\/index.php\/manif-des-forces-vives-de-guinee-le-05-septembre-cest-une-provocation-estime-bogola-haba\/\",\"url\":\"https:\/\/universnews224.com\/index.php\/manif-des-forces-vives-de-guinee-le-05-septembre-cest-une-provocation-estime-bogola-haba\/\",\"name\":\"Manif des forces vives de Guin\u00e9e le 05 septembre: \u201cC\u2019est une provocation\u201d, estime Bogola Haba. - UNIVERSNEWS224\",\"isPartOf\":{\"@id\":\"https:\/\/universnews224.com\/#website\"},\"datePublished\":\"2023-08-29T23:44:33+00:00\",\"dateModified\":\"2023-08-29T23:44:33+00:00\",\"inLanguage\":\"fr-FR\",\"potentialAction\":[{\"@type\":\"ReadAction\",\"target\":[\"https:\/\/universnews224.com\/index.php\/manif-des-forces-vives-de-guinee-le-05-septembre-cest-une-provocation-estime-bogola-haba\/\"]}]},{\"@type\":\"WebSite\",\"@id\":\"https:\/\/universnews224.com\/#website\",\"url\":\"https:\/\/universnews224.com\/\",\"name\":\"UNIVERSNEWS224\",\"description\":\"\",\"publisher\":{\"@id\":\"https:\/\/universnews224.com\/#organization\"},\"potentialAction\":[{\"@type\":\"SearchAction\",\"target\":{\"@type\":\"EntryPoint\",\"urlTemplate\":\"https:\/\/universnews224.com\/?s={search_term_string}\"},\"query-input\":\"required name=search_term_string\"}],\"inLanguage\":\"fr-FR\"},{\"@type\":\"Organization\",\"@id\":\"https:\/\/universnews224.com\/#organization\",\"name\":\"UNIVERSNEWS224\",\"url\":\"https:\/\/universnews224.com\/\",\"logo\":{\"@type\":\"ImageObject\",\"inLanguage\":\"fr-FR\",\"@id\":\"https:\/\/universnews224.com\/#\/schema\/logo\/image\/\",\"url\":\"https:\/\/universnews224.com\/wp-content\/uploads\/2022\/08\/cropped-cropped-logoban.jpg\",\"contentUrl\":\"https:\/\/universnews224.com\/wp-content\/uploads\/2022\/08\/cropped-cropped-logoban.jpg\",\"width\":1080,\"height\":138,\"caption\":\"UNIVERSNEWS224\"},\"image\":{\"@id\":\"https:\/\/universnews224.com\/#\/schema\/logo\/image\/\"}},{\"@type\":\"Person\",\"@id\":\"https:\/\/universnews224.com\/#\/schema\/person\/a4b7d4f94a4716df60456a491260485e\",\"name\":\"La R\u00e9daction\",\"image\":{\"@type\":\"ImageObject\",\"inLanguage\":\"fr-FR\",\"@id\":\"https:\/\/universnews224.com\/#\/schema\/person\/image\/\",\"url\":\"https:\/\/secure.gravatar.com\/avatar\/edb90acc7752b23e1b3307ad36c14f0d?s=96&d=mm&r=g\",\"contentUrl\":\"https:\/\/secure.gravatar.com\/avatar\/edb90acc7752b23e1b3307ad36c14f0d?s=96&d=mm&r=g\",\"caption\":\"La R\u00e9daction\"},\"sameAs\":[\"https:\/\/universnews224.com\"],\"url\":\"https:\/\/universnews224.com\/index.php\/author\/m-camara\/\"}]}<\/script>\n<!-- \/ Yoast SEO plugin. -->","yoast_head_json":{"title":"Manif des forces vives de Guin\u00e9e le 05 septembre: \u201cC\u2019est une provocation\u201d, estime Bogola Haba. - UNIVERSNEWS224","robots":{"index":"index","follow":"follow","max-snippet":"max-snippet:-1","max-image-preview":"max-image-preview:large","max-video-preview":"max-video-preview:-1"},"canonical":"https:\/\/universnews224.com\/index.php\/manif-des-forces-vives-de-guinee-le-05-septembre-cest-une-provocation-estime-bogola-haba\/","og_locale":"fr_FR","og_type":"article","og_title":"Manif des forces vives de Guin\u00e9e le 05 septembre: \u201cC\u2019est une provocation\u201d, estime Bogola Haba. - UNIVERSNEWS224","og_description":"Alors que le Comit\u00e9 National pour Rassemblement pour le D\u00e9veloppement (CNRD) et ses soutiens s\u2019appr\u00eatent","og_url":"https:\/\/universnews224.com\/index.php\/manif-des-forces-vives-de-guinee-le-05-septembre-cest-une-provocation-estime-bogola-haba\/","og_site_name":"UNIVERSNEWS224","article_published_time":"2023-08-29T23:44:33+00:00","og_image":[{"width":269,"height":134,"url":"https:\/\/universnews224.com\/wp-content\/uploads\/2023\/08\/804D9883-A8F5-47FA-AB62-FA9B6C325287.png","type":"image\/png"}],"author":"La R\u00e9daction","twitter_misc":{"\u00c9crit par":"La R\u00e9daction","Dur\u00e9e de lecture estim\u00e9e":"3 minutes"},"schema":{"@context":"https:\/\/schema.org","@graph":[{"@type":"Article","@id":"https:\/\/universnews224.com\/index.php\/manif-des-forces-vives-de-guinee-le-05-septembre-cest-une-provocation-estime-bogola-haba\/#article","isPartOf":{"@id":"https:\/\/universnews224.com\/index.php\/manif-des-forces-vives-de-guinee-le-05-septembre-cest-une-provocation-estime-bogola-haba\/"},"author":{"name":"La R\u00e9daction","@id":"https:\/\/universnews224.com\/#\/schema\/person\/a4b7d4f94a4716df60456a491260485e"},"headline":"Manif des forces vives de Guin\u00e9e le 05 septembre: \u201cC\u2019est une provocation\u201d, estime Bogola Haba.","datePublished":"2023-08-29T23:44:33+00:00","dateModified":"2023-08-29T23:44:33+00:00","mainEntityOfPage":{"@id":"https:\/\/universnews224.com\/index.php\/manif-des-forces-vives-de-guinee-le-05-septembre-cest-une-provocation-estime-bogola-haba\/"},"wordCount":502,"publisher":{"@id":"https:\/\/universnews224.com\/#organization"},"keywords":["La une"],"articleSection":["ACTU","POLITIQUE"],"inLanguage":"fr-FR"},{"@type":"WebPage","@id":"https:\/\/universnews224.com\/index.php\/manif-des-forces-vives-de-guinee-le-05-septembre-cest-une-provocation-estime-bogola-haba\/","url":"https:\/\/universnews224.com\/index.php\/manif-des-forces-vives-de-guinee-le-05-septembre-cest-une-provocation-estime-bogola-haba\/","name":"Manif des forces vives de Guin\u00e9e le 05 septembre: \u201cC\u2019est une provocation\u201d, estime Bogola Haba. - UNIVERSNEWS224","isPartOf":{"@id":"https:\/\/universnews224.com\/#website"},"datePublished":"2023-08-29T23:44:33+00:00","dateModified":"2023-08-29T23:44:33+00:00","inLanguage":"fr-FR","potentialAction":[{"@type":"ReadAction","target":["https:\/\/universnews224.com\/index.php\/manif-des-forces-vives-de-guinee-le-05-septembre-cest-une-provocation-estime-bogola-haba\/"]}]},{"@type":"WebSite","@id":"https:\/\/universnews224.com\/#website","url":"https:\/\/universnews224.com\/","name":"UNIVERSNEWS224","description":"","publisher":{"@id":"https:\/\/universnews224.com\/#organization"},"potentialAction":[{"@type":"SearchAction","target":{"@type":"EntryPoint","urlTemplate":"https:\/\/universnews224.com\/?s={search_term_string}"},"query-input":"required name=search_term_string"}],"inLanguage":"fr-FR"},{"@type":"Organization","@id":"https:\/\/universnews224.com\/#organization","name":"UNIVERSNEWS224","url":"https:\/\/universnews224.com\/","logo":{"@type":"ImageObject","inLanguage":"fr-FR","@id":"https:\/\/universnews224.com\/#\/schema\/logo\/image\/","url":"https:\/\/universnews224.com\/wp-content\/uploads\/2022\/08\/cropped-cropped-logoban.jpg","contentUrl":"https:\/\/universnews224.com\/wp-content\/uploads\/2022\/08\/cropped-cropped-logoban.jpg","width":1080,"height":138,"caption":"UNIVERSNEWS224"},"image":{"@id":"https:\/\/universnews224.com\/#\/schema\/logo\/image\/"}},{"@type":"Person","@id":"https:\/\/universnews224.com\/#\/schema\/person\/a4b7d4f94a4716df60456a491260485e","name":"La R\u00e9daction","image":{"@type":"ImageObject","inLanguage":"fr-FR","@id":"https:\/\/universnews224.com\/#\/schema\/person\/image\/","url":"https:\/\/secure.gravatar.com\/avatar\/edb90acc7752b23e1b3307ad36c14f0d?s=96&d=mm&r=g","contentUrl":"https:\/\/secure.gravatar.com\/avatar\/edb90acc7752b23e1b3307ad36c14f0d?s=96&d=mm&r=g","caption":"La R\u00e9daction"},"sameAs":["https:\/\/universnews224.com"],"url":"https:\/\/universnews224.com\/index.php\/author\/m-camara\/"}]}},"_links":{"self":[{"href":"https:\/\/universnews224.com\/index.php\/wp-json\/wp\/v2\/posts\/4195"}],"collection":[{"href":"https:\/\/universnews224.com\/index.php\/wp-json\/wp\/v2\/posts"}],"about":[{"href":"https:\/\/universnews224.com\/index.php\/wp-json\/wp\/v2\/types\/post"}],"author":[{"embeddable":true,"href":"https:\/\/universnews224.com\/index.php\/wp-json\/wp\/v2\/users\/2"}],"replies":[{"embeddable":true,"href":"https:\/\/universnews224.com\/index.php\/wp-json\/wp\/v2\/comments?post=4195"}],"version-history":[{"count":1,"href":"https:\/\/universnews224.com\/index.php\/wp-json\/wp\/v2\/posts\/4195\/revisions"}],"predecessor-version":[{"id":4197,"href":"https:\/\/universnews224.com\/index.php\/wp-json\/wp\/v2\/posts\/4195\/revisions\/4197"}],"wp:featuredmedia":[{"embeddable":true,"href":"https:\/\/universnews224.com\/index.php\/wp-json\/wp\/v2\/media\/4196"}],"wp:attachment":[{"href":"https:\/\/universnews224.com\/index.php\/wp-json\/wp\/v2\/media?parent=4195"}],"wp:term":[{"taxonomy":"category","embeddable":true,"href":"https:\/\/universnews224.com\/index.php\/wp-json\/wp\/v2\/categories?post=4195"},{"taxonomy":"post_tag","embeddable":true,"href":"https:\/\/universnews224.com\/index.php\/wp-json\/wp\/v2\/tags?post=4195"}],"curies":[{"name":"wp","href":"https:\/\/api.w.org\/{rel}","templated":true}]}}