{"id":4308,"date":"2023-09-14T22:02:04","date_gmt":"2023-09-14T21:02:04","guid":{"rendered":"https:\/\/universnews224.com\/?p=4308"},"modified":"2023-09-14T22:02:04","modified_gmt":"2023-09-14T21:02:04","slug":"humanitaire-la-fondation-makongo-familly-charity-dresse-le-bilan-de-ses-activites-sur-le-terrain","status":"publish","type":"post","link":"https:\/\/universnews224.com\/index.php\/humanitaire-la-fondation-makongo-familly-charity-dresse-le-bilan-de-ses-activites-sur-le-terrain\/","title":{"rendered":"Humanitaire : La fondation Makongo familly Charity  dresse le bilan de ses activit\u00e9s sur le terrain"},"content":{"rendered":"<p class=\"p3\">Dans un rapport d\u2019activit\u00e9 remis \u00e0 la presse ce jeudi 14 septembre 2023, la Fondation Humanitaire Makongo familly Charity (MAFAC) a fait le bilan d\u2019un an d\u2019activit\u00e9s r\u00e9alis\u00e9es 2022-2023, dans le cadre de l\u2019am\u00e9lioration des conditions de vie des personnes vuln\u00e9rables, scolaris\u00e9 et communautaires gr\u00e2ce \u00e0 un appui technique et financier du PDG David Makongo.<a href=\"https:\/\/universnews224.com\/wp-content\/uploads\/2023\/09\/2BA7AE43-B51D-4B93-A44A-2BC161D0802D.jpeg\"><img loading=\"lazy\" class=\"alignnone size-medium wp-image-4309\" src=\"https:\/\/universnews224.com\/wp-content\/uploads\/2023\/09\/2BA7AE43-B51D-4B93-A44A-2BC161D0802D-300x225.jpeg\" alt=\"\" width=\"300\" height=\"225\" srcset=\"https:\/\/universnews224.com\/wp-content\/uploads\/2023\/09\/2BA7AE43-B51D-4B93-A44A-2BC161D0802D-300x225.jpeg 300w, https:\/\/universnews224.com\/wp-content\/uploads\/2023\/09\/2BA7AE43-B51D-4B93-A44A-2BC161D0802D-1024x768.jpeg 1024w, https:\/\/universnews224.com\/wp-content\/uploads\/2023\/09\/2BA7AE43-B51D-4B93-A44A-2BC161D0802D-768x576.jpeg 768w, https:\/\/universnews224.com\/wp-content\/uploads\/2023\/09\/2BA7AE43-B51D-4B93-A44A-2BC161D0802D-720x540.jpeg 720w, https:\/\/universnews224.com\/wp-content\/uploads\/2023\/09\/2BA7AE43-B51D-4B93-A44A-2BC161D0802D.jpeg 1032w\" sizes=\"(max-width: 300px) 100vw, 300px\" \/><\/a><\/p>\n<p class=\"p2\"><span class=\"s2\">Dans son discours de circonstance, Mme Saran Camara, directrice de la fondation MAFAC, a \u00e9num\u00e9r\u00e9 les grands domaines d\u2019intervention de la fondation<span class=\"Apple-converted-space\">\u00a0 <\/span>Makongo familly qui sont entre autres :<span class=\"Apple-converted-space\">\u00a0 <\/span>la reconstruction, des zones sinistr\u00e9es, la formation des enfants d\u00e9sh\u00e9rit\u00e9s, l\u2019assistance alimentaire, sanitaire et vestimentaire aux d\u00e9sh\u00e9rit\u00e9s, l\u2019hydraulique villageoise, la construction et la reconstruction des infrastructures sociales et scolaires, la construction des orphelinats, la r\u00e9novation des centresde sant\u00e9, et les maisonsdes jeunes<\/span><\/p>\n<p class=\"p2\"><span class=\"s2\">.<a href=\"https:\/\/universnews224.com\/wp-content\/uploads\/2023\/09\/8D0F4CA8-93D8-4D41-80D7-ECEFE7340DEB.jpeg\"><img loading=\"lazy\" class=\"alignnone size-medium wp-image-4310\" src=\"https:\/\/universnews224.com\/wp-content\/uploads\/2023\/09\/8D0F4CA8-93D8-4D41-80D7-ECEFE7340DEB-300x225.jpeg\" alt=\"\" width=\"300\" height=\"225\" srcset=\"https:\/\/universnews224.com\/wp-content\/uploads\/2023\/09\/8D0F4CA8-93D8-4D41-80D7-ECEFE7340DEB-300x225.jpeg 300w, https:\/\/universnews224.com\/wp-content\/uploads\/2023\/09\/8D0F4CA8-93D8-4D41-80D7-ECEFE7340DEB-1024x768.jpeg 1024w, https:\/\/universnews224.com\/wp-content\/uploads\/2023\/09\/8D0F4CA8-93D8-4D41-80D7-ECEFE7340DEB-768x576.jpeg 768w, https:\/\/universnews224.com\/wp-content\/uploads\/2023\/09\/8D0F4CA8-93D8-4D41-80D7-ECEFE7340DEB-720x540.jpeg 720w, https:\/\/universnews224.com\/wp-content\/uploads\/2023\/09\/8D0F4CA8-93D8-4D41-80D7-ECEFE7340DEB.jpeg 1032w\" sizes=\"(max-width: 300px) 100vw, 300px\" \/><\/a><\/span><\/p>\n<p class=\"p2\"><span class=\"s2\">\u00ab L\u2019objectif est de contribuer \u00e0 l\u2019am\u00e9lioration des conditions de vie des populations<span class=\"Apple-converted-space\">\u00a0 <\/span>dans les domaines de l\u2019\u00e9ducation et la formation, la sant\u00e9, la s\u00e9curit\u00e9 alimentaire, la cr\u00e9ation et le partage de richesses, la construction de la justice et de la paix, la prise en charge des urgences. La rencontre d\u00b4aujourd&rsquo;hui est de faire la pr\u00e9sentation du bilan de l&rsquo;exercice \u00e9coul\u00e9 (Septembre 2022- Septembre 2023) de notre fondation, ainsi que les actions projet\u00e9es pour l&rsquo;exercice 2024. Les actes qui ont \u00e9t\u00e9 pos\u00e9es jusque-l\u00e0 traduisent la volont\u00e9 de DR David MAKONGO \u00e0 contribuer et \u00e0 assister de plus en plus les collectivit\u00e9s \u00bb \u00e0 pr\u00e9cis\u00e9 Mme Camara. <\/span><\/p>\n<p class=\"p2\"><span class=\"s2\">En termes de r\u00e9alisations, Mme Camara a laiss\u00e9 entendre que sa fondation a apport\u00e9 \u00a0une assistance aux collectivit\u00e9s, les populations et les couches sociales les plus vuln\u00e9rables de notre pays. Les r\u00e9alisations de forages, entretien ou reconstruction de lieux de culte, reconstruction ou construction et \u00e9quipement des centres de sant\u00e9 et h\u00f4pitaux, appui aux orphelinats, formation et perfectionnement des cadres sont entre autres r\u00e9alisations concr\u00e8tes \u00e0 l&rsquo;actif de la fondation MAFAC.<a href=\"https:\/\/universnews224.com\/wp-content\/uploads\/2023\/09\/78BDE5A4-6B09-4E6F-8584-BAF3B48E40CD.jpeg\"><img loading=\"lazy\" class=\"alignnone size-medium wp-image-4311\" src=\"https:\/\/universnews224.com\/wp-content\/uploads\/2023\/09\/78BDE5A4-6B09-4E6F-8584-BAF3B48E40CD-300x225.jpeg\" alt=\"\" width=\"300\" height=\"225\" srcset=\"https:\/\/universnews224.com\/wp-content\/uploads\/2023\/09\/78BDE5A4-6B09-4E6F-8584-BAF3B48E40CD-300x225.jpeg 300w, https:\/\/universnews224.com\/wp-content\/uploads\/2023\/09\/78BDE5A4-6B09-4E6F-8584-BAF3B48E40CD-1024x768.jpeg 1024w, https:\/\/universnews224.com\/wp-content\/uploads\/2023\/09\/78BDE5A4-6B09-4E6F-8584-BAF3B48E40CD-768x576.jpeg 768w, https:\/\/universnews224.com\/wp-content\/uploads\/2023\/09\/78BDE5A4-6B09-4E6F-8584-BAF3B48E40CD-720x540.jpeg 720w, https:\/\/universnews224.com\/wp-content\/uploads\/2023\/09\/78BDE5A4-6B09-4E6F-8584-BAF3B48E40CD.jpeg 1032w\" sizes=\"(max-width: 300px) 100vw, 300px\" \/><\/a> <\/span><\/p>\n<p class=\"p2\"><span class=\"s2\">\u00ab Depuis 2022, la fondation Makongo Family Charity (MAFAC) a entam\u00e9 d&rsquo;assistance\u00a0<\/span>une nouvelle \u00e9tape de son histoire en renfor\u00e7ant ses actions sur le terrain travers plusieurs programmes d&rsquo;accompagnement dans des domaines vari\u00e9es, pour promouvoir le droit \u00e0 une vie meilleure et prot\u00e9ger les couches vuln\u00e9rable de la soci\u00e9t\u00e9. Ces 12 mois lui ont permis de grandir sur le plan de ses 5 domaines d&rsquo;action l&rsquo;alimentation de la sant\u00e9, le logement, I\u2019\u00e9ducation et la culture, donc il s\u2019agit pour ce rapport annuel d&rsquo;\u00e9valuer I&rsquo;impact de ses actions dans les territoires en faveur des b\u00e9n\u00e9ficiaires. Face \u00e0 cette conjoncture post covid et \u00e0 la p\u00e9riode de transition, le pays fait face \u00e0 une crise \u00e9conomique et sociale sans pr\u00e9c\u00e9dant. Nous avons plus que jamais besoin d\u00b4\u00e9lan de solidarit\u00e9 et de proximit\u00e9 pour certains couches de la soci\u00e9t\u00e9 modestement mais avec d\u00e9termination la fondation MAFAC restera aux c\u00f4t\u00e9s de ses\u00a0 personnes pour les souterrains cette situation in\u00e9dite. Le co\u00fbt de tout ces r\u00e9alisations de la fondation est estim\u00e9 pour un montant de 1.485.000.000 Gnf \u00bb, a d\u00e9clar\u00e9 la directrice.<a href=\"https:\/\/universnews224.com\/wp-content\/uploads\/2023\/09\/BD15AA3D-4694-489E-86C1-C4D94FCA2089.jpeg\"><img loading=\"lazy\" class=\"alignnone size-medium wp-image-4312\" src=\"https:\/\/universnews224.com\/wp-content\/uploads\/2023\/09\/BD15AA3D-4694-489E-86C1-C4D94FCA2089-300x225.jpeg\" alt=\"\" width=\"300\" height=\"225\" srcset=\"https:\/\/universnews224.com\/wp-content\/uploads\/2023\/09\/BD15AA3D-4694-489E-86C1-C4D94FCA2089-300x225.jpeg 300w, https:\/\/universnews224.com\/wp-content\/uploads\/2023\/09\/BD15AA3D-4694-489E-86C1-C4D94FCA2089-1024x768.jpeg 1024w, https:\/\/universnews224.com\/wp-content\/uploads\/2023\/09\/BD15AA3D-4694-489E-86C1-C4D94FCA2089-768x576.jpeg 768w, https:\/\/universnews224.com\/wp-content\/uploads\/2023\/09\/BD15AA3D-4694-489E-86C1-C4D94FCA2089-720x540.jpeg 720w, https:\/\/universnews224.com\/wp-content\/uploads\/2023\/09\/BD15AA3D-4694-489E-86C1-C4D94FCA2089.jpeg 1032w\" sizes=\"(max-width: 300px) 100vw, 300px\" \/><\/a><\/p>\n<p class=\"p2\"><span class=\"s2\">Bien avant la conf\u00e9rence de presse de ce jeudi,<span class=\"Apple-converted-space\">\u00a0 <\/span>le PDG David Makongo accompagn\u00e9 de \u00e0 fondation ont proc\u00e9d\u00e9 a la remise des dons aux enfants malades \u00e0 la maternit\u00e9 de l&rsquo;h\u00f4pital universitaires d\u00b4Ignace Deen sis dans la commune de Kaloum.<a href=\"https:\/\/universnews224.com\/wp-content\/uploads\/2023\/09\/EF6E89A1-4F5F-43E0-AD8A-BBF2E5AE4269.jpeg\"><img loading=\"lazy\" class=\"alignnone size-medium wp-image-4313\" src=\"https:\/\/universnews224.com\/wp-content\/uploads\/2023\/09\/EF6E89A1-4F5F-43E0-AD8A-BBF2E5AE4269-300x225.jpeg\" alt=\"\" width=\"300\" height=\"225\" srcset=\"https:\/\/universnews224.com\/wp-content\/uploads\/2023\/09\/EF6E89A1-4F5F-43E0-AD8A-BBF2E5AE4269-300x225.jpeg 300w, https:\/\/universnews224.com\/wp-content\/uploads\/2023\/09\/EF6E89A1-4F5F-43E0-AD8A-BBF2E5AE4269-1024x768.jpeg 1024w, https:\/\/universnews224.com\/wp-content\/uploads\/2023\/09\/EF6E89A1-4F5F-43E0-AD8A-BBF2E5AE4269-768x576.jpeg 768w, https:\/\/universnews224.com\/wp-content\/uploads\/2023\/09\/EF6E89A1-4F5F-43E0-AD8A-BBF2E5AE4269-720x540.jpeg 720w, https:\/\/universnews224.com\/wp-content\/uploads\/2023\/09\/EF6E89A1-4F5F-43E0-AD8A-BBF2E5AE4269.jpeg 1032w\" sizes=\"(max-width: 300px) 100vw, 300px\" \/><\/a><\/span><\/p>\n<p class=\"p2\"><span class=\"s2\">Sana Sylla.<\/span><\/p>\n","protected":false},"excerpt":{"rendered":"<p>Dans un rapport d\u2019activit\u00e9 remis \u00e0 la presse ce jeudi 14 septembre 2023, la Fondation<\/p>\n","protected":false},"author":2,"featured_media":0,"comment_status":"closed","ping_status":"open","sticky":false,"template":"","format":"standard","meta":[],"categories":[3,5],"tags":[229],"yoast_head":"<!-- This site is optimized with the Yoast SEO plugin v19.13 - https:\/\/yoast.com\/wordpress\/plugins\/seo\/ -->\n<title>Humanitaire : La fondation Makongo familly Charity dresse le bilan de ses activit\u00e9s sur le terrain - UNIVERSNEWS224<\/title>\n<meta name=\"robots\" content=\"index, follow, max-snippet:-1, max-image-preview:large, max-video-preview:-1\" \/>\n<link rel=\"canonical\" href=\"https:\/\/universnews224.com\/index.php\/humanitaire-la-fondation-makongo-familly-charity-dresse-le-bilan-de-ses-activites-sur-le-terrain\/\" \/>\n<meta property=\"og:locale\" content=\"fr_FR\" \/>\n<meta property=\"og:type\" content=\"article\" \/>\n<meta property=\"og:title\" content=\"Humanitaire : La fondation Makongo familly Charity dresse le bilan de ses activit\u00e9s sur le terrain - UNIVERSNEWS224\" \/>\n<meta property=\"og:description\" content=\"Dans un rapport d\u2019activit\u00e9 remis \u00e0 la presse ce jeudi 14 septembre 2023, la Fondation\" \/>\n<meta property=\"og:url\" content=\"https:\/\/universnews224.com\/index.php\/humanitaire-la-fondation-makongo-familly-charity-dresse-le-bilan-de-ses-activites-sur-le-terrain\/\" \/>\n<meta property=\"og:site_name\" content=\"UNIVERSNEWS224\" \/>\n<meta property=\"article:published_time\" content=\"2023-09-14T21:02:04+00:00\" \/>\n<meta property=\"og:image\" content=\"https:\/\/universnews224.com\/wp-content\/uploads\/2023\/09\/2BA7AE43-B51D-4B93-A44A-2BC161D0802D-300x225.jpeg\" \/>\n<meta name=\"author\" content=\"La R\u00e9daction\" \/>\n<meta name=\"twitter:label1\" content=\"\u00c9crit par\" \/>\n\t<meta name=\"twitter:data1\" content=\"La R\u00e9daction\" \/>\n\t<meta name=\"twitter:label2\" content=\"Dur\u00e9e de lecture estim\u00e9e\" \/>\n\t<meta name=\"twitter:data2\" content=\"4 minutes\" \/>\n<script type=\"application\/ld+json\" class=\"yoast-schema-graph\">{\"@context\":\"https:\/\/schema.org\",\"@graph\":[{\"@type\":\"Article\",\"@id\":\"https:\/\/universnews224.com\/index.php\/humanitaire-la-fondation-makongo-familly-charity-dresse-le-bilan-de-ses-activites-sur-le-terrain\/#article\",\"isPartOf\":{\"@id\":\"https:\/\/universnews224.com\/index.php\/humanitaire-la-fondation-makongo-familly-charity-dresse-le-bilan-de-ses-activites-sur-le-terrain\/\"},\"author\":{\"name\":\"La R\u00e9daction\",\"@id\":\"https:\/\/universnews224.com\/#\/schema\/person\/a4b7d4f94a4716df60456a491260485e\"},\"headline\":\"Humanitaire : La fondation Makongo familly Charity dresse le bilan de ses activit\u00e9s sur le terrain\",\"datePublished\":\"2023-09-14T21:02:04+00:00\",\"dateModified\":\"2023-09-14T21:02:04+00:00\",\"mainEntityOfPage\":{\"@id\":\"https:\/\/universnews224.com\/index.php\/humanitaire-la-fondation-makongo-familly-charity-dresse-le-bilan-de-ses-activites-sur-le-terrain\/\"},\"wordCount\":580,\"publisher\":{\"@id\":\"https:\/\/universnews224.com\/#organization\"},\"keywords\":[\"La une\"],\"articleSection\":[\"ACTU\",\"SOCI\u00c9T\u00c9\"],\"inLanguage\":\"fr-FR\"},{\"@type\":\"WebPage\",\"@id\":\"https:\/\/universnews224.com\/index.php\/humanitaire-la-fondation-makongo-familly-charity-dresse-le-bilan-de-ses-activites-sur-le-terrain\/\",\"url\":\"https:\/\/universnews224.com\/index.php\/humanitaire-la-fondation-makongo-familly-charity-dresse-le-bilan-de-ses-activites-sur-le-terrain\/\",\"name\":\"Humanitaire : La fondation Makongo familly Charity dresse le bilan de ses activit\u00e9s sur le terrain - UNIVERSNEWS224\",\"isPartOf\":{\"@id\":\"https:\/\/universnews224.com\/#website\"},\"datePublished\":\"2023-09-14T21:02:04+00:00\",\"dateModified\":\"2023-09-14T21:02:04+00:00\",\"inLanguage\":\"fr-FR\",\"potentialAction\":[{\"@type\":\"ReadAction\",\"target\":[\"https:\/\/universnews224.com\/index.php\/humanitaire-la-fondation-makongo-familly-charity-dresse-le-bilan-de-ses-activites-sur-le-terrain\/\"]}]},{\"@type\":\"WebSite\",\"@id\":\"https:\/\/universnews224.com\/#website\",\"url\":\"https:\/\/universnews224.com\/\",\"name\":\"UNIVERSNEWS224\",\"description\":\"\",\"publisher\":{\"@id\":\"https:\/\/universnews224.com\/#organization\"},\"potentialAction\":[{\"@type\":\"SearchAction\",\"target\":{\"@type\":\"EntryPoint\",\"urlTemplate\":\"https:\/\/universnews224.com\/?s={search_term_string}\"},\"query-input\":\"required name=search_term_string\"}],\"inLanguage\":\"fr-FR\"},{\"@type\":\"Organization\",\"@id\":\"https:\/\/universnews224.com\/#organization\",\"name\":\"UNIVERSNEWS224\",\"url\":\"https:\/\/universnews224.com\/\",\"logo\":{\"@type\":\"ImageObject\",\"inLanguage\":\"fr-FR\",\"@id\":\"https:\/\/universnews224.com\/#\/schema\/logo\/image\/\",\"url\":\"https:\/\/universnews224.com\/wp-content\/uploads\/2022\/08\/cropped-cropped-logoban.jpg\",\"contentUrl\":\"https:\/\/universnews224.com\/wp-content\/uploads\/2022\/08\/cropped-cropped-logoban.jpg\",\"width\":1080,\"height\":138,\"caption\":\"UNIVERSNEWS224\"},\"image\":{\"@id\":\"https:\/\/universnews224.com\/#\/schema\/logo\/image\/\"}},{\"@type\":\"Person\",\"@id\":\"https:\/\/universnews224.com\/#\/schema\/person\/a4b7d4f94a4716df60456a491260485e\",\"name\":\"La R\u00e9daction\",\"image\":{\"@type\":\"ImageObject\",\"inLanguage\":\"fr-FR\",\"@id\":\"https:\/\/universnews224.com\/#\/schema\/person\/image\/\",\"url\":\"https:\/\/secure.gravatar.com\/avatar\/edb90acc7752b23e1b3307ad36c14f0d?s=96&d=mm&r=g\",\"contentUrl\":\"https:\/\/secure.gravatar.com\/avatar\/edb90acc7752b23e1b3307ad36c14f0d?s=96&d=mm&r=g\",\"caption\":\"La R\u00e9daction\"},\"sameAs\":[\"https:\/\/universnews224.com\"],\"url\":\"https:\/\/universnews224.com\/index.php\/author\/m-camara\/\"}]}<\/script>\n<!-- \/ Yoast SEO plugin. -->","yoast_head_json":{"title":"Humanitaire : La fondation Makongo familly Charity dresse le bilan de ses activit\u00e9s sur le terrain - UNIVERSNEWS224","robots":{"index":"index","follow":"follow","max-snippet":"max-snippet:-1","max-image-preview":"max-image-preview:large","max-video-preview":"max-video-preview:-1"},"canonical":"https:\/\/universnews224.com\/index.php\/humanitaire-la-fondation-makongo-familly-charity-dresse-le-bilan-de-ses-activites-sur-le-terrain\/","og_locale":"fr_FR","og_type":"article","og_title":"Humanitaire : La fondation Makongo familly Charity dresse le bilan de ses activit\u00e9s sur le terrain - UNIVERSNEWS224","og_description":"Dans un rapport d\u2019activit\u00e9 remis \u00e0 la presse ce jeudi 14 septembre 2023, la Fondation","og_url":"https:\/\/universnews224.com\/index.php\/humanitaire-la-fondation-makongo-familly-charity-dresse-le-bilan-de-ses-activites-sur-le-terrain\/","og_site_name":"UNIVERSNEWS224","article_published_time":"2023-09-14T21:02:04+00:00","og_image":[{"url":"https:\/\/universnews224.com\/wp-content\/uploads\/2023\/09\/2BA7AE43-B51D-4B93-A44A-2BC161D0802D-300x225.jpeg"}],"author":"La R\u00e9daction","twitter_misc":{"\u00c9crit par":"La R\u00e9daction","Dur\u00e9e de lecture estim\u00e9e":"4 minutes"},"schema":{"@context":"https:\/\/schema.org","@graph":[{"@type":"Article","@id":"https:\/\/universnews224.com\/index.php\/humanitaire-la-fondation-makongo-familly-charity-dresse-le-bilan-de-ses-activites-sur-le-terrain\/#article","isPartOf":{"@id":"https:\/\/universnews224.com\/index.php\/humanitaire-la-fondation-makongo-familly-charity-dresse-le-bilan-de-ses-activites-sur-le-terrain\/"},"author":{"name":"La R\u00e9daction","@id":"https:\/\/universnews224.com\/#\/schema\/person\/a4b7d4f94a4716df60456a491260485e"},"headline":"Humanitaire : La fondation Makongo familly Charity dresse le bilan de ses activit\u00e9s sur le terrain","datePublished":"2023-09-14T21:02:04+00:00","dateModified":"2023-09-14T21:02:04+00:00","mainEntityOfPage":{"@id":"https:\/\/universnews224.com\/index.php\/humanitaire-la-fondation-makongo-familly-charity-dresse-le-bilan-de-ses-activites-sur-le-terrain\/"},"wordCount":580,"publisher":{"@id":"https:\/\/universnews224.com\/#organization"},"keywords":["La une"],"articleSection":["ACTU","SOCI\u00c9T\u00c9"],"inLanguage":"fr-FR"},{"@type":"WebPage","@id":"https:\/\/universnews224.com\/index.php\/humanitaire-la-fondation-makongo-familly-charity-dresse-le-bilan-de-ses-activites-sur-le-terrain\/","url":"https:\/\/universnews224.com\/index.php\/humanitaire-la-fondation-makongo-familly-charity-dresse-le-bilan-de-ses-activites-sur-le-terrain\/","name":"Humanitaire : La fondation Makongo familly Charity dresse le bilan de ses activit\u00e9s sur le terrain - UNIVERSNEWS224","isPartOf":{"@id":"https:\/\/universnews224.com\/#website"},"datePublished":"2023-09-14T21:02:04+00:00","dateModified":"2023-09-14T21:02:04+00:00","inLanguage":"fr-FR","potentialAction":[{"@type":"ReadAction","target":["https:\/\/universnews224.com\/index.php\/humanitaire-la-fondation-makongo-familly-charity-dresse-le-bilan-de-ses-activites-sur-le-terrain\/"]}]},{"@type":"WebSite","@id":"https:\/\/universnews224.com\/#website","url":"https:\/\/universnews224.com\/","name":"UNIVERSNEWS224","description":"","publisher":{"@id":"https:\/\/universnews224.com\/#organization"},"potentialAction":[{"@type":"SearchAction","target":{"@type":"EntryPoint","urlTemplate":"https:\/\/universnews224.com\/?s={search_term_string}"},"query-input":"required name=search_term_string"}],"inLanguage":"fr-FR"},{"@type":"Organization","@id":"https:\/\/universnews224.com\/#organization","name":"UNIVERSNEWS224","url":"https:\/\/universnews224.com\/","logo":{"@type":"ImageObject","inLanguage":"fr-FR","@id":"https:\/\/universnews224.com\/#\/schema\/logo\/image\/","url":"https:\/\/universnews224.com\/wp-content\/uploads\/2022\/08\/cropped-cropped-logoban.jpg","contentUrl":"https:\/\/universnews224.com\/wp-content\/uploads\/2022\/08\/cropped-cropped-logoban.jpg","width":1080,"height":138,"caption":"UNIVERSNEWS224"},"image":{"@id":"https:\/\/universnews224.com\/#\/schema\/logo\/image\/"}},{"@type":"Person","@id":"https:\/\/universnews224.com\/#\/schema\/person\/a4b7d4f94a4716df60456a491260485e","name":"La R\u00e9daction","image":{"@type":"ImageObject","inLanguage":"fr-FR","@id":"https:\/\/universnews224.com\/#\/schema\/person\/image\/","url":"https:\/\/secure.gravatar.com\/avatar\/edb90acc7752b23e1b3307ad36c14f0d?s=96&d=mm&r=g","contentUrl":"https:\/\/secure.gravatar.com\/avatar\/edb90acc7752b23e1b3307ad36c14f0d?s=96&d=mm&r=g","caption":"La R\u00e9daction"},"sameAs":["https:\/\/universnews224.com"],"url":"https:\/\/universnews224.com\/index.php\/author\/m-camara\/"}]}},"_links":{"self":[{"href":"https:\/\/universnews224.com\/index.php\/wp-json\/wp\/v2\/posts\/4308"}],"collection":[{"href":"https:\/\/universnews224.com\/index.php\/wp-json\/wp\/v2\/posts"}],"about":[{"href":"https:\/\/universnews224.com\/index.php\/wp-json\/wp\/v2\/types\/post"}],"author":[{"embeddable":true,"href":"https:\/\/universnews224.com\/index.php\/wp-json\/wp\/v2\/users\/2"}],"replies":[{"embeddable":true,"href":"https:\/\/universnews224.com\/index.php\/wp-json\/wp\/v2\/comments?post=4308"}],"version-history":[{"count":1,"href":"https:\/\/universnews224.com\/index.php\/wp-json\/wp\/v2\/posts\/4308\/revisions"}],"predecessor-version":[{"id":4314,"href":"https:\/\/universnews224.com\/index.php\/wp-json\/wp\/v2\/posts\/4308\/revisions\/4314"}],"wp:attachment":[{"href":"https:\/\/universnews224.com\/index.php\/wp-json\/wp\/v2\/media?parent=4308"}],"wp:term":[{"taxonomy":"category","embeddable":true,"href":"https:\/\/universnews224.com\/index.php\/wp-json\/wp\/v2\/categories?post=4308"},{"taxonomy":"post_tag","embeddable":true,"href":"https:\/\/universnews224.com\/index.php\/wp-json\/wp\/v2\/tags?post=4308"}],"curies":[{"name":"wp","href":"https:\/\/api.w.org\/{rel}","templated":true}]}}