{"id":4327,"date":"2023-09-20T23:19:13","date_gmt":"2023-09-20T22:19:13","guid":{"rendered":"https:\/\/universnews224.com\/?p=4327"},"modified":"2023-09-20T23:19:13","modified_gmt":"2023-09-20T22:19:13","slug":"souleymane-souza-konate-sur-le-voyage-du-colonel-mamadi-doumbouya-a-new-york-nous-disons-que-ce-voyage-nest-pas-opportun","status":"publish","type":"post","link":"https:\/\/universnews224.com\/index.php\/souleymane-souza-konate-sur-le-voyage-du-colonel-mamadi-doumbouya-a-new-york-nous-disons-que-ce-voyage-nest-pas-opportun\/","title":{"rendered":"Souleymane Souza Konat\u00e9 sur le voyage du colonel Mamadi Doumbouya \u00e0 New York: \u201cNous disons que ce voyage n\u2019est pas opportun\u201d"},"content":{"rendered":"<p class=\"p2\"><span class=\"s2\">\u00a0Le Pr\u00e9sident de la Transition, le Colonel Mamadi Doumbouya s\u00e9journe depuis le 18 septembre dernier \u00e0 New York aux Etats-Unis<span class=\"Apple-converted-space\">\u00a0 <\/span>o\u00f9 il a pris part, hier mardi, \u00e0 l\u2019ouverture des travaux de la 78\u00e8me session ordinaire annuelle de l&rsquo;Assembl\u00e9e G\u00e9n\u00e9rale des Nations Unies (ONU). <\/span><\/p>\n<p class=\"p2\"><span class=\"s2\">Interrog\u00e9 par nos confr\u00e8res du groupe \u00c9vasion dans l\u2019\u00e9mission \u00abRien \u00e0 Cacher\u00bb de ce mercredi, 20 septembre 2023 sur ce voyage du Colonel Mamadi Doumbouya au pays de l\u2019oncle Sam, Souleymane Souza Konat\u00e9, conseiller en communication de Cellou Dalein Diallo estime ce d\u00e9placement est inopportun. <\/span><\/p>\n<p class=\"p2\"><span class=\"s2\">\u201cPremi\u00e8rement, si on \u00e9tait dans un \u00c9tat normal avec un pr\u00e9sident l\u00e9gitime, il est tout a fait normal qu\u2019il fasse ce d\u00e9placement l\u00e0, pour aller expliquer \u00e0 la face du monde ce qu\u2019il envisage de faire pour son pays et quelles sont les perspectives de d\u00e9veloppement pour les prochaines ann\u00e9es. Mais, nous savons tous dans quel contexte nous sommes. Le colonel Mamadi Doumbouya est arriv\u00e9<span class=\"Apple-converted-space\">\u00a0 <\/span>un accord dynamique avec la C\u00c9D\u00c9AO le 22 octobre 2022, qui a \u00e9t\u00e9 ent\u00e9rin\u00e9 par le coll\u00e8ge de chefs de la C\u00c9D\u00c9AO le 03 d\u00e9cembre 2022 et jusqu\u2019\u00e0 date aucune activit\u00e9 v\u00e9ritablement n\u2019a commenc\u00e9 sur le terrain pour aller dans le sens d\u2019un retour \u00e0 l\u2019ordre constitutionnel. Les manifestations sont r\u00e9prim\u00e9es dans le sang, aujourd\u2019hui, nous d\u00e9nombrons plus 31 guin\u00e9ens qui sont froidement et l\u00e2chement assassin\u00e9s et des gens pour lesquels, il n y eu<span class=\"Apple-converted-space\">\u00a0 <\/span>jamais une forme de proc\u00e8s pour permettre aux familles de faire leur deuil. Dans le programme de communication qu\u2019il aura l\u00e0-bas, nous avons pris qu\u2019il va expliquer qu\u2019est-ce qui a motiv\u00e9 le coup du 05 septembre 2021, qu\u2019est-ce qu\u2019il est entrain de faire pour un retour rapide et apais\u00e9 \u00e0 l\u2019ordre constitutionnel et quelles sont perspectives. Nous disons tout \u00e7a, c\u2019est une fuite en avant parce la communaut\u00e9 internationale est repr\u00e9sent\u00e9e en Guin\u00e9e \u00e0 travers les institutions internationales et les ambassadeurs accr\u00e9dit\u00e9s en Guin\u00e9e. Mais, ils savent tous que, rien est fait sur le terrain pour un processus rapide et apais\u00e9 qui peuvent nous conduire vers les \u00e9lections inclusives et transparences. Ils savent tous que le Colonel Mamadi Doumbouya et l\u2019\u00e9quipe qui l\u2019accompagnent ont une volont\u00e9 tr\u00e8s ferme, c\u2019est de s\u2019\u00e9terniser au pouvoir aussi longtemps que possible. Nous disons que ce voyage l\u00e0 ne servira absolument \u00e0 rien. Vous savez d\u00e9j\u00e0, l\u2019avion qui a \u00e9t\u00e9 affr\u00e9t\u00e9 par les autorit\u00e9s pour son d\u00e9placement, \u00e7a fait \u00e9norm\u00e9ment d\u2019argent, tout \u00e7a pour une population qui v\u00e9g\u00e8te dans la pr\u00e9carit\u00e9 \u00e9conomique et sociale. Nous disons que c\u2019est inacceptable. <\/span><\/p>\n<p class=\"p2\"><span class=\"s2\">Camara Mamadouba <\/span><\/p>\n<p class=\"p2\"><span class=\"s2\">611 46 04 10 <\/span><\/p>\n","protected":false},"excerpt":{"rendered":"<p>\u00a0Le Pr\u00e9sident de la Transition, le Colonel Mamadi Doumbouya s\u00e9journe depuis le 18 septembre dernier<\/p>\n","protected":false},"author":2,"featured_media":3867,"comment_status":"closed","ping_status":"open","sticky":false,"template":"","format":"standard","meta":[],"categories":[3,4],"tags":[229],"yoast_head":"<!-- This site is optimized with the Yoast SEO plugin v19.13 - https:\/\/yoast.com\/wordpress\/plugins\/seo\/ -->\n<title>Souleymane Souza Konat\u00e9 sur le voyage du colonel Mamadi Doumbouya \u00e0 New York: \u201cNous disons que ce voyage n\u2019est pas opportun\u201d - UNIVERSNEWS224<\/title>\n<meta name=\"robots\" content=\"index, follow, max-snippet:-1, max-image-preview:large, max-video-preview:-1\" \/>\n<link rel=\"canonical\" href=\"https:\/\/universnews224.com\/index.php\/souleymane-souza-konate-sur-le-voyage-du-colonel-mamadi-doumbouya-a-new-york-nous-disons-que-ce-voyage-nest-pas-opportun\/\" \/>\n<meta property=\"og:locale\" content=\"fr_FR\" \/>\n<meta property=\"og:type\" content=\"article\" \/>\n<meta property=\"og:title\" content=\"Souleymane Souza Konat\u00e9 sur le voyage du colonel Mamadi Doumbouya \u00e0 New York: \u201cNous disons que ce voyage n\u2019est pas opportun\u201d - UNIVERSNEWS224\" \/>\n<meta property=\"og:description\" content=\"\u00a0Le Pr\u00e9sident de la Transition, le Colonel Mamadi Doumbouya s\u00e9journe depuis le 18 septembre dernier\" \/>\n<meta property=\"og:url\" content=\"https:\/\/universnews224.com\/index.php\/souleymane-souza-konate-sur-le-voyage-du-colonel-mamadi-doumbouya-a-new-york-nous-disons-que-ce-voyage-nest-pas-opportun\/\" \/>\n<meta property=\"og:site_name\" content=\"UNIVERSNEWS224\" \/>\n<meta property=\"article:published_time\" content=\"2023-09-20T22:19:13+00:00\" \/>\n<meta property=\"og:image\" content=\"https:\/\/universnews224.com\/wp-content\/uploads\/2023\/07\/0DE010A4-3CA4-4329-8E36-0AA1454CAE61.png\" \/>\n\t<meta property=\"og:image:width\" content=\"656\" \/>\n\t<meta property=\"og:image:height\" content=\"570\" \/>\n\t<meta property=\"og:image:type\" content=\"image\/png\" \/>\n<meta name=\"author\" content=\"La R\u00e9daction\" \/>\n<meta name=\"twitter:label1\" content=\"\u00c9crit par\" \/>\n\t<meta name=\"twitter:data1\" content=\"La R\u00e9daction\" \/>\n\t<meta name=\"twitter:label2\" content=\"Dur\u00e9e de lecture estim\u00e9e\" \/>\n\t<meta name=\"twitter:data2\" content=\"3 minutes\" \/>\n<script type=\"application\/ld+json\" class=\"yoast-schema-graph\">{\"@context\":\"https:\/\/schema.org\",\"@graph\":[{\"@type\":\"Article\",\"@id\":\"https:\/\/universnews224.com\/index.php\/souleymane-souza-konate-sur-le-voyage-du-colonel-mamadi-doumbouya-a-new-york-nous-disons-que-ce-voyage-nest-pas-opportun\/#article\",\"isPartOf\":{\"@id\":\"https:\/\/universnews224.com\/index.php\/souleymane-souza-konate-sur-le-voyage-du-colonel-mamadi-doumbouya-a-new-york-nous-disons-que-ce-voyage-nest-pas-opportun\/\"},\"author\":{\"name\":\"La R\u00e9daction\",\"@id\":\"https:\/\/universnews224.com\/#\/schema\/person\/a4b7d4f94a4716df60456a491260485e\"},\"headline\":\"Souleymane Souza Konat\u00e9 sur le voyage du colonel Mamadi Doumbouya \u00e0 New York: \u201cNous disons que ce voyage n\u2019est pas opportun\u201d\",\"datePublished\":\"2023-09-20T22:19:13+00:00\",\"dateModified\":\"2023-09-20T22:19:13+00:00\",\"mainEntityOfPage\":{\"@id\":\"https:\/\/universnews224.com\/index.php\/souleymane-souza-konate-sur-le-voyage-du-colonel-mamadi-doumbouya-a-new-york-nous-disons-que-ce-voyage-nest-pas-opportun\/\"},\"wordCount\":485,\"publisher\":{\"@id\":\"https:\/\/universnews224.com\/#organization\"},\"keywords\":[\"La une\"],\"articleSection\":[\"ACTU\",\"POLITIQUE\"],\"inLanguage\":\"fr-FR\"},{\"@type\":\"WebPage\",\"@id\":\"https:\/\/universnews224.com\/index.php\/souleymane-souza-konate-sur-le-voyage-du-colonel-mamadi-doumbouya-a-new-york-nous-disons-que-ce-voyage-nest-pas-opportun\/\",\"url\":\"https:\/\/universnews224.com\/index.php\/souleymane-souza-konate-sur-le-voyage-du-colonel-mamadi-doumbouya-a-new-york-nous-disons-que-ce-voyage-nest-pas-opportun\/\",\"name\":\"Souleymane Souza Konat\u00e9 sur le voyage du colonel Mamadi Doumbouya \u00e0 New York: \u201cNous disons que ce voyage n\u2019est pas opportun\u201d - UNIVERSNEWS224\",\"isPartOf\":{\"@id\":\"https:\/\/universnews224.com\/#website\"},\"datePublished\":\"2023-09-20T22:19:13+00:00\",\"dateModified\":\"2023-09-20T22:19:13+00:00\",\"inLanguage\":\"fr-FR\",\"potentialAction\":[{\"@type\":\"ReadAction\",\"target\":[\"https:\/\/universnews224.com\/index.php\/souleymane-souza-konate-sur-le-voyage-du-colonel-mamadi-doumbouya-a-new-york-nous-disons-que-ce-voyage-nest-pas-opportun\/\"]}]},{\"@type\":\"WebSite\",\"@id\":\"https:\/\/universnews224.com\/#website\",\"url\":\"https:\/\/universnews224.com\/\",\"name\":\"UNIVERSNEWS224\",\"description\":\"\",\"publisher\":{\"@id\":\"https:\/\/universnews224.com\/#organization\"},\"potentialAction\":[{\"@type\":\"SearchAction\",\"target\":{\"@type\":\"EntryPoint\",\"urlTemplate\":\"https:\/\/universnews224.com\/?s={search_term_string}\"},\"query-input\":\"required name=search_term_string\"}],\"inLanguage\":\"fr-FR\"},{\"@type\":\"Organization\",\"@id\":\"https:\/\/universnews224.com\/#organization\",\"name\":\"UNIVERSNEWS224\",\"url\":\"https:\/\/universnews224.com\/\",\"logo\":{\"@type\":\"ImageObject\",\"inLanguage\":\"fr-FR\",\"@id\":\"https:\/\/universnews224.com\/#\/schema\/logo\/image\/\",\"url\":\"https:\/\/universnews224.com\/wp-content\/uploads\/2022\/08\/cropped-cropped-logoban.jpg\",\"contentUrl\":\"https:\/\/universnews224.com\/wp-content\/uploads\/2022\/08\/cropped-cropped-logoban.jpg\",\"width\":1080,\"height\":138,\"caption\":\"UNIVERSNEWS224\"},\"image\":{\"@id\":\"https:\/\/universnews224.com\/#\/schema\/logo\/image\/\"}},{\"@type\":\"Person\",\"@id\":\"https:\/\/universnews224.com\/#\/schema\/person\/a4b7d4f94a4716df60456a491260485e\",\"name\":\"La R\u00e9daction\",\"image\":{\"@type\":\"ImageObject\",\"inLanguage\":\"fr-FR\",\"@id\":\"https:\/\/universnews224.com\/#\/schema\/person\/image\/\",\"url\":\"https:\/\/secure.gravatar.com\/avatar\/edb90acc7752b23e1b3307ad36c14f0d?s=96&d=mm&r=g\",\"contentUrl\":\"https:\/\/secure.gravatar.com\/avatar\/edb90acc7752b23e1b3307ad36c14f0d?s=96&d=mm&r=g\",\"caption\":\"La R\u00e9daction\"},\"sameAs\":[\"https:\/\/universnews224.com\"],\"url\":\"https:\/\/universnews224.com\/index.php\/author\/m-camara\/\"}]}<\/script>\n<!-- \/ Yoast SEO plugin. -->","yoast_head_json":{"title":"Souleymane Souza Konat\u00e9 sur le voyage du colonel Mamadi Doumbouya \u00e0 New York: \u201cNous disons que ce voyage n\u2019est pas opportun\u201d - UNIVERSNEWS224","robots":{"index":"index","follow":"follow","max-snippet":"max-snippet:-1","max-image-preview":"max-image-preview:large","max-video-preview":"max-video-preview:-1"},"canonical":"https:\/\/universnews224.com\/index.php\/souleymane-souza-konate-sur-le-voyage-du-colonel-mamadi-doumbouya-a-new-york-nous-disons-que-ce-voyage-nest-pas-opportun\/","og_locale":"fr_FR","og_type":"article","og_title":"Souleymane Souza Konat\u00e9 sur le voyage du colonel Mamadi Doumbouya \u00e0 New York: \u201cNous disons que ce voyage n\u2019est pas opportun\u201d - UNIVERSNEWS224","og_description":"\u00a0Le Pr\u00e9sident de la Transition, le Colonel Mamadi Doumbouya s\u00e9journe depuis le 18 septembre dernier","og_url":"https:\/\/universnews224.com\/index.php\/souleymane-souza-konate-sur-le-voyage-du-colonel-mamadi-doumbouya-a-new-york-nous-disons-que-ce-voyage-nest-pas-opportun\/","og_site_name":"UNIVERSNEWS224","article_published_time":"2023-09-20T22:19:13+00:00","og_image":[{"width":656,"height":570,"url":"https:\/\/universnews224.com\/wp-content\/uploads\/2023\/07\/0DE010A4-3CA4-4329-8E36-0AA1454CAE61.png","type":"image\/png"}],"author":"La R\u00e9daction","twitter_misc":{"\u00c9crit par":"La R\u00e9daction","Dur\u00e9e de lecture estim\u00e9e":"3 minutes"},"schema":{"@context":"https:\/\/schema.org","@graph":[{"@type":"Article","@id":"https:\/\/universnews224.com\/index.php\/souleymane-souza-konate-sur-le-voyage-du-colonel-mamadi-doumbouya-a-new-york-nous-disons-que-ce-voyage-nest-pas-opportun\/#article","isPartOf":{"@id":"https:\/\/universnews224.com\/index.php\/souleymane-souza-konate-sur-le-voyage-du-colonel-mamadi-doumbouya-a-new-york-nous-disons-que-ce-voyage-nest-pas-opportun\/"},"author":{"name":"La R\u00e9daction","@id":"https:\/\/universnews224.com\/#\/schema\/person\/a4b7d4f94a4716df60456a491260485e"},"headline":"Souleymane Souza Konat\u00e9 sur le voyage du colonel Mamadi Doumbouya \u00e0 New York: \u201cNous disons que ce voyage n\u2019est pas opportun\u201d","datePublished":"2023-09-20T22:19:13+00:00","dateModified":"2023-09-20T22:19:13+00:00","mainEntityOfPage":{"@id":"https:\/\/universnews224.com\/index.php\/souleymane-souza-konate-sur-le-voyage-du-colonel-mamadi-doumbouya-a-new-york-nous-disons-que-ce-voyage-nest-pas-opportun\/"},"wordCount":485,"publisher":{"@id":"https:\/\/universnews224.com\/#organization"},"keywords":["La une"],"articleSection":["ACTU","POLITIQUE"],"inLanguage":"fr-FR"},{"@type":"WebPage","@id":"https:\/\/universnews224.com\/index.php\/souleymane-souza-konate-sur-le-voyage-du-colonel-mamadi-doumbouya-a-new-york-nous-disons-que-ce-voyage-nest-pas-opportun\/","url":"https:\/\/universnews224.com\/index.php\/souleymane-souza-konate-sur-le-voyage-du-colonel-mamadi-doumbouya-a-new-york-nous-disons-que-ce-voyage-nest-pas-opportun\/","name":"Souleymane Souza Konat\u00e9 sur le voyage du colonel Mamadi Doumbouya \u00e0 New York: \u201cNous disons que ce voyage n\u2019est pas opportun\u201d - UNIVERSNEWS224","isPartOf":{"@id":"https:\/\/universnews224.com\/#website"},"datePublished":"2023-09-20T22:19:13+00:00","dateModified":"2023-09-20T22:19:13+00:00","inLanguage":"fr-FR","potentialAction":[{"@type":"ReadAction","target":["https:\/\/universnews224.com\/index.php\/souleymane-souza-konate-sur-le-voyage-du-colonel-mamadi-doumbouya-a-new-york-nous-disons-que-ce-voyage-nest-pas-opportun\/"]}]},{"@type":"WebSite","@id":"https:\/\/universnews224.com\/#website","url":"https:\/\/universnews224.com\/","name":"UNIVERSNEWS224","description":"","publisher":{"@id":"https:\/\/universnews224.com\/#organization"},"potentialAction":[{"@type":"SearchAction","target":{"@type":"EntryPoint","urlTemplate":"https:\/\/universnews224.com\/?s={search_term_string}"},"query-input":"required name=search_term_string"}],"inLanguage":"fr-FR"},{"@type":"Organization","@id":"https:\/\/universnews224.com\/#organization","name":"UNIVERSNEWS224","url":"https:\/\/universnews224.com\/","logo":{"@type":"ImageObject","inLanguage":"fr-FR","@id":"https:\/\/universnews224.com\/#\/schema\/logo\/image\/","url":"https:\/\/universnews224.com\/wp-content\/uploads\/2022\/08\/cropped-cropped-logoban.jpg","contentUrl":"https:\/\/universnews224.com\/wp-content\/uploads\/2022\/08\/cropped-cropped-logoban.jpg","width":1080,"height":138,"caption":"UNIVERSNEWS224"},"image":{"@id":"https:\/\/universnews224.com\/#\/schema\/logo\/image\/"}},{"@type":"Person","@id":"https:\/\/universnews224.com\/#\/schema\/person\/a4b7d4f94a4716df60456a491260485e","name":"La R\u00e9daction","image":{"@type":"ImageObject","inLanguage":"fr-FR","@id":"https:\/\/universnews224.com\/#\/schema\/person\/image\/","url":"https:\/\/secure.gravatar.com\/avatar\/edb90acc7752b23e1b3307ad36c14f0d?s=96&d=mm&r=g","contentUrl":"https:\/\/secure.gravatar.com\/avatar\/edb90acc7752b23e1b3307ad36c14f0d?s=96&d=mm&r=g","caption":"La R\u00e9daction"},"sameAs":["https:\/\/universnews224.com"],"url":"https:\/\/universnews224.com\/index.php\/author\/m-camara\/"}]}},"_links":{"self":[{"href":"https:\/\/universnews224.com\/index.php\/wp-json\/wp\/v2\/posts\/4327"}],"collection":[{"href":"https:\/\/universnews224.com\/index.php\/wp-json\/wp\/v2\/posts"}],"about":[{"href":"https:\/\/universnews224.com\/index.php\/wp-json\/wp\/v2\/types\/post"}],"author":[{"embeddable":true,"href":"https:\/\/universnews224.com\/index.php\/wp-json\/wp\/v2\/users\/2"}],"replies":[{"embeddable":true,"href":"https:\/\/universnews224.com\/index.php\/wp-json\/wp\/v2\/comments?post=4327"}],"version-history":[{"count":1,"href":"https:\/\/universnews224.com\/index.php\/wp-json\/wp\/v2\/posts\/4327\/revisions"}],"predecessor-version":[{"id":4328,"href":"https:\/\/universnews224.com\/index.php\/wp-json\/wp\/v2\/posts\/4327\/revisions\/4328"}],"wp:featuredmedia":[{"embeddable":true,"href":"https:\/\/universnews224.com\/index.php\/wp-json\/wp\/v2\/media\/3867"}],"wp:attachment":[{"href":"https:\/\/universnews224.com\/index.php\/wp-json\/wp\/v2\/media?parent=4327"}],"wp:term":[{"taxonomy":"category","embeddable":true,"href":"https:\/\/universnews224.com\/index.php\/wp-json\/wp\/v2\/categories?post=4327"},{"taxonomy":"post_tag","embeddable":true,"href":"https:\/\/universnews224.com\/index.php\/wp-json\/wp\/v2\/tags?post=4327"}],"curies":[{"name":"wp","href":"https:\/\/api.w.org\/{rel}","templated":true}]}}