{"id":4333,"date":"2023-09-22T21:36:09","date_gmt":"2023-09-22T20:36:09","guid":{"rendered":"https:\/\/universnews224.com\/?p=4333"},"modified":"2023-09-22T21:36:09","modified_gmt":"2023-09-22T20:36:09","slug":"alhoussein-makanera-jai-note-certaines-incoherences-dans-le-discours-du-colonel-mamadi-doumbouya","status":"publish","type":"post","link":"https:\/\/universnews224.com\/index.php\/alhoussein-makanera-jai-note-certaines-incoherences-dans-le-discours-du-colonel-mamadi-doumbouya\/","title":{"rendered":"Alhoussein Makan\u00e9ra: \u201cJ\u2019ai not\u00e9 certaines incoh\u00e9rences dans le discours du colonel Mamadi Doumbouya\u201d"},"content":{"rendered":"<p class=\"p1\"><span class=\"s1\">Le pr\u00e9sident du parti FND, Alhoussein Makan\u00e9ra Kak\u00e9 s\u2019est exprim\u00e9 ce vendredi, 21 septembre dans l\u2019\u00e9mission Mirador de la radio Fim sur le discours prononc\u00e9 par le pr\u00e9sident de la transition, Colonel Mamadi Doumbouya \u00e0 l\u2019occasion de la 78\u00e8me session de l\u2019assembl\u00e9e g\u00e9n\u00e9rale des Nations Unies. <\/span><\/p>\n<p class=\"p1\"><span class=\"s1\">\u00c0 en croire l\u2019ancien ministre de la communication, le discours du pr\u00e9sident de la r\u00e9publique guin\u00e9enne comporte une certaine incoh\u00e9rence. <\/span><\/p>\n<p class=\"p1\"><span class=\"s1\">(\u2026) J\u2019ai not\u00e9 certaines incoh\u00e9rences dans le discours du colonel Mamadi Doumbouya. Lorsqu\u2019il dit que le mod\u00e8le de d\u00e9mocratie que l\u2019Europe a impos\u00e9 \u00e0 l\u2019Afrique n\u2019a pas march\u00e9 et au m\u00eame moment, il justifie la prise du pouvoir parce qu\u2019un pr\u00e9sident a chang\u00e9 une constitution pour faire un mandat de trop, ce n\u2019est pas coh\u00e9rent. Deuxi\u00e8mement, vous ne pouvez pas rejeter en bloc, la d\u00e9mocratie occidentale et vous vous plaisez \u00e0 \u00eatre appel\u00e9, pr\u00e9sident de la r\u00e9publique parce que \u00e7a, ce n\u2019est pas africain, \u00e0 vivre dans les palais, \u00e0 rouler dans les v\u00e9hicules administratifs et \u00e0 former un gouvernement. Parce qu\u2019un pr\u00e9sident de la r\u00e9publique, c\u2019est celui qui est le chef d\u2019\u00c9tat qui a choisi la forme r\u00e9publicaine, avec une constitution, issu de la d\u00e9mocratie. Donc, lorsqu\u2019on est contre la d\u00e9mocratie occidentale, cela veut dire que m\u00eame, la fonction du pr\u00e9sident de la transition, la fonction de ministre, la fonction de d\u00e9put\u00e9, on doit renoncer \u00e0 tout cela\u201d<\/span><\/p>\n<p class=\"p1\"><span class=\"s1\">Camara Mamadouba <\/span><\/p>\n<p class=\"p1\"><span class=\"s1\">611 46 04 10 <\/span><\/p>\n","protected":false},"excerpt":{"rendered":"<p>Le pr\u00e9sident du parti FND, Alhoussein Makan\u00e9ra Kak\u00e9 s\u2019est exprim\u00e9 ce vendredi, 21 septembre dans<\/p>\n","protected":false},"author":2,"featured_media":3395,"comment_status":"closed","ping_status":"open","sticky":false,"template":"","format":"standard","meta":[],"categories":[3,4],"tags":[229],"yoast_head":"<!-- This site is optimized with the Yoast SEO plugin v19.13 - https:\/\/yoast.com\/wordpress\/plugins\/seo\/ -->\n<title>Alhoussein Makan\u00e9ra: \u201cJ\u2019ai not\u00e9 certaines incoh\u00e9rences dans le discours du colonel Mamadi Doumbouya\u201d - UNIVERSNEWS224<\/title>\n<meta name=\"robots\" content=\"index, follow, max-snippet:-1, max-image-preview:large, max-video-preview:-1\" \/>\n<link rel=\"canonical\" href=\"https:\/\/universnews224.com\/index.php\/alhoussein-makanera-jai-note-certaines-incoherences-dans-le-discours-du-colonel-mamadi-doumbouya\/\" \/>\n<meta property=\"og:locale\" content=\"fr_FR\" \/>\n<meta property=\"og:type\" content=\"article\" \/>\n<meta property=\"og:title\" content=\"Alhoussein Makan\u00e9ra: \u201cJ\u2019ai not\u00e9 certaines incoh\u00e9rences dans le discours du colonel Mamadi Doumbouya\u201d - UNIVERSNEWS224\" \/>\n<meta property=\"og:description\" content=\"Le pr\u00e9sident du parti FND, Alhoussein Makan\u00e9ra Kak\u00e9 s\u2019est exprim\u00e9 ce vendredi, 21 septembre dans\" \/>\n<meta property=\"og:url\" content=\"https:\/\/universnews224.com\/index.php\/alhoussein-makanera-jai-note-certaines-incoherences-dans-le-discours-du-colonel-mamadi-doumbouya\/\" \/>\n<meta property=\"og:site_name\" content=\"UNIVERSNEWS224\" \/>\n<meta property=\"article:published_time\" content=\"2023-09-22T20:36:09+00:00\" \/>\n<meta property=\"og:image\" content=\"https:\/\/universnews224.com\/wp-content\/uploads\/2023\/04\/8CEBCF9D-FD2A-4FFB-A07D-84634445CF1D.jpeg\" \/>\n\t<meta property=\"og:image:width\" content=\"960\" \/>\n\t<meta property=\"og:image:height\" content=\"640\" \/>\n\t<meta property=\"og:image:type\" content=\"image\/jpeg\" \/>\n<meta name=\"author\" content=\"La R\u00e9daction\" \/>\n<meta name=\"twitter:label1\" content=\"\u00c9crit par\" \/>\n\t<meta name=\"twitter:data1\" content=\"La R\u00e9daction\" \/>\n\t<meta name=\"twitter:label2\" content=\"Dur\u00e9e de lecture estim\u00e9e\" \/>\n\t<meta name=\"twitter:data2\" content=\"2 minutes\" \/>\n<script type=\"application\/ld+json\" class=\"yoast-schema-graph\">{\"@context\":\"https:\/\/schema.org\",\"@graph\":[{\"@type\":\"Article\",\"@id\":\"https:\/\/universnews224.com\/index.php\/alhoussein-makanera-jai-note-certaines-incoherences-dans-le-discours-du-colonel-mamadi-doumbouya\/#article\",\"isPartOf\":{\"@id\":\"https:\/\/universnews224.com\/index.php\/alhoussein-makanera-jai-note-certaines-incoherences-dans-le-discours-du-colonel-mamadi-doumbouya\/\"},\"author\":{\"name\":\"La R\u00e9daction\",\"@id\":\"https:\/\/universnews224.com\/#\/schema\/person\/a4b7d4f94a4716df60456a491260485e\"},\"headline\":\"Alhoussein Makan\u00e9ra: \u201cJ\u2019ai not\u00e9 certaines incoh\u00e9rences dans le discours du colonel Mamadi Doumbouya\u201d\",\"datePublished\":\"2023-09-22T20:36:09+00:00\",\"dateModified\":\"2023-09-22T20:36:09+00:00\",\"mainEntityOfPage\":{\"@id\":\"https:\/\/universnews224.com\/index.php\/alhoussein-makanera-jai-note-certaines-incoherences-dans-le-discours-du-colonel-mamadi-doumbouya\/\"},\"wordCount\":279,\"publisher\":{\"@id\":\"https:\/\/universnews224.com\/#organization\"},\"keywords\":[\"La une\"],\"articleSection\":[\"ACTU\",\"POLITIQUE\"],\"inLanguage\":\"fr-FR\"},{\"@type\":\"WebPage\",\"@id\":\"https:\/\/universnews224.com\/index.php\/alhoussein-makanera-jai-note-certaines-incoherences-dans-le-discours-du-colonel-mamadi-doumbouya\/\",\"url\":\"https:\/\/universnews224.com\/index.php\/alhoussein-makanera-jai-note-certaines-incoherences-dans-le-discours-du-colonel-mamadi-doumbouya\/\",\"name\":\"Alhoussein Makan\u00e9ra: \u201cJ\u2019ai not\u00e9 certaines incoh\u00e9rences dans le discours du colonel Mamadi Doumbouya\u201d - UNIVERSNEWS224\",\"isPartOf\":{\"@id\":\"https:\/\/universnews224.com\/#website\"},\"datePublished\":\"2023-09-22T20:36:09+00:00\",\"dateModified\":\"2023-09-22T20:36:09+00:00\",\"inLanguage\":\"fr-FR\",\"potentialAction\":[{\"@type\":\"ReadAction\",\"target\":[\"https:\/\/universnews224.com\/index.php\/alhoussein-makanera-jai-note-certaines-incoherences-dans-le-discours-du-colonel-mamadi-doumbouya\/\"]}]},{\"@type\":\"WebSite\",\"@id\":\"https:\/\/universnews224.com\/#website\",\"url\":\"https:\/\/universnews224.com\/\",\"name\":\"UNIVERSNEWS224\",\"description\":\"\",\"publisher\":{\"@id\":\"https:\/\/universnews224.com\/#organization\"},\"potentialAction\":[{\"@type\":\"SearchAction\",\"target\":{\"@type\":\"EntryPoint\",\"urlTemplate\":\"https:\/\/universnews224.com\/?s={search_term_string}\"},\"query-input\":\"required name=search_term_string\"}],\"inLanguage\":\"fr-FR\"},{\"@type\":\"Organization\",\"@id\":\"https:\/\/universnews224.com\/#organization\",\"name\":\"UNIVERSNEWS224\",\"url\":\"https:\/\/universnews224.com\/\",\"logo\":{\"@type\":\"ImageObject\",\"inLanguage\":\"fr-FR\",\"@id\":\"https:\/\/universnews224.com\/#\/schema\/logo\/image\/\",\"url\":\"https:\/\/universnews224.com\/wp-content\/uploads\/2022\/08\/cropped-cropped-logoban.jpg\",\"contentUrl\":\"https:\/\/universnews224.com\/wp-content\/uploads\/2022\/08\/cropped-cropped-logoban.jpg\",\"width\":1080,\"height\":138,\"caption\":\"UNIVERSNEWS224\"},\"image\":{\"@id\":\"https:\/\/universnews224.com\/#\/schema\/logo\/image\/\"}},{\"@type\":\"Person\",\"@id\":\"https:\/\/universnews224.com\/#\/schema\/person\/a4b7d4f94a4716df60456a491260485e\",\"name\":\"La R\u00e9daction\",\"image\":{\"@type\":\"ImageObject\",\"inLanguage\":\"fr-FR\",\"@id\":\"https:\/\/universnews224.com\/#\/schema\/person\/image\/\",\"url\":\"https:\/\/secure.gravatar.com\/avatar\/edb90acc7752b23e1b3307ad36c14f0d?s=96&d=mm&r=g\",\"contentUrl\":\"https:\/\/secure.gravatar.com\/avatar\/edb90acc7752b23e1b3307ad36c14f0d?s=96&d=mm&r=g\",\"caption\":\"La R\u00e9daction\"},\"sameAs\":[\"https:\/\/universnews224.com\"],\"url\":\"https:\/\/universnews224.com\/index.php\/author\/m-camara\/\"}]}<\/script>\n<!-- \/ Yoast SEO plugin. -->","yoast_head_json":{"title":"Alhoussein Makan\u00e9ra: \u201cJ\u2019ai not\u00e9 certaines incoh\u00e9rences dans le discours du colonel Mamadi Doumbouya\u201d - UNIVERSNEWS224","robots":{"index":"index","follow":"follow","max-snippet":"max-snippet:-1","max-image-preview":"max-image-preview:large","max-video-preview":"max-video-preview:-1"},"canonical":"https:\/\/universnews224.com\/index.php\/alhoussein-makanera-jai-note-certaines-incoherences-dans-le-discours-du-colonel-mamadi-doumbouya\/","og_locale":"fr_FR","og_type":"article","og_title":"Alhoussein Makan\u00e9ra: \u201cJ\u2019ai not\u00e9 certaines incoh\u00e9rences dans le discours du colonel Mamadi Doumbouya\u201d - UNIVERSNEWS224","og_description":"Le pr\u00e9sident du parti FND, Alhoussein Makan\u00e9ra Kak\u00e9 s\u2019est exprim\u00e9 ce vendredi, 21 septembre dans","og_url":"https:\/\/universnews224.com\/index.php\/alhoussein-makanera-jai-note-certaines-incoherences-dans-le-discours-du-colonel-mamadi-doumbouya\/","og_site_name":"UNIVERSNEWS224","article_published_time":"2023-09-22T20:36:09+00:00","og_image":[{"width":960,"height":640,"url":"https:\/\/universnews224.com\/wp-content\/uploads\/2023\/04\/8CEBCF9D-FD2A-4FFB-A07D-84634445CF1D.jpeg","type":"image\/jpeg"}],"author":"La R\u00e9daction","twitter_misc":{"\u00c9crit par":"La R\u00e9daction","Dur\u00e9e de lecture estim\u00e9e":"2 minutes"},"schema":{"@context":"https:\/\/schema.org","@graph":[{"@type":"Article","@id":"https:\/\/universnews224.com\/index.php\/alhoussein-makanera-jai-note-certaines-incoherences-dans-le-discours-du-colonel-mamadi-doumbouya\/#article","isPartOf":{"@id":"https:\/\/universnews224.com\/index.php\/alhoussein-makanera-jai-note-certaines-incoherences-dans-le-discours-du-colonel-mamadi-doumbouya\/"},"author":{"name":"La R\u00e9daction","@id":"https:\/\/universnews224.com\/#\/schema\/person\/a4b7d4f94a4716df60456a491260485e"},"headline":"Alhoussein Makan\u00e9ra: \u201cJ\u2019ai not\u00e9 certaines incoh\u00e9rences dans le discours du colonel Mamadi Doumbouya\u201d","datePublished":"2023-09-22T20:36:09+00:00","dateModified":"2023-09-22T20:36:09+00:00","mainEntityOfPage":{"@id":"https:\/\/universnews224.com\/index.php\/alhoussein-makanera-jai-note-certaines-incoherences-dans-le-discours-du-colonel-mamadi-doumbouya\/"},"wordCount":279,"publisher":{"@id":"https:\/\/universnews224.com\/#organization"},"keywords":["La une"],"articleSection":["ACTU","POLITIQUE"],"inLanguage":"fr-FR"},{"@type":"WebPage","@id":"https:\/\/universnews224.com\/index.php\/alhoussein-makanera-jai-note-certaines-incoherences-dans-le-discours-du-colonel-mamadi-doumbouya\/","url":"https:\/\/universnews224.com\/index.php\/alhoussein-makanera-jai-note-certaines-incoherences-dans-le-discours-du-colonel-mamadi-doumbouya\/","name":"Alhoussein Makan\u00e9ra: \u201cJ\u2019ai not\u00e9 certaines incoh\u00e9rences dans le discours du colonel Mamadi Doumbouya\u201d - UNIVERSNEWS224","isPartOf":{"@id":"https:\/\/universnews224.com\/#website"},"datePublished":"2023-09-22T20:36:09+00:00","dateModified":"2023-09-22T20:36:09+00:00","inLanguage":"fr-FR","potentialAction":[{"@type":"ReadAction","target":["https:\/\/universnews224.com\/index.php\/alhoussein-makanera-jai-note-certaines-incoherences-dans-le-discours-du-colonel-mamadi-doumbouya\/"]}]},{"@type":"WebSite","@id":"https:\/\/universnews224.com\/#website","url":"https:\/\/universnews224.com\/","name":"UNIVERSNEWS224","description":"","publisher":{"@id":"https:\/\/universnews224.com\/#organization"},"potentialAction":[{"@type":"SearchAction","target":{"@type":"EntryPoint","urlTemplate":"https:\/\/universnews224.com\/?s={search_term_string}"},"query-input":"required name=search_term_string"}],"inLanguage":"fr-FR"},{"@type":"Organization","@id":"https:\/\/universnews224.com\/#organization","name":"UNIVERSNEWS224","url":"https:\/\/universnews224.com\/","logo":{"@type":"ImageObject","inLanguage":"fr-FR","@id":"https:\/\/universnews224.com\/#\/schema\/logo\/image\/","url":"https:\/\/universnews224.com\/wp-content\/uploads\/2022\/08\/cropped-cropped-logoban.jpg","contentUrl":"https:\/\/universnews224.com\/wp-content\/uploads\/2022\/08\/cropped-cropped-logoban.jpg","width":1080,"height":138,"caption":"UNIVERSNEWS224"},"image":{"@id":"https:\/\/universnews224.com\/#\/schema\/logo\/image\/"}},{"@type":"Person","@id":"https:\/\/universnews224.com\/#\/schema\/person\/a4b7d4f94a4716df60456a491260485e","name":"La R\u00e9daction","image":{"@type":"ImageObject","inLanguage":"fr-FR","@id":"https:\/\/universnews224.com\/#\/schema\/person\/image\/","url":"https:\/\/secure.gravatar.com\/avatar\/edb90acc7752b23e1b3307ad36c14f0d?s=96&d=mm&r=g","contentUrl":"https:\/\/secure.gravatar.com\/avatar\/edb90acc7752b23e1b3307ad36c14f0d?s=96&d=mm&r=g","caption":"La R\u00e9daction"},"sameAs":["https:\/\/universnews224.com"],"url":"https:\/\/universnews224.com\/index.php\/author\/m-camara\/"}]}},"_links":{"self":[{"href":"https:\/\/universnews224.com\/index.php\/wp-json\/wp\/v2\/posts\/4333"}],"collection":[{"href":"https:\/\/universnews224.com\/index.php\/wp-json\/wp\/v2\/posts"}],"about":[{"href":"https:\/\/universnews224.com\/index.php\/wp-json\/wp\/v2\/types\/post"}],"author":[{"embeddable":true,"href":"https:\/\/universnews224.com\/index.php\/wp-json\/wp\/v2\/users\/2"}],"replies":[{"embeddable":true,"href":"https:\/\/universnews224.com\/index.php\/wp-json\/wp\/v2\/comments?post=4333"}],"version-history":[{"count":1,"href":"https:\/\/universnews224.com\/index.php\/wp-json\/wp\/v2\/posts\/4333\/revisions"}],"predecessor-version":[{"id":4334,"href":"https:\/\/universnews224.com\/index.php\/wp-json\/wp\/v2\/posts\/4333\/revisions\/4334"}],"wp:featuredmedia":[{"embeddable":true,"href":"https:\/\/universnews224.com\/index.php\/wp-json\/wp\/v2\/media\/3395"}],"wp:attachment":[{"href":"https:\/\/universnews224.com\/index.php\/wp-json\/wp\/v2\/media?parent=4333"}],"wp:term":[{"taxonomy":"category","embeddable":true,"href":"https:\/\/universnews224.com\/index.php\/wp-json\/wp\/v2\/categories?post=4333"},{"taxonomy":"post_tag","embeddable":true,"href":"https:\/\/universnews224.com\/index.php\/wp-json\/wp\/v2\/tags?post=4333"}],"curies":[{"name":"wp","href":"https:\/\/api.w.org\/{rel}","templated":true}]}}