{"id":4335,"date":"2023-09-23T23:20:17","date_gmt":"2023-09-23T22:20:17","guid":{"rendered":"https:\/\/universnews224.com\/?p=4335"},"modified":"2023-09-23T23:20:17","modified_gmt":"2023-09-23T22:20:17","slug":"discours-du-colonel-mamadi-doumbouya-a-la-tribune-des-lonu-le-discours-du-21-septembre-2023-cest-le-denie-de-celui-du-05-septembre-2021-fode-balde","status":"publish","type":"post","link":"https:\/\/universnews224.com\/index.php\/discours-du-colonel-mamadi-doumbouya-a-la-tribune-des-lonu-le-discours-du-21-septembre-2023-cest-le-denie-de-celui-du-05-septembre-2021-fode-balde\/","title":{"rendered":"Discours du colonel Mamadi Doumbouya \u00e0 la tribune des l\u2019ONU: \u201dLe discours du 21 septembre 2023, c\u2019est le d\u00e9nie de celui du 05 septembre 2021, Fod\u00e9 Bald\u00e9"},"content":{"rendered":"<p><span class=\"s1\">L\u2019Union des Forces R\u00e9publicaines (UFR) de l\u2019ancien premier, Sydia Tour\u00e9 s\u2019est prononc\u00e9 ce samedi, 23 septembre 2023, \u00e0 l\u2019occasion de l\u2019assembl\u00e9e g\u00e9n\u00e9rale hebdomadaire du parti, sur le discours tenu par le colonel Mamadi Doumbouya, pr\u00e9sident de la transition guin\u00e9enne \u00e0 la tribune de l\u2019ONU. <\/span><\/p>\n<p class=\"p1\"><span class=\"s1\">R\u00e9gissant sur cette actualit\u00e9, Fod\u00e9 Bald\u00e9, responsable de communication de l\u2019UFR soutient que, le discours prononc\u00e9 par le colonel Mamadi Doumbouya \u00e0 l\u2019occasion de la 78\u00e8me session de l\u2019assembl\u00e9e g\u00e9n\u00e9rale des Nations Unies est le contraire de ce qu\u2019il a tenu le 05 septembre 2021. <\/span><\/p>\n<p class=\"p1\"><span class=\"s1\">\u201cJe vais commencer mon intervention par revenir sur une question qui me parait essentielle en Guin\u00e9e, c\u2019est la question de la moralit\u00e9 et de leadership. On attend souvent dire que, l\u2019entourage du chef qui est mauvais, je ne suis d\u2019accord. C\u2019est le chef lui-m\u00eame qui est mauvais. Quand tu es une mauvaise personne, tu t\u2019entoures de mauvaises personnes, quand tu est une mauvaise personne, tu t\u2019entoures de bonnes personnes. Le discours du 21 septembre 2023, c\u2019est le d\u00e9nie de celui du 05 septembre 2021, c\u2019est le contraire, c\u2019est le parjure. On n\u2019a pas \u00e0 justifier, c\u2019est Mamadi qui l\u2019a lu, il est l\u2019unique responsable. Les conseillers ne font que lui dire, voil\u00e0 ce que nous voyons, \u00e0 lui la responsabilit\u00e9 et Dr Makal\u00e9 Traor\u00e9 l\u2019a dit que, \u00absi cette transition marche, vous aurez beaucoup de parrains, mais \u00e7a \u00e9choue, vous serez le seul responsable devant l\u2019histoire\u00bb et elle a raison. Aujourd\u2019hui, le capitaine Dadis Camara se trouve o\u00f9 ? Mais, il avait combien membres dans son cabinet, combien de personnes lui ont dit, fait ceci, fait cela. N\u2019est pas lui le seul responsable de ce qui a fait. Donc, Mamadi est responsable de ce qui se passe en Guin\u00e9e\u00bb, a t-il martel\u00e9. <\/span><\/p>\n<p class=\"p1\"><span class=\"s1\">Et de poursuivre: \u201cCe qui me para\u00eet tr\u00e8s \u00e9tonnant, comme vous dites Tidiane Cont\u00e9 ( membre du bureau politique de l\u2019URF), de parler mal de la Belgique, un pays dans lequel il a v\u00e9cu, c\u2019est aberrant. Vous demandez \u00e0 Fod\u00e9 Bald\u00e9 de parler mal de la C\u00f4te d\u2019Ivoire, c\u2019est aberrant. Quelqu\u2019un qui \u00e9tait l\u00e9gionnaire en France, qui a \u00e9pous\u00e9 une femme fran\u00e7aise, qui a des enfants fran\u00e7ais, peut-il nous parler pour que nous puissions, croire qu\u2019il est contre la France. Nous n\u2019avons pas demander \u00e0 \u00eatre sous la coupe de la France, ni des \u00c9tats Unis, ni de la Russie, ni de la Chine, ni de que \u00e7a soit, nous avons cru en une valeur qui est la d\u00e9mocratie. Depuis le trait\u00e9 Kourganfouga, les bases de la d\u00e9mocratie ont \u00e9t\u00e9 jet\u00e9es. Il y a 3 r\u00e9gimes de gouvernance dans le monde qui ont \u00e9t\u00e9 exp\u00e9riment\u00e9s, c\u2019est la monarchie, le despotisme et la d\u00e9mocratie. Mais, nous les africains, on n\u2019a pas d\u00e9cid\u00e9 embrasser la d\u00e9mocrate parce qu\u2019on nous a impos\u00e9, c\u2019est archi faux. Si c\u2019\u00e9tait le cas, aujourd\u2019hui, on devait appr\u00e9cier les vertus de cette d\u00e9mocratie l\u00e0. Parce que si Mamadi arrive \u00e0 sortir, \u00e0 prendre la parole \u00e0 l\u2019ONU, c\u2019est a cause de la d\u00e9mocratie, si c\u2019\u00e9tait la force, il n y aurait pas eu la possibilit\u00e9 de prendre la parole \u00e0 la tribune de l\u2019ONU. C\u2019est \u00e0 cause de la d\u00e9mocratie. Lorsque cette m\u00eame d\u00e9mocratie a \u00e9t\u00e9 viol\u00e9e dans ses principes et ses valeurs que le 5 septembre, il a fait le coup d\u2019\u00c9tat. Et quand il s\u2019est prononc\u00e9 pour dire que, c\u2019est \u00e0 cause des manquements de la d\u00e9mocratie, les guin\u00e9ens amoureux de la d\u00e9mocratie sont sortis nombreux dans la rue, pour l\u2019acclamer parce qu\u2019on estimait qu\u2019il allait nous faire vivre, notre aspiration. Les guin\u00e9ens peuvent la d\u00e9mocratie\u2026\u201d, a t-il martel\u00e9. <\/span><\/p>\n<p class=\"p1\"><span class=\"s1\">Camara Mamadouba <\/span><\/p>\n<p class=\"p1\"><span class=\"s1\">611 46 04 10 <\/span><\/p>\n","protected":false},"excerpt":{"rendered":"<p>L\u2019Union des Forces R\u00e9publicaines (UFR) de l\u2019ancien premier, Sydia Tour\u00e9 s\u2019est prononc\u00e9 ce samedi, 23<\/p>\n","protected":false},"author":2,"featured_media":4336,"comment_status":"closed","ping_status":"open","sticky":false,"template":"","format":"standard","meta":[],"categories":[3,4],"tags":[229],"yoast_head":"<!-- This site is optimized with the Yoast SEO plugin v19.13 - https:\/\/yoast.com\/wordpress\/plugins\/seo\/ -->\n<title>Discours du colonel Mamadi Doumbouya \u00e0 la tribune des l\u2019ONU: \u201dLe discours du 21 septembre 2023, c\u2019est le d\u00e9nie de celui du 05 septembre 2021, Fod\u00e9 Bald\u00e9 - UNIVERSNEWS224<\/title>\n<meta name=\"robots\" content=\"index, follow, max-snippet:-1, max-image-preview:large, max-video-preview:-1\" \/>\n<link rel=\"canonical\" href=\"https:\/\/universnews224.com\/index.php\/discours-du-colonel-mamadi-doumbouya-a-la-tribune-des-lonu-le-discours-du-21-septembre-2023-cest-le-denie-de-celui-du-05-septembre-2021-fode-balde\/\" \/>\n<meta property=\"og:locale\" content=\"fr_FR\" \/>\n<meta property=\"og:type\" content=\"article\" \/>\n<meta property=\"og:title\" content=\"Discours du colonel Mamadi Doumbouya \u00e0 la tribune des l\u2019ONU: \u201dLe discours du 21 septembre 2023, c\u2019est le d\u00e9nie de celui du 05 septembre 2021, Fod\u00e9 Bald\u00e9 - UNIVERSNEWS224\" \/>\n<meta property=\"og:description\" content=\"L\u2019Union des Forces R\u00e9publicaines (UFR) de l\u2019ancien premier, Sydia Tour\u00e9 s\u2019est prononc\u00e9 ce samedi, 23\" \/>\n<meta property=\"og:url\" content=\"https:\/\/universnews224.com\/index.php\/discours-du-colonel-mamadi-doumbouya-a-la-tribune-des-lonu-le-discours-du-21-septembre-2023-cest-le-denie-de-celui-du-05-septembre-2021-fode-balde\/\" \/>\n<meta property=\"og:site_name\" content=\"UNIVERSNEWS224\" \/>\n<meta property=\"article:published_time\" content=\"2023-09-23T22:20:17+00:00\" \/>\n<meta property=\"og:image\" content=\"https:\/\/universnews224.com\/wp-content\/uploads\/2023\/09\/CCF6560E-8AA5-469A-BC5E-AD99213A46A1.jpeg\" \/>\n\t<meta property=\"og:image:width\" content=\"1020\" \/>\n\t<meta property=\"og:image:height\" content=\"768\" \/>\n\t<meta property=\"og:image:type\" content=\"image\/jpeg\" \/>\n<meta name=\"author\" content=\"La R\u00e9daction\" \/>\n<meta name=\"twitter:label1\" content=\"\u00c9crit par\" \/>\n\t<meta name=\"twitter:data1\" content=\"La R\u00e9daction\" \/>\n\t<meta name=\"twitter:label2\" content=\"Dur\u00e9e de lecture estim\u00e9e\" \/>\n\t<meta name=\"twitter:data2\" content=\"4 minutes\" \/>\n<script type=\"application\/ld+json\" class=\"yoast-schema-graph\">{\"@context\":\"https:\/\/schema.org\",\"@graph\":[{\"@type\":\"Article\",\"@id\":\"https:\/\/universnews224.com\/index.php\/discours-du-colonel-mamadi-doumbouya-a-la-tribune-des-lonu-le-discours-du-21-septembre-2023-cest-le-denie-de-celui-du-05-septembre-2021-fode-balde\/#article\",\"isPartOf\":{\"@id\":\"https:\/\/universnews224.com\/index.php\/discours-du-colonel-mamadi-doumbouya-a-la-tribune-des-lonu-le-discours-du-21-septembre-2023-cest-le-denie-de-celui-du-05-septembre-2021-fode-balde\/\"},\"author\":{\"name\":\"La R\u00e9daction\",\"@id\":\"https:\/\/universnews224.com\/#\/schema\/person\/a4b7d4f94a4716df60456a491260485e\"},\"headline\":\"Discours du colonel Mamadi Doumbouya \u00e0 la tribune des l\u2019ONU: \u201dLe discours du 21 septembre 2023, c\u2019est le d\u00e9nie de celui du 05 septembre 2021, Fod\u00e9 Bald\u00e9\",\"datePublished\":\"2023-09-23T22:20:17+00:00\",\"dateModified\":\"2023-09-23T22:20:17+00:00\",\"mainEntityOfPage\":{\"@id\":\"https:\/\/universnews224.com\/index.php\/discours-du-colonel-mamadi-doumbouya-a-la-tribune-des-lonu-le-discours-du-21-septembre-2023-cest-le-denie-de-celui-du-05-septembre-2021-fode-balde\/\"},\"wordCount\":689,\"publisher\":{\"@id\":\"https:\/\/universnews224.com\/#organization\"},\"keywords\":[\"La une\"],\"articleSection\":[\"ACTU\",\"POLITIQUE\"],\"inLanguage\":\"fr-FR\"},{\"@type\":\"WebPage\",\"@id\":\"https:\/\/universnews224.com\/index.php\/discours-du-colonel-mamadi-doumbouya-a-la-tribune-des-lonu-le-discours-du-21-septembre-2023-cest-le-denie-de-celui-du-05-septembre-2021-fode-balde\/\",\"url\":\"https:\/\/universnews224.com\/index.php\/discours-du-colonel-mamadi-doumbouya-a-la-tribune-des-lonu-le-discours-du-21-septembre-2023-cest-le-denie-de-celui-du-05-septembre-2021-fode-balde\/\",\"name\":\"Discours du colonel Mamadi Doumbouya \u00e0 la tribune des l\u2019ONU: \u201dLe discours du 21 septembre 2023, c\u2019est le d\u00e9nie de celui du 05 septembre 2021, Fod\u00e9 Bald\u00e9 - UNIVERSNEWS224\",\"isPartOf\":{\"@id\":\"https:\/\/universnews224.com\/#website\"},\"datePublished\":\"2023-09-23T22:20:17+00:00\",\"dateModified\":\"2023-09-23T22:20:17+00:00\",\"inLanguage\":\"fr-FR\",\"potentialAction\":[{\"@type\":\"ReadAction\",\"target\":[\"https:\/\/universnews224.com\/index.php\/discours-du-colonel-mamadi-doumbouya-a-la-tribune-des-lonu-le-discours-du-21-septembre-2023-cest-le-denie-de-celui-du-05-septembre-2021-fode-balde\/\"]}]},{\"@type\":\"WebSite\",\"@id\":\"https:\/\/universnews224.com\/#website\",\"url\":\"https:\/\/universnews224.com\/\",\"name\":\"UNIVERSNEWS224\",\"description\":\"\",\"publisher\":{\"@id\":\"https:\/\/universnews224.com\/#organization\"},\"potentialAction\":[{\"@type\":\"SearchAction\",\"target\":{\"@type\":\"EntryPoint\",\"urlTemplate\":\"https:\/\/universnews224.com\/?s={search_term_string}\"},\"query-input\":\"required name=search_term_string\"}],\"inLanguage\":\"fr-FR\"},{\"@type\":\"Organization\",\"@id\":\"https:\/\/universnews224.com\/#organization\",\"name\":\"UNIVERSNEWS224\",\"url\":\"https:\/\/universnews224.com\/\",\"logo\":{\"@type\":\"ImageObject\",\"inLanguage\":\"fr-FR\",\"@id\":\"https:\/\/universnews224.com\/#\/schema\/logo\/image\/\",\"url\":\"https:\/\/universnews224.com\/wp-content\/uploads\/2022\/08\/cropped-cropped-logoban.jpg\",\"contentUrl\":\"https:\/\/universnews224.com\/wp-content\/uploads\/2022\/08\/cropped-cropped-logoban.jpg\",\"width\":1080,\"height\":138,\"caption\":\"UNIVERSNEWS224\"},\"image\":{\"@id\":\"https:\/\/universnews224.com\/#\/schema\/logo\/image\/\"}},{\"@type\":\"Person\",\"@id\":\"https:\/\/universnews224.com\/#\/schema\/person\/a4b7d4f94a4716df60456a491260485e\",\"name\":\"La R\u00e9daction\",\"image\":{\"@type\":\"ImageObject\",\"inLanguage\":\"fr-FR\",\"@id\":\"https:\/\/universnews224.com\/#\/schema\/person\/image\/\",\"url\":\"https:\/\/secure.gravatar.com\/avatar\/edb90acc7752b23e1b3307ad36c14f0d?s=96&d=mm&r=g\",\"contentUrl\":\"https:\/\/secure.gravatar.com\/avatar\/edb90acc7752b23e1b3307ad36c14f0d?s=96&d=mm&r=g\",\"caption\":\"La R\u00e9daction\"},\"sameAs\":[\"https:\/\/universnews224.com\"],\"url\":\"https:\/\/universnews224.com\/index.php\/author\/m-camara\/\"}]}<\/script>\n<!-- \/ Yoast SEO plugin. -->","yoast_head_json":{"title":"Discours du colonel Mamadi Doumbouya \u00e0 la tribune des l\u2019ONU: \u201dLe discours du 21 septembre 2023, c\u2019est le d\u00e9nie de celui du 05 septembre 2021, Fod\u00e9 Bald\u00e9 - UNIVERSNEWS224","robots":{"index":"index","follow":"follow","max-snippet":"max-snippet:-1","max-image-preview":"max-image-preview:large","max-video-preview":"max-video-preview:-1"},"canonical":"https:\/\/universnews224.com\/index.php\/discours-du-colonel-mamadi-doumbouya-a-la-tribune-des-lonu-le-discours-du-21-septembre-2023-cest-le-denie-de-celui-du-05-septembre-2021-fode-balde\/","og_locale":"fr_FR","og_type":"article","og_title":"Discours du colonel Mamadi Doumbouya \u00e0 la tribune des l\u2019ONU: \u201dLe discours du 21 septembre 2023, c\u2019est le d\u00e9nie de celui du 05 septembre 2021, Fod\u00e9 Bald\u00e9 - UNIVERSNEWS224","og_description":"L\u2019Union des Forces R\u00e9publicaines (UFR) de l\u2019ancien premier, Sydia Tour\u00e9 s\u2019est prononc\u00e9 ce samedi, 23","og_url":"https:\/\/universnews224.com\/index.php\/discours-du-colonel-mamadi-doumbouya-a-la-tribune-des-lonu-le-discours-du-21-septembre-2023-cest-le-denie-de-celui-du-05-septembre-2021-fode-balde\/","og_site_name":"UNIVERSNEWS224","article_published_time":"2023-09-23T22:20:17+00:00","og_image":[{"width":1020,"height":768,"url":"https:\/\/universnews224.com\/wp-content\/uploads\/2023\/09\/CCF6560E-8AA5-469A-BC5E-AD99213A46A1.jpeg","type":"image\/jpeg"}],"author":"La R\u00e9daction","twitter_misc":{"\u00c9crit par":"La R\u00e9daction","Dur\u00e9e de lecture estim\u00e9e":"4 minutes"},"schema":{"@context":"https:\/\/schema.org","@graph":[{"@type":"Article","@id":"https:\/\/universnews224.com\/index.php\/discours-du-colonel-mamadi-doumbouya-a-la-tribune-des-lonu-le-discours-du-21-septembre-2023-cest-le-denie-de-celui-du-05-septembre-2021-fode-balde\/#article","isPartOf":{"@id":"https:\/\/universnews224.com\/index.php\/discours-du-colonel-mamadi-doumbouya-a-la-tribune-des-lonu-le-discours-du-21-septembre-2023-cest-le-denie-de-celui-du-05-septembre-2021-fode-balde\/"},"author":{"name":"La R\u00e9daction","@id":"https:\/\/universnews224.com\/#\/schema\/person\/a4b7d4f94a4716df60456a491260485e"},"headline":"Discours du colonel Mamadi Doumbouya \u00e0 la tribune des l\u2019ONU: \u201dLe discours du 21 septembre 2023, c\u2019est le d\u00e9nie de celui du 05 septembre 2021, Fod\u00e9 Bald\u00e9","datePublished":"2023-09-23T22:20:17+00:00","dateModified":"2023-09-23T22:20:17+00:00","mainEntityOfPage":{"@id":"https:\/\/universnews224.com\/index.php\/discours-du-colonel-mamadi-doumbouya-a-la-tribune-des-lonu-le-discours-du-21-septembre-2023-cest-le-denie-de-celui-du-05-septembre-2021-fode-balde\/"},"wordCount":689,"publisher":{"@id":"https:\/\/universnews224.com\/#organization"},"keywords":["La une"],"articleSection":["ACTU","POLITIQUE"],"inLanguage":"fr-FR"},{"@type":"WebPage","@id":"https:\/\/universnews224.com\/index.php\/discours-du-colonel-mamadi-doumbouya-a-la-tribune-des-lonu-le-discours-du-21-septembre-2023-cest-le-denie-de-celui-du-05-septembre-2021-fode-balde\/","url":"https:\/\/universnews224.com\/index.php\/discours-du-colonel-mamadi-doumbouya-a-la-tribune-des-lonu-le-discours-du-21-septembre-2023-cest-le-denie-de-celui-du-05-septembre-2021-fode-balde\/","name":"Discours du colonel Mamadi Doumbouya \u00e0 la tribune des l\u2019ONU: \u201dLe discours du 21 septembre 2023, c\u2019est le d\u00e9nie de celui du 05 septembre 2021, Fod\u00e9 Bald\u00e9 - UNIVERSNEWS224","isPartOf":{"@id":"https:\/\/universnews224.com\/#website"},"datePublished":"2023-09-23T22:20:17+00:00","dateModified":"2023-09-23T22:20:17+00:00","inLanguage":"fr-FR","potentialAction":[{"@type":"ReadAction","target":["https:\/\/universnews224.com\/index.php\/discours-du-colonel-mamadi-doumbouya-a-la-tribune-des-lonu-le-discours-du-21-septembre-2023-cest-le-denie-de-celui-du-05-septembre-2021-fode-balde\/"]}]},{"@type":"WebSite","@id":"https:\/\/universnews224.com\/#website","url":"https:\/\/universnews224.com\/","name":"UNIVERSNEWS224","description":"","publisher":{"@id":"https:\/\/universnews224.com\/#organization"},"potentialAction":[{"@type":"SearchAction","target":{"@type":"EntryPoint","urlTemplate":"https:\/\/universnews224.com\/?s={search_term_string}"},"query-input":"required name=search_term_string"}],"inLanguage":"fr-FR"},{"@type":"Organization","@id":"https:\/\/universnews224.com\/#organization","name":"UNIVERSNEWS224","url":"https:\/\/universnews224.com\/","logo":{"@type":"ImageObject","inLanguage":"fr-FR","@id":"https:\/\/universnews224.com\/#\/schema\/logo\/image\/","url":"https:\/\/universnews224.com\/wp-content\/uploads\/2022\/08\/cropped-cropped-logoban.jpg","contentUrl":"https:\/\/universnews224.com\/wp-content\/uploads\/2022\/08\/cropped-cropped-logoban.jpg","width":1080,"height":138,"caption":"UNIVERSNEWS224"},"image":{"@id":"https:\/\/universnews224.com\/#\/schema\/logo\/image\/"}},{"@type":"Person","@id":"https:\/\/universnews224.com\/#\/schema\/person\/a4b7d4f94a4716df60456a491260485e","name":"La R\u00e9daction","image":{"@type":"ImageObject","inLanguage":"fr-FR","@id":"https:\/\/universnews224.com\/#\/schema\/person\/image\/","url":"https:\/\/secure.gravatar.com\/avatar\/edb90acc7752b23e1b3307ad36c14f0d?s=96&d=mm&r=g","contentUrl":"https:\/\/secure.gravatar.com\/avatar\/edb90acc7752b23e1b3307ad36c14f0d?s=96&d=mm&r=g","caption":"La R\u00e9daction"},"sameAs":["https:\/\/universnews224.com"],"url":"https:\/\/universnews224.com\/index.php\/author\/m-camara\/"}]}},"_links":{"self":[{"href":"https:\/\/universnews224.com\/index.php\/wp-json\/wp\/v2\/posts\/4335"}],"collection":[{"href":"https:\/\/universnews224.com\/index.php\/wp-json\/wp\/v2\/posts"}],"about":[{"href":"https:\/\/universnews224.com\/index.php\/wp-json\/wp\/v2\/types\/post"}],"author":[{"embeddable":true,"href":"https:\/\/universnews224.com\/index.php\/wp-json\/wp\/v2\/users\/2"}],"replies":[{"embeddable":true,"href":"https:\/\/universnews224.com\/index.php\/wp-json\/wp\/v2\/comments?post=4335"}],"version-history":[{"count":1,"href":"https:\/\/universnews224.com\/index.php\/wp-json\/wp\/v2\/posts\/4335\/revisions"}],"predecessor-version":[{"id":4337,"href":"https:\/\/universnews224.com\/index.php\/wp-json\/wp\/v2\/posts\/4335\/revisions\/4337"}],"wp:featuredmedia":[{"embeddable":true,"href":"https:\/\/universnews224.com\/index.php\/wp-json\/wp\/v2\/media\/4336"}],"wp:attachment":[{"href":"https:\/\/universnews224.com\/index.php\/wp-json\/wp\/v2\/media?parent=4335"}],"wp:term":[{"taxonomy":"category","embeddable":true,"href":"https:\/\/universnews224.com\/index.php\/wp-json\/wp\/v2\/categories?post=4335"},{"taxonomy":"post_tag","embeddable":true,"href":"https:\/\/universnews224.com\/index.php\/wp-json\/wp\/v2\/tags?post=4335"}],"curies":[{"name":"wp","href":"https:\/\/api.w.org\/{rel}","templated":true}]}}