{"id":4338,"date":"2023-09-25T23:42:16","date_gmt":"2023-09-25T22:42:16","guid":{"rendered":"https:\/\/universnews224.com\/?p=4338"},"modified":"2023-09-25T23:42:16","modified_gmt":"2023-09-25T22:42:16","slug":"dr-faya-millimono-sur-le-discours-du-colonel-mamadi-doumbouya-a-lonu-le-choix-que-le-president-a-fait-de-dire-ce-quil-a-dit-cest-un-choix-que-jai-trouv","status":"publish","type":"post","link":"https:\/\/universnews224.com\/index.php\/dr-faya-millimono-sur-le-discours-du-colonel-mamadi-doumbouya-a-lonu-le-choix-que-le-president-a-fait-de-dire-ce-quil-a-dit-cest-un-choix-que-jai-trouv\/","title":{"rendered":"Dr Faya Millimono sur le discours du colonel Mamadi Doumbouya \u00e0 l\u2019ONU: \u201cLe choix que le pr\u00e9sident a fait, de dire ce qu\u2019il a dit, c\u2019est un choix que, j\u2019ai trouv\u00e9 approprier, les angles choisis \u00e9taient permanents\u201d"},"content":{"rendered":"<p class=\"p1\">Le discours du pr\u00e9sident de la transition, Colonel Mamadi Doumbouya tenu \u00e0 l\u2019occasion de la 78\u00e8me session de l\u2019assembl\u00e9e g\u00e9n\u00e9rale des Nations Unies continue de susciter des r\u00e9actions au sein de la classe politique Guin\u00e9enne.<\/p>\n<p class=\"p1\"><span class=\"s1\">Si certains pensent que, le colonel Mamadi Doumbouya a fait un discours rat\u00e9, en ignorant d\u2019\u00e9voquer les questions concernant la conduite de la transition , d\u2019autres contraire estiment que, le pr\u00e9sident de la transition a tenu un bon discours. C\u2019est le cas de Dr Faya Millimono, pr\u00e9sident du Bloc Lib\u00e9ral. <\/span><\/p>\n<p class=\"p1\"><span class=\"s1\">\u201cIl y a beaucoup d\u2019occasions pour le pr\u00e9sident Mamadi Doumbouya pour s\u2019adresser aux guin\u00e9ens et invoquer l\u2019agenda int\u00e9rieur de notre pays. L\u00e0-bas, il s\u2019adresse au monde entier, c\u2019est un certain nombre de principes qu\u2019il fallait \u00e9voquer. Ceux \u00e0 qui, il s\u2019adressait, c\u2019\u00e9taient les \u00c9tats du monde entier. Et donc, personnellement, quand on dit qu\u2019il devait aborder les questions du chronogramme et de<span class=\"Apple-converted-space\">\u00a0 <\/span>retour \u00e0 l\u2019ordre constitutionnel, je crois que, dans moins d\u2019une semaine, \u00e7a sera le 02 octobre. Il va s\u2019adresser aux guin\u00e9ens, il peut profiter de cette occasion pour d\u2019\u00e9voquer l\u2019\u00e9volution du processus de la transition. Le choix que le pr\u00e9sident a fait, de dire ce qu\u2019il a dit, c\u2019est un choix que, j\u2019ai trouv\u00e9 approprier, les angles choisis \u00e9taient permanents. Parce que c\u2019est un discours dans lequel, le pr\u00e9sident a dit ce que la Guin\u00e9e est. Des choses majeures qu\u2019il a dites dans ce discours, quand un moment donn\u00e9, il a dit, je suis ni pour, ni contre, Paul ou Pierre, je suis simplement pour l\u2019Afrique. \u00c7a m\u2019a rappel\u00e9 le choix historique du peuple depuis 1958, ce choix l\u00e0 doit continuer \u00e0 \u00eatre affirm\u00e9. C\u2019est-\u00e0-dire pour les guin\u00e9ens, nous n\u2019avons pas besoin d\u2019un parrain, nous avons \u00e9t\u00e9 colonis\u00e9, nous nous sommes lib\u00e9r\u00e9s de la colonisation pour que, nous ayons le droit de choisir nos partenaires pour le d\u00e9veloppement de notre pays. Et cela, ne doit subir aucune injonction de qui que \u00e7a soi et cela je trouve que le fait de le rappeler est important, a t-il martel\u00e9. <\/span><\/p>\n<p class=\"p1\"><span class=\"s1\">Camara Mamadouba <\/span><\/p>\n<p class=\"p1\"><span class=\"s1\">611 46 04 10 <\/span><\/p>\n","protected":false},"excerpt":{"rendered":"<p>Le discours du pr\u00e9sident de la transition, Colonel Mamadi Doumbouya tenu \u00e0 l\u2019occasion de la<\/p>\n","protected":false},"author":2,"featured_media":4339,"comment_status":"closed","ping_status":"open","sticky":false,"template":"","format":"standard","meta":[],"categories":[3,4],"tags":[229],"yoast_head":"<!-- This site is optimized with the Yoast SEO plugin v19.13 - https:\/\/yoast.com\/wordpress\/plugins\/seo\/ -->\n<title>Dr Faya Millimono sur le discours du colonel Mamadi Doumbouya \u00e0 l\u2019ONU: \u201cLe choix que le pr\u00e9sident a fait, de dire ce qu\u2019il a dit, c\u2019est un choix que, j\u2019ai trouv\u00e9 approprier, les angles choisis \u00e9taient permanents\u201d - UNIVERSNEWS224<\/title>\n<meta name=\"robots\" content=\"index, follow, max-snippet:-1, max-image-preview:large, max-video-preview:-1\" \/>\n<link rel=\"canonical\" href=\"https:\/\/universnews224.com\/index.php\/dr-faya-millimono-sur-le-discours-du-colonel-mamadi-doumbouya-a-lonu-le-choix-que-le-president-a-fait-de-dire-ce-quil-a-dit-cest-un-choix-que-jai-trouv\/\" \/>\n<meta property=\"og:locale\" content=\"fr_FR\" \/>\n<meta property=\"og:type\" content=\"article\" \/>\n<meta property=\"og:title\" content=\"Dr Faya Millimono sur le discours du colonel Mamadi Doumbouya \u00e0 l\u2019ONU: \u201cLe choix que le pr\u00e9sident a fait, de dire ce qu\u2019il a dit, c\u2019est un choix que, j\u2019ai trouv\u00e9 approprier, les angles choisis \u00e9taient permanents\u201d - UNIVERSNEWS224\" \/>\n<meta property=\"og:description\" content=\"Le discours du pr\u00e9sident de la transition, Colonel Mamadi Doumbouya tenu \u00e0 l\u2019occasion de la\" \/>\n<meta property=\"og:url\" content=\"https:\/\/universnews224.com\/index.php\/dr-faya-millimono-sur-le-discours-du-colonel-mamadi-doumbouya-a-lonu-le-choix-que-le-president-a-fait-de-dire-ce-quil-a-dit-cest-un-choix-que-jai-trouv\/\" \/>\n<meta property=\"og:site_name\" content=\"UNIVERSNEWS224\" \/>\n<meta property=\"article:published_time\" content=\"2023-09-25T22:42:16+00:00\" \/>\n<meta property=\"og:image\" content=\"https:\/\/universnews224.com\/wp-content\/uploads\/2023\/09\/AE944EC6-9BCA-4D15-A853-A9ABB8ACF509.jpeg\" \/>\n\t<meta property=\"og:image:width\" content=\"800\" \/>\n\t<meta property=\"og:image:height\" content=\"533\" \/>\n\t<meta property=\"og:image:type\" content=\"image\/jpeg\" \/>\n<meta name=\"author\" content=\"La R\u00e9daction\" \/>\n<meta name=\"twitter:label1\" content=\"\u00c9crit par\" \/>\n\t<meta name=\"twitter:data1\" content=\"La R\u00e9daction\" \/>\n\t<meta name=\"twitter:label2\" content=\"Dur\u00e9e de lecture estim\u00e9e\" \/>\n\t<meta name=\"twitter:data2\" content=\"2 minutes\" \/>\n<script type=\"application\/ld+json\" class=\"yoast-schema-graph\">{\"@context\":\"https:\/\/schema.org\",\"@graph\":[{\"@type\":\"Article\",\"@id\":\"https:\/\/universnews224.com\/index.php\/dr-faya-millimono-sur-le-discours-du-colonel-mamadi-doumbouya-a-lonu-le-choix-que-le-president-a-fait-de-dire-ce-quil-a-dit-cest-un-choix-que-jai-trouv\/#article\",\"isPartOf\":{\"@id\":\"https:\/\/universnews224.com\/index.php\/dr-faya-millimono-sur-le-discours-du-colonel-mamadi-doumbouya-a-lonu-le-choix-que-le-president-a-fait-de-dire-ce-quil-a-dit-cest-un-choix-que-jai-trouv\/\"},\"author\":{\"name\":\"La R\u00e9daction\",\"@id\":\"https:\/\/universnews224.com\/#\/schema\/person\/a4b7d4f94a4716df60456a491260485e\"},\"headline\":\"Dr Faya Millimono sur le discours du colonel Mamadi Doumbouya \u00e0 l\u2019ONU: \u201cLe choix que le pr\u00e9sident a fait, de dire ce qu\u2019il a dit, c\u2019est un choix que, j\u2019ai trouv\u00e9 approprier, les angles choisis \u00e9taient permanents\u201d\",\"datePublished\":\"2023-09-25T22:42:16+00:00\",\"dateModified\":\"2023-09-25T22:42:16+00:00\",\"mainEntityOfPage\":{\"@id\":\"https:\/\/universnews224.com\/index.php\/dr-faya-millimono-sur-le-discours-du-colonel-mamadi-doumbouya-a-lonu-le-choix-que-le-president-a-fait-de-dire-ce-quil-a-dit-cest-un-choix-que-jai-trouv\/\"},\"wordCount\":422,\"publisher\":{\"@id\":\"https:\/\/universnews224.com\/#organization\"},\"keywords\":[\"La une\"],\"articleSection\":[\"ACTU\",\"POLITIQUE\"],\"inLanguage\":\"fr-FR\"},{\"@type\":\"WebPage\",\"@id\":\"https:\/\/universnews224.com\/index.php\/dr-faya-millimono-sur-le-discours-du-colonel-mamadi-doumbouya-a-lonu-le-choix-que-le-president-a-fait-de-dire-ce-quil-a-dit-cest-un-choix-que-jai-trouv\/\",\"url\":\"https:\/\/universnews224.com\/index.php\/dr-faya-millimono-sur-le-discours-du-colonel-mamadi-doumbouya-a-lonu-le-choix-que-le-president-a-fait-de-dire-ce-quil-a-dit-cest-un-choix-que-jai-trouv\/\",\"name\":\"Dr Faya Millimono sur le discours du colonel Mamadi Doumbouya \u00e0 l\u2019ONU: \u201cLe choix que le pr\u00e9sident a fait, de dire ce qu\u2019il a dit, c\u2019est un choix que, j\u2019ai trouv\u00e9 approprier, les angles choisis \u00e9taient permanents\u201d - UNIVERSNEWS224\",\"isPartOf\":{\"@id\":\"https:\/\/universnews224.com\/#website\"},\"datePublished\":\"2023-09-25T22:42:16+00:00\",\"dateModified\":\"2023-09-25T22:42:16+00:00\",\"inLanguage\":\"fr-FR\",\"potentialAction\":[{\"@type\":\"ReadAction\",\"target\":[\"https:\/\/universnews224.com\/index.php\/dr-faya-millimono-sur-le-discours-du-colonel-mamadi-doumbouya-a-lonu-le-choix-que-le-president-a-fait-de-dire-ce-quil-a-dit-cest-un-choix-que-jai-trouv\/\"]}]},{\"@type\":\"WebSite\",\"@id\":\"https:\/\/universnews224.com\/#website\",\"url\":\"https:\/\/universnews224.com\/\",\"name\":\"UNIVERSNEWS224\",\"description\":\"\",\"publisher\":{\"@id\":\"https:\/\/universnews224.com\/#organization\"},\"potentialAction\":[{\"@type\":\"SearchAction\",\"target\":{\"@type\":\"EntryPoint\",\"urlTemplate\":\"https:\/\/universnews224.com\/?s={search_term_string}\"},\"query-input\":\"required name=search_term_string\"}],\"inLanguage\":\"fr-FR\"},{\"@type\":\"Organization\",\"@id\":\"https:\/\/universnews224.com\/#organization\",\"name\":\"UNIVERSNEWS224\",\"url\":\"https:\/\/universnews224.com\/\",\"logo\":{\"@type\":\"ImageObject\",\"inLanguage\":\"fr-FR\",\"@id\":\"https:\/\/universnews224.com\/#\/schema\/logo\/image\/\",\"url\":\"https:\/\/universnews224.com\/wp-content\/uploads\/2022\/08\/cropped-cropped-logoban.jpg\",\"contentUrl\":\"https:\/\/universnews224.com\/wp-content\/uploads\/2022\/08\/cropped-cropped-logoban.jpg\",\"width\":1080,\"height\":138,\"caption\":\"UNIVERSNEWS224\"},\"image\":{\"@id\":\"https:\/\/universnews224.com\/#\/schema\/logo\/image\/\"}},{\"@type\":\"Person\",\"@id\":\"https:\/\/universnews224.com\/#\/schema\/person\/a4b7d4f94a4716df60456a491260485e\",\"name\":\"La R\u00e9daction\",\"image\":{\"@type\":\"ImageObject\",\"inLanguage\":\"fr-FR\",\"@id\":\"https:\/\/universnews224.com\/#\/schema\/person\/image\/\",\"url\":\"https:\/\/secure.gravatar.com\/avatar\/edb90acc7752b23e1b3307ad36c14f0d?s=96&d=mm&r=g\",\"contentUrl\":\"https:\/\/secure.gravatar.com\/avatar\/edb90acc7752b23e1b3307ad36c14f0d?s=96&d=mm&r=g\",\"caption\":\"La R\u00e9daction\"},\"sameAs\":[\"https:\/\/universnews224.com\"],\"url\":\"https:\/\/universnews224.com\/index.php\/author\/m-camara\/\"}]}<\/script>\n<!-- \/ Yoast SEO plugin. -->","yoast_head_json":{"title":"Dr Faya Millimono sur le discours du colonel Mamadi Doumbouya \u00e0 l\u2019ONU: \u201cLe choix que le pr\u00e9sident a fait, de dire ce qu\u2019il a dit, c\u2019est un choix que, j\u2019ai trouv\u00e9 approprier, les angles choisis \u00e9taient permanents\u201d - UNIVERSNEWS224","robots":{"index":"index","follow":"follow","max-snippet":"max-snippet:-1","max-image-preview":"max-image-preview:large","max-video-preview":"max-video-preview:-1"},"canonical":"https:\/\/universnews224.com\/index.php\/dr-faya-millimono-sur-le-discours-du-colonel-mamadi-doumbouya-a-lonu-le-choix-que-le-president-a-fait-de-dire-ce-quil-a-dit-cest-un-choix-que-jai-trouv\/","og_locale":"fr_FR","og_type":"article","og_title":"Dr Faya Millimono sur le discours du colonel Mamadi Doumbouya \u00e0 l\u2019ONU: \u201cLe choix que le pr\u00e9sident a fait, de dire ce qu\u2019il a dit, c\u2019est un choix que, j\u2019ai trouv\u00e9 approprier, les angles choisis \u00e9taient permanents\u201d - UNIVERSNEWS224","og_description":"Le discours du pr\u00e9sident de la transition, Colonel Mamadi Doumbouya tenu \u00e0 l\u2019occasion de la","og_url":"https:\/\/universnews224.com\/index.php\/dr-faya-millimono-sur-le-discours-du-colonel-mamadi-doumbouya-a-lonu-le-choix-que-le-president-a-fait-de-dire-ce-quil-a-dit-cest-un-choix-que-jai-trouv\/","og_site_name":"UNIVERSNEWS224","article_published_time":"2023-09-25T22:42:16+00:00","og_image":[{"width":800,"height":533,"url":"https:\/\/universnews224.com\/wp-content\/uploads\/2023\/09\/AE944EC6-9BCA-4D15-A853-A9ABB8ACF509.jpeg","type":"image\/jpeg"}],"author":"La R\u00e9daction","twitter_misc":{"\u00c9crit par":"La R\u00e9daction","Dur\u00e9e de lecture estim\u00e9e":"2 minutes"},"schema":{"@context":"https:\/\/schema.org","@graph":[{"@type":"Article","@id":"https:\/\/universnews224.com\/index.php\/dr-faya-millimono-sur-le-discours-du-colonel-mamadi-doumbouya-a-lonu-le-choix-que-le-president-a-fait-de-dire-ce-quil-a-dit-cest-un-choix-que-jai-trouv\/#article","isPartOf":{"@id":"https:\/\/universnews224.com\/index.php\/dr-faya-millimono-sur-le-discours-du-colonel-mamadi-doumbouya-a-lonu-le-choix-que-le-president-a-fait-de-dire-ce-quil-a-dit-cest-un-choix-que-jai-trouv\/"},"author":{"name":"La R\u00e9daction","@id":"https:\/\/universnews224.com\/#\/schema\/person\/a4b7d4f94a4716df60456a491260485e"},"headline":"Dr Faya Millimono sur le discours du colonel Mamadi Doumbouya \u00e0 l\u2019ONU: \u201cLe choix que le pr\u00e9sident a fait, de dire ce qu\u2019il a dit, c\u2019est un choix que, j\u2019ai trouv\u00e9 approprier, les angles choisis \u00e9taient permanents\u201d","datePublished":"2023-09-25T22:42:16+00:00","dateModified":"2023-09-25T22:42:16+00:00","mainEntityOfPage":{"@id":"https:\/\/universnews224.com\/index.php\/dr-faya-millimono-sur-le-discours-du-colonel-mamadi-doumbouya-a-lonu-le-choix-que-le-president-a-fait-de-dire-ce-quil-a-dit-cest-un-choix-que-jai-trouv\/"},"wordCount":422,"publisher":{"@id":"https:\/\/universnews224.com\/#organization"},"keywords":["La une"],"articleSection":["ACTU","POLITIQUE"],"inLanguage":"fr-FR"},{"@type":"WebPage","@id":"https:\/\/universnews224.com\/index.php\/dr-faya-millimono-sur-le-discours-du-colonel-mamadi-doumbouya-a-lonu-le-choix-que-le-president-a-fait-de-dire-ce-quil-a-dit-cest-un-choix-que-jai-trouv\/","url":"https:\/\/universnews224.com\/index.php\/dr-faya-millimono-sur-le-discours-du-colonel-mamadi-doumbouya-a-lonu-le-choix-que-le-president-a-fait-de-dire-ce-quil-a-dit-cest-un-choix-que-jai-trouv\/","name":"Dr Faya Millimono sur le discours du colonel Mamadi Doumbouya \u00e0 l\u2019ONU: \u201cLe choix que le pr\u00e9sident a fait, de dire ce qu\u2019il a dit, c\u2019est un choix que, j\u2019ai trouv\u00e9 approprier, les angles choisis \u00e9taient permanents\u201d - UNIVERSNEWS224","isPartOf":{"@id":"https:\/\/universnews224.com\/#website"},"datePublished":"2023-09-25T22:42:16+00:00","dateModified":"2023-09-25T22:42:16+00:00","inLanguage":"fr-FR","potentialAction":[{"@type":"ReadAction","target":["https:\/\/universnews224.com\/index.php\/dr-faya-millimono-sur-le-discours-du-colonel-mamadi-doumbouya-a-lonu-le-choix-que-le-president-a-fait-de-dire-ce-quil-a-dit-cest-un-choix-que-jai-trouv\/"]}]},{"@type":"WebSite","@id":"https:\/\/universnews224.com\/#website","url":"https:\/\/universnews224.com\/","name":"UNIVERSNEWS224","description":"","publisher":{"@id":"https:\/\/universnews224.com\/#organization"},"potentialAction":[{"@type":"SearchAction","target":{"@type":"EntryPoint","urlTemplate":"https:\/\/universnews224.com\/?s={search_term_string}"},"query-input":"required name=search_term_string"}],"inLanguage":"fr-FR"},{"@type":"Organization","@id":"https:\/\/universnews224.com\/#organization","name":"UNIVERSNEWS224","url":"https:\/\/universnews224.com\/","logo":{"@type":"ImageObject","inLanguage":"fr-FR","@id":"https:\/\/universnews224.com\/#\/schema\/logo\/image\/","url":"https:\/\/universnews224.com\/wp-content\/uploads\/2022\/08\/cropped-cropped-logoban.jpg","contentUrl":"https:\/\/universnews224.com\/wp-content\/uploads\/2022\/08\/cropped-cropped-logoban.jpg","width":1080,"height":138,"caption":"UNIVERSNEWS224"},"image":{"@id":"https:\/\/universnews224.com\/#\/schema\/logo\/image\/"}},{"@type":"Person","@id":"https:\/\/universnews224.com\/#\/schema\/person\/a4b7d4f94a4716df60456a491260485e","name":"La R\u00e9daction","image":{"@type":"ImageObject","inLanguage":"fr-FR","@id":"https:\/\/universnews224.com\/#\/schema\/person\/image\/","url":"https:\/\/secure.gravatar.com\/avatar\/edb90acc7752b23e1b3307ad36c14f0d?s=96&d=mm&r=g","contentUrl":"https:\/\/secure.gravatar.com\/avatar\/edb90acc7752b23e1b3307ad36c14f0d?s=96&d=mm&r=g","caption":"La R\u00e9daction"},"sameAs":["https:\/\/universnews224.com"],"url":"https:\/\/universnews224.com\/index.php\/author\/m-camara\/"}]}},"_links":{"self":[{"href":"https:\/\/universnews224.com\/index.php\/wp-json\/wp\/v2\/posts\/4338"}],"collection":[{"href":"https:\/\/universnews224.com\/index.php\/wp-json\/wp\/v2\/posts"}],"about":[{"href":"https:\/\/universnews224.com\/index.php\/wp-json\/wp\/v2\/types\/post"}],"author":[{"embeddable":true,"href":"https:\/\/universnews224.com\/index.php\/wp-json\/wp\/v2\/users\/2"}],"replies":[{"embeddable":true,"href":"https:\/\/universnews224.com\/index.php\/wp-json\/wp\/v2\/comments?post=4338"}],"version-history":[{"count":1,"href":"https:\/\/universnews224.com\/index.php\/wp-json\/wp\/v2\/posts\/4338\/revisions"}],"predecessor-version":[{"id":4340,"href":"https:\/\/universnews224.com\/index.php\/wp-json\/wp\/v2\/posts\/4338\/revisions\/4340"}],"wp:featuredmedia":[{"embeddable":true,"href":"https:\/\/universnews224.com\/index.php\/wp-json\/wp\/v2\/media\/4339"}],"wp:attachment":[{"href":"https:\/\/universnews224.com\/index.php\/wp-json\/wp\/v2\/media?parent=4338"}],"wp:term":[{"taxonomy":"category","embeddable":true,"href":"https:\/\/universnews224.com\/index.php\/wp-json\/wp\/v2\/categories?post=4338"},{"taxonomy":"post_tag","embeddable":true,"href":"https:\/\/universnews224.com\/index.php\/wp-json\/wp\/v2\/tags?post=4338"}],"curies":[{"name":"wp","href":"https:\/\/api.w.org\/{rel}","templated":true}]}}