{"id":4350,"date":"2023-09-28T19:28:01","date_gmt":"2023-09-28T18:28:01","guid":{"rendered":"https:\/\/universnews224.com\/?p=4350"},"modified":"2023-09-28T19:28:01","modified_gmt":"2023-09-28T18:28:01","slug":"gel-des-salaire-de-certains-magistrats-nous-avons-accueilli-cet-acte-de-suspension-avec-assez-detonnement","status":"publish","type":"post","link":"https:\/\/universnews224.com\/index.php\/gel-des-salaire-de-certains-magistrats-nous-avons-accueilli-cet-acte-de-suspension-avec-assez-detonnement\/","title":{"rendered":"Gel des salaire de certains magistrats: \u201cNous avons accueilli cet acte de suspension avec assez d\u2019\u00e9tonnement\u201d"},"content":{"rendered":"<p class=\"p1\">Dans une d\u00e9cision publi\u00e9e dans la presse ce mercredi 27 septembre 2022 , le ministre de la Justice et des Droits de l\u2019Homme a ordonn\u00e9 le gel des salaires de certains magistrats gr\u00e9vistes. Charles Alphonse Wright reproche \u00e0 ces magistrats d\u2019avoir \u00ab abandonner leurs postes \u00bb<\/p>\n<p class=\"p1\"><span class=\"s1\">R\u00e9gissant sur cette actualit\u00e9 chez nos confr\u00e8res de la radio FIM Fm dans l\u2019\u00e9mission Mirador de ce jeudi, 28 septembre 2023, Th\u00e9ophile Kouadio, charg\u00e9 de communication de l\u2019Association des Magistrats de Guin\u00e9e se dit \u00e9tonn\u00e9 par cette d\u00e9cision du garde des sceaux. <\/span><\/p>\n<p class=\"p1\"><span class=\"s1\">\u201cNous avons accueilli cet acte de suspension avec assez d\u2019\u00e9tonnement. \u00c9tonnant par rapport \u00e0 l\u2019attitude, mais pas \u00e0 la personne parce que nous d\u00e9couvrons davantage qu\u2019il est beaucoup plus aise en violation des textes, beaucoup plus aise pour poser des actes qui ne sont pas confirmes \u00e0 aucun texte et se qui demerde \u00e0 vouloir trouver des bases \u00e0 ces actes pour induire ceux qui ex\u00e9cutent ces actes ill\u00e9gaux en erreur. Parce que lorsque vous prenez le salaire d\u2019un individu, le salaire a un caract\u00e8re alimentaire. Peut importe m\u00eame si c\u2019est dans le cadre d\u2019une proc\u00e9dure judiciaire, m\u00eame si c\u2019est un juge d\u00e9cide d\u2019ordonner la saisie d\u2019un salaire d\u2019un individu, il y a une proc\u00e9dure qui est indiqu\u00e9e qu\u2019on ne doit pas d\u00e9passer. Mais, ce Monsieur s\u2019est dit non, c\u2019est moi qui d\u00e9cide comme si c\u2019est de sa poche que venait le salaire d\u2019un magistrat\u201d, a t-il indiqu\u00e9. <\/span><\/p>\n<p class=\"p1\"><span class=\"s1\">Poursuivant, le charg\u00e9 de communication de l\u2019AMG a annonc\u00e9 qu\u2019une rencontre est pr\u00e9vue demain vendredi pour envisager la d\u00e9marche \u00e0 suivre contre cette d\u00e9cision du ministre de la justice. <\/span><\/p>\n<p class=\"p1\"><span class=\"s1\">\u201cAvec ce genre d\u2019individu, il faut s\u2019attendre \u00e0 tout, nous<span class=\"Apple-converted-space\">\u00a0 <\/span>sommes mentalement pr\u00eats, quoiqu\u2019il arrive. Nous sommes dans une action que nous menons en face d\u2019un individu qui est pr\u00eat \u00e0 attendre ces objectifs, peut importe la violation qu\u2019il doit mettre en avant, nous sommes assez pr\u00eats. M\u00eame s\u2019il y a une d\u00e9cision plus que le gel des salaires, cela ne nous \u00e9tonnera pas et nous sommes pr\u00eats. C\u2019est pourquoi, nous sommes de nous r\u00e9unir demain vendredi et d\u00e9cider la d\u00e9marche \u00e0 envisager de la plus forte \u00e9galement pour \u00eatre assez proportionnelle \u00e0 la convocation qui vient du minist\u00e8re de la justice\u201d, a t-il not\u00e9. <\/span><\/p>\n","protected":false},"excerpt":{"rendered":"<p>Dans une d\u00e9cision publi\u00e9e dans la presse ce mercredi 27 septembre 2022 , le ministre<\/p>\n","protected":false},"author":2,"featured_media":4351,"comment_status":"closed","ping_status":"open","sticky":false,"template":"","format":"standard","meta":[],"categories":[3,5],"tags":[229],"yoast_head":"<!-- This site is optimized with the Yoast SEO plugin v19.13 - https:\/\/yoast.com\/wordpress\/plugins\/seo\/ -->\n<title>Gel des salaire de certains magistrats: \u201cNous avons accueilli cet acte de suspension avec assez d\u2019\u00e9tonnement\u201d - UNIVERSNEWS224<\/title>\n<meta name=\"robots\" content=\"index, follow, max-snippet:-1, max-image-preview:large, max-video-preview:-1\" \/>\n<link rel=\"canonical\" href=\"https:\/\/universnews224.com\/index.php\/gel-des-salaire-de-certains-magistrats-nous-avons-accueilli-cet-acte-de-suspension-avec-assez-detonnement\/\" \/>\n<meta property=\"og:locale\" content=\"fr_FR\" \/>\n<meta property=\"og:type\" content=\"article\" \/>\n<meta property=\"og:title\" content=\"Gel des salaire de certains magistrats: \u201cNous avons accueilli cet acte de suspension avec assez d\u2019\u00e9tonnement\u201d - UNIVERSNEWS224\" \/>\n<meta property=\"og:description\" content=\"Dans une d\u00e9cision publi\u00e9e dans la presse ce mercredi 27 septembre 2022 , le ministre\" \/>\n<meta property=\"og:url\" content=\"https:\/\/universnews224.com\/index.php\/gel-des-salaire-de-certains-magistrats-nous-avons-accueilli-cet-acte-de-suspension-avec-assez-detonnement\/\" \/>\n<meta property=\"og:site_name\" content=\"UNIVERSNEWS224\" \/>\n<meta property=\"article:published_time\" content=\"2023-09-28T18:28:01+00:00\" \/>\n<meta property=\"og:image\" content=\"https:\/\/universnews224.com\/wp-content\/uploads\/2023\/09\/175CE741-9A97-4CBC-B4C8-6FF56CFBF7C8.png\" \/>\n\t<meta property=\"og:image:width\" content=\"384\" \/>\n\t<meta property=\"og:image:height\" content=\"216\" \/>\n\t<meta property=\"og:image:type\" content=\"image\/png\" \/>\n<meta name=\"author\" content=\"La R\u00e9daction\" \/>\n<meta name=\"twitter:label1\" content=\"\u00c9crit par\" \/>\n\t<meta name=\"twitter:data1\" content=\"La R\u00e9daction\" \/>\n\t<meta name=\"twitter:label2\" content=\"Dur\u00e9e de lecture estim\u00e9e\" \/>\n\t<meta name=\"twitter:data2\" content=\"2 minutes\" \/>\n<script type=\"application\/ld+json\" class=\"yoast-schema-graph\">{\"@context\":\"https:\/\/schema.org\",\"@graph\":[{\"@type\":\"Article\",\"@id\":\"https:\/\/universnews224.com\/index.php\/gel-des-salaire-de-certains-magistrats-nous-avons-accueilli-cet-acte-de-suspension-avec-assez-detonnement\/#article\",\"isPartOf\":{\"@id\":\"https:\/\/universnews224.com\/index.php\/gel-des-salaire-de-certains-magistrats-nous-avons-accueilli-cet-acte-de-suspension-avec-assez-detonnement\/\"},\"author\":{\"name\":\"La R\u00e9daction\",\"@id\":\"https:\/\/universnews224.com\/#\/schema\/person\/a4b7d4f94a4716df60456a491260485e\"},\"headline\":\"Gel des salaire de certains magistrats: \u201cNous avons accueilli cet acte de suspension avec assez d\u2019\u00e9tonnement\u201d\",\"datePublished\":\"2023-09-28T18:28:01+00:00\",\"dateModified\":\"2023-09-28T18:28:01+00:00\",\"mainEntityOfPage\":{\"@id\":\"https:\/\/universnews224.com\/index.php\/gel-des-salaire-de-certains-magistrats-nous-avons-accueilli-cet-acte-de-suspension-avec-assez-detonnement\/\"},\"wordCount\":430,\"publisher\":{\"@id\":\"https:\/\/universnews224.com\/#organization\"},\"keywords\":[\"La une\"],\"articleSection\":[\"ACTU\",\"SOCI\u00c9T\u00c9\"],\"inLanguage\":\"fr-FR\"},{\"@type\":\"WebPage\",\"@id\":\"https:\/\/universnews224.com\/index.php\/gel-des-salaire-de-certains-magistrats-nous-avons-accueilli-cet-acte-de-suspension-avec-assez-detonnement\/\",\"url\":\"https:\/\/universnews224.com\/index.php\/gel-des-salaire-de-certains-magistrats-nous-avons-accueilli-cet-acte-de-suspension-avec-assez-detonnement\/\",\"name\":\"Gel des salaire de certains magistrats: \u201cNous avons accueilli cet acte de suspension avec assez d\u2019\u00e9tonnement\u201d - UNIVERSNEWS224\",\"isPartOf\":{\"@id\":\"https:\/\/universnews224.com\/#website\"},\"datePublished\":\"2023-09-28T18:28:01+00:00\",\"dateModified\":\"2023-09-28T18:28:01+00:00\",\"inLanguage\":\"fr-FR\",\"potentialAction\":[{\"@type\":\"ReadAction\",\"target\":[\"https:\/\/universnews224.com\/index.php\/gel-des-salaire-de-certains-magistrats-nous-avons-accueilli-cet-acte-de-suspension-avec-assez-detonnement\/\"]}]},{\"@type\":\"WebSite\",\"@id\":\"https:\/\/universnews224.com\/#website\",\"url\":\"https:\/\/universnews224.com\/\",\"name\":\"UNIVERSNEWS224\",\"description\":\"\",\"publisher\":{\"@id\":\"https:\/\/universnews224.com\/#organization\"},\"potentialAction\":[{\"@type\":\"SearchAction\",\"target\":{\"@type\":\"EntryPoint\",\"urlTemplate\":\"https:\/\/universnews224.com\/?s={search_term_string}\"},\"query-input\":\"required name=search_term_string\"}],\"inLanguage\":\"fr-FR\"},{\"@type\":\"Organization\",\"@id\":\"https:\/\/universnews224.com\/#organization\",\"name\":\"UNIVERSNEWS224\",\"url\":\"https:\/\/universnews224.com\/\",\"logo\":{\"@type\":\"ImageObject\",\"inLanguage\":\"fr-FR\",\"@id\":\"https:\/\/universnews224.com\/#\/schema\/logo\/image\/\",\"url\":\"https:\/\/universnews224.com\/wp-content\/uploads\/2022\/08\/cropped-cropped-logoban.jpg\",\"contentUrl\":\"https:\/\/universnews224.com\/wp-content\/uploads\/2022\/08\/cropped-cropped-logoban.jpg\",\"width\":1080,\"height\":138,\"caption\":\"UNIVERSNEWS224\"},\"image\":{\"@id\":\"https:\/\/universnews224.com\/#\/schema\/logo\/image\/\"}},{\"@type\":\"Person\",\"@id\":\"https:\/\/universnews224.com\/#\/schema\/person\/a4b7d4f94a4716df60456a491260485e\",\"name\":\"La R\u00e9daction\",\"image\":{\"@type\":\"ImageObject\",\"inLanguage\":\"fr-FR\",\"@id\":\"https:\/\/universnews224.com\/#\/schema\/person\/image\/\",\"url\":\"https:\/\/secure.gravatar.com\/avatar\/edb90acc7752b23e1b3307ad36c14f0d?s=96&d=mm&r=g\",\"contentUrl\":\"https:\/\/secure.gravatar.com\/avatar\/edb90acc7752b23e1b3307ad36c14f0d?s=96&d=mm&r=g\",\"caption\":\"La R\u00e9daction\"},\"sameAs\":[\"https:\/\/universnews224.com\"],\"url\":\"https:\/\/universnews224.com\/index.php\/author\/m-camara\/\"}]}<\/script>\n<!-- \/ Yoast SEO plugin. -->","yoast_head_json":{"title":"Gel des salaire de certains magistrats: \u201cNous avons accueilli cet acte de suspension avec assez d\u2019\u00e9tonnement\u201d - UNIVERSNEWS224","robots":{"index":"index","follow":"follow","max-snippet":"max-snippet:-1","max-image-preview":"max-image-preview:large","max-video-preview":"max-video-preview:-1"},"canonical":"https:\/\/universnews224.com\/index.php\/gel-des-salaire-de-certains-magistrats-nous-avons-accueilli-cet-acte-de-suspension-avec-assez-detonnement\/","og_locale":"fr_FR","og_type":"article","og_title":"Gel des salaire de certains magistrats: \u201cNous avons accueilli cet acte de suspension avec assez d\u2019\u00e9tonnement\u201d - UNIVERSNEWS224","og_description":"Dans une d\u00e9cision publi\u00e9e dans la presse ce mercredi 27 septembre 2022 , le ministre","og_url":"https:\/\/universnews224.com\/index.php\/gel-des-salaire-de-certains-magistrats-nous-avons-accueilli-cet-acte-de-suspension-avec-assez-detonnement\/","og_site_name":"UNIVERSNEWS224","article_published_time":"2023-09-28T18:28:01+00:00","og_image":[{"width":384,"height":216,"url":"https:\/\/universnews224.com\/wp-content\/uploads\/2023\/09\/175CE741-9A97-4CBC-B4C8-6FF56CFBF7C8.png","type":"image\/png"}],"author":"La R\u00e9daction","twitter_misc":{"\u00c9crit par":"La R\u00e9daction","Dur\u00e9e de lecture estim\u00e9e":"2 minutes"},"schema":{"@context":"https:\/\/schema.org","@graph":[{"@type":"Article","@id":"https:\/\/universnews224.com\/index.php\/gel-des-salaire-de-certains-magistrats-nous-avons-accueilli-cet-acte-de-suspension-avec-assez-detonnement\/#article","isPartOf":{"@id":"https:\/\/universnews224.com\/index.php\/gel-des-salaire-de-certains-magistrats-nous-avons-accueilli-cet-acte-de-suspension-avec-assez-detonnement\/"},"author":{"name":"La R\u00e9daction","@id":"https:\/\/universnews224.com\/#\/schema\/person\/a4b7d4f94a4716df60456a491260485e"},"headline":"Gel des salaire de certains magistrats: \u201cNous avons accueilli cet acte de suspension avec assez d\u2019\u00e9tonnement\u201d","datePublished":"2023-09-28T18:28:01+00:00","dateModified":"2023-09-28T18:28:01+00:00","mainEntityOfPage":{"@id":"https:\/\/universnews224.com\/index.php\/gel-des-salaire-de-certains-magistrats-nous-avons-accueilli-cet-acte-de-suspension-avec-assez-detonnement\/"},"wordCount":430,"publisher":{"@id":"https:\/\/universnews224.com\/#organization"},"keywords":["La une"],"articleSection":["ACTU","SOCI\u00c9T\u00c9"],"inLanguage":"fr-FR"},{"@type":"WebPage","@id":"https:\/\/universnews224.com\/index.php\/gel-des-salaire-de-certains-magistrats-nous-avons-accueilli-cet-acte-de-suspension-avec-assez-detonnement\/","url":"https:\/\/universnews224.com\/index.php\/gel-des-salaire-de-certains-magistrats-nous-avons-accueilli-cet-acte-de-suspension-avec-assez-detonnement\/","name":"Gel des salaire de certains magistrats: \u201cNous avons accueilli cet acte de suspension avec assez d\u2019\u00e9tonnement\u201d - UNIVERSNEWS224","isPartOf":{"@id":"https:\/\/universnews224.com\/#website"},"datePublished":"2023-09-28T18:28:01+00:00","dateModified":"2023-09-28T18:28:01+00:00","inLanguage":"fr-FR","potentialAction":[{"@type":"ReadAction","target":["https:\/\/universnews224.com\/index.php\/gel-des-salaire-de-certains-magistrats-nous-avons-accueilli-cet-acte-de-suspension-avec-assez-detonnement\/"]}]},{"@type":"WebSite","@id":"https:\/\/universnews224.com\/#website","url":"https:\/\/universnews224.com\/","name":"UNIVERSNEWS224","description":"","publisher":{"@id":"https:\/\/universnews224.com\/#organization"},"potentialAction":[{"@type":"SearchAction","target":{"@type":"EntryPoint","urlTemplate":"https:\/\/universnews224.com\/?s={search_term_string}"},"query-input":"required name=search_term_string"}],"inLanguage":"fr-FR"},{"@type":"Organization","@id":"https:\/\/universnews224.com\/#organization","name":"UNIVERSNEWS224","url":"https:\/\/universnews224.com\/","logo":{"@type":"ImageObject","inLanguage":"fr-FR","@id":"https:\/\/universnews224.com\/#\/schema\/logo\/image\/","url":"https:\/\/universnews224.com\/wp-content\/uploads\/2022\/08\/cropped-cropped-logoban.jpg","contentUrl":"https:\/\/universnews224.com\/wp-content\/uploads\/2022\/08\/cropped-cropped-logoban.jpg","width":1080,"height":138,"caption":"UNIVERSNEWS224"},"image":{"@id":"https:\/\/universnews224.com\/#\/schema\/logo\/image\/"}},{"@type":"Person","@id":"https:\/\/universnews224.com\/#\/schema\/person\/a4b7d4f94a4716df60456a491260485e","name":"La R\u00e9daction","image":{"@type":"ImageObject","inLanguage":"fr-FR","@id":"https:\/\/universnews224.com\/#\/schema\/person\/image\/","url":"https:\/\/secure.gravatar.com\/avatar\/edb90acc7752b23e1b3307ad36c14f0d?s=96&d=mm&r=g","contentUrl":"https:\/\/secure.gravatar.com\/avatar\/edb90acc7752b23e1b3307ad36c14f0d?s=96&d=mm&r=g","caption":"La R\u00e9daction"},"sameAs":["https:\/\/universnews224.com"],"url":"https:\/\/universnews224.com\/index.php\/author\/m-camara\/"}]}},"_links":{"self":[{"href":"https:\/\/universnews224.com\/index.php\/wp-json\/wp\/v2\/posts\/4350"}],"collection":[{"href":"https:\/\/universnews224.com\/index.php\/wp-json\/wp\/v2\/posts"}],"about":[{"href":"https:\/\/universnews224.com\/index.php\/wp-json\/wp\/v2\/types\/post"}],"author":[{"embeddable":true,"href":"https:\/\/universnews224.com\/index.php\/wp-json\/wp\/v2\/users\/2"}],"replies":[{"embeddable":true,"href":"https:\/\/universnews224.com\/index.php\/wp-json\/wp\/v2\/comments?post=4350"}],"version-history":[{"count":1,"href":"https:\/\/universnews224.com\/index.php\/wp-json\/wp\/v2\/posts\/4350\/revisions"}],"predecessor-version":[{"id":4352,"href":"https:\/\/universnews224.com\/index.php\/wp-json\/wp\/v2\/posts\/4350\/revisions\/4352"}],"wp:featuredmedia":[{"embeddable":true,"href":"https:\/\/universnews224.com\/index.php\/wp-json\/wp\/v2\/media\/4351"}],"wp:attachment":[{"href":"https:\/\/universnews224.com\/index.php\/wp-json\/wp\/v2\/media?parent=4350"}],"wp:term":[{"taxonomy":"category","embeddable":true,"href":"https:\/\/universnews224.com\/index.php\/wp-json\/wp\/v2\/categories?post=4350"},{"taxonomy":"post_tag","embeddable":true,"href":"https:\/\/universnews224.com\/index.php\/wp-json\/wp\/v2\/tags?post=4350"}],"curies":[{"name":"wp","href":"https:\/\/api.w.org\/{rel}","templated":true}]}}