{"id":4353,"date":"2023-09-28T19:30:53","date_gmt":"2023-09-28T18:30:53","guid":{"rendered":"https:\/\/universnews224.com\/?p=4353"},"modified":"2023-09-28T19:30:53","modified_gmt":"2023-09-28T18:30:53","slug":"paul-amegakpo-si-nous-suivons-le-bon-ordre-etabli-ou-exprime-par-le-president-doumbouya-a-la-tribune-des-nations-unies-effectivement-les-politiques-sont-releguees-au-troisieme-plan-et-cel","status":"publish","type":"post","link":"https:\/\/universnews224.com\/index.php\/paul-amegakpo-si-nous-suivons-le-bon-ordre-etabli-ou-exprime-par-le-president-doumbouya-a-la-tribune-des-nations-unies-effectivement-les-politiques-sont-releguees-au-troisieme-plan-et-cel\/","title":{"rendered":"Paul Amegakpo. : \u201cSi nous suivons le bon ordre \u00e9tabli ou exprim\u00e9 par le pr\u00e9sident Doumbouya \u00e0 la tribune des Nations Unies, effectivement les politiques sont rel\u00e9gu\u00e9es au troisi\u00e8me plan et cela pourrait \u00eatre inqui\u00e9tant\u201d"},"content":{"rendered":"<p class=\"p1\">L\u2019absence du retour \u00e0 l\u2019ordre constitutionnel dans le discours pr\u00e9sident de la transition, colonel Mamadi Doumbouya tenu 21 septembre dernier, en marge \u00e0 la 78\u00e8me session de l\u2019assembl\u00e9e g\u00e9n\u00e9rale des Nations Unies pr\u00e9occupe certains acteurs politiques et de la soci\u00e9t\u00e9 guin\u00e9enne.<\/p>\n<p class=\"p1\"><span class=\"s1\">Interrog\u00e9 sur cette question par nos confr\u00e8res de la radio Fim Fm dans l\u2019\u00e9mission Mirador de ce jeudi, 28 septembre 2023, l\u2019ancien Directeur pays de NDI en Guin\u00e9e, Paul Amegakpo exprime sa vive inqui\u00e9tude pour l\u2019omission dans le discours du Colonel Mamadi Doumbouya du retour \u00e0 l\u2019ordre constitutionnel. <\/span><\/p>\n<p class=\"p1\"><span class=\"s1\">\u201cNous avons tous suivi attentivement ce passage et ce que, nous pouvons retenir, c\u2019est qu\u2019il a \u00e9voqu\u00e9 en bon nombre. \u00c7a voudrait dire que, pour la transition guin\u00e9enne, le politique viendrait en derni\u00e8re position. Or, au lendemain du coup d\u2019\u00c9tat 05 septembre 2021, la priorit\u00e9 \u00e9tait mise sur la r\u00e9fondation de l\u2019\u00c9tat. C\u2019est-\u00e0-dire, les r\u00e9formes essentielles qui apporteront des rectifications \u00e0 la trajectoire d\u2019un retour \u00e0 l\u2019ordre constitutionnel . Maintenant, la question que, nous nous posons, c\u2019est de savoir, si on peut pas refonder l\u2019\u00c9tat sans mettre en priorit\u00e9 les questions politiques? Nous sommes \u00e0 2 ans de transition sans que la constitution ne soit adopt\u00e9e ou ne soit mise \u00e0 l\u2019appr\u00e9ciation du peuple souverain de Guin\u00e9e. Nous avons suscit\u00e9 beaucoup d\u2019engouement et mobilis\u00e9 de soutiens pour faire en sorte que les tout premiers mois de cette transition que, le drape de la constitution soit pr\u00e9sent\u00e9 au peuple de Guin\u00e9e qui aura<span class=\"Apple-converted-space\">\u00a0 <\/span>temps raisonnable pour le discussions afin de de faire en sorte que, telle que les autorit\u00e9s elles-m\u00eames sans cesse ne le r\u00e9p\u00e8tent, depuis le pr\u00e9sident du CNT jusqu\u2019au pr\u00e9sident de transition lui-m\u00eame que, cette constitution devrait faire en sorte que, les guin\u00e9ens devraient \u00eatre ensemble et que plus jamais, on ne vivra les stabilit\u00e9s politiques en Guin\u00e9e.Mais ce que nous pouvons dire aujourd\u2019hui, c\u2019est que,<span class=\"Apple-converted-space\">\u00a0 <\/span>si nous suivons le bon ordre \u00e9tabli ou exprim\u00e9 par le pr\u00e9sident Doumbouya \u00e0 la tribune des Nations Unies, effectivement les politiques sont rel\u00e9gu\u00e9es au second troisi\u00e8me plan et cela pourrait \u00eatre inqui\u00e9tant\u201d, a t-il martel\u00e9. <\/span><\/p>\n<p class=\"p1\"><span class=\"s1\">Camara Mamadouba <\/span><\/p>\n<p class=\"p1\"><span class=\"s1\">611 46 04 10 <\/span><\/p>\n","protected":false},"excerpt":{"rendered":"<p>L\u2019absence du retour \u00e0 l\u2019ordre constitutionnel dans le discours pr\u00e9sident de la transition, colonel Mamadi<\/p>\n","protected":false},"author":2,"featured_media":4354,"comment_status":"closed","ping_status":"open","sticky":false,"template":"","format":"standard","meta":[],"categories":[3,4],"tags":[229],"yoast_head":"<!-- This site is optimized with the Yoast SEO plugin v19.13 - https:\/\/yoast.com\/wordpress\/plugins\/seo\/ -->\n<title>Paul Amegakpo. : \u201cSi nous suivons le bon ordre \u00e9tabli ou exprim\u00e9 par le pr\u00e9sident Doumbouya \u00e0 la tribune des Nations Unies, effectivement les politiques sont rel\u00e9gu\u00e9es au troisi\u00e8me plan et cela pourrait \u00eatre inqui\u00e9tant\u201d - UNIVERSNEWS224<\/title>\n<meta name=\"robots\" content=\"index, follow, max-snippet:-1, max-image-preview:large, max-video-preview:-1\" \/>\n<link rel=\"canonical\" href=\"https:\/\/universnews224.com\/index.php\/paul-amegakpo-si-nous-suivons-le-bon-ordre-etabli-ou-exprime-par-le-president-doumbouya-a-la-tribune-des-nations-unies-effectivement-les-politiques-sont-releguees-au-troisieme-plan-et-cel\/\" \/>\n<meta property=\"og:locale\" content=\"fr_FR\" \/>\n<meta property=\"og:type\" content=\"article\" \/>\n<meta property=\"og:title\" content=\"Paul Amegakpo. : \u201cSi nous suivons le bon ordre \u00e9tabli ou exprim\u00e9 par le pr\u00e9sident Doumbouya \u00e0 la tribune des Nations Unies, effectivement les politiques sont rel\u00e9gu\u00e9es au troisi\u00e8me plan et cela pourrait \u00eatre inqui\u00e9tant\u201d - UNIVERSNEWS224\" \/>\n<meta property=\"og:description\" content=\"L\u2019absence du retour \u00e0 l\u2019ordre constitutionnel dans le discours pr\u00e9sident de la transition, colonel Mamadi\" \/>\n<meta property=\"og:url\" content=\"https:\/\/universnews224.com\/index.php\/paul-amegakpo-si-nous-suivons-le-bon-ordre-etabli-ou-exprime-par-le-president-doumbouya-a-la-tribune-des-nations-unies-effectivement-les-politiques-sont-releguees-au-troisieme-plan-et-cel\/\" \/>\n<meta property=\"og:site_name\" content=\"UNIVERSNEWS224\" \/>\n<meta property=\"article:published_time\" content=\"2023-09-28T18:30:53+00:00\" \/>\n<meta property=\"og:image\" content=\"https:\/\/universnews224.com\/wp-content\/uploads\/2023\/09\/18E9AC6D-7D85-463F-86FE-0A57B0F6D1ED.png\" \/>\n\t<meta property=\"og:image:width\" content=\"750\" \/>\n\t<meta property=\"og:image:height\" content=\"430\" \/>\n\t<meta property=\"og:image:type\" content=\"image\/png\" \/>\n<meta name=\"author\" content=\"La R\u00e9daction\" \/>\n<meta name=\"twitter:label1\" content=\"\u00c9crit par\" \/>\n\t<meta name=\"twitter:data1\" content=\"La R\u00e9daction\" \/>\n\t<meta name=\"twitter:label2\" content=\"Dur\u00e9e de lecture estim\u00e9e\" \/>\n\t<meta name=\"twitter:data2\" content=\"2 minutes\" \/>\n<script type=\"application\/ld+json\" class=\"yoast-schema-graph\">{\"@context\":\"https:\/\/schema.org\",\"@graph\":[{\"@type\":\"Article\",\"@id\":\"https:\/\/universnews224.com\/index.php\/paul-amegakpo-si-nous-suivons-le-bon-ordre-etabli-ou-exprime-par-le-president-doumbouya-a-la-tribune-des-nations-unies-effectivement-les-politiques-sont-releguees-au-troisieme-plan-et-cel\/#article\",\"isPartOf\":{\"@id\":\"https:\/\/universnews224.com\/index.php\/paul-amegakpo-si-nous-suivons-le-bon-ordre-etabli-ou-exprime-par-le-president-doumbouya-a-la-tribune-des-nations-unies-effectivement-les-politiques-sont-releguees-au-troisieme-plan-et-cel\/\"},\"author\":{\"name\":\"La R\u00e9daction\",\"@id\":\"https:\/\/universnews224.com\/#\/schema\/person\/a4b7d4f94a4716df60456a491260485e\"},\"headline\":\"Paul Amegakpo. : \u201cSi nous suivons le bon ordre \u00e9tabli ou exprim\u00e9 par le pr\u00e9sident Doumbouya \u00e0 la tribune des Nations Unies, effectivement les politiques sont rel\u00e9gu\u00e9es au troisi\u00e8me plan et cela pourrait \u00eatre inqui\u00e9tant\u201d\",\"datePublished\":\"2023-09-28T18:30:53+00:00\",\"dateModified\":\"2023-09-28T18:30:53+00:00\",\"mainEntityOfPage\":{\"@id\":\"https:\/\/universnews224.com\/index.php\/paul-amegakpo-si-nous-suivons-le-bon-ordre-etabli-ou-exprime-par-le-president-doumbouya-a-la-tribune-des-nations-unies-effectivement-les-politiques-sont-releguees-au-troisieme-plan-et-cel\/\"},\"wordCount\":424,\"publisher\":{\"@id\":\"https:\/\/universnews224.com\/#organization\"},\"keywords\":[\"La une\"],\"articleSection\":[\"ACTU\",\"POLITIQUE\"],\"inLanguage\":\"fr-FR\"},{\"@type\":\"WebPage\",\"@id\":\"https:\/\/universnews224.com\/index.php\/paul-amegakpo-si-nous-suivons-le-bon-ordre-etabli-ou-exprime-par-le-president-doumbouya-a-la-tribune-des-nations-unies-effectivement-les-politiques-sont-releguees-au-troisieme-plan-et-cel\/\",\"url\":\"https:\/\/universnews224.com\/index.php\/paul-amegakpo-si-nous-suivons-le-bon-ordre-etabli-ou-exprime-par-le-president-doumbouya-a-la-tribune-des-nations-unies-effectivement-les-politiques-sont-releguees-au-troisieme-plan-et-cel\/\",\"name\":\"Paul Amegakpo. : \u201cSi nous suivons le bon ordre \u00e9tabli ou exprim\u00e9 par le pr\u00e9sident Doumbouya \u00e0 la tribune des Nations Unies, effectivement les politiques sont rel\u00e9gu\u00e9es au troisi\u00e8me plan et cela pourrait \u00eatre inqui\u00e9tant\u201d - UNIVERSNEWS224\",\"isPartOf\":{\"@id\":\"https:\/\/universnews224.com\/#website\"},\"datePublished\":\"2023-09-28T18:30:53+00:00\",\"dateModified\":\"2023-09-28T18:30:53+00:00\",\"inLanguage\":\"fr-FR\",\"potentialAction\":[{\"@type\":\"ReadAction\",\"target\":[\"https:\/\/universnews224.com\/index.php\/paul-amegakpo-si-nous-suivons-le-bon-ordre-etabli-ou-exprime-par-le-president-doumbouya-a-la-tribune-des-nations-unies-effectivement-les-politiques-sont-releguees-au-troisieme-plan-et-cel\/\"]}]},{\"@type\":\"WebSite\",\"@id\":\"https:\/\/universnews224.com\/#website\",\"url\":\"https:\/\/universnews224.com\/\",\"name\":\"UNIVERSNEWS224\",\"description\":\"\",\"publisher\":{\"@id\":\"https:\/\/universnews224.com\/#organization\"},\"potentialAction\":[{\"@type\":\"SearchAction\",\"target\":{\"@type\":\"EntryPoint\",\"urlTemplate\":\"https:\/\/universnews224.com\/?s={search_term_string}\"},\"query-input\":\"required name=search_term_string\"}],\"inLanguage\":\"fr-FR\"},{\"@type\":\"Organization\",\"@id\":\"https:\/\/universnews224.com\/#organization\",\"name\":\"UNIVERSNEWS224\",\"url\":\"https:\/\/universnews224.com\/\",\"logo\":{\"@type\":\"ImageObject\",\"inLanguage\":\"fr-FR\",\"@id\":\"https:\/\/universnews224.com\/#\/schema\/logo\/image\/\",\"url\":\"https:\/\/universnews224.com\/wp-content\/uploads\/2022\/08\/cropped-cropped-logoban.jpg\",\"contentUrl\":\"https:\/\/universnews224.com\/wp-content\/uploads\/2022\/08\/cropped-cropped-logoban.jpg\",\"width\":1080,\"height\":138,\"caption\":\"UNIVERSNEWS224\"},\"image\":{\"@id\":\"https:\/\/universnews224.com\/#\/schema\/logo\/image\/\"}},{\"@type\":\"Person\",\"@id\":\"https:\/\/universnews224.com\/#\/schema\/person\/a4b7d4f94a4716df60456a491260485e\",\"name\":\"La R\u00e9daction\",\"image\":{\"@type\":\"ImageObject\",\"inLanguage\":\"fr-FR\",\"@id\":\"https:\/\/universnews224.com\/#\/schema\/person\/image\/\",\"url\":\"https:\/\/secure.gravatar.com\/avatar\/edb90acc7752b23e1b3307ad36c14f0d?s=96&d=mm&r=g\",\"contentUrl\":\"https:\/\/secure.gravatar.com\/avatar\/edb90acc7752b23e1b3307ad36c14f0d?s=96&d=mm&r=g\",\"caption\":\"La R\u00e9daction\"},\"sameAs\":[\"https:\/\/universnews224.com\"],\"url\":\"https:\/\/universnews224.com\/index.php\/author\/m-camara\/\"}]}<\/script>\n<!-- \/ Yoast SEO plugin. -->","yoast_head_json":{"title":"Paul Amegakpo. : \u201cSi nous suivons le bon ordre \u00e9tabli ou exprim\u00e9 par le pr\u00e9sident Doumbouya \u00e0 la tribune des Nations Unies, effectivement les politiques sont rel\u00e9gu\u00e9es au troisi\u00e8me plan et cela pourrait \u00eatre inqui\u00e9tant\u201d - UNIVERSNEWS224","robots":{"index":"index","follow":"follow","max-snippet":"max-snippet:-1","max-image-preview":"max-image-preview:large","max-video-preview":"max-video-preview:-1"},"canonical":"https:\/\/universnews224.com\/index.php\/paul-amegakpo-si-nous-suivons-le-bon-ordre-etabli-ou-exprime-par-le-president-doumbouya-a-la-tribune-des-nations-unies-effectivement-les-politiques-sont-releguees-au-troisieme-plan-et-cel\/","og_locale":"fr_FR","og_type":"article","og_title":"Paul Amegakpo. : \u201cSi nous suivons le bon ordre \u00e9tabli ou exprim\u00e9 par le pr\u00e9sident Doumbouya \u00e0 la tribune des Nations Unies, effectivement les politiques sont rel\u00e9gu\u00e9es au troisi\u00e8me plan et cela pourrait \u00eatre inqui\u00e9tant\u201d - UNIVERSNEWS224","og_description":"L\u2019absence du retour \u00e0 l\u2019ordre constitutionnel dans le discours pr\u00e9sident de la transition, colonel Mamadi","og_url":"https:\/\/universnews224.com\/index.php\/paul-amegakpo-si-nous-suivons-le-bon-ordre-etabli-ou-exprime-par-le-president-doumbouya-a-la-tribune-des-nations-unies-effectivement-les-politiques-sont-releguees-au-troisieme-plan-et-cel\/","og_site_name":"UNIVERSNEWS224","article_published_time":"2023-09-28T18:30:53+00:00","og_image":[{"width":750,"height":430,"url":"https:\/\/universnews224.com\/wp-content\/uploads\/2023\/09\/18E9AC6D-7D85-463F-86FE-0A57B0F6D1ED.png","type":"image\/png"}],"author":"La R\u00e9daction","twitter_misc":{"\u00c9crit par":"La R\u00e9daction","Dur\u00e9e de lecture estim\u00e9e":"2 minutes"},"schema":{"@context":"https:\/\/schema.org","@graph":[{"@type":"Article","@id":"https:\/\/universnews224.com\/index.php\/paul-amegakpo-si-nous-suivons-le-bon-ordre-etabli-ou-exprime-par-le-president-doumbouya-a-la-tribune-des-nations-unies-effectivement-les-politiques-sont-releguees-au-troisieme-plan-et-cel\/#article","isPartOf":{"@id":"https:\/\/universnews224.com\/index.php\/paul-amegakpo-si-nous-suivons-le-bon-ordre-etabli-ou-exprime-par-le-president-doumbouya-a-la-tribune-des-nations-unies-effectivement-les-politiques-sont-releguees-au-troisieme-plan-et-cel\/"},"author":{"name":"La R\u00e9daction","@id":"https:\/\/universnews224.com\/#\/schema\/person\/a4b7d4f94a4716df60456a491260485e"},"headline":"Paul Amegakpo. : \u201cSi nous suivons le bon ordre \u00e9tabli ou exprim\u00e9 par le pr\u00e9sident Doumbouya \u00e0 la tribune des Nations Unies, effectivement les politiques sont rel\u00e9gu\u00e9es au troisi\u00e8me plan et cela pourrait \u00eatre inqui\u00e9tant\u201d","datePublished":"2023-09-28T18:30:53+00:00","dateModified":"2023-09-28T18:30:53+00:00","mainEntityOfPage":{"@id":"https:\/\/universnews224.com\/index.php\/paul-amegakpo-si-nous-suivons-le-bon-ordre-etabli-ou-exprime-par-le-president-doumbouya-a-la-tribune-des-nations-unies-effectivement-les-politiques-sont-releguees-au-troisieme-plan-et-cel\/"},"wordCount":424,"publisher":{"@id":"https:\/\/universnews224.com\/#organization"},"keywords":["La une"],"articleSection":["ACTU","POLITIQUE"],"inLanguage":"fr-FR"},{"@type":"WebPage","@id":"https:\/\/universnews224.com\/index.php\/paul-amegakpo-si-nous-suivons-le-bon-ordre-etabli-ou-exprime-par-le-president-doumbouya-a-la-tribune-des-nations-unies-effectivement-les-politiques-sont-releguees-au-troisieme-plan-et-cel\/","url":"https:\/\/universnews224.com\/index.php\/paul-amegakpo-si-nous-suivons-le-bon-ordre-etabli-ou-exprime-par-le-president-doumbouya-a-la-tribune-des-nations-unies-effectivement-les-politiques-sont-releguees-au-troisieme-plan-et-cel\/","name":"Paul Amegakpo. : \u201cSi nous suivons le bon ordre \u00e9tabli ou exprim\u00e9 par le pr\u00e9sident Doumbouya \u00e0 la tribune des Nations Unies, effectivement les politiques sont rel\u00e9gu\u00e9es au troisi\u00e8me plan et cela pourrait \u00eatre inqui\u00e9tant\u201d - UNIVERSNEWS224","isPartOf":{"@id":"https:\/\/universnews224.com\/#website"},"datePublished":"2023-09-28T18:30:53+00:00","dateModified":"2023-09-28T18:30:53+00:00","inLanguage":"fr-FR","potentialAction":[{"@type":"ReadAction","target":["https:\/\/universnews224.com\/index.php\/paul-amegakpo-si-nous-suivons-le-bon-ordre-etabli-ou-exprime-par-le-president-doumbouya-a-la-tribune-des-nations-unies-effectivement-les-politiques-sont-releguees-au-troisieme-plan-et-cel\/"]}]},{"@type":"WebSite","@id":"https:\/\/universnews224.com\/#website","url":"https:\/\/universnews224.com\/","name":"UNIVERSNEWS224","description":"","publisher":{"@id":"https:\/\/universnews224.com\/#organization"},"potentialAction":[{"@type":"SearchAction","target":{"@type":"EntryPoint","urlTemplate":"https:\/\/universnews224.com\/?s={search_term_string}"},"query-input":"required name=search_term_string"}],"inLanguage":"fr-FR"},{"@type":"Organization","@id":"https:\/\/universnews224.com\/#organization","name":"UNIVERSNEWS224","url":"https:\/\/universnews224.com\/","logo":{"@type":"ImageObject","inLanguage":"fr-FR","@id":"https:\/\/universnews224.com\/#\/schema\/logo\/image\/","url":"https:\/\/universnews224.com\/wp-content\/uploads\/2022\/08\/cropped-cropped-logoban.jpg","contentUrl":"https:\/\/universnews224.com\/wp-content\/uploads\/2022\/08\/cropped-cropped-logoban.jpg","width":1080,"height":138,"caption":"UNIVERSNEWS224"},"image":{"@id":"https:\/\/universnews224.com\/#\/schema\/logo\/image\/"}},{"@type":"Person","@id":"https:\/\/universnews224.com\/#\/schema\/person\/a4b7d4f94a4716df60456a491260485e","name":"La R\u00e9daction","image":{"@type":"ImageObject","inLanguage":"fr-FR","@id":"https:\/\/universnews224.com\/#\/schema\/person\/image\/","url":"https:\/\/secure.gravatar.com\/avatar\/edb90acc7752b23e1b3307ad36c14f0d?s=96&d=mm&r=g","contentUrl":"https:\/\/secure.gravatar.com\/avatar\/edb90acc7752b23e1b3307ad36c14f0d?s=96&d=mm&r=g","caption":"La R\u00e9daction"},"sameAs":["https:\/\/universnews224.com"],"url":"https:\/\/universnews224.com\/index.php\/author\/m-camara\/"}]}},"_links":{"self":[{"href":"https:\/\/universnews224.com\/index.php\/wp-json\/wp\/v2\/posts\/4353"}],"collection":[{"href":"https:\/\/universnews224.com\/index.php\/wp-json\/wp\/v2\/posts"}],"about":[{"href":"https:\/\/universnews224.com\/index.php\/wp-json\/wp\/v2\/types\/post"}],"author":[{"embeddable":true,"href":"https:\/\/universnews224.com\/index.php\/wp-json\/wp\/v2\/users\/2"}],"replies":[{"embeddable":true,"href":"https:\/\/universnews224.com\/index.php\/wp-json\/wp\/v2\/comments?post=4353"}],"version-history":[{"count":1,"href":"https:\/\/universnews224.com\/index.php\/wp-json\/wp\/v2\/posts\/4353\/revisions"}],"predecessor-version":[{"id":4355,"href":"https:\/\/universnews224.com\/index.php\/wp-json\/wp\/v2\/posts\/4353\/revisions\/4355"}],"wp:featuredmedia":[{"embeddable":true,"href":"https:\/\/universnews224.com\/index.php\/wp-json\/wp\/v2\/media\/4354"}],"wp:attachment":[{"href":"https:\/\/universnews224.com\/index.php\/wp-json\/wp\/v2\/media?parent=4353"}],"wp:term":[{"taxonomy":"category","embeddable":true,"href":"https:\/\/universnews224.com\/index.php\/wp-json\/wp\/v2\/categories?post=4353"},{"taxonomy":"post_tag","embeddable":true,"href":"https:\/\/universnews224.com\/index.php\/wp-json\/wp\/v2\/tags?post=4353"}],"curies":[{"name":"wp","href":"https:\/\/api.w.org\/{rel}","templated":true}]}}