{"id":4356,"date":"2023-09-28T19:39:29","date_gmt":"2023-09-28T18:39:29","guid":{"rendered":"https:\/\/universnews224.com\/?p=4356"},"modified":"2023-09-28T19:39:29","modified_gmt":"2023-09-28T18:39:29","slug":"justice-lhuissier-de-justice-et-la-bonne-gouvernance-juridique-et-judiciaire-au-centre-dun-debat-a-conakry","status":"publish","type":"post","link":"https:\/\/universnews224.com\/index.php\/justice-lhuissier-de-justice-et-la-bonne-gouvernance-juridique-et-judiciaire-au-centre-dun-debat-a-conakry\/","title":{"rendered":"Justice : \u201cL&rsquo;huissier de justice et la bonne gouvernance juridique et judiciaire\u00b4\u00b4 au centre d\u2019un d\u00e9bat \u00e0 Conakry"},"content":{"rendered":"<p class=\"p2\"><span class=\"s2\">Ce jeudi 28 septembre 2023, le minist\u00e8re de la justice \u00e0 travers la chambre Nationale des huissiers de justice de Guin\u00e9e ( CNHJF)) et l&rsquo;union Africaine des huissiers de justice et officier judiciaires( UAHJ) avec l\u2019appui scientifique de l\u2019\u00e9cole r\u00e9gionale sup\u00e9rieure de la magistrature ont proc\u00e9d\u00e9 au lancement du colloque panafricain des huissiers de justice \u00e0 Conakry.<\/span><\/p>\n<p class=\"p2\"><span class=\"s2\">Cette grande rencontre est pr\u00e9sid\u00e9e par le premier ministre chef du gouvernement, Dr Bernard Goumou accompagn\u00e9 de quelques membres du gouvernement et la d\u00e9l\u00e9gation des huissiers de 16 pays africains. <\/span><\/p>\n<p class=\"p2\"><span class=\"s2\">Dans son mot de bienvenue, le pr\u00e9sident de la chambre Nationale des huissiers de Guin\u00e9e, Maitre Sory Daouda Camara a affirm\u00e9 que<span class=\"Apple-converted-space\"> <a href=\"https:\/\/universnews224.com\/wp-content\/uploads\/2023\/09\/5A006C95-E4AB-4445-AADB-89B02CFB04C1.jpeg\"><img loading=\"lazy\" class=\"alignnone size-medium wp-image-4357\" src=\"https:\/\/universnews224.com\/wp-content\/uploads\/2023\/09\/5A006C95-E4AB-4445-AADB-89B02CFB04C1-300x169.jpeg\" alt=\"\" width=\"300\" height=\"169\" srcset=\"https:\/\/universnews224.com\/wp-content\/uploads\/2023\/09\/5A006C95-E4AB-4445-AADB-89B02CFB04C1-300x169.jpeg 300w, https:\/\/universnews224.com\/wp-content\/uploads\/2023\/09\/5A006C95-E4AB-4445-AADB-89B02CFB04C1-1024x576.jpeg 1024w, https:\/\/universnews224.com\/wp-content\/uploads\/2023\/09\/5A006C95-E4AB-4445-AADB-89B02CFB04C1-768x432.jpeg 768w, https:\/\/universnews224.com\/wp-content\/uploads\/2023\/09\/5A006C95-E4AB-4445-AADB-89B02CFB04C1-800x450.jpeg 800w, https:\/\/universnews224.com\/wp-content\/uploads\/2023\/09\/5A006C95-E4AB-4445-AADB-89B02CFB04C1.jpeg 1032w\" sizes=\"(max-width: 300px) 100vw, 300px\" \/><\/a> <\/span><\/span><\/p>\n<p class=\"p2\"><span class=\"s2\">\u00ab le colloque Panafricain est une premi\u00e8re pour notre Chambre. Il s&rsquo;agit donc d&rsquo;un \u00e9v\u00e8nement qui nous tient particuli\u00e8rement \u00e0 c\u0153ur et que nous avions toujours attendu avec une grande impatience; En d\u00e9pit des difficult\u00e9s \u00e0 travers le monde, les Huissiers de Justice de Guin\u00e9e en accord avec les autorit\u00e9s du pays se sont engag\u00e9s pour organiser ce Colloque regroupant les Huissiers de Justice Africains en Guin\u00e9e. Nous pensons qu&rsquo;\u00e0 la fin de nos travaux, les Huissiers de Justice b\u00e9n\u00e9ficieront de nouvelles connaissances sur la d\u00e9ontologie et la pratique d&rsquo;ex\u00e9cution des d\u00e9cisions de justice d&rsquo;une part \u00bb, a dit Ma\u00eetre Camara. <\/span><\/p>\n<p class=\"p2\"><span class=\"s2\">Pour sa part, son coll\u00e8gue pr\u00e9sident de l\u2019UAHJ, Ma\u00eetre Alain Ngongang fait une dol\u00e9ances: \u00ab le texte portant tarif qui encadre et r\u00e8glemente les prestations de l&rsquo;Huissier de Justice doit imp\u00e9rativement prendre en compte le niveau de vie actuel des populations, les r\u00e9alit\u00e9s et contraintes \u00e9conomiques tout en s&rsquo;arrimant aux\u00a0<\/span>standards africains en la mati\u00e8re ! En effet l&rsquo;Huissier de Justice, maillon le plus expos\u00e9 de la justice, souvent livr\u00e9 \u00e0 la vindicte populaire, ne doit pas \u00e9galement \u00eatre ou en devenir le maillon le plus vuln\u00e9rable. Nous vous demandons d\u00b4int\u00e9grer ces dol\u00e9ances dans les r\u00e9formes judiciaires en cours pour permettre \u00e0 nos consoeurs et confr\u00e8res de contribuer efficacement dans ce beau pays, \u00e0 la bonne gouvernance juridique et judiciaire \u00bb, indique Ma\u00eetre Alain.<a href=\"https:\/\/universnews224.com\/wp-content\/uploads\/2023\/09\/9707F39D-FFFC-437B-A8AC-8DC3553D0A59.jpeg\"><img loading=\"lazy\" class=\"alignnone size-medium wp-image-4358\" src=\"https:\/\/universnews224.com\/wp-content\/uploads\/2023\/09\/9707F39D-FFFC-437B-A8AC-8DC3553D0A59-300x169.jpeg\" alt=\"\" width=\"300\" height=\"169\" srcset=\"https:\/\/universnews224.com\/wp-content\/uploads\/2023\/09\/9707F39D-FFFC-437B-A8AC-8DC3553D0A59-300x169.jpeg 300w, https:\/\/universnews224.com\/wp-content\/uploads\/2023\/09\/9707F39D-FFFC-437B-A8AC-8DC3553D0A59-1024x576.jpeg 1024w, https:\/\/universnews224.com\/wp-content\/uploads\/2023\/09\/9707F39D-FFFC-437B-A8AC-8DC3553D0A59-768x432.jpeg 768w, https:\/\/universnews224.com\/wp-content\/uploads\/2023\/09\/9707F39D-FFFC-437B-A8AC-8DC3553D0A59-800x450.jpeg 800w, https:\/\/universnews224.com\/wp-content\/uploads\/2023\/09\/9707F39D-FFFC-437B-A8AC-8DC3553D0A59.jpeg 1032w\" sizes=\"(max-width: 300px) 100vw, 300px\" \/><\/a><\/p>\n<p class=\"p2\"><span class=\"s2\">De son c\u00f4t\u00e9, le ministre de la justice garde des sceaux et des droits de l&rsquo;homme,<span class=\"Apple-converted-space\">\u00a0 <\/span>Alphonse Charles Wright, a rappel\u00e9 les missions de la justice et la politique de la bonne gouvernance. \u00ab Lorsque le pr\u00e9sident de la chambre des huissiers de Guin\u00e9e indique que cela a trop tard\u00e9 pour que notre pays puisse accueillir cette rencontre, c&rsquo;est une fa\u00e7on de d\u00e9rober la volont\u00e9 du pr\u00e9sident de la transition. Prenant la question de la bonne gouvernance, pour moi, vous ramenez \u00e7a dans le terrain judiciaire \u00e0 deux nouveaux. Quand<span class=\"Apple-converted-space\">\u00a0 <\/span>je dis gouvernance judiciaire,<span class=\"Apple-converted-space\">\u00a0 <\/span>\u00e7a c&rsquo;est par rapport aux hommes et gouvernance juridique, c&rsquo;est par rapport aux textes. Donc c&rsquo;est un peu \u00e7a la vocation \u00bb, a expliqu\u00e9 le ministre<\/span><\/p>\n<p class=\"p2\"><span class=\"s2\">.<a href=\"https:\/\/universnews224.com\/wp-content\/uploads\/2023\/09\/AB88CC47-BA6A-4420-94FF-98FD8BD1F661.jpeg\"><img loading=\"lazy\" class=\"alignnone size-medium wp-image-4359\" src=\"https:\/\/universnews224.com\/wp-content\/uploads\/2023\/09\/AB88CC47-BA6A-4420-94FF-98FD8BD1F661-300x169.jpeg\" alt=\"\" width=\"300\" height=\"169\" srcset=\"https:\/\/universnews224.com\/wp-content\/uploads\/2023\/09\/AB88CC47-BA6A-4420-94FF-98FD8BD1F661-300x169.jpeg 300w, https:\/\/universnews224.com\/wp-content\/uploads\/2023\/09\/AB88CC47-BA6A-4420-94FF-98FD8BD1F661-1024x576.jpeg 1024w, https:\/\/universnews224.com\/wp-content\/uploads\/2023\/09\/AB88CC47-BA6A-4420-94FF-98FD8BD1F661-768x432.jpeg 768w, https:\/\/universnews224.com\/wp-content\/uploads\/2023\/09\/AB88CC47-BA6A-4420-94FF-98FD8BD1F661-800x450.jpeg 800w, https:\/\/universnews224.com\/wp-content\/uploads\/2023\/09\/AB88CC47-BA6A-4420-94FF-98FD8BD1F661.jpeg 1032w\" sizes=\"(max-width: 300px) 100vw, 300px\" \/><\/a> <\/span><\/p>\n<p class=\"p2\"><span class=\"s2\">Prenant la parole, le premier ministre Bernard Goumou, souligne que cette rencontre des huissiers est une importante capitale consacr\u00e9 au r\u00f4le fondamental des huissiers de justice de la promotion de la bonne gouvernance juridique et judiciaire.<a href=\"https:\/\/universnews224.com\/wp-content\/uploads\/2023\/09\/E00157A5-3E2B-4E13-8AE2-B749993365C9.jpeg\"><img loading=\"lazy\" class=\"alignnone size-medium wp-image-4360\" src=\"https:\/\/universnews224.com\/wp-content\/uploads\/2023\/09\/E00157A5-3E2B-4E13-8AE2-B749993365C9-300x169.jpeg\" alt=\"\" width=\"300\" height=\"169\" srcset=\"https:\/\/universnews224.com\/wp-content\/uploads\/2023\/09\/E00157A5-3E2B-4E13-8AE2-B749993365C9-300x169.jpeg 300w, https:\/\/universnews224.com\/wp-content\/uploads\/2023\/09\/E00157A5-3E2B-4E13-8AE2-B749993365C9-1024x576.jpeg 1024w, https:\/\/universnews224.com\/wp-content\/uploads\/2023\/09\/E00157A5-3E2B-4E13-8AE2-B749993365C9-768x432.jpeg 768w, https:\/\/universnews224.com\/wp-content\/uploads\/2023\/09\/E00157A5-3E2B-4E13-8AE2-B749993365C9-800x450.jpeg 800w, https:\/\/universnews224.com\/wp-content\/uploads\/2023\/09\/E00157A5-3E2B-4E13-8AE2-B749993365C9.jpeg 1032w\" sizes=\"(max-width: 300px) 100vw, 300px\" \/><\/a> \u00ab La bonne gouvernance est un imp\u00e9ratif dans le d\u00e9veloppement durable de notre nation. Les huissiers de justice ont la responsabilit\u00e9 de garantir que chaque citoyen acc\u00e8de de mani\u00e8re \u00e9quitable. Je vous invite \u00e0 investir dans la formation continue avec toutes les ressources n\u00e9cessaires et en promouvant des normes \u00e9thiques \u00e9lev\u00e9es \u00bb,, a lanc\u00e9 le PM.<\/span><\/p>\n<p class=\"p2\"><span class=\"s2\">Sana Sylla.<\/span><\/p>\n","protected":false},"excerpt":{"rendered":"<p>Ce jeudi 28 septembre 2023, le minist\u00e8re de la justice \u00e0 travers la chambre Nationale<\/p>\n","protected":false},"author":2,"featured_media":4358,"comment_status":"closed","ping_status":"open","sticky":false,"template":"","format":"standard","meta":[],"categories":[3,5],"tags":[229],"yoast_head":"<!-- This site is optimized with the Yoast SEO plugin v19.13 - https:\/\/yoast.com\/wordpress\/plugins\/seo\/ -->\n<title>Justice : \u201cL&#039;huissier de justice et la bonne gouvernance juridique et judiciaire\u00b4\u00b4 au centre d\u2019un d\u00e9bat \u00e0 Conakry - UNIVERSNEWS224<\/title>\n<meta name=\"robots\" content=\"index, follow, max-snippet:-1, max-image-preview:large, max-video-preview:-1\" \/>\n<link rel=\"canonical\" href=\"https:\/\/universnews224.com\/index.php\/justice-lhuissier-de-justice-et-la-bonne-gouvernance-juridique-et-judiciaire-au-centre-dun-debat-a-conakry\/\" \/>\n<meta property=\"og:locale\" content=\"fr_FR\" \/>\n<meta property=\"og:type\" content=\"article\" \/>\n<meta property=\"og:title\" content=\"Justice : \u201cL&#039;huissier de justice et la bonne gouvernance juridique et judiciaire\u00b4\u00b4 au centre d\u2019un d\u00e9bat \u00e0 Conakry - UNIVERSNEWS224\" \/>\n<meta property=\"og:description\" content=\"Ce jeudi 28 septembre 2023, le minist\u00e8re de la justice \u00e0 travers la chambre Nationale\" \/>\n<meta property=\"og:url\" content=\"https:\/\/universnews224.com\/index.php\/justice-lhuissier-de-justice-et-la-bonne-gouvernance-juridique-et-judiciaire-au-centre-dun-debat-a-conakry\/\" \/>\n<meta property=\"og:site_name\" content=\"UNIVERSNEWS224\" \/>\n<meta property=\"article:published_time\" content=\"2023-09-28T18:39:29+00:00\" \/>\n<meta property=\"og:image\" content=\"https:\/\/universnews224.com\/wp-content\/uploads\/2023\/09\/9707F39D-FFFC-437B-A8AC-8DC3553D0A59.jpeg\" \/>\n\t<meta property=\"og:image:width\" content=\"1032\" \/>\n\t<meta property=\"og:image:height\" content=\"580\" \/>\n\t<meta property=\"og:image:type\" content=\"image\/jpeg\" \/>\n<meta name=\"author\" content=\"La R\u00e9daction\" \/>\n<meta name=\"twitter:label1\" content=\"\u00c9crit par\" \/>\n\t<meta name=\"twitter:data1\" content=\"La R\u00e9daction\" \/>\n\t<meta name=\"twitter:label2\" content=\"Dur\u00e9e de lecture estim\u00e9e\" \/>\n\t<meta name=\"twitter:data2\" content=\"4 minutes\" \/>\n<script type=\"application\/ld+json\" class=\"yoast-schema-graph\">{\"@context\":\"https:\/\/schema.org\",\"@graph\":[{\"@type\":\"Article\",\"@id\":\"https:\/\/universnews224.com\/index.php\/justice-lhuissier-de-justice-et-la-bonne-gouvernance-juridique-et-judiciaire-au-centre-dun-debat-a-conakry\/#article\",\"isPartOf\":{\"@id\":\"https:\/\/universnews224.com\/index.php\/justice-lhuissier-de-justice-et-la-bonne-gouvernance-juridique-et-judiciaire-au-centre-dun-debat-a-conakry\/\"},\"author\":{\"name\":\"La R\u00e9daction\",\"@id\":\"https:\/\/universnews224.com\/#\/schema\/person\/a4b7d4f94a4716df60456a491260485e\"},\"headline\":\"Justice : \u201cL&rsquo;huissier de justice et la bonne gouvernance juridique et judiciaire\u00b4\u00b4 au centre d\u2019un d\u00e9bat \u00e0 Conakry\",\"datePublished\":\"2023-09-28T18:39:29+00:00\",\"dateModified\":\"2023-09-28T18:39:29+00:00\",\"mainEntityOfPage\":{\"@id\":\"https:\/\/universnews224.com\/index.php\/justice-lhuissier-de-justice-et-la-bonne-gouvernance-juridique-et-judiciaire-au-centre-dun-debat-a-conakry\/\"},\"wordCount\":603,\"publisher\":{\"@id\":\"https:\/\/universnews224.com\/#organization\"},\"keywords\":[\"La une\"],\"articleSection\":[\"ACTU\",\"SOCI\u00c9T\u00c9\"],\"inLanguage\":\"fr-FR\"},{\"@type\":\"WebPage\",\"@id\":\"https:\/\/universnews224.com\/index.php\/justice-lhuissier-de-justice-et-la-bonne-gouvernance-juridique-et-judiciaire-au-centre-dun-debat-a-conakry\/\",\"url\":\"https:\/\/universnews224.com\/index.php\/justice-lhuissier-de-justice-et-la-bonne-gouvernance-juridique-et-judiciaire-au-centre-dun-debat-a-conakry\/\",\"name\":\"Justice : \u201cL'huissier de justice et la bonne gouvernance juridique et judiciaire\u00b4\u00b4 au centre d\u2019un d\u00e9bat \u00e0 Conakry - UNIVERSNEWS224\",\"isPartOf\":{\"@id\":\"https:\/\/universnews224.com\/#website\"},\"datePublished\":\"2023-09-28T18:39:29+00:00\",\"dateModified\":\"2023-09-28T18:39:29+00:00\",\"inLanguage\":\"fr-FR\",\"potentialAction\":[{\"@type\":\"ReadAction\",\"target\":[\"https:\/\/universnews224.com\/index.php\/justice-lhuissier-de-justice-et-la-bonne-gouvernance-juridique-et-judiciaire-au-centre-dun-debat-a-conakry\/\"]}]},{\"@type\":\"WebSite\",\"@id\":\"https:\/\/universnews224.com\/#website\",\"url\":\"https:\/\/universnews224.com\/\",\"name\":\"UNIVERSNEWS224\",\"description\":\"\",\"publisher\":{\"@id\":\"https:\/\/universnews224.com\/#organization\"},\"potentialAction\":[{\"@type\":\"SearchAction\",\"target\":{\"@type\":\"EntryPoint\",\"urlTemplate\":\"https:\/\/universnews224.com\/?s={search_term_string}\"},\"query-input\":\"required name=search_term_string\"}],\"inLanguage\":\"fr-FR\"},{\"@type\":\"Organization\",\"@id\":\"https:\/\/universnews224.com\/#organization\",\"name\":\"UNIVERSNEWS224\",\"url\":\"https:\/\/universnews224.com\/\",\"logo\":{\"@type\":\"ImageObject\",\"inLanguage\":\"fr-FR\",\"@id\":\"https:\/\/universnews224.com\/#\/schema\/logo\/image\/\",\"url\":\"https:\/\/universnews224.com\/wp-content\/uploads\/2022\/08\/cropped-cropped-logoban.jpg\",\"contentUrl\":\"https:\/\/universnews224.com\/wp-content\/uploads\/2022\/08\/cropped-cropped-logoban.jpg\",\"width\":1080,\"height\":138,\"caption\":\"UNIVERSNEWS224\"},\"image\":{\"@id\":\"https:\/\/universnews224.com\/#\/schema\/logo\/image\/\"}},{\"@type\":\"Person\",\"@id\":\"https:\/\/universnews224.com\/#\/schema\/person\/a4b7d4f94a4716df60456a491260485e\",\"name\":\"La R\u00e9daction\",\"image\":{\"@type\":\"ImageObject\",\"inLanguage\":\"fr-FR\",\"@id\":\"https:\/\/universnews224.com\/#\/schema\/person\/image\/\",\"url\":\"https:\/\/secure.gravatar.com\/avatar\/edb90acc7752b23e1b3307ad36c14f0d?s=96&d=mm&r=g\",\"contentUrl\":\"https:\/\/secure.gravatar.com\/avatar\/edb90acc7752b23e1b3307ad36c14f0d?s=96&d=mm&r=g\",\"caption\":\"La R\u00e9daction\"},\"sameAs\":[\"https:\/\/universnews224.com\"],\"url\":\"https:\/\/universnews224.com\/index.php\/author\/m-camara\/\"}]}<\/script>\n<!-- \/ Yoast SEO plugin. -->","yoast_head_json":{"title":"Justice : \u201cL'huissier de justice et la bonne gouvernance juridique et judiciaire\u00b4\u00b4 au centre d\u2019un d\u00e9bat \u00e0 Conakry - UNIVERSNEWS224","robots":{"index":"index","follow":"follow","max-snippet":"max-snippet:-1","max-image-preview":"max-image-preview:large","max-video-preview":"max-video-preview:-1"},"canonical":"https:\/\/universnews224.com\/index.php\/justice-lhuissier-de-justice-et-la-bonne-gouvernance-juridique-et-judiciaire-au-centre-dun-debat-a-conakry\/","og_locale":"fr_FR","og_type":"article","og_title":"Justice : \u201cL'huissier de justice et la bonne gouvernance juridique et judiciaire\u00b4\u00b4 au centre d\u2019un d\u00e9bat \u00e0 Conakry - UNIVERSNEWS224","og_description":"Ce jeudi 28 septembre 2023, le minist\u00e8re de la justice \u00e0 travers la chambre Nationale","og_url":"https:\/\/universnews224.com\/index.php\/justice-lhuissier-de-justice-et-la-bonne-gouvernance-juridique-et-judiciaire-au-centre-dun-debat-a-conakry\/","og_site_name":"UNIVERSNEWS224","article_published_time":"2023-09-28T18:39:29+00:00","og_image":[{"width":1032,"height":580,"url":"https:\/\/universnews224.com\/wp-content\/uploads\/2023\/09\/9707F39D-FFFC-437B-A8AC-8DC3553D0A59.jpeg","type":"image\/jpeg"}],"author":"La R\u00e9daction","twitter_misc":{"\u00c9crit par":"La R\u00e9daction","Dur\u00e9e de lecture estim\u00e9e":"4 minutes"},"schema":{"@context":"https:\/\/schema.org","@graph":[{"@type":"Article","@id":"https:\/\/universnews224.com\/index.php\/justice-lhuissier-de-justice-et-la-bonne-gouvernance-juridique-et-judiciaire-au-centre-dun-debat-a-conakry\/#article","isPartOf":{"@id":"https:\/\/universnews224.com\/index.php\/justice-lhuissier-de-justice-et-la-bonne-gouvernance-juridique-et-judiciaire-au-centre-dun-debat-a-conakry\/"},"author":{"name":"La R\u00e9daction","@id":"https:\/\/universnews224.com\/#\/schema\/person\/a4b7d4f94a4716df60456a491260485e"},"headline":"Justice : \u201cL&rsquo;huissier de justice et la bonne gouvernance juridique et judiciaire\u00b4\u00b4 au centre d\u2019un d\u00e9bat \u00e0 Conakry","datePublished":"2023-09-28T18:39:29+00:00","dateModified":"2023-09-28T18:39:29+00:00","mainEntityOfPage":{"@id":"https:\/\/universnews224.com\/index.php\/justice-lhuissier-de-justice-et-la-bonne-gouvernance-juridique-et-judiciaire-au-centre-dun-debat-a-conakry\/"},"wordCount":603,"publisher":{"@id":"https:\/\/universnews224.com\/#organization"},"keywords":["La une"],"articleSection":["ACTU","SOCI\u00c9T\u00c9"],"inLanguage":"fr-FR"},{"@type":"WebPage","@id":"https:\/\/universnews224.com\/index.php\/justice-lhuissier-de-justice-et-la-bonne-gouvernance-juridique-et-judiciaire-au-centre-dun-debat-a-conakry\/","url":"https:\/\/universnews224.com\/index.php\/justice-lhuissier-de-justice-et-la-bonne-gouvernance-juridique-et-judiciaire-au-centre-dun-debat-a-conakry\/","name":"Justice : \u201cL'huissier de justice et la bonne gouvernance juridique et judiciaire\u00b4\u00b4 au centre d\u2019un d\u00e9bat \u00e0 Conakry - UNIVERSNEWS224","isPartOf":{"@id":"https:\/\/universnews224.com\/#website"},"datePublished":"2023-09-28T18:39:29+00:00","dateModified":"2023-09-28T18:39:29+00:00","inLanguage":"fr-FR","potentialAction":[{"@type":"ReadAction","target":["https:\/\/universnews224.com\/index.php\/justice-lhuissier-de-justice-et-la-bonne-gouvernance-juridique-et-judiciaire-au-centre-dun-debat-a-conakry\/"]}]},{"@type":"WebSite","@id":"https:\/\/universnews224.com\/#website","url":"https:\/\/universnews224.com\/","name":"UNIVERSNEWS224","description":"","publisher":{"@id":"https:\/\/universnews224.com\/#organization"},"potentialAction":[{"@type":"SearchAction","target":{"@type":"EntryPoint","urlTemplate":"https:\/\/universnews224.com\/?s={search_term_string}"},"query-input":"required name=search_term_string"}],"inLanguage":"fr-FR"},{"@type":"Organization","@id":"https:\/\/universnews224.com\/#organization","name":"UNIVERSNEWS224","url":"https:\/\/universnews224.com\/","logo":{"@type":"ImageObject","inLanguage":"fr-FR","@id":"https:\/\/universnews224.com\/#\/schema\/logo\/image\/","url":"https:\/\/universnews224.com\/wp-content\/uploads\/2022\/08\/cropped-cropped-logoban.jpg","contentUrl":"https:\/\/universnews224.com\/wp-content\/uploads\/2022\/08\/cropped-cropped-logoban.jpg","width":1080,"height":138,"caption":"UNIVERSNEWS224"},"image":{"@id":"https:\/\/universnews224.com\/#\/schema\/logo\/image\/"}},{"@type":"Person","@id":"https:\/\/universnews224.com\/#\/schema\/person\/a4b7d4f94a4716df60456a491260485e","name":"La R\u00e9daction","image":{"@type":"ImageObject","inLanguage":"fr-FR","@id":"https:\/\/universnews224.com\/#\/schema\/person\/image\/","url":"https:\/\/secure.gravatar.com\/avatar\/edb90acc7752b23e1b3307ad36c14f0d?s=96&d=mm&r=g","contentUrl":"https:\/\/secure.gravatar.com\/avatar\/edb90acc7752b23e1b3307ad36c14f0d?s=96&d=mm&r=g","caption":"La R\u00e9daction"},"sameAs":["https:\/\/universnews224.com"],"url":"https:\/\/universnews224.com\/index.php\/author\/m-camara\/"}]}},"_links":{"self":[{"href":"https:\/\/universnews224.com\/index.php\/wp-json\/wp\/v2\/posts\/4356"}],"collection":[{"href":"https:\/\/universnews224.com\/index.php\/wp-json\/wp\/v2\/posts"}],"about":[{"href":"https:\/\/universnews224.com\/index.php\/wp-json\/wp\/v2\/types\/post"}],"author":[{"embeddable":true,"href":"https:\/\/universnews224.com\/index.php\/wp-json\/wp\/v2\/users\/2"}],"replies":[{"embeddable":true,"href":"https:\/\/universnews224.com\/index.php\/wp-json\/wp\/v2\/comments?post=4356"}],"version-history":[{"count":1,"href":"https:\/\/universnews224.com\/index.php\/wp-json\/wp\/v2\/posts\/4356\/revisions"}],"predecessor-version":[{"id":4361,"href":"https:\/\/universnews224.com\/index.php\/wp-json\/wp\/v2\/posts\/4356\/revisions\/4361"}],"wp:featuredmedia":[{"embeddable":true,"href":"https:\/\/universnews224.com\/index.php\/wp-json\/wp\/v2\/media\/4358"}],"wp:attachment":[{"href":"https:\/\/universnews224.com\/index.php\/wp-json\/wp\/v2\/media?parent=4356"}],"wp:term":[{"taxonomy":"category","embeddable":true,"href":"https:\/\/universnews224.com\/index.php\/wp-json\/wp\/v2\/categories?post=4356"},{"taxonomy":"post_tag","embeddable":true,"href":"https:\/\/universnews224.com\/index.php\/wp-json\/wp\/v2\/tags?post=4356"}],"curies":[{"name":"wp","href":"https:\/\/api.w.org\/{rel}","templated":true}]}}