{"id":4362,"date":"2023-09-30T23:04:00","date_gmt":"2023-09-30T22:04:00","guid":{"rendered":"https:\/\/universnews224.com\/?p=4362"},"modified":"2023-09-30T23:04:00","modified_gmt":"2023-09-30T22:04:00","slug":"semaine-de-lindependance-des-graves-accusations-delie-kamano-les-jeunes-sont-alles-voir-les-membres-du-gouvernement-au-lieu-de-les-aider-ils-ont-vole-leur-projet","status":"publish","type":"post","link":"https:\/\/universnews224.com\/index.php\/semaine-de-lindependance-des-graves-accusations-delie-kamano-les-jeunes-sont-alles-voir-les-membres-du-gouvernement-au-lieu-de-les-aider-ils-ont-vole-leur-projet\/","title":{"rendered":"Semaine de l\u2019ind\u00e9pendance, des graves accusations d\u2019Elie Kamano: \u201cLes jeunes sont all\u00e9s voir les membres du gouvernement, au lieu de les aider, ils ont vol\u00e9 leur projet\u00bb"},"content":{"rendered":"<p class=\"p1\"><span class=\"s1\">Le Gouvernement Guin\u00e9en aurait-il d\u00e9rob\u00e9 le projet de la foire de l\u2019ind\u00e9pendance pour en faire la semaine de l\u2019ind\u00e9pendance? C\u2019est moins ce qu\u2019\u00e0 relever l\u2019artiste Reggaeman Elie Kamano ce vendredi, 29 septembre 2023 \u00e0 l\u2019occasion du lancement officiel de la foire de l\u2019ind\u00e9pendance, initi\u00e9e par la structure \u201cCoup de Pouce\u201d. <\/span><\/p>\n<p class=\"p1\"><span class=\"s1\">Cet artiste converti en homme politique, sur ton tr\u00e8s caustique, accuse les membres du gouvernement de la transition d\u2019avoir vol\u00e9 le projet \u201cfoire de l\u2019ind\u00e9pendance\u201d pour en faire la semaine de l\u2019ind\u00e9pendance. <\/span><\/p>\n<p class=\"p1\"><span class=\"s1\">\u201cVous avez montr\u00e9 et d\u00e9montr\u00e9 que vous \u00eates capable de faire de la Guin\u00e9e ou de cet \u00e9v\u00e9nement un grand \u00e9v\u00e9nement qui peut r\u00e9unir toute la jeunesse guin\u00e9enne. Mais, en lieu et place de vous aider, ils ont piqu\u00e9 votre projet, j\u2019assume mes propos. Les jeunes sont all\u00e9s voir les membres du gouvernement, au lieu de les aider, ils ont vol\u00e9 leur projet. Ils ont vol\u00e9 leur projet, ils en ont fait la semaine de l\u2019ind\u00e9pendance. \u00c0 votre avis, quelle est la diff\u00e9rence entre la foire de l\u2019ind\u00e9pendance et la semaine de l\u2019ind\u00e9pendance? Alors, qu\u2019est-ce qu\u2019on devrait faire, c\u2019\u00e9tait de donner les moyens \u00e0 ces jeunes. Parce que le probl\u00e8me ici en Guin\u00e9e, c\u2019est qu\u2019ils ne sont pas inspir\u00e9s, les gens sont en manque d\u2019inspiration\u201d, a t-il martel\u00e9. <\/span><\/p>\n<p class=\"p1\"><span class=\"s1\">Et d\u2019enfoncer le clou: \u201cLes jeunes sont venus avec un projet, ils ont dit cette ann\u00e9e, les jeunes sont dispers\u00e9s, chacun c\u00e9l\u00e8bre la f\u00eate de l\u2019ind\u00e9pendance dans son quartier ou chacun dans sa commune. Ils se dit, pourquoi ne pas mettre en place une structure afin d\u2019organiser une foire de l\u2019ind\u00e9pendance qui va s\u2019\u00e9tendre sur une ou deux semaines pour que les guin\u00e9ens se retrouvent et f\u00eatent ensemble l\u2019histoire de la Guin\u00e9e. Et je suis qu\u2019il y a 90% de guin\u00e9ens qui ne savent pas o\u00f9 Sekou Tour\u00e9 est enterr\u00e9 ou Alpha Yaya Diallo est enterr\u00e9. Alors, ces jeunes choisissent cette occasion pour organiser des panels \u00e0 travers des personnes ressources qui font venir parler de l\u2019ind\u00e9pendance devant des milliers de jeunes. Ils ont donn\u00e9 plus 5 milliards de nos francs aux gens qui font la semaine de l\u2019ind\u00e9pendance pour bouffer l\u2019argent du contribuable. Ce n\u2019est pas normal\u201d, a t-il martel\u00e9. <\/span><\/p>\n<p class=\"p1\"><span class=\"s1\">Camara Mamadouba <\/span><\/p>\n<p class=\"p1\"><span class=\"s1\">611 46 04 10 <\/span><\/p>\n","protected":false},"excerpt":{"rendered":"<p>Le Gouvernement Guin\u00e9en aurait-il d\u00e9rob\u00e9 le projet de la foire de l\u2019ind\u00e9pendance pour en faire<\/p>\n","protected":false},"author":2,"featured_media":4302,"comment_status":"closed","ping_status":"open","sticky":false,"template":"","format":"standard","meta":[],"categories":[3,4],"tags":[229],"yoast_head":"<!-- This site is optimized with the Yoast SEO plugin v19.13 - https:\/\/yoast.com\/wordpress\/plugins\/seo\/ -->\n<title>Semaine de l\u2019ind\u00e9pendance, des graves accusations d\u2019Elie Kamano: \u201cLes jeunes sont all\u00e9s voir les membres du gouvernement, au lieu de les aider, ils ont vol\u00e9 leur projet\u00bb - UNIVERSNEWS224<\/title>\n<meta name=\"robots\" content=\"index, follow, max-snippet:-1, max-image-preview:large, max-video-preview:-1\" \/>\n<link rel=\"canonical\" href=\"https:\/\/universnews224.com\/index.php\/semaine-de-lindependance-des-graves-accusations-delie-kamano-les-jeunes-sont-alles-voir-les-membres-du-gouvernement-au-lieu-de-les-aider-ils-ont-vole-leur-projet\/\" \/>\n<meta property=\"og:locale\" content=\"fr_FR\" \/>\n<meta property=\"og:type\" content=\"article\" \/>\n<meta property=\"og:title\" content=\"Semaine de l\u2019ind\u00e9pendance, des graves accusations d\u2019Elie Kamano: \u201cLes jeunes sont all\u00e9s voir les membres du gouvernement, au lieu de les aider, ils ont vol\u00e9 leur projet\u00bb - UNIVERSNEWS224\" \/>\n<meta property=\"og:description\" content=\"Le Gouvernement Guin\u00e9en aurait-il d\u00e9rob\u00e9 le projet de la foire de l\u2019ind\u00e9pendance pour en faire\" \/>\n<meta property=\"og:url\" content=\"https:\/\/universnews224.com\/index.php\/semaine-de-lindependance-des-graves-accusations-delie-kamano-les-jeunes-sont-alles-voir-les-membres-du-gouvernement-au-lieu-de-les-aider-ils-ont-vole-leur-projet\/\" \/>\n<meta property=\"og:site_name\" content=\"UNIVERSNEWS224\" \/>\n<meta property=\"article:published_time\" content=\"2023-09-30T22:04:00+00:00\" \/>\n<meta property=\"og:image\" content=\"https:\/\/universnews224.com\/wp-content\/uploads\/2023\/09\/66411D93-3E04-4753-B3FC-E053215B4A0B.jpeg\" \/>\n\t<meta property=\"og:image:width\" content=\"414\" \/>\n\t<meta property=\"og:image:height\" content=\"256\" \/>\n\t<meta property=\"og:image:type\" content=\"image\/jpeg\" \/>\n<meta name=\"author\" content=\"La R\u00e9daction\" \/>\n<meta name=\"twitter:label1\" content=\"\u00c9crit par\" \/>\n\t<meta name=\"twitter:data1\" content=\"La R\u00e9daction\" \/>\n\t<meta name=\"twitter:label2\" content=\"Dur\u00e9e de lecture estim\u00e9e\" \/>\n\t<meta name=\"twitter:data2\" content=\"2 minutes\" \/>\n<script type=\"application\/ld+json\" class=\"yoast-schema-graph\">{\"@context\":\"https:\/\/schema.org\",\"@graph\":[{\"@type\":\"Article\",\"@id\":\"https:\/\/universnews224.com\/index.php\/semaine-de-lindependance-des-graves-accusations-delie-kamano-les-jeunes-sont-alles-voir-les-membres-du-gouvernement-au-lieu-de-les-aider-ils-ont-vole-leur-projet\/#article\",\"isPartOf\":{\"@id\":\"https:\/\/universnews224.com\/index.php\/semaine-de-lindependance-des-graves-accusations-delie-kamano-les-jeunes-sont-alles-voir-les-membres-du-gouvernement-au-lieu-de-les-aider-ils-ont-vole-leur-projet\/\"},\"author\":{\"name\":\"La R\u00e9daction\",\"@id\":\"https:\/\/universnews224.com\/#\/schema\/person\/a4b7d4f94a4716df60456a491260485e\"},\"headline\":\"Semaine de l\u2019ind\u00e9pendance, des graves accusations d\u2019Elie Kamano: \u201cLes jeunes sont all\u00e9s voir les membres du gouvernement, au lieu de les aider, ils ont vol\u00e9 leur projet\u00bb\",\"datePublished\":\"2023-09-30T22:04:00+00:00\",\"dateModified\":\"2023-09-30T22:04:00+00:00\",\"mainEntityOfPage\":{\"@id\":\"https:\/\/universnews224.com\/index.php\/semaine-de-lindependance-des-graves-accusations-delie-kamano-les-jeunes-sont-alles-voir-les-membres-du-gouvernement-au-lieu-de-les-aider-ils-ont-vole-leur-projet\/\"},\"wordCount\":452,\"publisher\":{\"@id\":\"https:\/\/universnews224.com\/#organization\"},\"keywords\":[\"La une\"],\"articleSection\":[\"ACTU\",\"POLITIQUE\"],\"inLanguage\":\"fr-FR\"},{\"@type\":\"WebPage\",\"@id\":\"https:\/\/universnews224.com\/index.php\/semaine-de-lindependance-des-graves-accusations-delie-kamano-les-jeunes-sont-alles-voir-les-membres-du-gouvernement-au-lieu-de-les-aider-ils-ont-vole-leur-projet\/\",\"url\":\"https:\/\/universnews224.com\/index.php\/semaine-de-lindependance-des-graves-accusations-delie-kamano-les-jeunes-sont-alles-voir-les-membres-du-gouvernement-au-lieu-de-les-aider-ils-ont-vole-leur-projet\/\",\"name\":\"Semaine de l\u2019ind\u00e9pendance, des graves accusations d\u2019Elie Kamano: \u201cLes jeunes sont all\u00e9s voir les membres du gouvernement, au lieu de les aider, ils ont vol\u00e9 leur projet\u00bb - UNIVERSNEWS224\",\"isPartOf\":{\"@id\":\"https:\/\/universnews224.com\/#website\"},\"datePublished\":\"2023-09-30T22:04:00+00:00\",\"dateModified\":\"2023-09-30T22:04:00+00:00\",\"inLanguage\":\"fr-FR\",\"potentialAction\":[{\"@type\":\"ReadAction\",\"target\":[\"https:\/\/universnews224.com\/index.php\/semaine-de-lindependance-des-graves-accusations-delie-kamano-les-jeunes-sont-alles-voir-les-membres-du-gouvernement-au-lieu-de-les-aider-ils-ont-vole-leur-projet\/\"]}]},{\"@type\":\"WebSite\",\"@id\":\"https:\/\/universnews224.com\/#website\",\"url\":\"https:\/\/universnews224.com\/\",\"name\":\"UNIVERSNEWS224\",\"description\":\"\",\"publisher\":{\"@id\":\"https:\/\/universnews224.com\/#organization\"},\"potentialAction\":[{\"@type\":\"SearchAction\",\"target\":{\"@type\":\"EntryPoint\",\"urlTemplate\":\"https:\/\/universnews224.com\/?s={search_term_string}\"},\"query-input\":\"required name=search_term_string\"}],\"inLanguage\":\"fr-FR\"},{\"@type\":\"Organization\",\"@id\":\"https:\/\/universnews224.com\/#organization\",\"name\":\"UNIVERSNEWS224\",\"url\":\"https:\/\/universnews224.com\/\",\"logo\":{\"@type\":\"ImageObject\",\"inLanguage\":\"fr-FR\",\"@id\":\"https:\/\/universnews224.com\/#\/schema\/logo\/image\/\",\"url\":\"https:\/\/universnews224.com\/wp-content\/uploads\/2022\/08\/cropped-cropped-logoban.jpg\",\"contentUrl\":\"https:\/\/universnews224.com\/wp-content\/uploads\/2022\/08\/cropped-cropped-logoban.jpg\",\"width\":1080,\"height\":138,\"caption\":\"UNIVERSNEWS224\"},\"image\":{\"@id\":\"https:\/\/universnews224.com\/#\/schema\/logo\/image\/\"}},{\"@type\":\"Person\",\"@id\":\"https:\/\/universnews224.com\/#\/schema\/person\/a4b7d4f94a4716df60456a491260485e\",\"name\":\"La R\u00e9daction\",\"image\":{\"@type\":\"ImageObject\",\"inLanguage\":\"fr-FR\",\"@id\":\"https:\/\/universnews224.com\/#\/schema\/person\/image\/\",\"url\":\"https:\/\/secure.gravatar.com\/avatar\/edb90acc7752b23e1b3307ad36c14f0d?s=96&d=mm&r=g\",\"contentUrl\":\"https:\/\/secure.gravatar.com\/avatar\/edb90acc7752b23e1b3307ad36c14f0d?s=96&d=mm&r=g\",\"caption\":\"La R\u00e9daction\"},\"sameAs\":[\"https:\/\/universnews224.com\"],\"url\":\"https:\/\/universnews224.com\/index.php\/author\/m-camara\/\"}]}<\/script>\n<!-- \/ Yoast SEO plugin. -->","yoast_head_json":{"title":"Semaine de l\u2019ind\u00e9pendance, des graves accusations d\u2019Elie Kamano: \u201cLes jeunes sont all\u00e9s voir les membres du gouvernement, au lieu de les aider, ils ont vol\u00e9 leur projet\u00bb - UNIVERSNEWS224","robots":{"index":"index","follow":"follow","max-snippet":"max-snippet:-1","max-image-preview":"max-image-preview:large","max-video-preview":"max-video-preview:-1"},"canonical":"https:\/\/universnews224.com\/index.php\/semaine-de-lindependance-des-graves-accusations-delie-kamano-les-jeunes-sont-alles-voir-les-membres-du-gouvernement-au-lieu-de-les-aider-ils-ont-vole-leur-projet\/","og_locale":"fr_FR","og_type":"article","og_title":"Semaine de l\u2019ind\u00e9pendance, des graves accusations d\u2019Elie Kamano: \u201cLes jeunes sont all\u00e9s voir les membres du gouvernement, au lieu de les aider, ils ont vol\u00e9 leur projet\u00bb - UNIVERSNEWS224","og_description":"Le Gouvernement Guin\u00e9en aurait-il d\u00e9rob\u00e9 le projet de la foire de l\u2019ind\u00e9pendance pour en faire","og_url":"https:\/\/universnews224.com\/index.php\/semaine-de-lindependance-des-graves-accusations-delie-kamano-les-jeunes-sont-alles-voir-les-membres-du-gouvernement-au-lieu-de-les-aider-ils-ont-vole-leur-projet\/","og_site_name":"UNIVERSNEWS224","article_published_time":"2023-09-30T22:04:00+00:00","og_image":[{"width":414,"height":256,"url":"https:\/\/universnews224.com\/wp-content\/uploads\/2023\/09\/66411D93-3E04-4753-B3FC-E053215B4A0B.jpeg","type":"image\/jpeg"}],"author":"La R\u00e9daction","twitter_misc":{"\u00c9crit par":"La R\u00e9daction","Dur\u00e9e de lecture estim\u00e9e":"2 minutes"},"schema":{"@context":"https:\/\/schema.org","@graph":[{"@type":"Article","@id":"https:\/\/universnews224.com\/index.php\/semaine-de-lindependance-des-graves-accusations-delie-kamano-les-jeunes-sont-alles-voir-les-membres-du-gouvernement-au-lieu-de-les-aider-ils-ont-vole-leur-projet\/#article","isPartOf":{"@id":"https:\/\/universnews224.com\/index.php\/semaine-de-lindependance-des-graves-accusations-delie-kamano-les-jeunes-sont-alles-voir-les-membres-du-gouvernement-au-lieu-de-les-aider-ils-ont-vole-leur-projet\/"},"author":{"name":"La R\u00e9daction","@id":"https:\/\/universnews224.com\/#\/schema\/person\/a4b7d4f94a4716df60456a491260485e"},"headline":"Semaine de l\u2019ind\u00e9pendance, des graves accusations d\u2019Elie Kamano: \u201cLes jeunes sont all\u00e9s voir les membres du gouvernement, au lieu de les aider, ils ont vol\u00e9 leur projet\u00bb","datePublished":"2023-09-30T22:04:00+00:00","dateModified":"2023-09-30T22:04:00+00:00","mainEntityOfPage":{"@id":"https:\/\/universnews224.com\/index.php\/semaine-de-lindependance-des-graves-accusations-delie-kamano-les-jeunes-sont-alles-voir-les-membres-du-gouvernement-au-lieu-de-les-aider-ils-ont-vole-leur-projet\/"},"wordCount":452,"publisher":{"@id":"https:\/\/universnews224.com\/#organization"},"keywords":["La une"],"articleSection":["ACTU","POLITIQUE"],"inLanguage":"fr-FR"},{"@type":"WebPage","@id":"https:\/\/universnews224.com\/index.php\/semaine-de-lindependance-des-graves-accusations-delie-kamano-les-jeunes-sont-alles-voir-les-membres-du-gouvernement-au-lieu-de-les-aider-ils-ont-vole-leur-projet\/","url":"https:\/\/universnews224.com\/index.php\/semaine-de-lindependance-des-graves-accusations-delie-kamano-les-jeunes-sont-alles-voir-les-membres-du-gouvernement-au-lieu-de-les-aider-ils-ont-vole-leur-projet\/","name":"Semaine de l\u2019ind\u00e9pendance, des graves accusations d\u2019Elie Kamano: \u201cLes jeunes sont all\u00e9s voir les membres du gouvernement, au lieu de les aider, ils ont vol\u00e9 leur projet\u00bb - UNIVERSNEWS224","isPartOf":{"@id":"https:\/\/universnews224.com\/#website"},"datePublished":"2023-09-30T22:04:00+00:00","dateModified":"2023-09-30T22:04:00+00:00","inLanguage":"fr-FR","potentialAction":[{"@type":"ReadAction","target":["https:\/\/universnews224.com\/index.php\/semaine-de-lindependance-des-graves-accusations-delie-kamano-les-jeunes-sont-alles-voir-les-membres-du-gouvernement-au-lieu-de-les-aider-ils-ont-vole-leur-projet\/"]}]},{"@type":"WebSite","@id":"https:\/\/universnews224.com\/#website","url":"https:\/\/universnews224.com\/","name":"UNIVERSNEWS224","description":"","publisher":{"@id":"https:\/\/universnews224.com\/#organization"},"potentialAction":[{"@type":"SearchAction","target":{"@type":"EntryPoint","urlTemplate":"https:\/\/universnews224.com\/?s={search_term_string}"},"query-input":"required name=search_term_string"}],"inLanguage":"fr-FR"},{"@type":"Organization","@id":"https:\/\/universnews224.com\/#organization","name":"UNIVERSNEWS224","url":"https:\/\/universnews224.com\/","logo":{"@type":"ImageObject","inLanguage":"fr-FR","@id":"https:\/\/universnews224.com\/#\/schema\/logo\/image\/","url":"https:\/\/universnews224.com\/wp-content\/uploads\/2022\/08\/cropped-cropped-logoban.jpg","contentUrl":"https:\/\/universnews224.com\/wp-content\/uploads\/2022\/08\/cropped-cropped-logoban.jpg","width":1080,"height":138,"caption":"UNIVERSNEWS224"},"image":{"@id":"https:\/\/universnews224.com\/#\/schema\/logo\/image\/"}},{"@type":"Person","@id":"https:\/\/universnews224.com\/#\/schema\/person\/a4b7d4f94a4716df60456a491260485e","name":"La R\u00e9daction","image":{"@type":"ImageObject","inLanguage":"fr-FR","@id":"https:\/\/universnews224.com\/#\/schema\/person\/image\/","url":"https:\/\/secure.gravatar.com\/avatar\/edb90acc7752b23e1b3307ad36c14f0d?s=96&d=mm&r=g","contentUrl":"https:\/\/secure.gravatar.com\/avatar\/edb90acc7752b23e1b3307ad36c14f0d?s=96&d=mm&r=g","caption":"La R\u00e9daction"},"sameAs":["https:\/\/universnews224.com"],"url":"https:\/\/universnews224.com\/index.php\/author\/m-camara\/"}]}},"_links":{"self":[{"href":"https:\/\/universnews224.com\/index.php\/wp-json\/wp\/v2\/posts\/4362"}],"collection":[{"href":"https:\/\/universnews224.com\/index.php\/wp-json\/wp\/v2\/posts"}],"about":[{"href":"https:\/\/universnews224.com\/index.php\/wp-json\/wp\/v2\/types\/post"}],"author":[{"embeddable":true,"href":"https:\/\/universnews224.com\/index.php\/wp-json\/wp\/v2\/users\/2"}],"replies":[{"embeddable":true,"href":"https:\/\/universnews224.com\/index.php\/wp-json\/wp\/v2\/comments?post=4362"}],"version-history":[{"count":1,"href":"https:\/\/universnews224.com\/index.php\/wp-json\/wp\/v2\/posts\/4362\/revisions"}],"predecessor-version":[{"id":4363,"href":"https:\/\/universnews224.com\/index.php\/wp-json\/wp\/v2\/posts\/4362\/revisions\/4363"}],"wp:featuredmedia":[{"embeddable":true,"href":"https:\/\/universnews224.com\/index.php\/wp-json\/wp\/v2\/media\/4302"}],"wp:attachment":[{"href":"https:\/\/universnews224.com\/index.php\/wp-json\/wp\/v2\/media?parent=4362"}],"wp:term":[{"taxonomy":"category","embeddable":true,"href":"https:\/\/universnews224.com\/index.php\/wp-json\/wp\/v2\/categories?post=4362"},{"taxonomy":"post_tag","embeddable":true,"href":"https:\/\/universnews224.com\/index.php\/wp-json\/wp\/v2\/tags?post=4362"}],"curies":[{"name":"wp","href":"https:\/\/api.w.org\/{rel}","templated":true}]}}