{"id":4365,"date":"2023-10-02T23:08:19","date_gmt":"2023-10-02T22:08:19","guid":{"rendered":"https:\/\/universnews224.com\/?p=4365"},"modified":"2023-10-02T23:08:19","modified_gmt":"2023-10-02T22:08:19","slug":"conakry-la-guinee-celebre-avec-faste-le-65eme-anniversaire-de-son-ascension-a-la-souverainete-nationale","status":"publish","type":"post","link":"https:\/\/universnews224.com\/index.php\/conakry-la-guinee-celebre-avec-faste-le-65eme-anniversaire-de-son-ascension-a-la-souverainete-nationale\/","title":{"rendered":"Conakry: La Guin\u00e9e c\u00e9l\u00e8bre avec faste le 65\u00e8me anniversaire de son ascension \u00e0 la souverainet\u00e9 nationale."},"content":{"rendered":"<p class=\"p2\">C\u2019est sous le th\u00e8me: \u00abS\u2019inspirer du pass\u00e9 pour construire le futur\u00bb que, la R\u00e9publique de Guin\u00e9e a c\u00e9l\u00e9br\u00e9 avec faste, le 65\u00e8me anniversaire de son accession \u00e0 l\u2019ind\u00e9pendance, lundi 02 octobre 2023.<\/p>\n<p class=\"p2\"><span class=\"s1\">\u00c0 Conakry, c\u2019est le boulevard du commerce, sis \u00e0 Temin\u00e8taye, dans la commune de Kaloum qui a servi de cadre aux festivit\u00e9s de ce 65\u00e8me anniversaire de l\u2019ind\u00e9pendance de la R\u00e9publique de Guin\u00e9e. C\u2019\u00e9tait en pr\u00e9sence du pr\u00e9sident de la transition, colonel Mamadi Doumbouya, du pr\u00e9sident du Conseil National de la Transition, Dr Dansa Kourouma,<span class=\"Apple-converted-space\">\u00a0 <\/span>du premier ministre chef du gouvernement, Dr Bernard Goumou, des membres du gouvernement, des pr\u00e9sidents des institutions r\u00e9publicaines, des d\u00e9l\u00e9gations venues du Mali, du Burkina Faso, du Niger, de la Sierra Leone des acteurs de la soci\u00e9t\u00e9 civile pour ne citer que ceux-ci. <\/span><\/p>\n<p class=\"p2\"><span class=\"s1\">Une occasion que, les autorit\u00e9s de la transition ont mis \u00e0 profit pour organiser une parade militaire o\u00f9 plus de 6 693 hommes des Forces de D\u00e9fense et de S\u00e9curit\u00e9 Guin\u00e9enne, accompagn\u00e9s des troupes venues des pays amis, notamment la Sierra Leone, du Niger, du Burkina et du Mali ont pris part qui est une premi\u00e8re en Guin\u00e9e. <\/span><\/p>\n<p class=\"p2\"><span class=\"s1\">Il faut signaler qu\u2019aucun discours officiel n\u2019a \u00e9t\u00e9 tenu \u00e0 l\u2019occasion de la c\u00e9l\u00e9bration de ce 65\u00e8me anniversaire de l\u2019ascension de la Guin\u00e9e \u00e0 la souverainet\u00e9 nationale et internationale. <\/span><\/p>\n<p class=\"p2\"><span class=\"s1\">Camara Mamadouba <\/span><\/p>\n<p class=\"p2\"><span class=\"s1\">611 46 04 10 <\/span><\/p>\n","protected":false},"excerpt":{"rendered":"<p>C\u2019est sous le th\u00e8me: \u00abS\u2019inspirer du pass\u00e9 pour construire le futur\u00bb que, la R\u00e9publique de<\/p>\n","protected":false},"author":2,"featured_media":4366,"comment_status":"closed","ping_status":"open","sticky":false,"template":"","format":"standard","meta":[],"categories":[3,4],"tags":[229],"yoast_head":"<!-- This site is optimized with the Yoast SEO plugin v19.13 - https:\/\/yoast.com\/wordpress\/plugins\/seo\/ -->\n<title>Conakry: La Guin\u00e9e c\u00e9l\u00e8bre avec faste le 65\u00e8me anniversaire de son ascension \u00e0 la souverainet\u00e9 nationale. - UNIVERSNEWS224<\/title>\n<meta name=\"robots\" content=\"index, follow, max-snippet:-1, max-image-preview:large, max-video-preview:-1\" \/>\n<link rel=\"canonical\" href=\"https:\/\/universnews224.com\/index.php\/conakry-la-guinee-celebre-avec-faste-le-65eme-anniversaire-de-son-ascension-a-la-souverainete-nationale\/\" \/>\n<meta property=\"og:locale\" content=\"fr_FR\" \/>\n<meta property=\"og:type\" content=\"article\" \/>\n<meta property=\"og:title\" content=\"Conakry: La Guin\u00e9e c\u00e9l\u00e8bre avec faste le 65\u00e8me anniversaire de son ascension \u00e0 la souverainet\u00e9 nationale. - UNIVERSNEWS224\" \/>\n<meta property=\"og:description\" content=\"C\u2019est sous le th\u00e8me: \u00abS\u2019inspirer du pass\u00e9 pour construire le futur\u00bb que, la R\u00e9publique de\" \/>\n<meta property=\"og:url\" content=\"https:\/\/universnews224.com\/index.php\/conakry-la-guinee-celebre-avec-faste-le-65eme-anniversaire-de-son-ascension-a-la-souverainete-nationale\/\" \/>\n<meta property=\"og:site_name\" content=\"UNIVERSNEWS224\" \/>\n<meta property=\"article:published_time\" content=\"2023-10-02T22:08:19+00:00\" \/>\n<meta property=\"og:image\" content=\"https:\/\/universnews224.com\/wp-content\/uploads\/2023\/10\/139324E6-C3D5-4EB0-96A4-69A1DB87FCC4.jpeg\" \/>\n\t<meta property=\"og:image:width\" content=\"700\" \/>\n\t<meta property=\"og:image:height\" content=\"375\" \/>\n\t<meta property=\"og:image:type\" content=\"image\/jpeg\" \/>\n<meta name=\"author\" content=\"La R\u00e9daction\" \/>\n<meta name=\"twitter:label1\" content=\"\u00c9crit par\" \/>\n\t<meta name=\"twitter:data1\" content=\"La R\u00e9daction\" \/>\n\t<meta name=\"twitter:label2\" content=\"Dur\u00e9e de lecture estim\u00e9e\" \/>\n\t<meta name=\"twitter:data2\" content=\"2 minutes\" \/>\n<script type=\"application\/ld+json\" class=\"yoast-schema-graph\">{\"@context\":\"https:\/\/schema.org\",\"@graph\":[{\"@type\":\"Article\",\"@id\":\"https:\/\/universnews224.com\/index.php\/conakry-la-guinee-celebre-avec-faste-le-65eme-anniversaire-de-son-ascension-a-la-souverainete-nationale\/#article\",\"isPartOf\":{\"@id\":\"https:\/\/universnews224.com\/index.php\/conakry-la-guinee-celebre-avec-faste-le-65eme-anniversaire-de-son-ascension-a-la-souverainete-nationale\/\"},\"author\":{\"name\":\"La R\u00e9daction\",\"@id\":\"https:\/\/universnews224.com\/#\/schema\/person\/a4b7d4f94a4716df60456a491260485e\"},\"headline\":\"Conakry: La Guin\u00e9e c\u00e9l\u00e8bre avec faste le 65\u00e8me anniversaire de son ascension \u00e0 la souverainet\u00e9 nationale.\",\"datePublished\":\"2023-10-02T22:08:19+00:00\",\"dateModified\":\"2023-10-02T22:08:19+00:00\",\"mainEntityOfPage\":{\"@id\":\"https:\/\/universnews224.com\/index.php\/conakry-la-guinee-celebre-avec-faste-le-65eme-anniversaire-de-son-ascension-a-la-souverainete-nationale\/\"},\"wordCount\":266,\"publisher\":{\"@id\":\"https:\/\/universnews224.com\/#organization\"},\"keywords\":[\"La une\"],\"articleSection\":[\"ACTU\",\"POLITIQUE\"],\"inLanguage\":\"fr-FR\"},{\"@type\":\"WebPage\",\"@id\":\"https:\/\/universnews224.com\/index.php\/conakry-la-guinee-celebre-avec-faste-le-65eme-anniversaire-de-son-ascension-a-la-souverainete-nationale\/\",\"url\":\"https:\/\/universnews224.com\/index.php\/conakry-la-guinee-celebre-avec-faste-le-65eme-anniversaire-de-son-ascension-a-la-souverainete-nationale\/\",\"name\":\"Conakry: La Guin\u00e9e c\u00e9l\u00e8bre avec faste le 65\u00e8me anniversaire de son ascension \u00e0 la souverainet\u00e9 nationale. - UNIVERSNEWS224\",\"isPartOf\":{\"@id\":\"https:\/\/universnews224.com\/#website\"},\"datePublished\":\"2023-10-02T22:08:19+00:00\",\"dateModified\":\"2023-10-02T22:08:19+00:00\",\"inLanguage\":\"fr-FR\",\"potentialAction\":[{\"@type\":\"ReadAction\",\"target\":[\"https:\/\/universnews224.com\/index.php\/conakry-la-guinee-celebre-avec-faste-le-65eme-anniversaire-de-son-ascension-a-la-souverainete-nationale\/\"]}]},{\"@type\":\"WebSite\",\"@id\":\"https:\/\/universnews224.com\/#website\",\"url\":\"https:\/\/universnews224.com\/\",\"name\":\"UNIVERSNEWS224\",\"description\":\"\",\"publisher\":{\"@id\":\"https:\/\/universnews224.com\/#organization\"},\"potentialAction\":[{\"@type\":\"SearchAction\",\"target\":{\"@type\":\"EntryPoint\",\"urlTemplate\":\"https:\/\/universnews224.com\/?s={search_term_string}\"},\"query-input\":\"required name=search_term_string\"}],\"inLanguage\":\"fr-FR\"},{\"@type\":\"Organization\",\"@id\":\"https:\/\/universnews224.com\/#organization\",\"name\":\"UNIVERSNEWS224\",\"url\":\"https:\/\/universnews224.com\/\",\"logo\":{\"@type\":\"ImageObject\",\"inLanguage\":\"fr-FR\",\"@id\":\"https:\/\/universnews224.com\/#\/schema\/logo\/image\/\",\"url\":\"https:\/\/universnews224.com\/wp-content\/uploads\/2022\/08\/cropped-cropped-logoban.jpg\",\"contentUrl\":\"https:\/\/universnews224.com\/wp-content\/uploads\/2022\/08\/cropped-cropped-logoban.jpg\",\"width\":1080,\"height\":138,\"caption\":\"UNIVERSNEWS224\"},\"image\":{\"@id\":\"https:\/\/universnews224.com\/#\/schema\/logo\/image\/\"}},{\"@type\":\"Person\",\"@id\":\"https:\/\/universnews224.com\/#\/schema\/person\/a4b7d4f94a4716df60456a491260485e\",\"name\":\"La R\u00e9daction\",\"image\":{\"@type\":\"ImageObject\",\"inLanguage\":\"fr-FR\",\"@id\":\"https:\/\/universnews224.com\/#\/schema\/person\/image\/\",\"url\":\"https:\/\/secure.gravatar.com\/avatar\/edb90acc7752b23e1b3307ad36c14f0d?s=96&d=mm&r=g\",\"contentUrl\":\"https:\/\/secure.gravatar.com\/avatar\/edb90acc7752b23e1b3307ad36c14f0d?s=96&d=mm&r=g\",\"caption\":\"La R\u00e9daction\"},\"sameAs\":[\"https:\/\/universnews224.com\"],\"url\":\"https:\/\/universnews224.com\/index.php\/author\/m-camara\/\"}]}<\/script>\n<!-- \/ Yoast SEO plugin. -->","yoast_head_json":{"title":"Conakry: La Guin\u00e9e c\u00e9l\u00e8bre avec faste le 65\u00e8me anniversaire de son ascension \u00e0 la souverainet\u00e9 nationale. - UNIVERSNEWS224","robots":{"index":"index","follow":"follow","max-snippet":"max-snippet:-1","max-image-preview":"max-image-preview:large","max-video-preview":"max-video-preview:-1"},"canonical":"https:\/\/universnews224.com\/index.php\/conakry-la-guinee-celebre-avec-faste-le-65eme-anniversaire-de-son-ascension-a-la-souverainete-nationale\/","og_locale":"fr_FR","og_type":"article","og_title":"Conakry: La Guin\u00e9e c\u00e9l\u00e8bre avec faste le 65\u00e8me anniversaire de son ascension \u00e0 la souverainet\u00e9 nationale. - UNIVERSNEWS224","og_description":"C\u2019est sous le th\u00e8me: \u00abS\u2019inspirer du pass\u00e9 pour construire le futur\u00bb que, la R\u00e9publique de","og_url":"https:\/\/universnews224.com\/index.php\/conakry-la-guinee-celebre-avec-faste-le-65eme-anniversaire-de-son-ascension-a-la-souverainete-nationale\/","og_site_name":"UNIVERSNEWS224","article_published_time":"2023-10-02T22:08:19+00:00","og_image":[{"width":700,"height":375,"url":"https:\/\/universnews224.com\/wp-content\/uploads\/2023\/10\/139324E6-C3D5-4EB0-96A4-69A1DB87FCC4.jpeg","type":"image\/jpeg"}],"author":"La R\u00e9daction","twitter_misc":{"\u00c9crit par":"La R\u00e9daction","Dur\u00e9e de lecture estim\u00e9e":"2 minutes"},"schema":{"@context":"https:\/\/schema.org","@graph":[{"@type":"Article","@id":"https:\/\/universnews224.com\/index.php\/conakry-la-guinee-celebre-avec-faste-le-65eme-anniversaire-de-son-ascension-a-la-souverainete-nationale\/#article","isPartOf":{"@id":"https:\/\/universnews224.com\/index.php\/conakry-la-guinee-celebre-avec-faste-le-65eme-anniversaire-de-son-ascension-a-la-souverainete-nationale\/"},"author":{"name":"La R\u00e9daction","@id":"https:\/\/universnews224.com\/#\/schema\/person\/a4b7d4f94a4716df60456a491260485e"},"headline":"Conakry: La Guin\u00e9e c\u00e9l\u00e8bre avec faste le 65\u00e8me anniversaire de son ascension \u00e0 la souverainet\u00e9 nationale.","datePublished":"2023-10-02T22:08:19+00:00","dateModified":"2023-10-02T22:08:19+00:00","mainEntityOfPage":{"@id":"https:\/\/universnews224.com\/index.php\/conakry-la-guinee-celebre-avec-faste-le-65eme-anniversaire-de-son-ascension-a-la-souverainete-nationale\/"},"wordCount":266,"publisher":{"@id":"https:\/\/universnews224.com\/#organization"},"keywords":["La une"],"articleSection":["ACTU","POLITIQUE"],"inLanguage":"fr-FR"},{"@type":"WebPage","@id":"https:\/\/universnews224.com\/index.php\/conakry-la-guinee-celebre-avec-faste-le-65eme-anniversaire-de-son-ascension-a-la-souverainete-nationale\/","url":"https:\/\/universnews224.com\/index.php\/conakry-la-guinee-celebre-avec-faste-le-65eme-anniversaire-de-son-ascension-a-la-souverainete-nationale\/","name":"Conakry: La Guin\u00e9e c\u00e9l\u00e8bre avec faste le 65\u00e8me anniversaire de son ascension \u00e0 la souverainet\u00e9 nationale. - UNIVERSNEWS224","isPartOf":{"@id":"https:\/\/universnews224.com\/#website"},"datePublished":"2023-10-02T22:08:19+00:00","dateModified":"2023-10-02T22:08:19+00:00","inLanguage":"fr-FR","potentialAction":[{"@type":"ReadAction","target":["https:\/\/universnews224.com\/index.php\/conakry-la-guinee-celebre-avec-faste-le-65eme-anniversaire-de-son-ascension-a-la-souverainete-nationale\/"]}]},{"@type":"WebSite","@id":"https:\/\/universnews224.com\/#website","url":"https:\/\/universnews224.com\/","name":"UNIVERSNEWS224","description":"","publisher":{"@id":"https:\/\/universnews224.com\/#organization"},"potentialAction":[{"@type":"SearchAction","target":{"@type":"EntryPoint","urlTemplate":"https:\/\/universnews224.com\/?s={search_term_string}"},"query-input":"required name=search_term_string"}],"inLanguage":"fr-FR"},{"@type":"Organization","@id":"https:\/\/universnews224.com\/#organization","name":"UNIVERSNEWS224","url":"https:\/\/universnews224.com\/","logo":{"@type":"ImageObject","inLanguage":"fr-FR","@id":"https:\/\/universnews224.com\/#\/schema\/logo\/image\/","url":"https:\/\/universnews224.com\/wp-content\/uploads\/2022\/08\/cropped-cropped-logoban.jpg","contentUrl":"https:\/\/universnews224.com\/wp-content\/uploads\/2022\/08\/cropped-cropped-logoban.jpg","width":1080,"height":138,"caption":"UNIVERSNEWS224"},"image":{"@id":"https:\/\/universnews224.com\/#\/schema\/logo\/image\/"}},{"@type":"Person","@id":"https:\/\/universnews224.com\/#\/schema\/person\/a4b7d4f94a4716df60456a491260485e","name":"La R\u00e9daction","image":{"@type":"ImageObject","inLanguage":"fr-FR","@id":"https:\/\/universnews224.com\/#\/schema\/person\/image\/","url":"https:\/\/secure.gravatar.com\/avatar\/edb90acc7752b23e1b3307ad36c14f0d?s=96&d=mm&r=g","contentUrl":"https:\/\/secure.gravatar.com\/avatar\/edb90acc7752b23e1b3307ad36c14f0d?s=96&d=mm&r=g","caption":"La R\u00e9daction"},"sameAs":["https:\/\/universnews224.com"],"url":"https:\/\/universnews224.com\/index.php\/author\/m-camara\/"}]}},"_links":{"self":[{"href":"https:\/\/universnews224.com\/index.php\/wp-json\/wp\/v2\/posts\/4365"}],"collection":[{"href":"https:\/\/universnews224.com\/index.php\/wp-json\/wp\/v2\/posts"}],"about":[{"href":"https:\/\/universnews224.com\/index.php\/wp-json\/wp\/v2\/types\/post"}],"author":[{"embeddable":true,"href":"https:\/\/universnews224.com\/index.php\/wp-json\/wp\/v2\/users\/2"}],"replies":[{"embeddable":true,"href":"https:\/\/universnews224.com\/index.php\/wp-json\/wp\/v2\/comments?post=4365"}],"version-history":[{"count":1,"href":"https:\/\/universnews224.com\/index.php\/wp-json\/wp\/v2\/posts\/4365\/revisions"}],"predecessor-version":[{"id":4367,"href":"https:\/\/universnews224.com\/index.php\/wp-json\/wp\/v2\/posts\/4365\/revisions\/4367"}],"wp:featuredmedia":[{"embeddable":true,"href":"https:\/\/universnews224.com\/index.php\/wp-json\/wp\/v2\/media\/4366"}],"wp:attachment":[{"href":"https:\/\/universnews224.com\/index.php\/wp-json\/wp\/v2\/media?parent=4365"}],"wp:term":[{"taxonomy":"category","embeddable":true,"href":"https:\/\/universnews224.com\/index.php\/wp-json\/wp\/v2\/categories?post=4365"},{"taxonomy":"post_tag","embeddable":true,"href":"https:\/\/universnews224.com\/index.php\/wp-json\/wp\/v2\/tags?post=4365"}],"curies":[{"name":"wp","href":"https:\/\/api.w.org\/{rel}","templated":true}]}}