{"id":4368,"date":"2023-10-02T23:09:50","date_gmt":"2023-10-02T22:09:50","guid":{"rendered":"https:\/\/universnews224.com\/?p=4368"},"modified":"2023-10-02T23:09:50","modified_gmt":"2023-10-02T22:09:50","slug":"fete-de-lindependance-le-gouverneure-de-la-ville-de-conakry-rend-hommage-aux-peres-de-lindependance","status":"publish","type":"post","link":"https:\/\/universnews224.com\/index.php\/fete-de-lindependance-le-gouverneure-de-la-ville-de-conakry-rend-hommage-aux-peres-de-lindependance\/","title":{"rendered":"F\u00eate de l&rsquo;ind\u00e9pendance: le gouverneure de la ville de Conakry rend hommage aux p\u00e8res de l\u2019ind\u00e9pendance."},"content":{"rendered":"<p class=\"p2\"><span class=\"s2\">Le Gouverneure de la ville de Conakry, la g\u00e9n\u00e9rale \u00e0 la retraite, M\u2019mahawa Sylla, a pris part ce lundi, 02 octobre 2023, \u00e0 la pose de gerbe de fleurs par le pr\u00e9sident de la transition, en marge \u00e0 la c\u00e9l\u00e9bration du 65\u00e8me anniversaire de l\u2019ind\u00e9pendance de la Guin\u00e9e. <\/span><\/p>\n<p class=\"p2\"><span class=\"s2\">\u00c0 cette occasion, g\u00e9n\u00e9rale M\u2019mahawa Sylla a salu\u00e9 la m\u00e9moire des p\u00e8res de l\u2019ind\u00e9pendance pour ces sacrifices pour que la Guin\u00e9e soit libre. <\/span><\/p>\n<p class=\"p2\"><span class=\"s2\">\u00ab\u00a0Je remercie nos devanciers, c\u2019est pourquoi nous sommes \u00e0 la place des martyrs pour la reconnaissance de nos martyrs. La f\u00eate doit commencer, le pr\u00e9sident doit faire la pose des gerbes de fleurs en m\u00e9moire de nos vaillants combattants. Donc j\u2019adresse une bonne f\u00eate \u00e0 toute la Guin\u00e9e en g\u00e9n\u00e9ral et la population de Conakry en particulier \u00bb, a d\u00e9clar\u00e9 Mme la gouverneur. <\/span><\/p>\n<p class=\"p2\"><span class=\"s2\">Et d\u00b4ajouter, \u00ab L\u2019union, la solidarit\u00e9, le vivre ensemble rien que dans la paix nous pouvons vivre<span class=\"Apple-converted-space\">\u00a0 <\/span>et d\u00e9velopper notre pays car si vous voyez que nous sommes entrain de faire la f\u00eate c\u2019est parce que ya la tranquillit\u00e9 et ce qui pr\u00f4ne le pr\u00e9sident de la r\u00e9publique le colonel Mamadi Doumbouya tous les Guin\u00e9ens n\u2019ont qu\u2019\u00e0 se donner la main on n\u2019a qu\u2019\u00e0 laiss\u00e9 le pass\u00e9 derri\u00e8re et voir l\u2019avenir pour construire notre pays il faut la paix et le vivre ensemble qu\u2019on s\u2019accepte et qu\u2019on avance dans le d\u00e9veloppement\u00a0\u00bb, a soulign\u00e9 M\u2019mahawa Sylla.<\/span><\/p>\n<p class=\"p2\"><span class=\"s2\">Sana Sylla.<\/span><\/p>\n","protected":false},"excerpt":{"rendered":"<p>Le Gouverneure de la ville de Conakry, la g\u00e9n\u00e9rale \u00e0 la retraite, M\u2019mahawa Sylla, a<\/p>\n","protected":false},"author":2,"featured_media":4369,"comment_status":"closed","ping_status":"open","sticky":false,"template":"","format":"standard","meta":[],"categories":[3,4],"tags":[229],"yoast_head":"<!-- This site is optimized with the Yoast SEO plugin v19.13 - https:\/\/yoast.com\/wordpress\/plugins\/seo\/ -->\n<title>F\u00eate de l&#039;ind\u00e9pendance: le gouverneure de la ville de Conakry rend hommage aux p\u00e8res de l\u2019ind\u00e9pendance. - UNIVERSNEWS224<\/title>\n<meta name=\"robots\" content=\"index, follow, max-snippet:-1, max-image-preview:large, max-video-preview:-1\" \/>\n<link rel=\"canonical\" href=\"https:\/\/universnews224.com\/index.php\/fete-de-lindependance-le-gouverneure-de-la-ville-de-conakry-rend-hommage-aux-peres-de-lindependance\/\" \/>\n<meta property=\"og:locale\" content=\"fr_FR\" \/>\n<meta property=\"og:type\" content=\"article\" \/>\n<meta property=\"og:title\" content=\"F\u00eate de l&#039;ind\u00e9pendance: le gouverneure de la ville de Conakry rend hommage aux p\u00e8res de l\u2019ind\u00e9pendance. - UNIVERSNEWS224\" \/>\n<meta property=\"og:description\" content=\"Le Gouverneure de la ville de Conakry, la g\u00e9n\u00e9rale \u00e0 la retraite, M\u2019mahawa Sylla, a\" \/>\n<meta property=\"og:url\" content=\"https:\/\/universnews224.com\/index.php\/fete-de-lindependance-le-gouverneure-de-la-ville-de-conakry-rend-hommage-aux-peres-de-lindependance\/\" \/>\n<meta property=\"og:site_name\" content=\"UNIVERSNEWS224\" \/>\n<meta property=\"article:published_time\" content=\"2023-10-02T22:09:50+00:00\" \/>\n<meta property=\"og:image\" content=\"https:\/\/universnews224.com\/wp-content\/uploads\/2023\/10\/9720C341-D796-4170-95F9-B63EFAB23BD8.jpeg\" \/>\n\t<meta property=\"og:image:width\" content=\"1032\" \/>\n\t<meta property=\"og:image:height\" content=\"580\" \/>\n\t<meta property=\"og:image:type\" content=\"image\/jpeg\" \/>\n<meta name=\"author\" content=\"La R\u00e9daction\" \/>\n<meta name=\"twitter:label1\" content=\"\u00c9crit par\" \/>\n\t<meta name=\"twitter:data1\" content=\"La R\u00e9daction\" \/>\n\t<meta name=\"twitter:label2\" content=\"Dur\u00e9e de lecture estim\u00e9e\" \/>\n\t<meta name=\"twitter:data2\" content=\"2 minutes\" \/>\n<script type=\"application\/ld+json\" class=\"yoast-schema-graph\">{\"@context\":\"https:\/\/schema.org\",\"@graph\":[{\"@type\":\"Article\",\"@id\":\"https:\/\/universnews224.com\/index.php\/fete-de-lindependance-le-gouverneure-de-la-ville-de-conakry-rend-hommage-aux-peres-de-lindependance\/#article\",\"isPartOf\":{\"@id\":\"https:\/\/universnews224.com\/index.php\/fete-de-lindependance-le-gouverneure-de-la-ville-de-conakry-rend-hommage-aux-peres-de-lindependance\/\"},\"author\":{\"name\":\"La R\u00e9daction\",\"@id\":\"https:\/\/universnews224.com\/#\/schema\/person\/a4b7d4f94a4716df60456a491260485e\"},\"headline\":\"F\u00eate de l&rsquo;ind\u00e9pendance: le gouverneure de la ville de Conakry rend hommage aux p\u00e8res de l\u2019ind\u00e9pendance.\",\"datePublished\":\"2023-10-02T22:09:50+00:00\",\"dateModified\":\"2023-10-02T22:09:50+00:00\",\"mainEntityOfPage\":{\"@id\":\"https:\/\/universnews224.com\/index.php\/fete-de-lindependance-le-gouverneure-de-la-ville-de-conakry-rend-hommage-aux-peres-de-lindependance\/\"},\"wordCount\":287,\"publisher\":{\"@id\":\"https:\/\/universnews224.com\/#organization\"},\"keywords\":[\"La une\"],\"articleSection\":[\"ACTU\",\"POLITIQUE\"],\"inLanguage\":\"fr-FR\"},{\"@type\":\"WebPage\",\"@id\":\"https:\/\/universnews224.com\/index.php\/fete-de-lindependance-le-gouverneure-de-la-ville-de-conakry-rend-hommage-aux-peres-de-lindependance\/\",\"url\":\"https:\/\/universnews224.com\/index.php\/fete-de-lindependance-le-gouverneure-de-la-ville-de-conakry-rend-hommage-aux-peres-de-lindependance\/\",\"name\":\"F\u00eate de l'ind\u00e9pendance: le gouverneure de la ville de Conakry rend hommage aux p\u00e8res de l\u2019ind\u00e9pendance. - UNIVERSNEWS224\",\"isPartOf\":{\"@id\":\"https:\/\/universnews224.com\/#website\"},\"datePublished\":\"2023-10-02T22:09:50+00:00\",\"dateModified\":\"2023-10-02T22:09:50+00:00\",\"inLanguage\":\"fr-FR\",\"potentialAction\":[{\"@type\":\"ReadAction\",\"target\":[\"https:\/\/universnews224.com\/index.php\/fete-de-lindependance-le-gouverneure-de-la-ville-de-conakry-rend-hommage-aux-peres-de-lindependance\/\"]}]},{\"@type\":\"WebSite\",\"@id\":\"https:\/\/universnews224.com\/#website\",\"url\":\"https:\/\/universnews224.com\/\",\"name\":\"UNIVERSNEWS224\",\"description\":\"\",\"publisher\":{\"@id\":\"https:\/\/universnews224.com\/#organization\"},\"potentialAction\":[{\"@type\":\"SearchAction\",\"target\":{\"@type\":\"EntryPoint\",\"urlTemplate\":\"https:\/\/universnews224.com\/?s={search_term_string}\"},\"query-input\":\"required name=search_term_string\"}],\"inLanguage\":\"fr-FR\"},{\"@type\":\"Organization\",\"@id\":\"https:\/\/universnews224.com\/#organization\",\"name\":\"UNIVERSNEWS224\",\"url\":\"https:\/\/universnews224.com\/\",\"logo\":{\"@type\":\"ImageObject\",\"inLanguage\":\"fr-FR\",\"@id\":\"https:\/\/universnews224.com\/#\/schema\/logo\/image\/\",\"url\":\"https:\/\/universnews224.com\/wp-content\/uploads\/2022\/08\/cropped-cropped-logoban.jpg\",\"contentUrl\":\"https:\/\/universnews224.com\/wp-content\/uploads\/2022\/08\/cropped-cropped-logoban.jpg\",\"width\":1080,\"height\":138,\"caption\":\"UNIVERSNEWS224\"},\"image\":{\"@id\":\"https:\/\/universnews224.com\/#\/schema\/logo\/image\/\"}},{\"@type\":\"Person\",\"@id\":\"https:\/\/universnews224.com\/#\/schema\/person\/a4b7d4f94a4716df60456a491260485e\",\"name\":\"La R\u00e9daction\",\"image\":{\"@type\":\"ImageObject\",\"inLanguage\":\"fr-FR\",\"@id\":\"https:\/\/universnews224.com\/#\/schema\/person\/image\/\",\"url\":\"https:\/\/secure.gravatar.com\/avatar\/edb90acc7752b23e1b3307ad36c14f0d?s=96&d=mm&r=g\",\"contentUrl\":\"https:\/\/secure.gravatar.com\/avatar\/edb90acc7752b23e1b3307ad36c14f0d?s=96&d=mm&r=g\",\"caption\":\"La R\u00e9daction\"},\"sameAs\":[\"https:\/\/universnews224.com\"],\"url\":\"https:\/\/universnews224.com\/index.php\/author\/m-camara\/\"}]}<\/script>\n<!-- \/ Yoast SEO plugin. -->","yoast_head_json":{"title":"F\u00eate de l'ind\u00e9pendance: le gouverneure de la ville de Conakry rend hommage aux p\u00e8res de l\u2019ind\u00e9pendance. - UNIVERSNEWS224","robots":{"index":"index","follow":"follow","max-snippet":"max-snippet:-1","max-image-preview":"max-image-preview:large","max-video-preview":"max-video-preview:-1"},"canonical":"https:\/\/universnews224.com\/index.php\/fete-de-lindependance-le-gouverneure-de-la-ville-de-conakry-rend-hommage-aux-peres-de-lindependance\/","og_locale":"fr_FR","og_type":"article","og_title":"F\u00eate de l'ind\u00e9pendance: le gouverneure de la ville de Conakry rend hommage aux p\u00e8res de l\u2019ind\u00e9pendance. - UNIVERSNEWS224","og_description":"Le Gouverneure de la ville de Conakry, la g\u00e9n\u00e9rale \u00e0 la retraite, M\u2019mahawa Sylla, a","og_url":"https:\/\/universnews224.com\/index.php\/fete-de-lindependance-le-gouverneure-de-la-ville-de-conakry-rend-hommage-aux-peres-de-lindependance\/","og_site_name":"UNIVERSNEWS224","article_published_time":"2023-10-02T22:09:50+00:00","og_image":[{"width":1032,"height":580,"url":"https:\/\/universnews224.com\/wp-content\/uploads\/2023\/10\/9720C341-D796-4170-95F9-B63EFAB23BD8.jpeg","type":"image\/jpeg"}],"author":"La R\u00e9daction","twitter_misc":{"\u00c9crit par":"La R\u00e9daction","Dur\u00e9e de lecture estim\u00e9e":"2 minutes"},"schema":{"@context":"https:\/\/schema.org","@graph":[{"@type":"Article","@id":"https:\/\/universnews224.com\/index.php\/fete-de-lindependance-le-gouverneure-de-la-ville-de-conakry-rend-hommage-aux-peres-de-lindependance\/#article","isPartOf":{"@id":"https:\/\/universnews224.com\/index.php\/fete-de-lindependance-le-gouverneure-de-la-ville-de-conakry-rend-hommage-aux-peres-de-lindependance\/"},"author":{"name":"La R\u00e9daction","@id":"https:\/\/universnews224.com\/#\/schema\/person\/a4b7d4f94a4716df60456a491260485e"},"headline":"F\u00eate de l&rsquo;ind\u00e9pendance: le gouverneure de la ville de Conakry rend hommage aux p\u00e8res de l\u2019ind\u00e9pendance.","datePublished":"2023-10-02T22:09:50+00:00","dateModified":"2023-10-02T22:09:50+00:00","mainEntityOfPage":{"@id":"https:\/\/universnews224.com\/index.php\/fete-de-lindependance-le-gouverneure-de-la-ville-de-conakry-rend-hommage-aux-peres-de-lindependance\/"},"wordCount":287,"publisher":{"@id":"https:\/\/universnews224.com\/#organization"},"keywords":["La une"],"articleSection":["ACTU","POLITIQUE"],"inLanguage":"fr-FR"},{"@type":"WebPage","@id":"https:\/\/universnews224.com\/index.php\/fete-de-lindependance-le-gouverneure-de-la-ville-de-conakry-rend-hommage-aux-peres-de-lindependance\/","url":"https:\/\/universnews224.com\/index.php\/fete-de-lindependance-le-gouverneure-de-la-ville-de-conakry-rend-hommage-aux-peres-de-lindependance\/","name":"F\u00eate de l'ind\u00e9pendance: le gouverneure de la ville de Conakry rend hommage aux p\u00e8res de l\u2019ind\u00e9pendance. - UNIVERSNEWS224","isPartOf":{"@id":"https:\/\/universnews224.com\/#website"},"datePublished":"2023-10-02T22:09:50+00:00","dateModified":"2023-10-02T22:09:50+00:00","inLanguage":"fr-FR","potentialAction":[{"@type":"ReadAction","target":["https:\/\/universnews224.com\/index.php\/fete-de-lindependance-le-gouverneure-de-la-ville-de-conakry-rend-hommage-aux-peres-de-lindependance\/"]}]},{"@type":"WebSite","@id":"https:\/\/universnews224.com\/#website","url":"https:\/\/universnews224.com\/","name":"UNIVERSNEWS224","description":"","publisher":{"@id":"https:\/\/universnews224.com\/#organization"},"potentialAction":[{"@type":"SearchAction","target":{"@type":"EntryPoint","urlTemplate":"https:\/\/universnews224.com\/?s={search_term_string}"},"query-input":"required name=search_term_string"}],"inLanguage":"fr-FR"},{"@type":"Organization","@id":"https:\/\/universnews224.com\/#organization","name":"UNIVERSNEWS224","url":"https:\/\/universnews224.com\/","logo":{"@type":"ImageObject","inLanguage":"fr-FR","@id":"https:\/\/universnews224.com\/#\/schema\/logo\/image\/","url":"https:\/\/universnews224.com\/wp-content\/uploads\/2022\/08\/cropped-cropped-logoban.jpg","contentUrl":"https:\/\/universnews224.com\/wp-content\/uploads\/2022\/08\/cropped-cropped-logoban.jpg","width":1080,"height":138,"caption":"UNIVERSNEWS224"},"image":{"@id":"https:\/\/universnews224.com\/#\/schema\/logo\/image\/"}},{"@type":"Person","@id":"https:\/\/universnews224.com\/#\/schema\/person\/a4b7d4f94a4716df60456a491260485e","name":"La R\u00e9daction","image":{"@type":"ImageObject","inLanguage":"fr-FR","@id":"https:\/\/universnews224.com\/#\/schema\/person\/image\/","url":"https:\/\/secure.gravatar.com\/avatar\/edb90acc7752b23e1b3307ad36c14f0d?s=96&d=mm&r=g","contentUrl":"https:\/\/secure.gravatar.com\/avatar\/edb90acc7752b23e1b3307ad36c14f0d?s=96&d=mm&r=g","caption":"La R\u00e9daction"},"sameAs":["https:\/\/universnews224.com"],"url":"https:\/\/universnews224.com\/index.php\/author\/m-camara\/"}]}},"_links":{"self":[{"href":"https:\/\/universnews224.com\/index.php\/wp-json\/wp\/v2\/posts\/4368"}],"collection":[{"href":"https:\/\/universnews224.com\/index.php\/wp-json\/wp\/v2\/posts"}],"about":[{"href":"https:\/\/universnews224.com\/index.php\/wp-json\/wp\/v2\/types\/post"}],"author":[{"embeddable":true,"href":"https:\/\/universnews224.com\/index.php\/wp-json\/wp\/v2\/users\/2"}],"replies":[{"embeddable":true,"href":"https:\/\/universnews224.com\/index.php\/wp-json\/wp\/v2\/comments?post=4368"}],"version-history":[{"count":1,"href":"https:\/\/universnews224.com\/index.php\/wp-json\/wp\/v2\/posts\/4368\/revisions"}],"predecessor-version":[{"id":4370,"href":"https:\/\/universnews224.com\/index.php\/wp-json\/wp\/v2\/posts\/4368\/revisions\/4370"}],"wp:featuredmedia":[{"embeddable":true,"href":"https:\/\/universnews224.com\/index.php\/wp-json\/wp\/v2\/media\/4369"}],"wp:attachment":[{"href":"https:\/\/universnews224.com\/index.php\/wp-json\/wp\/v2\/media?parent=4368"}],"wp:term":[{"taxonomy":"category","embeddable":true,"href":"https:\/\/universnews224.com\/index.php\/wp-json\/wp\/v2\/categories?post=4368"},{"taxonomy":"post_tag","embeddable":true,"href":"https:\/\/universnews224.com\/index.php\/wp-json\/wp\/v2\/tags?post=4368"}],"curies":[{"name":"wp","href":"https:\/\/api.w.org\/{rel}","templated":true}]}}