{"id":4405,"date":"2023-10-11T22:06:15","date_gmt":"2023-10-11T21:06:15","guid":{"rendered":"https:\/\/universnews224.com\/?p=4405"},"modified":"2023-10-11T22:06:15","modified_gmt":"2023-10-11T21:06:15","slug":"ousmane-gaoul-diallo-cest-une-anomalie-que-de-ne-pas-dire-president-de-la-republique-celui-qui-preside-les-destinees-de-la-nation","status":"publish","type":"post","link":"https:\/\/universnews224.com\/index.php\/ousmane-gaoul-diallo-cest-une-anomalie-que-de-ne-pas-dire-president-de-la-republique-celui-qui-preside-les-destinees-de-la-nation\/","title":{"rendered":"Ousmane Gaoul Diallo: \u201cC\u2019est une anomalie que, de ne pas dire pr\u00e9sident de la R\u00e9publique celui qui pr\u00e9side les destin\u00e9es de la nation\u201d"},"content":{"rendered":"<p class=\"p2\">Depuis certains temps l\u2019expression\u201cpr\u00e9sident de la transition\u201d est presque effac\u00e9e dans les discours officiels en Guin\u00e9e. Dor\u00e9navant tous les hauts commis de l\u2019\u00c9tat appellent le colonel Mamadi Doumbouya, \u201cpr\u00e9sident de la R\u00e9publique \u201d.<\/p>\n<p class=\"p2\"><span class=\"s1\">Un changement de terminologie qui inqui\u00e8te certains observateurs qui soup\u00e7onnent le Colonel Mamadi Doumbouya de se mettre dans la peau d\u2019un pr\u00e9sident \u00e9lu alors qu\u2019il ne l\u2019est pas. <\/span><\/p>\n<p class=\"p2\"><span class=\"s1\">R\u00e9gissant sur cette actualit\u00e9 chez nos confr\u00e8res de Djoma m\u00e9dia dans l\u2019\u00e9mission \u201cOn refait le monde\u201d de ce mercredi, 11 octobre 2023, Ousmane Gaoul Diallo, ministre porte-parole du gouvernement a laiss\u00e9 entendre que, c\u2019est une anomalie ne pas appeler pr\u00e9sident de la R\u00e9publique celui qui dirige les destin\u00e9es du pays. <\/span><\/p>\n<p class=\"p2\"><span class=\"s1\">\u201cJ\u2019attends certains acteurs politiques d\u00e9nier aux ministres de dire pr\u00e9sident de la R\u00e9publique, ils disent qu\u2019on appelle pr\u00e9sident de la R\u00e9publique quand il est \u00e9lu. Moi, je voudrais bien qu\u2019ils nous disent o\u00f9 ils tirent cette instruction parce que la R\u00e9publique a pr\u00e9c\u00e9d\u00e9 les \u00e9lections. Dans tout le monde entier, il y a eu d\u2019abord la R\u00e9publique avant qu\u2019on parle de suffrages. Ce sont les charges qui nous conf\u00e8rent le pr\u00e9sident de la R\u00e9publique, ce n\u2019est pas le mode d\u2019arriver au pouvoir qui nous conf\u00e8re ce statut. C\u2019est une anomalie que, de ne pas dire pr\u00e9sident de la R\u00e9publique celui qui pr\u00e9side les destin\u00e9es de la<span class=\"Apple-converted-space\">\u00a0 <\/span>nation. Ce n\u2019est pas li\u00e9 \u00e0 son mode d\u2019arriver au pouvoir. Moi, quand je prends la parole je dis pr\u00e9sident de la R\u00e9publique, si quelqu\u2019un me dit que je ne dois pas le dire, je m\u2019interroge pourquoi parce que la R\u00e9publique a exist\u00e9 avant le suffrage. M\u00eame si maintenant, on vient d\u00e9couvrir, cela n\u2019en fait pas une anomalie . Ce n\u2019est pas une anomalie de dire que colonel Mamadi Doumbouya est pr\u00e9sident de la R\u00e9publique. Parce que le probl\u00e8me, c\u2019est de dire comme il n\u2019est pas \u00e9lu, on ne peut pas dire pr\u00e9sident de la R\u00e9publique, ce n\u2019est pas vrai\u201d, a t-il martel\u00e9. <\/span><\/p>\n<p class=\"p2\"><span class=\"s1\">Camara Mamadouba <\/span><\/p>\n<p class=\"p2\"><span class=\"s1\">611 46 04 10 <\/span><\/p>\n","protected":false},"excerpt":{"rendered":"<p>Depuis certains temps l\u2019expression\u201cpr\u00e9sident de la transition\u201d est presque effac\u00e9e dans les discours officiels en<\/p>\n","protected":false},"author":2,"featured_media":3784,"comment_status":"closed","ping_status":"open","sticky":false,"template":"","format":"standard","meta":[],"categories":[3,4],"tags":[229],"yoast_head":"<!-- This site is optimized with the Yoast SEO plugin v19.13 - https:\/\/yoast.com\/wordpress\/plugins\/seo\/ -->\n<title>Ousmane Gaoul Diallo: \u201cC\u2019est une anomalie que, de ne pas dire pr\u00e9sident de la R\u00e9publique celui qui pr\u00e9side les destin\u00e9es de la nation\u201d - UNIVERSNEWS224<\/title>\n<meta name=\"robots\" content=\"index, follow, max-snippet:-1, max-image-preview:large, max-video-preview:-1\" \/>\n<link rel=\"canonical\" href=\"https:\/\/universnews224.com\/index.php\/ousmane-gaoul-diallo-cest-une-anomalie-que-de-ne-pas-dire-president-de-la-republique-celui-qui-preside-les-destinees-de-la-nation\/\" \/>\n<meta property=\"og:locale\" content=\"fr_FR\" \/>\n<meta property=\"og:type\" content=\"article\" \/>\n<meta property=\"og:title\" content=\"Ousmane Gaoul Diallo: \u201cC\u2019est une anomalie que, de ne pas dire pr\u00e9sident de la R\u00e9publique celui qui pr\u00e9side les destin\u00e9es de la nation\u201d - UNIVERSNEWS224\" \/>\n<meta property=\"og:description\" content=\"Depuis certains temps l\u2019expression\u201cpr\u00e9sident de la transition\u201d est presque effac\u00e9e dans les discours officiels en\" \/>\n<meta property=\"og:url\" content=\"https:\/\/universnews224.com\/index.php\/ousmane-gaoul-diallo-cest-une-anomalie-que-de-ne-pas-dire-president-de-la-republique-celui-qui-preside-les-destinees-de-la-nation\/\" \/>\n<meta property=\"og:site_name\" content=\"UNIVERSNEWS224\" \/>\n<meta property=\"article:published_time\" content=\"2023-10-11T21:06:15+00:00\" \/>\n<meta property=\"og:image\" content=\"https:\/\/universnews224.com\/wp-content\/uploads\/2023\/06\/001FB9D0-8FA0-4861-90E9-866E8D4BBF90.jpeg\" \/>\n\t<meta property=\"og:image:width\" content=\"765\" \/>\n\t<meta property=\"og:image:height\" content=\"582\" \/>\n\t<meta property=\"og:image:type\" content=\"image\/jpeg\" \/>\n<meta name=\"author\" content=\"La R\u00e9daction\" \/>\n<meta name=\"twitter:label1\" content=\"\u00c9crit par\" \/>\n\t<meta name=\"twitter:data1\" content=\"La R\u00e9daction\" \/>\n\t<meta name=\"twitter:label2\" content=\"Dur\u00e9e de lecture estim\u00e9e\" \/>\n\t<meta name=\"twitter:data2\" content=\"2 minutes\" \/>\n<script type=\"application\/ld+json\" class=\"yoast-schema-graph\">{\"@context\":\"https:\/\/schema.org\",\"@graph\":[{\"@type\":\"Article\",\"@id\":\"https:\/\/universnews224.com\/index.php\/ousmane-gaoul-diallo-cest-une-anomalie-que-de-ne-pas-dire-president-de-la-republique-celui-qui-preside-les-destinees-de-la-nation\/#article\",\"isPartOf\":{\"@id\":\"https:\/\/universnews224.com\/index.php\/ousmane-gaoul-diallo-cest-une-anomalie-que-de-ne-pas-dire-president-de-la-republique-celui-qui-preside-les-destinees-de-la-nation\/\"},\"author\":{\"name\":\"La R\u00e9daction\",\"@id\":\"https:\/\/universnews224.com\/#\/schema\/person\/a4b7d4f94a4716df60456a491260485e\"},\"headline\":\"Ousmane Gaoul Diallo: \u201cC\u2019est une anomalie que, de ne pas dire pr\u00e9sident de la R\u00e9publique celui qui pr\u00e9side les destin\u00e9es de la nation\u201d\",\"datePublished\":\"2023-10-11T21:06:15+00:00\",\"dateModified\":\"2023-10-11T21:06:15+00:00\",\"mainEntityOfPage\":{\"@id\":\"https:\/\/universnews224.com\/index.php\/ousmane-gaoul-diallo-cest-une-anomalie-que-de-ne-pas-dire-president-de-la-republique-celui-qui-preside-les-destinees-de-la-nation\/\"},\"wordCount\":412,\"publisher\":{\"@id\":\"https:\/\/universnews224.com\/#organization\"},\"keywords\":[\"La une\"],\"articleSection\":[\"ACTU\",\"POLITIQUE\"],\"inLanguage\":\"fr-FR\"},{\"@type\":\"WebPage\",\"@id\":\"https:\/\/universnews224.com\/index.php\/ousmane-gaoul-diallo-cest-une-anomalie-que-de-ne-pas-dire-president-de-la-republique-celui-qui-preside-les-destinees-de-la-nation\/\",\"url\":\"https:\/\/universnews224.com\/index.php\/ousmane-gaoul-diallo-cest-une-anomalie-que-de-ne-pas-dire-president-de-la-republique-celui-qui-preside-les-destinees-de-la-nation\/\",\"name\":\"Ousmane Gaoul Diallo: \u201cC\u2019est une anomalie que, de ne pas dire pr\u00e9sident de la R\u00e9publique celui qui pr\u00e9side les destin\u00e9es de la nation\u201d - UNIVERSNEWS224\",\"isPartOf\":{\"@id\":\"https:\/\/universnews224.com\/#website\"},\"datePublished\":\"2023-10-11T21:06:15+00:00\",\"dateModified\":\"2023-10-11T21:06:15+00:00\",\"inLanguage\":\"fr-FR\",\"potentialAction\":[{\"@type\":\"ReadAction\",\"target\":[\"https:\/\/universnews224.com\/index.php\/ousmane-gaoul-diallo-cest-une-anomalie-que-de-ne-pas-dire-president-de-la-republique-celui-qui-preside-les-destinees-de-la-nation\/\"]}]},{\"@type\":\"WebSite\",\"@id\":\"https:\/\/universnews224.com\/#website\",\"url\":\"https:\/\/universnews224.com\/\",\"name\":\"UNIVERSNEWS224\",\"description\":\"\",\"publisher\":{\"@id\":\"https:\/\/universnews224.com\/#organization\"},\"potentialAction\":[{\"@type\":\"SearchAction\",\"target\":{\"@type\":\"EntryPoint\",\"urlTemplate\":\"https:\/\/universnews224.com\/?s={search_term_string}\"},\"query-input\":\"required name=search_term_string\"}],\"inLanguage\":\"fr-FR\"},{\"@type\":\"Organization\",\"@id\":\"https:\/\/universnews224.com\/#organization\",\"name\":\"UNIVERSNEWS224\",\"url\":\"https:\/\/universnews224.com\/\",\"logo\":{\"@type\":\"ImageObject\",\"inLanguage\":\"fr-FR\",\"@id\":\"https:\/\/universnews224.com\/#\/schema\/logo\/image\/\",\"url\":\"https:\/\/universnews224.com\/wp-content\/uploads\/2022\/08\/cropped-cropped-logoban.jpg\",\"contentUrl\":\"https:\/\/universnews224.com\/wp-content\/uploads\/2022\/08\/cropped-cropped-logoban.jpg\",\"width\":1080,\"height\":138,\"caption\":\"UNIVERSNEWS224\"},\"image\":{\"@id\":\"https:\/\/universnews224.com\/#\/schema\/logo\/image\/\"}},{\"@type\":\"Person\",\"@id\":\"https:\/\/universnews224.com\/#\/schema\/person\/a4b7d4f94a4716df60456a491260485e\",\"name\":\"La R\u00e9daction\",\"image\":{\"@type\":\"ImageObject\",\"inLanguage\":\"fr-FR\",\"@id\":\"https:\/\/universnews224.com\/#\/schema\/person\/image\/\",\"url\":\"https:\/\/secure.gravatar.com\/avatar\/edb90acc7752b23e1b3307ad36c14f0d?s=96&d=mm&r=g\",\"contentUrl\":\"https:\/\/secure.gravatar.com\/avatar\/edb90acc7752b23e1b3307ad36c14f0d?s=96&d=mm&r=g\",\"caption\":\"La R\u00e9daction\"},\"sameAs\":[\"https:\/\/universnews224.com\"],\"url\":\"https:\/\/universnews224.com\/index.php\/author\/m-camara\/\"}]}<\/script>\n<!-- \/ Yoast SEO plugin. -->","yoast_head_json":{"title":"Ousmane Gaoul Diallo: \u201cC\u2019est une anomalie que, de ne pas dire pr\u00e9sident de la R\u00e9publique celui qui pr\u00e9side les destin\u00e9es de la nation\u201d - UNIVERSNEWS224","robots":{"index":"index","follow":"follow","max-snippet":"max-snippet:-1","max-image-preview":"max-image-preview:large","max-video-preview":"max-video-preview:-1"},"canonical":"https:\/\/universnews224.com\/index.php\/ousmane-gaoul-diallo-cest-une-anomalie-que-de-ne-pas-dire-president-de-la-republique-celui-qui-preside-les-destinees-de-la-nation\/","og_locale":"fr_FR","og_type":"article","og_title":"Ousmane Gaoul Diallo: \u201cC\u2019est une anomalie que, de ne pas dire pr\u00e9sident de la R\u00e9publique celui qui pr\u00e9side les destin\u00e9es de la nation\u201d - UNIVERSNEWS224","og_description":"Depuis certains temps l\u2019expression\u201cpr\u00e9sident de la transition\u201d est presque effac\u00e9e dans les discours officiels en","og_url":"https:\/\/universnews224.com\/index.php\/ousmane-gaoul-diallo-cest-une-anomalie-que-de-ne-pas-dire-president-de-la-republique-celui-qui-preside-les-destinees-de-la-nation\/","og_site_name":"UNIVERSNEWS224","article_published_time":"2023-10-11T21:06:15+00:00","og_image":[{"width":765,"height":582,"url":"https:\/\/universnews224.com\/wp-content\/uploads\/2023\/06\/001FB9D0-8FA0-4861-90E9-866E8D4BBF90.jpeg","type":"image\/jpeg"}],"author":"La R\u00e9daction","twitter_misc":{"\u00c9crit par":"La R\u00e9daction","Dur\u00e9e de lecture estim\u00e9e":"2 minutes"},"schema":{"@context":"https:\/\/schema.org","@graph":[{"@type":"Article","@id":"https:\/\/universnews224.com\/index.php\/ousmane-gaoul-diallo-cest-une-anomalie-que-de-ne-pas-dire-president-de-la-republique-celui-qui-preside-les-destinees-de-la-nation\/#article","isPartOf":{"@id":"https:\/\/universnews224.com\/index.php\/ousmane-gaoul-diallo-cest-une-anomalie-que-de-ne-pas-dire-president-de-la-republique-celui-qui-preside-les-destinees-de-la-nation\/"},"author":{"name":"La R\u00e9daction","@id":"https:\/\/universnews224.com\/#\/schema\/person\/a4b7d4f94a4716df60456a491260485e"},"headline":"Ousmane Gaoul Diallo: \u201cC\u2019est une anomalie que, de ne pas dire pr\u00e9sident de la R\u00e9publique celui qui pr\u00e9side les destin\u00e9es de la nation\u201d","datePublished":"2023-10-11T21:06:15+00:00","dateModified":"2023-10-11T21:06:15+00:00","mainEntityOfPage":{"@id":"https:\/\/universnews224.com\/index.php\/ousmane-gaoul-diallo-cest-une-anomalie-que-de-ne-pas-dire-president-de-la-republique-celui-qui-preside-les-destinees-de-la-nation\/"},"wordCount":412,"publisher":{"@id":"https:\/\/universnews224.com\/#organization"},"keywords":["La une"],"articleSection":["ACTU","POLITIQUE"],"inLanguage":"fr-FR"},{"@type":"WebPage","@id":"https:\/\/universnews224.com\/index.php\/ousmane-gaoul-diallo-cest-une-anomalie-que-de-ne-pas-dire-president-de-la-republique-celui-qui-preside-les-destinees-de-la-nation\/","url":"https:\/\/universnews224.com\/index.php\/ousmane-gaoul-diallo-cest-une-anomalie-que-de-ne-pas-dire-president-de-la-republique-celui-qui-preside-les-destinees-de-la-nation\/","name":"Ousmane Gaoul Diallo: \u201cC\u2019est une anomalie que, de ne pas dire pr\u00e9sident de la R\u00e9publique celui qui pr\u00e9side les destin\u00e9es de la nation\u201d - UNIVERSNEWS224","isPartOf":{"@id":"https:\/\/universnews224.com\/#website"},"datePublished":"2023-10-11T21:06:15+00:00","dateModified":"2023-10-11T21:06:15+00:00","inLanguage":"fr-FR","potentialAction":[{"@type":"ReadAction","target":["https:\/\/universnews224.com\/index.php\/ousmane-gaoul-diallo-cest-une-anomalie-que-de-ne-pas-dire-president-de-la-republique-celui-qui-preside-les-destinees-de-la-nation\/"]}]},{"@type":"WebSite","@id":"https:\/\/universnews224.com\/#website","url":"https:\/\/universnews224.com\/","name":"UNIVERSNEWS224","description":"","publisher":{"@id":"https:\/\/universnews224.com\/#organization"},"potentialAction":[{"@type":"SearchAction","target":{"@type":"EntryPoint","urlTemplate":"https:\/\/universnews224.com\/?s={search_term_string}"},"query-input":"required name=search_term_string"}],"inLanguage":"fr-FR"},{"@type":"Organization","@id":"https:\/\/universnews224.com\/#organization","name":"UNIVERSNEWS224","url":"https:\/\/universnews224.com\/","logo":{"@type":"ImageObject","inLanguage":"fr-FR","@id":"https:\/\/universnews224.com\/#\/schema\/logo\/image\/","url":"https:\/\/universnews224.com\/wp-content\/uploads\/2022\/08\/cropped-cropped-logoban.jpg","contentUrl":"https:\/\/universnews224.com\/wp-content\/uploads\/2022\/08\/cropped-cropped-logoban.jpg","width":1080,"height":138,"caption":"UNIVERSNEWS224"},"image":{"@id":"https:\/\/universnews224.com\/#\/schema\/logo\/image\/"}},{"@type":"Person","@id":"https:\/\/universnews224.com\/#\/schema\/person\/a4b7d4f94a4716df60456a491260485e","name":"La R\u00e9daction","image":{"@type":"ImageObject","inLanguage":"fr-FR","@id":"https:\/\/universnews224.com\/#\/schema\/person\/image\/","url":"https:\/\/secure.gravatar.com\/avatar\/edb90acc7752b23e1b3307ad36c14f0d?s=96&d=mm&r=g","contentUrl":"https:\/\/secure.gravatar.com\/avatar\/edb90acc7752b23e1b3307ad36c14f0d?s=96&d=mm&r=g","caption":"La R\u00e9daction"},"sameAs":["https:\/\/universnews224.com"],"url":"https:\/\/universnews224.com\/index.php\/author\/m-camara\/"}]}},"_links":{"self":[{"href":"https:\/\/universnews224.com\/index.php\/wp-json\/wp\/v2\/posts\/4405"}],"collection":[{"href":"https:\/\/universnews224.com\/index.php\/wp-json\/wp\/v2\/posts"}],"about":[{"href":"https:\/\/universnews224.com\/index.php\/wp-json\/wp\/v2\/types\/post"}],"author":[{"embeddable":true,"href":"https:\/\/universnews224.com\/index.php\/wp-json\/wp\/v2\/users\/2"}],"replies":[{"embeddable":true,"href":"https:\/\/universnews224.com\/index.php\/wp-json\/wp\/v2\/comments?post=4405"}],"version-history":[{"count":1,"href":"https:\/\/universnews224.com\/index.php\/wp-json\/wp\/v2\/posts\/4405\/revisions"}],"predecessor-version":[{"id":4406,"href":"https:\/\/universnews224.com\/index.php\/wp-json\/wp\/v2\/posts\/4405\/revisions\/4406"}],"wp:featuredmedia":[{"embeddable":true,"href":"https:\/\/universnews224.com\/index.php\/wp-json\/wp\/v2\/media\/3784"}],"wp:attachment":[{"href":"https:\/\/universnews224.com\/index.php\/wp-json\/wp\/v2\/media?parent=4405"}],"wp:term":[{"taxonomy":"category","embeddable":true,"href":"https:\/\/universnews224.com\/index.php\/wp-json\/wp\/v2\/categories?post=4405"},{"taxonomy":"post_tag","embeddable":true,"href":"https:\/\/universnews224.com\/index.php\/wp-json\/wp\/v2\/tags?post=4405"}],"curies":[{"name":"wp","href":"https:\/\/api.w.org\/{rel}","templated":true}]}}