{"id":4408,"date":"2023-10-11T22:11:33","date_gmt":"2023-10-11T21:11:33","guid":{"rendered":"https:\/\/universnews224.com\/?p=4408"},"modified":"2023-10-11T22:11:33","modified_gmt":"2023-10-11T21:11:33","slug":"conduite-de-la-transition-aliou-bah-veut-sadresser-au-colonel-mamadi-doumbouya","status":"publish","type":"post","link":"https:\/\/universnews224.com\/index.php\/conduite-de-la-transition-aliou-bah-veut-sadresser-au-colonel-mamadi-doumbouya\/","title":{"rendered":"Conduite de la transition: Aliou Bah veut s\u2019adresser au colonel Mamadi Doumbouya."},"content":{"rendered":"<p class=\"p1\"><span class=\"s1\">Face au manque de visibilit\u00e9 dans la conduite<span class=\"Apple-converted-space\">\u00a0 <\/span>de la transition, le vice-pr\u00e9sident de l\u2019Union des Forces D\u00e9mocratiques de Guin\u00e9e, Dr Fod\u00e9 Oussou Fofana a lanc\u00e9 un appel aux forces vives de la nation (classe politique, soci\u00e9t\u00e9 civile, syndicat) \u00e0 l\u2018occasion de l\u2019assembl\u00e9e de son parti le week-end dernier, de s\u2019unir afin de \u2018\u2019faire un m\u00e9morandum pour adresser au colonel Doumbouya pour lui demander \u00e0 quand la fin de la transition\u2019\u2019.<\/span><\/p>\n<p class=\"p1\"><span class=\"s1\">Une proposition que partage le leader du MODEL. Invit\u00e9 de l\u2019\u00e9mission Mirador de la radio Fim le lundi dernier, Aliou Bah a laiss\u00e9 entendre qu\u2019il va lui-m\u00eame chercher un moyen pour adresser au colonel Mamadi Doumbouya pour lui dire de faire sa propre introspection.<span class=\"Apple-converted-space\">\u00a0 \u00a0<\/span><\/span><\/p>\n<p class=\"p1\"><span class=\"s1\">\u201cNous avons besoin de lui parler certes dans la contradiction, mais de s\u2019accepter et d\u2019avancer ensemble. Nous sommes \u00e0 peu pr\u00e8s \u00e0 un an du respect de ses engagements, il ne faut pas attendre que la crise atteigne un certain niveau pour se parler parce que ce serait sous tensions. On connait ce que le pays a connu de par le pass\u00e9, notamment les ann\u00e9es 2007. Aujourd\u2019hui, on ne peut pas continuer de cette fa\u00e7on. Cet appel qui a \u00e9t\u00e9 lanc\u00e9, nous allons l\u2019examiner en tant que parti politique parce qu\u2019il est n\u00e9cessaire de parler au Colonel Mamadi Doumbouya. Moi, je suis rentr\u00e9 il y a quelques jours, mais puisqu\u2019il s\u2019agit de la Guin\u00e9e, je verrai dans quelle mesure trouver les moyens dans les prochains jours pour lui passer directement le message. Pour lui dire, faites votre propre introspection de l\u00e0 o\u00f9 vous \u00e9tiez, d\u2019o\u00f9 nous en sommes, si vous continuez dans cette direction, c\u2019est que vous vous mettrez tout simplement en danger, a t-indiqu\u00e9 . <\/span><\/p>\n<p class=\"p1\"><span class=\"s1\">Et d\u2019ajouter: \u201cCe pays, on sait comment il fonctionne. Tous ceux qui r\u00e9clamaient Dadis et autres l\u00e0, aujourd\u2019hui ils ne leur rendent m\u00eame pas visite \u00e0 la prison. Il faudrait qu\u2019on tire les le\u00e7ons de tout \u00e7a. Il ne faudrait pas qu\u2019on attende que \u00e7a soit trop tard. Parce que si dans ce d\u00e9sordre l\u00e0 quelque chose d\u2019inattendu arrive, c\u2019est la Guin\u00e9e qui va perdre, parce qu\u2019il nous faudra attendre encore des moments pour se remettre sur le chemin. Cette transition \u00e9tait une occasion de corriger les insuffisances du pass\u00e9\u201d, a t-il martel\u00e9. <\/span><\/p>\n<p class=\"p1\"><span class=\"s1\">Camara Mamadouba <\/span><\/p>\n<p class=\"p1\"><span class=\"s1\">611 46 04 10 <\/span><\/p>\n","protected":false},"excerpt":{"rendered":"<p>Face au manque de visibilit\u00e9 dans la conduite\u00a0 de la transition, le vice-pr\u00e9sident de l\u2019Union<\/p>\n","protected":false},"author":2,"featured_media":3964,"comment_status":"closed","ping_status":"open","sticky":false,"template":"","format":"standard","meta":[],"categories":[3,4],"tags":[229],"yoast_head":"<!-- This site is optimized with the Yoast SEO plugin v19.13 - https:\/\/yoast.com\/wordpress\/plugins\/seo\/ -->\n<title>Conduite de la transition: Aliou Bah veut s\u2019adresser au colonel Mamadi Doumbouya. - UNIVERSNEWS224<\/title>\n<meta name=\"robots\" content=\"index, follow, max-snippet:-1, max-image-preview:large, max-video-preview:-1\" \/>\n<link rel=\"canonical\" href=\"https:\/\/universnews224.com\/index.php\/conduite-de-la-transition-aliou-bah-veut-sadresser-au-colonel-mamadi-doumbouya\/\" \/>\n<meta property=\"og:locale\" content=\"fr_FR\" \/>\n<meta property=\"og:type\" content=\"article\" \/>\n<meta property=\"og:title\" content=\"Conduite de la transition: Aliou Bah veut s\u2019adresser au colonel Mamadi Doumbouya. - UNIVERSNEWS224\" \/>\n<meta property=\"og:description\" content=\"Face au manque de visibilit\u00e9 dans la conduite\u00a0 de la transition, le vice-pr\u00e9sident de l\u2019Union\" \/>\n<meta property=\"og:url\" content=\"https:\/\/universnews224.com\/index.php\/conduite-de-la-transition-aliou-bah-veut-sadresser-au-colonel-mamadi-doumbouya\/\" \/>\n<meta property=\"og:site_name\" content=\"UNIVERSNEWS224\" \/>\n<meta property=\"article:published_time\" content=\"2023-10-11T21:11:33+00:00\" \/>\n<meta property=\"og:image\" content=\"https:\/\/universnews224.com\/wp-content\/uploads\/2023\/07\/50FFF865-BD28-4ACF-ACF0-729C9B36202F.jpeg\" \/>\n\t<meta property=\"og:image:width\" content=\"550\" \/>\n\t<meta property=\"og:image:height\" content=\"400\" \/>\n\t<meta property=\"og:image:type\" content=\"image\/jpeg\" \/>\n<meta name=\"author\" content=\"La R\u00e9daction\" \/>\n<meta name=\"twitter:label1\" content=\"\u00c9crit par\" \/>\n\t<meta name=\"twitter:data1\" content=\"La R\u00e9daction\" \/>\n\t<meta name=\"twitter:label2\" content=\"Dur\u00e9e de lecture estim\u00e9e\" \/>\n\t<meta name=\"twitter:data2\" content=\"2 minutes\" \/>\n<script type=\"application\/ld+json\" class=\"yoast-schema-graph\">{\"@context\":\"https:\/\/schema.org\",\"@graph\":[{\"@type\":\"Article\",\"@id\":\"https:\/\/universnews224.com\/index.php\/conduite-de-la-transition-aliou-bah-veut-sadresser-au-colonel-mamadi-doumbouya\/#article\",\"isPartOf\":{\"@id\":\"https:\/\/universnews224.com\/index.php\/conduite-de-la-transition-aliou-bah-veut-sadresser-au-colonel-mamadi-doumbouya\/\"},\"author\":{\"name\":\"La R\u00e9daction\",\"@id\":\"https:\/\/universnews224.com\/#\/schema\/person\/a4b7d4f94a4716df60456a491260485e\"},\"headline\":\"Conduite de la transition: Aliou Bah veut s\u2019adresser au colonel Mamadi Doumbouya.\",\"datePublished\":\"2023-10-11T21:11:33+00:00\",\"dateModified\":\"2023-10-11T21:11:33+00:00\",\"mainEntityOfPage\":{\"@id\":\"https:\/\/universnews224.com\/index.php\/conduite-de-la-transition-aliou-bah-veut-sadresser-au-colonel-mamadi-doumbouya\/\"},\"wordCount\":421,\"publisher\":{\"@id\":\"https:\/\/universnews224.com\/#organization\"},\"keywords\":[\"La une\"],\"articleSection\":[\"ACTU\",\"POLITIQUE\"],\"inLanguage\":\"fr-FR\"},{\"@type\":\"WebPage\",\"@id\":\"https:\/\/universnews224.com\/index.php\/conduite-de-la-transition-aliou-bah-veut-sadresser-au-colonel-mamadi-doumbouya\/\",\"url\":\"https:\/\/universnews224.com\/index.php\/conduite-de-la-transition-aliou-bah-veut-sadresser-au-colonel-mamadi-doumbouya\/\",\"name\":\"Conduite de la transition: Aliou Bah veut s\u2019adresser au colonel Mamadi Doumbouya. - UNIVERSNEWS224\",\"isPartOf\":{\"@id\":\"https:\/\/universnews224.com\/#website\"},\"datePublished\":\"2023-10-11T21:11:33+00:00\",\"dateModified\":\"2023-10-11T21:11:33+00:00\",\"inLanguage\":\"fr-FR\",\"potentialAction\":[{\"@type\":\"ReadAction\",\"target\":[\"https:\/\/universnews224.com\/index.php\/conduite-de-la-transition-aliou-bah-veut-sadresser-au-colonel-mamadi-doumbouya\/\"]}]},{\"@type\":\"WebSite\",\"@id\":\"https:\/\/universnews224.com\/#website\",\"url\":\"https:\/\/universnews224.com\/\",\"name\":\"UNIVERSNEWS224\",\"description\":\"\",\"publisher\":{\"@id\":\"https:\/\/universnews224.com\/#organization\"},\"potentialAction\":[{\"@type\":\"SearchAction\",\"target\":{\"@type\":\"EntryPoint\",\"urlTemplate\":\"https:\/\/universnews224.com\/?s={search_term_string}\"},\"query-input\":\"required name=search_term_string\"}],\"inLanguage\":\"fr-FR\"},{\"@type\":\"Organization\",\"@id\":\"https:\/\/universnews224.com\/#organization\",\"name\":\"UNIVERSNEWS224\",\"url\":\"https:\/\/universnews224.com\/\",\"logo\":{\"@type\":\"ImageObject\",\"inLanguage\":\"fr-FR\",\"@id\":\"https:\/\/universnews224.com\/#\/schema\/logo\/image\/\",\"url\":\"https:\/\/universnews224.com\/wp-content\/uploads\/2022\/08\/cropped-cropped-logoban.jpg\",\"contentUrl\":\"https:\/\/universnews224.com\/wp-content\/uploads\/2022\/08\/cropped-cropped-logoban.jpg\",\"width\":1080,\"height\":138,\"caption\":\"UNIVERSNEWS224\"},\"image\":{\"@id\":\"https:\/\/universnews224.com\/#\/schema\/logo\/image\/\"}},{\"@type\":\"Person\",\"@id\":\"https:\/\/universnews224.com\/#\/schema\/person\/a4b7d4f94a4716df60456a491260485e\",\"name\":\"La R\u00e9daction\",\"image\":{\"@type\":\"ImageObject\",\"inLanguage\":\"fr-FR\",\"@id\":\"https:\/\/universnews224.com\/#\/schema\/person\/image\/\",\"url\":\"https:\/\/secure.gravatar.com\/avatar\/edb90acc7752b23e1b3307ad36c14f0d?s=96&d=mm&r=g\",\"contentUrl\":\"https:\/\/secure.gravatar.com\/avatar\/edb90acc7752b23e1b3307ad36c14f0d?s=96&d=mm&r=g\",\"caption\":\"La R\u00e9daction\"},\"sameAs\":[\"https:\/\/universnews224.com\"],\"url\":\"https:\/\/universnews224.com\/index.php\/author\/m-camara\/\"}]}<\/script>\n<!-- \/ Yoast SEO plugin. -->","yoast_head_json":{"title":"Conduite de la transition: Aliou Bah veut s\u2019adresser au colonel Mamadi Doumbouya. - UNIVERSNEWS224","robots":{"index":"index","follow":"follow","max-snippet":"max-snippet:-1","max-image-preview":"max-image-preview:large","max-video-preview":"max-video-preview:-1"},"canonical":"https:\/\/universnews224.com\/index.php\/conduite-de-la-transition-aliou-bah-veut-sadresser-au-colonel-mamadi-doumbouya\/","og_locale":"fr_FR","og_type":"article","og_title":"Conduite de la transition: Aliou Bah veut s\u2019adresser au colonel Mamadi Doumbouya. - UNIVERSNEWS224","og_description":"Face au manque de visibilit\u00e9 dans la conduite\u00a0 de la transition, le vice-pr\u00e9sident de l\u2019Union","og_url":"https:\/\/universnews224.com\/index.php\/conduite-de-la-transition-aliou-bah-veut-sadresser-au-colonel-mamadi-doumbouya\/","og_site_name":"UNIVERSNEWS224","article_published_time":"2023-10-11T21:11:33+00:00","og_image":[{"width":550,"height":400,"url":"https:\/\/universnews224.com\/wp-content\/uploads\/2023\/07\/50FFF865-BD28-4ACF-ACF0-729C9B36202F.jpeg","type":"image\/jpeg"}],"author":"La R\u00e9daction","twitter_misc":{"\u00c9crit par":"La R\u00e9daction","Dur\u00e9e de lecture estim\u00e9e":"2 minutes"},"schema":{"@context":"https:\/\/schema.org","@graph":[{"@type":"Article","@id":"https:\/\/universnews224.com\/index.php\/conduite-de-la-transition-aliou-bah-veut-sadresser-au-colonel-mamadi-doumbouya\/#article","isPartOf":{"@id":"https:\/\/universnews224.com\/index.php\/conduite-de-la-transition-aliou-bah-veut-sadresser-au-colonel-mamadi-doumbouya\/"},"author":{"name":"La R\u00e9daction","@id":"https:\/\/universnews224.com\/#\/schema\/person\/a4b7d4f94a4716df60456a491260485e"},"headline":"Conduite de la transition: Aliou Bah veut s\u2019adresser au colonel Mamadi Doumbouya.","datePublished":"2023-10-11T21:11:33+00:00","dateModified":"2023-10-11T21:11:33+00:00","mainEntityOfPage":{"@id":"https:\/\/universnews224.com\/index.php\/conduite-de-la-transition-aliou-bah-veut-sadresser-au-colonel-mamadi-doumbouya\/"},"wordCount":421,"publisher":{"@id":"https:\/\/universnews224.com\/#organization"},"keywords":["La une"],"articleSection":["ACTU","POLITIQUE"],"inLanguage":"fr-FR"},{"@type":"WebPage","@id":"https:\/\/universnews224.com\/index.php\/conduite-de-la-transition-aliou-bah-veut-sadresser-au-colonel-mamadi-doumbouya\/","url":"https:\/\/universnews224.com\/index.php\/conduite-de-la-transition-aliou-bah-veut-sadresser-au-colonel-mamadi-doumbouya\/","name":"Conduite de la transition: Aliou Bah veut s\u2019adresser au colonel Mamadi Doumbouya. - UNIVERSNEWS224","isPartOf":{"@id":"https:\/\/universnews224.com\/#website"},"datePublished":"2023-10-11T21:11:33+00:00","dateModified":"2023-10-11T21:11:33+00:00","inLanguage":"fr-FR","potentialAction":[{"@type":"ReadAction","target":["https:\/\/universnews224.com\/index.php\/conduite-de-la-transition-aliou-bah-veut-sadresser-au-colonel-mamadi-doumbouya\/"]}]},{"@type":"WebSite","@id":"https:\/\/universnews224.com\/#website","url":"https:\/\/universnews224.com\/","name":"UNIVERSNEWS224","description":"","publisher":{"@id":"https:\/\/universnews224.com\/#organization"},"potentialAction":[{"@type":"SearchAction","target":{"@type":"EntryPoint","urlTemplate":"https:\/\/universnews224.com\/?s={search_term_string}"},"query-input":"required name=search_term_string"}],"inLanguage":"fr-FR"},{"@type":"Organization","@id":"https:\/\/universnews224.com\/#organization","name":"UNIVERSNEWS224","url":"https:\/\/universnews224.com\/","logo":{"@type":"ImageObject","inLanguage":"fr-FR","@id":"https:\/\/universnews224.com\/#\/schema\/logo\/image\/","url":"https:\/\/universnews224.com\/wp-content\/uploads\/2022\/08\/cropped-cropped-logoban.jpg","contentUrl":"https:\/\/universnews224.com\/wp-content\/uploads\/2022\/08\/cropped-cropped-logoban.jpg","width":1080,"height":138,"caption":"UNIVERSNEWS224"},"image":{"@id":"https:\/\/universnews224.com\/#\/schema\/logo\/image\/"}},{"@type":"Person","@id":"https:\/\/universnews224.com\/#\/schema\/person\/a4b7d4f94a4716df60456a491260485e","name":"La R\u00e9daction","image":{"@type":"ImageObject","inLanguage":"fr-FR","@id":"https:\/\/universnews224.com\/#\/schema\/person\/image\/","url":"https:\/\/secure.gravatar.com\/avatar\/edb90acc7752b23e1b3307ad36c14f0d?s=96&d=mm&r=g","contentUrl":"https:\/\/secure.gravatar.com\/avatar\/edb90acc7752b23e1b3307ad36c14f0d?s=96&d=mm&r=g","caption":"La R\u00e9daction"},"sameAs":["https:\/\/universnews224.com"],"url":"https:\/\/universnews224.com\/index.php\/author\/m-camara\/"}]}},"_links":{"self":[{"href":"https:\/\/universnews224.com\/index.php\/wp-json\/wp\/v2\/posts\/4408"}],"collection":[{"href":"https:\/\/universnews224.com\/index.php\/wp-json\/wp\/v2\/posts"}],"about":[{"href":"https:\/\/universnews224.com\/index.php\/wp-json\/wp\/v2\/types\/post"}],"author":[{"embeddable":true,"href":"https:\/\/universnews224.com\/index.php\/wp-json\/wp\/v2\/users\/2"}],"replies":[{"embeddable":true,"href":"https:\/\/universnews224.com\/index.php\/wp-json\/wp\/v2\/comments?post=4408"}],"version-history":[{"count":1,"href":"https:\/\/universnews224.com\/index.php\/wp-json\/wp\/v2\/posts\/4408\/revisions"}],"predecessor-version":[{"id":4409,"href":"https:\/\/universnews224.com\/index.php\/wp-json\/wp\/v2\/posts\/4408\/revisions\/4409"}],"wp:featuredmedia":[{"embeddable":true,"href":"https:\/\/universnews224.com\/index.php\/wp-json\/wp\/v2\/media\/3964"}],"wp:attachment":[{"href":"https:\/\/universnews224.com\/index.php\/wp-json\/wp\/v2\/media?parent=4408"}],"wp:term":[{"taxonomy":"category","embeddable":true,"href":"https:\/\/universnews224.com\/index.php\/wp-json\/wp\/v2\/categories?post=4408"},{"taxonomy":"post_tag","embeddable":true,"href":"https:\/\/universnews224.com\/index.php\/wp-json\/wp\/v2\/tags?post=4408"}],"curies":[{"name":"wp","href":"https:\/\/api.w.org\/{rel}","templated":true}]}}