{"id":4419,"date":"2023-10-14T17:36:22","date_gmt":"2023-10-14T16:36:22","guid":{"rendered":"https:\/\/universnews224.com\/?p=4419"},"modified":"2023-10-14T17:36:22","modified_gmt":"2023-10-14T16:36:22","slug":"developpement-local-le-ministre-mory-conde-echange-avec-les-representants-des-associations-des-ressortissants-des-33-prefectures","status":"publish","type":"post","link":"https:\/\/universnews224.com\/index.php\/developpement-local-le-ministre-mory-conde-echange-avec-les-representants-des-associations-des-ressortissants-des-33-prefectures\/","title":{"rendered":"D\u00e9veloppement local: le ministre Mory Cond\u00e9 \u00e9change avec les repr\u00e9sentants des associations des ressortissants des 33 pr\u00e9fectures."},"content":{"rendered":"<p class=\"p1\"><span class=\"s1\">Dans le cadre de la mise en \u0153uvre de la politique du gouvernement en mati\u00e8re de promotion du d\u00e9veloppement local inclusif, le ministre de l\u2019Administration du territoire et la d\u00e9centralisation entend organiser des forums pr\u00e9fectoraux sur le d\u00e9veloppement territorial. L\u2019objectif vise \u00e0 proc\u00e9der \u00e0 un diagnostic participatif de la situation socio\u00e9conomique des localit\u00e9s pour une meilleure priorisation des actions de d\u00e9veloppement territorial permettant de relever les d\u00e9fis li\u00e9s \u00e0 la fourniture et \u00e0 l\u2019acc\u00e8s aux services sociaux de base de qualit\u00e9. Dans cette optique qu\u2019il a rencontr\u00e9 ce vendredi, 13 octobre 2023, les repr\u00e9sentants des associations des ressortissants des 33 pr\u00e9fectures de Guin\u00e9e. <\/span><\/p>\n<p class=\"p1\"><span class=\"s1\">Au sortir de la rencontre qui a dur\u00e9 plus de 2 heures, Mory Cond\u00e9, ministre de l\u2019Administration du territoire et de d\u00e9centralisation est revenu sur l\u2019objectif de cette d\u00e9marche.<a href=\"https:\/\/universnews224.com\/wp-content\/uploads\/2023\/10\/C3391BDD-AA1D-4ED0-973D-68E5DA5776D0.jpeg\"><img loading=\"lazy\" class=\"alignnone size-medium wp-image-4420\" src=\"https:\/\/universnews224.com\/wp-content\/uploads\/2023\/10\/C3391BDD-AA1D-4ED0-973D-68E5DA5776D0-300x219.jpeg\" alt=\"\" width=\"300\" height=\"219\" srcset=\"https:\/\/universnews224.com\/wp-content\/uploads\/2023\/10\/C3391BDD-AA1D-4ED0-973D-68E5DA5776D0-300x219.jpeg 300w, https:\/\/universnews224.com\/wp-content\/uploads\/2023\/10\/C3391BDD-AA1D-4ED0-973D-68E5DA5776D0.jpeg 617w\" sizes=\"(max-width: 300px) 100vw, 300px\" \/><\/a> <\/span><\/p>\n<p class=\"p1\"><span class=\"s1\">\u201cVous savez les associations des ressortissants jouent un r\u00f4le capital dans le cadre des investissements du d\u00e9veloppement \u00e0 la base, mais \u00e9galement dans le d\u00e9veloppement socio\u00e9conomique de nos localit\u00e9s. Dans le cadre de la refondation de notre pays, nous avons \u00e9labor\u00e9 des textes. L&rsquo;\u00e9laboration de ces textes l\u00e0 devrait \u00eatre suivi des actions concr\u00e8tes sur le terrain. De ce fait, \u00e0 l&rsquo;expiration des plans de d\u00e9veloppement local dans l&rsquo;ensemble des 332 collectivit\u00e9s, le minist\u00e8re voudrait initier une campagne d&rsquo;actualisation de ces PDL(plan de d\u00e9veloppement) \u00e0 l&rsquo;\u00e9chelle du pays pour permettre l&rsquo;inscription de toutes les actions. Comme d&rsquo;ailleurs l&rsquo;oblige la loi sur la d\u00e9centralisation en Guin\u00e9e, le PDL reste l&rsquo;outil principal et de r\u00e9f\u00e9rence d&rsquo;investissement dans les communes. Pour permettre de prendre en compte tout le monde, nous nous sommes dit d&rsquo;impliquer les associations des ressortissants de l&rsquo;ensemble des pr\u00e9fectures pour partager avec eux la nouvelle vision du d\u00e9partement et du gouvernement. Les inviter \u00e0 inscrire d\u00e9sormais leurs actions dans ces PDL qui vont \u00eatre bient\u00f4t r\u00e9viser mais \u00e9galement les inviter \u00e0 participer aux forums de d\u00e9veloppement territorial qui seront l&rsquo;espace de planification des actions macros qui ne sont pas pris des communes et de participer \u00e0 ces forums qui permettront d&rsquo;\u00e9laborer les plans de d\u00e9veloppement local par pr\u00e9fecture et ainsi faciliter un peu l&rsquo;utilisation des ressources de fa\u00e7on efficience et efficace. Cet apr\u00e8s midi il y avait les repr\u00e9sentants des 33 associations pr\u00e9fectorales dans la salle, nous avons partag\u00e9 avec eux cette vision et la documentation. C&rsquo;est \u00e0 eux en charge d\u00e9sormais de nous revenir avec leur plan d&rsquo;action pour les cinq ans \u00e0 venir dans les collectivit\u00e9s pour qu&rsquo;on puisse les faire inclure lors des processus d&rsquo;\u00e9laboration des PDL dans les PDL qui vont \u00eatre \u00e9labor\u00e9 dans chaque commune pour \u00e9viter des actions isol\u00e9es qui ne sont pas pris en compte dans les PDL des communes qui vont \u00eatre \u00e9labor\u00e9\u201d, a t-il <\/span><\/p>\n<p class=\"p1\"><span class=\"s1\">De son c\u00f4t\u00e9, Cheick Abdoul Bald\u00e9, repr\u00e9sentant, de la coordination des organisations des ressortissants pour le d\u00e9veloppement durable de Tougu\u00e9 a salu\u00e9 cette initiative.<a href=\"https:\/\/universnews224.com\/wp-content\/uploads\/2023\/10\/EBA76CBE-0DDB-4CDC-8827-1749EDA8BFA5.jpeg\"><img loading=\"lazy\" class=\"alignnone size-medium wp-image-4421\" src=\"https:\/\/universnews224.com\/wp-content\/uploads\/2023\/10\/EBA76CBE-0DDB-4CDC-8827-1749EDA8BFA5-300x280.jpeg\" alt=\"\" width=\"300\" height=\"280\" srcset=\"https:\/\/universnews224.com\/wp-content\/uploads\/2023\/10\/EBA76CBE-0DDB-4CDC-8827-1749EDA8BFA5-300x280.jpeg 300w, https:\/\/universnews224.com\/wp-content\/uploads\/2023\/10\/EBA76CBE-0DDB-4CDC-8827-1749EDA8BFA5-1024x955.jpeg 1024w, https:\/\/universnews224.com\/wp-content\/uploads\/2023\/10\/EBA76CBE-0DDB-4CDC-8827-1749EDA8BFA5-768x716.jpeg 768w, https:\/\/universnews224.com\/wp-content\/uploads\/2023\/10\/EBA76CBE-0DDB-4CDC-8827-1749EDA8BFA5.jpeg 1080w\" sizes=\"(max-width: 300px) 100vw, 300px\" \/><\/a> <\/span><\/p>\n<p class=\"p1\"><span class=\"s1\">C&rsquo;est une d\u00e9marche tr\u00e8s int\u00e9ressante. J\u2019avoue que, c&rsquo;est une initiative qu&rsquo;il faut saluer qu\u2019il faut encourager, qu&rsquo;il faut soutenir. C&rsquo;est int\u00e9ressant en ce sens que \u00e7a va \u00eatre la premi\u00e8re fois qu&rsquo;on associe les associations des ressortissants pour l&rsquo;\u00e9laboration d&rsquo;un plan Plan de d\u00e9veloppement local. Et ce plan de d\u00e9veloppement prendra en compte toutes les activit\u00e9s qu&rsquo;il faut r\u00e9aliser dans un temps donn\u00e9 pour une pr\u00e9fecture donn\u00e9e. C&rsquo;est r\u00e9ellement important\u201d, a t-il indiqu\u00e9. <\/span><\/p>\n<p class=\"p1\"><span class=\"s1\">Mohamed<\/span><\/p>\n","protected":false},"excerpt":{"rendered":"<p>Dans le cadre de la mise en \u0153uvre de la politique du gouvernement en mati\u00e8re<\/p>\n","protected":false},"author":2,"featured_media":4422,"comment_status":"closed","ping_status":"open","sticky":false,"template":"","format":"standard","meta":[],"categories":[3,5],"tags":[229],"yoast_head":"<!-- This site is optimized with the Yoast SEO plugin v19.13 - https:\/\/yoast.com\/wordpress\/plugins\/seo\/ -->\n<title>D\u00e9veloppement local: le ministre Mory Cond\u00e9 \u00e9change avec les repr\u00e9sentants des associations des ressortissants des 33 pr\u00e9fectures. - UNIVERSNEWS224<\/title>\n<meta name=\"robots\" content=\"index, follow, max-snippet:-1, max-image-preview:large, max-video-preview:-1\" \/>\n<link rel=\"canonical\" href=\"https:\/\/universnews224.com\/index.php\/developpement-local-le-ministre-mory-conde-echange-avec-les-representants-des-associations-des-ressortissants-des-33-prefectures\/\" \/>\n<meta property=\"og:locale\" content=\"fr_FR\" \/>\n<meta property=\"og:type\" content=\"article\" \/>\n<meta property=\"og:title\" content=\"D\u00e9veloppement local: le ministre Mory Cond\u00e9 \u00e9change avec les repr\u00e9sentants des associations des ressortissants des 33 pr\u00e9fectures. - UNIVERSNEWS224\" \/>\n<meta property=\"og:description\" content=\"Dans le cadre de la mise en \u0153uvre de la politique du gouvernement en mati\u00e8re\" \/>\n<meta property=\"og:url\" content=\"https:\/\/universnews224.com\/index.php\/developpement-local-le-ministre-mory-conde-echange-avec-les-representants-des-associations-des-ressortissants-des-33-prefectures\/\" \/>\n<meta property=\"og:site_name\" content=\"UNIVERSNEWS224\" \/>\n<meta property=\"article:published_time\" content=\"2023-10-14T16:36:22+00:00\" \/>\n<meta property=\"og:image\" content=\"https:\/\/universnews224.com\/wp-content\/uploads\/2023\/10\/BE2C59E0-342A-4268-8BD2-5EB0C60E3BCE.jpeg\" \/>\n\t<meta property=\"og:image:width\" content=\"1000\" \/>\n\t<meta property=\"og:image:height\" content=\"450\" \/>\n\t<meta property=\"og:image:type\" content=\"image\/jpeg\" \/>\n<meta name=\"author\" content=\"La R\u00e9daction\" \/>\n<meta name=\"twitter:label1\" content=\"\u00c9crit par\" \/>\n\t<meta name=\"twitter:data1\" content=\"La R\u00e9daction\" \/>\n\t<meta name=\"twitter:label2\" content=\"Dur\u00e9e de lecture estim\u00e9e\" \/>\n\t<meta name=\"twitter:data2\" content=\"4 minutes\" \/>\n<script type=\"application\/ld+json\" class=\"yoast-schema-graph\">{\"@context\":\"https:\/\/schema.org\",\"@graph\":[{\"@type\":\"Article\",\"@id\":\"https:\/\/universnews224.com\/index.php\/developpement-local-le-ministre-mory-conde-echange-avec-les-representants-des-associations-des-ressortissants-des-33-prefectures\/#article\",\"isPartOf\":{\"@id\":\"https:\/\/universnews224.com\/index.php\/developpement-local-le-ministre-mory-conde-echange-avec-les-representants-des-associations-des-ressortissants-des-33-prefectures\/\"},\"author\":{\"name\":\"La R\u00e9daction\",\"@id\":\"https:\/\/universnews224.com\/#\/schema\/person\/a4b7d4f94a4716df60456a491260485e\"},\"headline\":\"D\u00e9veloppement local: le ministre Mory Cond\u00e9 \u00e9change avec les repr\u00e9sentants des associations des ressortissants des 33 pr\u00e9fectures.\",\"datePublished\":\"2023-10-14T16:36:22+00:00\",\"dateModified\":\"2023-10-14T16:36:22+00:00\",\"mainEntityOfPage\":{\"@id\":\"https:\/\/universnews224.com\/index.php\/developpement-local-le-ministre-mory-conde-echange-avec-les-representants-des-associations-des-ressortissants-des-33-prefectures\/\"},\"wordCount\":619,\"publisher\":{\"@id\":\"https:\/\/universnews224.com\/#organization\"},\"keywords\":[\"La une\"],\"articleSection\":[\"ACTU\",\"SOCI\u00c9T\u00c9\"],\"inLanguage\":\"fr-FR\"},{\"@type\":\"WebPage\",\"@id\":\"https:\/\/universnews224.com\/index.php\/developpement-local-le-ministre-mory-conde-echange-avec-les-representants-des-associations-des-ressortissants-des-33-prefectures\/\",\"url\":\"https:\/\/universnews224.com\/index.php\/developpement-local-le-ministre-mory-conde-echange-avec-les-representants-des-associations-des-ressortissants-des-33-prefectures\/\",\"name\":\"D\u00e9veloppement local: le ministre Mory Cond\u00e9 \u00e9change avec les repr\u00e9sentants des associations des ressortissants des 33 pr\u00e9fectures. - UNIVERSNEWS224\",\"isPartOf\":{\"@id\":\"https:\/\/universnews224.com\/#website\"},\"datePublished\":\"2023-10-14T16:36:22+00:00\",\"dateModified\":\"2023-10-14T16:36:22+00:00\",\"inLanguage\":\"fr-FR\",\"potentialAction\":[{\"@type\":\"ReadAction\",\"target\":[\"https:\/\/universnews224.com\/index.php\/developpement-local-le-ministre-mory-conde-echange-avec-les-representants-des-associations-des-ressortissants-des-33-prefectures\/\"]}]},{\"@type\":\"WebSite\",\"@id\":\"https:\/\/universnews224.com\/#website\",\"url\":\"https:\/\/universnews224.com\/\",\"name\":\"UNIVERSNEWS224\",\"description\":\"\",\"publisher\":{\"@id\":\"https:\/\/universnews224.com\/#organization\"},\"potentialAction\":[{\"@type\":\"SearchAction\",\"target\":{\"@type\":\"EntryPoint\",\"urlTemplate\":\"https:\/\/universnews224.com\/?s={search_term_string}\"},\"query-input\":\"required name=search_term_string\"}],\"inLanguage\":\"fr-FR\"},{\"@type\":\"Organization\",\"@id\":\"https:\/\/universnews224.com\/#organization\",\"name\":\"UNIVERSNEWS224\",\"url\":\"https:\/\/universnews224.com\/\",\"logo\":{\"@type\":\"ImageObject\",\"inLanguage\":\"fr-FR\",\"@id\":\"https:\/\/universnews224.com\/#\/schema\/logo\/image\/\",\"url\":\"https:\/\/universnews224.com\/wp-content\/uploads\/2022\/08\/cropped-cropped-logoban.jpg\",\"contentUrl\":\"https:\/\/universnews224.com\/wp-content\/uploads\/2022\/08\/cropped-cropped-logoban.jpg\",\"width\":1080,\"height\":138,\"caption\":\"UNIVERSNEWS224\"},\"image\":{\"@id\":\"https:\/\/universnews224.com\/#\/schema\/logo\/image\/\"}},{\"@type\":\"Person\",\"@id\":\"https:\/\/universnews224.com\/#\/schema\/person\/a4b7d4f94a4716df60456a491260485e\",\"name\":\"La R\u00e9daction\",\"image\":{\"@type\":\"ImageObject\",\"inLanguage\":\"fr-FR\",\"@id\":\"https:\/\/universnews224.com\/#\/schema\/person\/image\/\",\"url\":\"https:\/\/secure.gravatar.com\/avatar\/edb90acc7752b23e1b3307ad36c14f0d?s=96&d=mm&r=g\",\"contentUrl\":\"https:\/\/secure.gravatar.com\/avatar\/edb90acc7752b23e1b3307ad36c14f0d?s=96&d=mm&r=g\",\"caption\":\"La R\u00e9daction\"},\"sameAs\":[\"https:\/\/universnews224.com\"],\"url\":\"https:\/\/universnews224.com\/index.php\/author\/m-camara\/\"}]}<\/script>\n<!-- \/ Yoast SEO plugin. -->","yoast_head_json":{"title":"D\u00e9veloppement local: le ministre Mory Cond\u00e9 \u00e9change avec les repr\u00e9sentants des associations des ressortissants des 33 pr\u00e9fectures. - UNIVERSNEWS224","robots":{"index":"index","follow":"follow","max-snippet":"max-snippet:-1","max-image-preview":"max-image-preview:large","max-video-preview":"max-video-preview:-1"},"canonical":"https:\/\/universnews224.com\/index.php\/developpement-local-le-ministre-mory-conde-echange-avec-les-representants-des-associations-des-ressortissants-des-33-prefectures\/","og_locale":"fr_FR","og_type":"article","og_title":"D\u00e9veloppement local: le ministre Mory Cond\u00e9 \u00e9change avec les repr\u00e9sentants des associations des ressortissants des 33 pr\u00e9fectures. - UNIVERSNEWS224","og_description":"Dans le cadre de la mise en \u0153uvre de la politique du gouvernement en mati\u00e8re","og_url":"https:\/\/universnews224.com\/index.php\/developpement-local-le-ministre-mory-conde-echange-avec-les-representants-des-associations-des-ressortissants-des-33-prefectures\/","og_site_name":"UNIVERSNEWS224","article_published_time":"2023-10-14T16:36:22+00:00","og_image":[{"width":1000,"height":450,"url":"https:\/\/universnews224.com\/wp-content\/uploads\/2023\/10\/BE2C59E0-342A-4268-8BD2-5EB0C60E3BCE.jpeg","type":"image\/jpeg"}],"author":"La R\u00e9daction","twitter_misc":{"\u00c9crit par":"La R\u00e9daction","Dur\u00e9e de lecture estim\u00e9e":"4 minutes"},"schema":{"@context":"https:\/\/schema.org","@graph":[{"@type":"Article","@id":"https:\/\/universnews224.com\/index.php\/developpement-local-le-ministre-mory-conde-echange-avec-les-representants-des-associations-des-ressortissants-des-33-prefectures\/#article","isPartOf":{"@id":"https:\/\/universnews224.com\/index.php\/developpement-local-le-ministre-mory-conde-echange-avec-les-representants-des-associations-des-ressortissants-des-33-prefectures\/"},"author":{"name":"La R\u00e9daction","@id":"https:\/\/universnews224.com\/#\/schema\/person\/a4b7d4f94a4716df60456a491260485e"},"headline":"D\u00e9veloppement local: le ministre Mory Cond\u00e9 \u00e9change avec les repr\u00e9sentants des associations des ressortissants des 33 pr\u00e9fectures.","datePublished":"2023-10-14T16:36:22+00:00","dateModified":"2023-10-14T16:36:22+00:00","mainEntityOfPage":{"@id":"https:\/\/universnews224.com\/index.php\/developpement-local-le-ministre-mory-conde-echange-avec-les-representants-des-associations-des-ressortissants-des-33-prefectures\/"},"wordCount":619,"publisher":{"@id":"https:\/\/universnews224.com\/#organization"},"keywords":["La une"],"articleSection":["ACTU","SOCI\u00c9T\u00c9"],"inLanguage":"fr-FR"},{"@type":"WebPage","@id":"https:\/\/universnews224.com\/index.php\/developpement-local-le-ministre-mory-conde-echange-avec-les-representants-des-associations-des-ressortissants-des-33-prefectures\/","url":"https:\/\/universnews224.com\/index.php\/developpement-local-le-ministre-mory-conde-echange-avec-les-representants-des-associations-des-ressortissants-des-33-prefectures\/","name":"D\u00e9veloppement local: le ministre Mory Cond\u00e9 \u00e9change avec les repr\u00e9sentants des associations des ressortissants des 33 pr\u00e9fectures. - UNIVERSNEWS224","isPartOf":{"@id":"https:\/\/universnews224.com\/#website"},"datePublished":"2023-10-14T16:36:22+00:00","dateModified":"2023-10-14T16:36:22+00:00","inLanguage":"fr-FR","potentialAction":[{"@type":"ReadAction","target":["https:\/\/universnews224.com\/index.php\/developpement-local-le-ministre-mory-conde-echange-avec-les-representants-des-associations-des-ressortissants-des-33-prefectures\/"]}]},{"@type":"WebSite","@id":"https:\/\/universnews224.com\/#website","url":"https:\/\/universnews224.com\/","name":"UNIVERSNEWS224","description":"","publisher":{"@id":"https:\/\/universnews224.com\/#organization"},"potentialAction":[{"@type":"SearchAction","target":{"@type":"EntryPoint","urlTemplate":"https:\/\/universnews224.com\/?s={search_term_string}"},"query-input":"required name=search_term_string"}],"inLanguage":"fr-FR"},{"@type":"Organization","@id":"https:\/\/universnews224.com\/#organization","name":"UNIVERSNEWS224","url":"https:\/\/universnews224.com\/","logo":{"@type":"ImageObject","inLanguage":"fr-FR","@id":"https:\/\/universnews224.com\/#\/schema\/logo\/image\/","url":"https:\/\/universnews224.com\/wp-content\/uploads\/2022\/08\/cropped-cropped-logoban.jpg","contentUrl":"https:\/\/universnews224.com\/wp-content\/uploads\/2022\/08\/cropped-cropped-logoban.jpg","width":1080,"height":138,"caption":"UNIVERSNEWS224"},"image":{"@id":"https:\/\/universnews224.com\/#\/schema\/logo\/image\/"}},{"@type":"Person","@id":"https:\/\/universnews224.com\/#\/schema\/person\/a4b7d4f94a4716df60456a491260485e","name":"La R\u00e9daction","image":{"@type":"ImageObject","inLanguage":"fr-FR","@id":"https:\/\/universnews224.com\/#\/schema\/person\/image\/","url":"https:\/\/secure.gravatar.com\/avatar\/edb90acc7752b23e1b3307ad36c14f0d?s=96&d=mm&r=g","contentUrl":"https:\/\/secure.gravatar.com\/avatar\/edb90acc7752b23e1b3307ad36c14f0d?s=96&d=mm&r=g","caption":"La R\u00e9daction"},"sameAs":["https:\/\/universnews224.com"],"url":"https:\/\/universnews224.com\/index.php\/author\/m-camara\/"}]}},"_links":{"self":[{"href":"https:\/\/universnews224.com\/index.php\/wp-json\/wp\/v2\/posts\/4419"}],"collection":[{"href":"https:\/\/universnews224.com\/index.php\/wp-json\/wp\/v2\/posts"}],"about":[{"href":"https:\/\/universnews224.com\/index.php\/wp-json\/wp\/v2\/types\/post"}],"author":[{"embeddable":true,"href":"https:\/\/universnews224.com\/index.php\/wp-json\/wp\/v2\/users\/2"}],"replies":[{"embeddable":true,"href":"https:\/\/universnews224.com\/index.php\/wp-json\/wp\/v2\/comments?post=4419"}],"version-history":[{"count":1,"href":"https:\/\/universnews224.com\/index.php\/wp-json\/wp\/v2\/posts\/4419\/revisions"}],"predecessor-version":[{"id":4423,"href":"https:\/\/universnews224.com\/index.php\/wp-json\/wp\/v2\/posts\/4419\/revisions\/4423"}],"wp:featuredmedia":[{"embeddable":true,"href":"https:\/\/universnews224.com\/index.php\/wp-json\/wp\/v2\/media\/4422"}],"wp:attachment":[{"href":"https:\/\/universnews224.com\/index.php\/wp-json\/wp\/v2\/media?parent=4419"}],"wp:term":[{"taxonomy":"category","embeddable":true,"href":"https:\/\/universnews224.com\/index.php\/wp-json\/wp\/v2\/categories?post=4419"},{"taxonomy":"post_tag","embeddable":true,"href":"https:\/\/universnews224.com\/index.php\/wp-json\/wp\/v2\/tags?post=4419"}],"curies":[{"name":"wp","href":"https:\/\/api.w.org\/{rel}","templated":true}]}}