{"id":4429,"date":"2023-10-16T22:54:27","date_gmt":"2023-10-16T21:54:27","guid":{"rendered":"https:\/\/universnews224.com\/?p=4429"},"modified":"2023-10-16T22:54:27","modified_gmt":"2023-10-16T21:54:27","slug":"marche-du-sppg-plusieurs-journalistes-arretes-y-compris-sekou-jamal-pendessa","status":"publish","type":"post","link":"https:\/\/universnews224.com\/index.php\/marche-du-sppg-plusieurs-journalistes-arretes-y-compris-sekou-jamal-pendessa\/","title":{"rendered":"Marche du SPPG: plusieurs journalistes arr\u00eat\u00e9s y compris Sekou Jamal Pendessa."},"content":{"rendered":"<p class=\"p1\"><span class=\"s1\">La marche de protestation appel\u00e9e le syndicat des professionnels de la presse ce lundi, 16 octobre 2023 pour demander la lev\u00e9e des restrictions du site Guineematin.com vient d\u2019\u00eatre emp\u00each\u00e9e par les services de s\u00e9curit\u00e9. <\/span><\/p>\n<p class=\"p1\"><span class=\"s1\">Joint au t\u00e9l\u00e9phone par nos confr\u00e8res de la radio Fim Fm dans l\u2019\u00e9mission Mirador, Sekou Jamal Pendessa, secr\u00e9taire g\u00e9n\u00e9ral du SPPG parle de plusieurs arrestations. <\/span><\/p>\n<p class=\"p1\"><span class=\"s1\">\u201cIls ont arr\u00eat\u00e9. Nous sommes au commissariat central de Kaloum. On \u00e9tait au point-point, ils sont venus nous emp\u00eacher pour ne pas qu\u2019on se regroupe l\u00e0. On a dit aux gens allons au point de chute, arriv\u00e9e \u00e0 la cit\u00e9 chemin de fer, ils ont gaz\u00e9s les journalistes l\u00e0-bas, tabass\u00e9s tout le monde, m\u00eame les femmes n\u2019ont \u00e9t\u00e9 \u00e9pargn\u00e9es. Il y a trois qui souffrent \u00e9norm\u00e9ment, on a dit de les envoyer \u00e0 l\u2019h\u00f4pital avant de parler d\u2019audition. Nous sommes au commissariat central de Kaloum, ils ont d\u00e9truit du mat\u00e9riel. Chacun de nous a perdu un t\u00e9l\u00e9phone\u201d, a t-il martel\u00e9. <\/span><\/p>\n","protected":false},"excerpt":{"rendered":"<p>La marche de protestation appel\u00e9e le syndicat des professionnels de la presse ce lundi, 16<\/p>\n","protected":false},"author":2,"featured_media":4411,"comment_status":"closed","ping_status":"open","sticky":false,"template":"","format":"standard","meta":[],"categories":[3,4],"tags":[229],"yoast_head":"<!-- This site is optimized with the Yoast SEO plugin v19.13 - https:\/\/yoast.com\/wordpress\/plugins\/seo\/ -->\n<title>Marche du SPPG: plusieurs journalistes arr\u00eat\u00e9s y compris Sekou Jamal Pendessa. - UNIVERSNEWS224<\/title>\n<meta name=\"robots\" content=\"index, follow, max-snippet:-1, max-image-preview:large, max-video-preview:-1\" \/>\n<link rel=\"canonical\" href=\"https:\/\/universnews224.com\/index.php\/marche-du-sppg-plusieurs-journalistes-arretes-y-compris-sekou-jamal-pendessa\/\" \/>\n<meta property=\"og:locale\" content=\"fr_FR\" \/>\n<meta property=\"og:type\" content=\"article\" \/>\n<meta property=\"og:title\" content=\"Marche du SPPG: plusieurs journalistes arr\u00eat\u00e9s y compris Sekou Jamal Pendessa. - UNIVERSNEWS224\" \/>\n<meta property=\"og:description\" content=\"La marche de protestation appel\u00e9e le syndicat des professionnels de la presse ce lundi, 16\" \/>\n<meta property=\"og:url\" content=\"https:\/\/universnews224.com\/index.php\/marche-du-sppg-plusieurs-journalistes-arretes-y-compris-sekou-jamal-pendessa\/\" \/>\n<meta property=\"og:site_name\" content=\"UNIVERSNEWS224\" \/>\n<meta property=\"article:published_time\" content=\"2023-10-16T21:54:27+00:00\" \/>\n<meta property=\"og:image\" content=\"https:\/\/universnews224.com\/wp-content\/uploads\/2023\/10\/6AC0036A-9DCA-4BAC-8BC1-4EAE638E6474.jpeg\" \/>\n\t<meta property=\"og:image:width\" content=\"720\" \/>\n\t<meta property=\"og:image:height\" content=\"540\" \/>\n\t<meta property=\"og:image:type\" content=\"image\/jpeg\" \/>\n<meta name=\"author\" content=\"La R\u00e9daction\" \/>\n<meta name=\"twitter:label1\" content=\"\u00c9crit par\" \/>\n\t<meta name=\"twitter:data1\" content=\"La R\u00e9daction\" \/>\n\t<meta name=\"twitter:label2\" content=\"Dur\u00e9e de lecture estim\u00e9e\" \/>\n\t<meta name=\"twitter:data2\" content=\"1 minute\" \/>\n<script type=\"application\/ld+json\" class=\"yoast-schema-graph\">{\"@context\":\"https:\/\/schema.org\",\"@graph\":[{\"@type\":\"Article\",\"@id\":\"https:\/\/universnews224.com\/index.php\/marche-du-sppg-plusieurs-journalistes-arretes-y-compris-sekou-jamal-pendessa\/#article\",\"isPartOf\":{\"@id\":\"https:\/\/universnews224.com\/index.php\/marche-du-sppg-plusieurs-journalistes-arretes-y-compris-sekou-jamal-pendessa\/\"},\"author\":{\"name\":\"La R\u00e9daction\",\"@id\":\"https:\/\/universnews224.com\/#\/schema\/person\/a4b7d4f94a4716df60456a491260485e\"},\"headline\":\"Marche du SPPG: plusieurs journalistes arr\u00eat\u00e9s y compris Sekou Jamal Pendessa.\",\"datePublished\":\"2023-10-16T21:54:27+00:00\",\"dateModified\":\"2023-10-16T21:54:27+00:00\",\"mainEntityOfPage\":{\"@id\":\"https:\/\/universnews224.com\/index.php\/marche-du-sppg-plusieurs-journalistes-arretes-y-compris-sekou-jamal-pendessa\/\"},\"wordCount\":200,\"publisher\":{\"@id\":\"https:\/\/universnews224.com\/#organization\"},\"keywords\":[\"La une\"],\"articleSection\":[\"ACTU\",\"POLITIQUE\"],\"inLanguage\":\"fr-FR\"},{\"@type\":\"WebPage\",\"@id\":\"https:\/\/universnews224.com\/index.php\/marche-du-sppg-plusieurs-journalistes-arretes-y-compris-sekou-jamal-pendessa\/\",\"url\":\"https:\/\/universnews224.com\/index.php\/marche-du-sppg-plusieurs-journalistes-arretes-y-compris-sekou-jamal-pendessa\/\",\"name\":\"Marche du SPPG: plusieurs journalistes arr\u00eat\u00e9s y compris Sekou Jamal Pendessa. - UNIVERSNEWS224\",\"isPartOf\":{\"@id\":\"https:\/\/universnews224.com\/#website\"},\"datePublished\":\"2023-10-16T21:54:27+00:00\",\"dateModified\":\"2023-10-16T21:54:27+00:00\",\"inLanguage\":\"fr-FR\",\"potentialAction\":[{\"@type\":\"ReadAction\",\"target\":[\"https:\/\/universnews224.com\/index.php\/marche-du-sppg-plusieurs-journalistes-arretes-y-compris-sekou-jamal-pendessa\/\"]}]},{\"@type\":\"WebSite\",\"@id\":\"https:\/\/universnews224.com\/#website\",\"url\":\"https:\/\/universnews224.com\/\",\"name\":\"UNIVERSNEWS224\",\"description\":\"\",\"publisher\":{\"@id\":\"https:\/\/universnews224.com\/#organization\"},\"potentialAction\":[{\"@type\":\"SearchAction\",\"target\":{\"@type\":\"EntryPoint\",\"urlTemplate\":\"https:\/\/universnews224.com\/?s={search_term_string}\"},\"query-input\":\"required name=search_term_string\"}],\"inLanguage\":\"fr-FR\"},{\"@type\":\"Organization\",\"@id\":\"https:\/\/universnews224.com\/#organization\",\"name\":\"UNIVERSNEWS224\",\"url\":\"https:\/\/universnews224.com\/\",\"logo\":{\"@type\":\"ImageObject\",\"inLanguage\":\"fr-FR\",\"@id\":\"https:\/\/universnews224.com\/#\/schema\/logo\/image\/\",\"url\":\"https:\/\/universnews224.com\/wp-content\/uploads\/2022\/08\/cropped-cropped-logoban.jpg\",\"contentUrl\":\"https:\/\/universnews224.com\/wp-content\/uploads\/2022\/08\/cropped-cropped-logoban.jpg\",\"width\":1080,\"height\":138,\"caption\":\"UNIVERSNEWS224\"},\"image\":{\"@id\":\"https:\/\/universnews224.com\/#\/schema\/logo\/image\/\"}},{\"@type\":\"Person\",\"@id\":\"https:\/\/universnews224.com\/#\/schema\/person\/a4b7d4f94a4716df60456a491260485e\",\"name\":\"La R\u00e9daction\",\"image\":{\"@type\":\"ImageObject\",\"inLanguage\":\"fr-FR\",\"@id\":\"https:\/\/universnews224.com\/#\/schema\/person\/image\/\",\"url\":\"https:\/\/secure.gravatar.com\/avatar\/edb90acc7752b23e1b3307ad36c14f0d?s=96&d=mm&r=g\",\"contentUrl\":\"https:\/\/secure.gravatar.com\/avatar\/edb90acc7752b23e1b3307ad36c14f0d?s=96&d=mm&r=g\",\"caption\":\"La R\u00e9daction\"},\"sameAs\":[\"https:\/\/universnews224.com\"],\"url\":\"https:\/\/universnews224.com\/index.php\/author\/m-camara\/\"}]}<\/script>\n<!-- \/ Yoast SEO plugin. -->","yoast_head_json":{"title":"Marche du SPPG: plusieurs journalistes arr\u00eat\u00e9s y compris Sekou Jamal Pendessa. - UNIVERSNEWS224","robots":{"index":"index","follow":"follow","max-snippet":"max-snippet:-1","max-image-preview":"max-image-preview:large","max-video-preview":"max-video-preview:-1"},"canonical":"https:\/\/universnews224.com\/index.php\/marche-du-sppg-plusieurs-journalistes-arretes-y-compris-sekou-jamal-pendessa\/","og_locale":"fr_FR","og_type":"article","og_title":"Marche du SPPG: plusieurs journalistes arr\u00eat\u00e9s y compris Sekou Jamal Pendessa. - UNIVERSNEWS224","og_description":"La marche de protestation appel\u00e9e le syndicat des professionnels de la presse ce lundi, 16","og_url":"https:\/\/universnews224.com\/index.php\/marche-du-sppg-plusieurs-journalistes-arretes-y-compris-sekou-jamal-pendessa\/","og_site_name":"UNIVERSNEWS224","article_published_time":"2023-10-16T21:54:27+00:00","og_image":[{"width":720,"height":540,"url":"https:\/\/universnews224.com\/wp-content\/uploads\/2023\/10\/6AC0036A-9DCA-4BAC-8BC1-4EAE638E6474.jpeg","type":"image\/jpeg"}],"author":"La R\u00e9daction","twitter_misc":{"\u00c9crit par":"La R\u00e9daction","Dur\u00e9e de lecture estim\u00e9e":"1 minute"},"schema":{"@context":"https:\/\/schema.org","@graph":[{"@type":"Article","@id":"https:\/\/universnews224.com\/index.php\/marche-du-sppg-plusieurs-journalistes-arretes-y-compris-sekou-jamal-pendessa\/#article","isPartOf":{"@id":"https:\/\/universnews224.com\/index.php\/marche-du-sppg-plusieurs-journalistes-arretes-y-compris-sekou-jamal-pendessa\/"},"author":{"name":"La R\u00e9daction","@id":"https:\/\/universnews224.com\/#\/schema\/person\/a4b7d4f94a4716df60456a491260485e"},"headline":"Marche du SPPG: plusieurs journalistes arr\u00eat\u00e9s y compris Sekou Jamal Pendessa.","datePublished":"2023-10-16T21:54:27+00:00","dateModified":"2023-10-16T21:54:27+00:00","mainEntityOfPage":{"@id":"https:\/\/universnews224.com\/index.php\/marche-du-sppg-plusieurs-journalistes-arretes-y-compris-sekou-jamal-pendessa\/"},"wordCount":200,"publisher":{"@id":"https:\/\/universnews224.com\/#organization"},"keywords":["La une"],"articleSection":["ACTU","POLITIQUE"],"inLanguage":"fr-FR"},{"@type":"WebPage","@id":"https:\/\/universnews224.com\/index.php\/marche-du-sppg-plusieurs-journalistes-arretes-y-compris-sekou-jamal-pendessa\/","url":"https:\/\/universnews224.com\/index.php\/marche-du-sppg-plusieurs-journalistes-arretes-y-compris-sekou-jamal-pendessa\/","name":"Marche du SPPG: plusieurs journalistes arr\u00eat\u00e9s y compris Sekou Jamal Pendessa. - UNIVERSNEWS224","isPartOf":{"@id":"https:\/\/universnews224.com\/#website"},"datePublished":"2023-10-16T21:54:27+00:00","dateModified":"2023-10-16T21:54:27+00:00","inLanguage":"fr-FR","potentialAction":[{"@type":"ReadAction","target":["https:\/\/universnews224.com\/index.php\/marche-du-sppg-plusieurs-journalistes-arretes-y-compris-sekou-jamal-pendessa\/"]}]},{"@type":"WebSite","@id":"https:\/\/universnews224.com\/#website","url":"https:\/\/universnews224.com\/","name":"UNIVERSNEWS224","description":"","publisher":{"@id":"https:\/\/universnews224.com\/#organization"},"potentialAction":[{"@type":"SearchAction","target":{"@type":"EntryPoint","urlTemplate":"https:\/\/universnews224.com\/?s={search_term_string}"},"query-input":"required name=search_term_string"}],"inLanguage":"fr-FR"},{"@type":"Organization","@id":"https:\/\/universnews224.com\/#organization","name":"UNIVERSNEWS224","url":"https:\/\/universnews224.com\/","logo":{"@type":"ImageObject","inLanguage":"fr-FR","@id":"https:\/\/universnews224.com\/#\/schema\/logo\/image\/","url":"https:\/\/universnews224.com\/wp-content\/uploads\/2022\/08\/cropped-cropped-logoban.jpg","contentUrl":"https:\/\/universnews224.com\/wp-content\/uploads\/2022\/08\/cropped-cropped-logoban.jpg","width":1080,"height":138,"caption":"UNIVERSNEWS224"},"image":{"@id":"https:\/\/universnews224.com\/#\/schema\/logo\/image\/"}},{"@type":"Person","@id":"https:\/\/universnews224.com\/#\/schema\/person\/a4b7d4f94a4716df60456a491260485e","name":"La R\u00e9daction","image":{"@type":"ImageObject","inLanguage":"fr-FR","@id":"https:\/\/universnews224.com\/#\/schema\/person\/image\/","url":"https:\/\/secure.gravatar.com\/avatar\/edb90acc7752b23e1b3307ad36c14f0d?s=96&d=mm&r=g","contentUrl":"https:\/\/secure.gravatar.com\/avatar\/edb90acc7752b23e1b3307ad36c14f0d?s=96&d=mm&r=g","caption":"La R\u00e9daction"},"sameAs":["https:\/\/universnews224.com"],"url":"https:\/\/universnews224.com\/index.php\/author\/m-camara\/"}]}},"_links":{"self":[{"href":"https:\/\/universnews224.com\/index.php\/wp-json\/wp\/v2\/posts\/4429"}],"collection":[{"href":"https:\/\/universnews224.com\/index.php\/wp-json\/wp\/v2\/posts"}],"about":[{"href":"https:\/\/universnews224.com\/index.php\/wp-json\/wp\/v2\/types\/post"}],"author":[{"embeddable":true,"href":"https:\/\/universnews224.com\/index.php\/wp-json\/wp\/v2\/users\/2"}],"replies":[{"embeddable":true,"href":"https:\/\/universnews224.com\/index.php\/wp-json\/wp\/v2\/comments?post=4429"}],"version-history":[{"count":1,"href":"https:\/\/universnews224.com\/index.php\/wp-json\/wp\/v2\/posts\/4429\/revisions"}],"predecessor-version":[{"id":4430,"href":"https:\/\/universnews224.com\/index.php\/wp-json\/wp\/v2\/posts\/4429\/revisions\/4430"}],"wp:featuredmedia":[{"embeddable":true,"href":"https:\/\/universnews224.com\/index.php\/wp-json\/wp\/v2\/media\/4411"}],"wp:attachment":[{"href":"https:\/\/universnews224.com\/index.php\/wp-json\/wp\/v2\/media?parent=4429"}],"wp:term":[{"taxonomy":"category","embeddable":true,"href":"https:\/\/universnews224.com\/index.php\/wp-json\/wp\/v2\/categories?post=4429"},{"taxonomy":"post_tag","embeddable":true,"href":"https:\/\/universnews224.com\/index.php\/wp-json\/wp\/v2\/tags?post=4429"}],"curies":[{"name":"wp","href":"https:\/\/api.w.org\/{rel}","templated":true}]}}