{"id":4431,"date":"2023-10-16T22:57:44","date_gmt":"2023-10-16T21:57:44","guid":{"rendered":"https:\/\/universnews224.com\/?p=4431"},"modified":"2023-10-16T22:57:44","modified_gmt":"2023-10-16T21:57:44","slug":"me-amadou-diallo-a-propos-de-la-crief-cest-comme-si-la-crief-est-commanditee-pour-ternir-les-reputations-dhommes-politiques-et-les-anciens-dignitaires","status":"publish","type":"post","link":"https:\/\/universnews224.com\/index.php\/me-amadou-diallo-a-propos-de-la-crief-cest-comme-si-la-crief-est-commanditee-pour-ternir-les-reputations-dhommes-politiques-et-les-anciens-dignitaires\/","title":{"rendered":"Me Amadou Diallo \u00e0 propos de la CRIEF: \u201cC\u2019est comme si la CRIEF est commandit\u00e9e pour ternir les r\u00e9putations d\u2019hommes politiques et les anciens dignitaires\u201c"},"content":{"rendered":"<p class=\"p1\">Me Amadou Diallo, l\u2019un des avocats de l\u2019Union des Forces des D\u00e9mocratiques de Guin\u00e9e (UFDG) s\u2019est prononc\u00e9 ce lundi, 16 octobre 2023 dans l\u2019\u00e9mission Mirador de la radio Fim Fm sur le fonctionnement de la Cour de R\u00e9pression des Infractions \u00c9conomiques et Financi\u00e8re (CRIEF).<\/p>\n<p class=\"p1\"><span class=\"s1\">Selon cet avocat de l\u2019UFDG, depuis la cr\u00e9ation de la CRIEF, il y a eu beaucoup d\u2019insuffisances dans le respect de la proc\u00e9dure. <\/span><\/p>\n<p class=\"p1\"><span class=\"s1\">\u201cDepuis que la CRIEF est en place, on a constat\u00e9 beaucoup d\u2019insuffisance dans le cadre du respect des proc\u00e9dures. On ne poursuit pas des gens sur des pr\u00e9jug\u00e9s. Ce n\u2019est pas parce que tel a \u00e9t\u00e9 ministre de finances, ministre du budget ou des travaux public que, forc\u00e9ment qu\u2019il a mis la main dans les caisses de l\u2019\u00c9tat, m\u00eame si c\u2019est le cas, il faut le prouver. Un juge ne se contente pas de l\u2019opinion publique pour dire, on se conna\u00eet dans ce pays. Il faut r\u00e9unir les preuves tangibles avant d\u2019entreprendre des poursuites. Ce n\u2019est pas normal de se fonder sur des pr\u00e9jug\u00e9s, mettre des gens en prison, apr\u00e8s se mettre \u00e0 rechercher des preuves\u201d, a t-il d\u00e9nonc\u00e9 <\/span><\/p>\n<p class=\"p1\"><span class=\"s1\">Et d\u2019ass\u00e9ner: \u201cL\u2019affaire d\u2019Amadou Damaro Camara derni\u00e8rement vient de montrer encore une fois qu\u2019il y a beaucoup de l\u00e9g\u00e8ret\u00e9. Comment on peut reprocher quelqu\u2019un d\u2019avoir d\u00e9tourn\u00e9 15 millards, alors qu\u2019on a m\u00eame pas pris la peine d\u2019aller v\u00e9rifier dans le compte de l\u2019assembl\u00e9e nationale s\u2019il y a un reliquat l\u00e0-dans. C\u2019est exactement la chose dans l\u2019affaire Air Guin\u00e9e, on dit que Cellou a d\u00e9tourn\u00e9 5 millions de dollars alors que Mamadou Sylla a fourni les preuves pour avoir pay\u00e9 \u00e0 l\u2019\u00c9tat directement et indirectement 4 millions 730 mille dollars. Ce n\u2019est pas s\u00e9rieux. Encore une fois, je pense que le dossier de l\u2019accusation dans tous ces dossiers n\u2019a pas \u00e9t\u00e9 bien mont\u00e9. Il n y a eu du professionnalisme, c\u2019est comme si la CRIEF est commandit\u00e9e pour ternir les r\u00e9putations d\u2019hommes politiques et les anciens dignitaires\u201c, a t-il martel\u00e9. <\/span><\/p>\n<p class=\"p1\"><span class=\"s1\">Camara Mamadouba <\/span><\/p>\n<p class=\"p1\"><span class=\"s1\">611 46 04 10 <\/span><\/p>\n","protected":false},"excerpt":{"rendered":"<p>Me Amadou Diallo, l\u2019un des avocats de l\u2019Union des Forces des D\u00e9mocratiques de Guin\u00e9e (UFDG)<\/p>\n","protected":false},"author":2,"featured_media":4432,"comment_status":"closed","ping_status":"open","sticky":false,"template":"","format":"standard","meta":[],"categories":[3,4],"tags":[229],"yoast_head":"<!-- This site is optimized with the Yoast SEO plugin v19.13 - https:\/\/yoast.com\/wordpress\/plugins\/seo\/ -->\n<title>Me Amadou Diallo \u00e0 propos de la CRIEF: \u201cC\u2019est comme si la CRIEF est commandit\u00e9e pour ternir les r\u00e9putations d\u2019hommes politiques et les anciens dignitaires\u201c - UNIVERSNEWS224<\/title>\n<meta name=\"robots\" content=\"index, follow, max-snippet:-1, max-image-preview:large, max-video-preview:-1\" \/>\n<link rel=\"canonical\" href=\"https:\/\/universnews224.com\/index.php\/me-amadou-diallo-a-propos-de-la-crief-cest-comme-si-la-crief-est-commanditee-pour-ternir-les-reputations-dhommes-politiques-et-les-anciens-dignitaires\/\" \/>\n<meta property=\"og:locale\" content=\"fr_FR\" \/>\n<meta property=\"og:type\" content=\"article\" \/>\n<meta property=\"og:title\" content=\"Me Amadou Diallo \u00e0 propos de la CRIEF: \u201cC\u2019est comme si la CRIEF est commandit\u00e9e pour ternir les r\u00e9putations d\u2019hommes politiques et les anciens dignitaires\u201c - UNIVERSNEWS224\" \/>\n<meta property=\"og:description\" content=\"Me Amadou Diallo, l\u2019un des avocats de l\u2019Union des Forces des D\u00e9mocratiques de Guin\u00e9e (UFDG)\" \/>\n<meta property=\"og:url\" content=\"https:\/\/universnews224.com\/index.php\/me-amadou-diallo-a-propos-de-la-crief-cest-comme-si-la-crief-est-commanditee-pour-ternir-les-reputations-dhommes-politiques-et-les-anciens-dignitaires\/\" \/>\n<meta property=\"og:site_name\" content=\"UNIVERSNEWS224\" \/>\n<meta property=\"article:published_time\" content=\"2023-10-16T21:57:44+00:00\" \/>\n<meta property=\"og:image\" content=\"https:\/\/universnews224.com\/wp-content\/uploads\/2023\/10\/09180569-A328-4442-A2D4-9ECA412B72CD.jpeg\" \/>\n\t<meta property=\"og:image:width\" content=\"700\" \/>\n\t<meta property=\"og:image:height\" content=\"388\" \/>\n\t<meta property=\"og:image:type\" content=\"image\/jpeg\" \/>\n<meta name=\"author\" content=\"La R\u00e9daction\" \/>\n<meta name=\"twitter:label1\" content=\"\u00c9crit par\" \/>\n\t<meta name=\"twitter:data1\" content=\"La R\u00e9daction\" \/>\n\t<meta name=\"twitter:label2\" content=\"Dur\u00e9e de lecture estim\u00e9e\" \/>\n\t<meta name=\"twitter:data2\" content=\"2 minutes\" \/>\n<script type=\"application\/ld+json\" class=\"yoast-schema-graph\">{\"@context\":\"https:\/\/schema.org\",\"@graph\":[{\"@type\":\"Article\",\"@id\":\"https:\/\/universnews224.com\/index.php\/me-amadou-diallo-a-propos-de-la-crief-cest-comme-si-la-crief-est-commanditee-pour-ternir-les-reputations-dhommes-politiques-et-les-anciens-dignitaires\/#article\",\"isPartOf\":{\"@id\":\"https:\/\/universnews224.com\/index.php\/me-amadou-diallo-a-propos-de-la-crief-cest-comme-si-la-crief-est-commanditee-pour-ternir-les-reputations-dhommes-politiques-et-les-anciens-dignitaires\/\"},\"author\":{\"name\":\"La R\u00e9daction\",\"@id\":\"https:\/\/universnews224.com\/#\/schema\/person\/a4b7d4f94a4716df60456a491260485e\"},\"headline\":\"Me Amadou Diallo \u00e0 propos de la CRIEF: \u201cC\u2019est comme si la CRIEF est commandit\u00e9e pour ternir les r\u00e9putations d\u2019hommes politiques et les anciens dignitaires\u201c\",\"datePublished\":\"2023-10-16T21:57:44+00:00\",\"dateModified\":\"2023-10-16T21:57:44+00:00\",\"mainEntityOfPage\":{\"@id\":\"https:\/\/universnews224.com\/index.php\/me-amadou-diallo-a-propos-de-la-crief-cest-comme-si-la-crief-est-commanditee-pour-ternir-les-reputations-dhommes-politiques-et-les-anciens-dignitaires\/\"},\"wordCount\":410,\"publisher\":{\"@id\":\"https:\/\/universnews224.com\/#organization\"},\"keywords\":[\"La une\"],\"articleSection\":[\"ACTU\",\"POLITIQUE\"],\"inLanguage\":\"fr-FR\"},{\"@type\":\"WebPage\",\"@id\":\"https:\/\/universnews224.com\/index.php\/me-amadou-diallo-a-propos-de-la-crief-cest-comme-si-la-crief-est-commanditee-pour-ternir-les-reputations-dhommes-politiques-et-les-anciens-dignitaires\/\",\"url\":\"https:\/\/universnews224.com\/index.php\/me-amadou-diallo-a-propos-de-la-crief-cest-comme-si-la-crief-est-commanditee-pour-ternir-les-reputations-dhommes-politiques-et-les-anciens-dignitaires\/\",\"name\":\"Me Amadou Diallo \u00e0 propos de la CRIEF: \u201cC\u2019est comme si la CRIEF est commandit\u00e9e pour ternir les r\u00e9putations d\u2019hommes politiques et les anciens dignitaires\u201c - UNIVERSNEWS224\",\"isPartOf\":{\"@id\":\"https:\/\/universnews224.com\/#website\"},\"datePublished\":\"2023-10-16T21:57:44+00:00\",\"dateModified\":\"2023-10-16T21:57:44+00:00\",\"inLanguage\":\"fr-FR\",\"potentialAction\":[{\"@type\":\"ReadAction\",\"target\":[\"https:\/\/universnews224.com\/index.php\/me-amadou-diallo-a-propos-de-la-crief-cest-comme-si-la-crief-est-commanditee-pour-ternir-les-reputations-dhommes-politiques-et-les-anciens-dignitaires\/\"]}]},{\"@type\":\"WebSite\",\"@id\":\"https:\/\/universnews224.com\/#website\",\"url\":\"https:\/\/universnews224.com\/\",\"name\":\"UNIVERSNEWS224\",\"description\":\"\",\"publisher\":{\"@id\":\"https:\/\/universnews224.com\/#organization\"},\"potentialAction\":[{\"@type\":\"SearchAction\",\"target\":{\"@type\":\"EntryPoint\",\"urlTemplate\":\"https:\/\/universnews224.com\/?s={search_term_string}\"},\"query-input\":\"required name=search_term_string\"}],\"inLanguage\":\"fr-FR\"},{\"@type\":\"Organization\",\"@id\":\"https:\/\/universnews224.com\/#organization\",\"name\":\"UNIVERSNEWS224\",\"url\":\"https:\/\/universnews224.com\/\",\"logo\":{\"@type\":\"ImageObject\",\"inLanguage\":\"fr-FR\",\"@id\":\"https:\/\/universnews224.com\/#\/schema\/logo\/image\/\",\"url\":\"https:\/\/universnews224.com\/wp-content\/uploads\/2022\/08\/cropped-cropped-logoban.jpg\",\"contentUrl\":\"https:\/\/universnews224.com\/wp-content\/uploads\/2022\/08\/cropped-cropped-logoban.jpg\",\"width\":1080,\"height\":138,\"caption\":\"UNIVERSNEWS224\"},\"image\":{\"@id\":\"https:\/\/universnews224.com\/#\/schema\/logo\/image\/\"}},{\"@type\":\"Person\",\"@id\":\"https:\/\/universnews224.com\/#\/schema\/person\/a4b7d4f94a4716df60456a491260485e\",\"name\":\"La R\u00e9daction\",\"image\":{\"@type\":\"ImageObject\",\"inLanguage\":\"fr-FR\",\"@id\":\"https:\/\/universnews224.com\/#\/schema\/person\/image\/\",\"url\":\"https:\/\/secure.gravatar.com\/avatar\/edb90acc7752b23e1b3307ad36c14f0d?s=96&d=mm&r=g\",\"contentUrl\":\"https:\/\/secure.gravatar.com\/avatar\/edb90acc7752b23e1b3307ad36c14f0d?s=96&d=mm&r=g\",\"caption\":\"La R\u00e9daction\"},\"sameAs\":[\"https:\/\/universnews224.com\"],\"url\":\"https:\/\/universnews224.com\/index.php\/author\/m-camara\/\"}]}<\/script>\n<!-- \/ Yoast SEO plugin. -->","yoast_head_json":{"title":"Me Amadou Diallo \u00e0 propos de la CRIEF: \u201cC\u2019est comme si la CRIEF est commandit\u00e9e pour ternir les r\u00e9putations d\u2019hommes politiques et les anciens dignitaires\u201c - UNIVERSNEWS224","robots":{"index":"index","follow":"follow","max-snippet":"max-snippet:-1","max-image-preview":"max-image-preview:large","max-video-preview":"max-video-preview:-1"},"canonical":"https:\/\/universnews224.com\/index.php\/me-amadou-diallo-a-propos-de-la-crief-cest-comme-si-la-crief-est-commanditee-pour-ternir-les-reputations-dhommes-politiques-et-les-anciens-dignitaires\/","og_locale":"fr_FR","og_type":"article","og_title":"Me Amadou Diallo \u00e0 propos de la CRIEF: \u201cC\u2019est comme si la CRIEF est commandit\u00e9e pour ternir les r\u00e9putations d\u2019hommes politiques et les anciens dignitaires\u201c - UNIVERSNEWS224","og_description":"Me Amadou Diallo, l\u2019un des avocats de l\u2019Union des Forces des D\u00e9mocratiques de Guin\u00e9e (UFDG)","og_url":"https:\/\/universnews224.com\/index.php\/me-amadou-diallo-a-propos-de-la-crief-cest-comme-si-la-crief-est-commanditee-pour-ternir-les-reputations-dhommes-politiques-et-les-anciens-dignitaires\/","og_site_name":"UNIVERSNEWS224","article_published_time":"2023-10-16T21:57:44+00:00","og_image":[{"width":700,"height":388,"url":"https:\/\/universnews224.com\/wp-content\/uploads\/2023\/10\/09180569-A328-4442-A2D4-9ECA412B72CD.jpeg","type":"image\/jpeg"}],"author":"La R\u00e9daction","twitter_misc":{"\u00c9crit par":"La R\u00e9daction","Dur\u00e9e de lecture estim\u00e9e":"2 minutes"},"schema":{"@context":"https:\/\/schema.org","@graph":[{"@type":"Article","@id":"https:\/\/universnews224.com\/index.php\/me-amadou-diallo-a-propos-de-la-crief-cest-comme-si-la-crief-est-commanditee-pour-ternir-les-reputations-dhommes-politiques-et-les-anciens-dignitaires\/#article","isPartOf":{"@id":"https:\/\/universnews224.com\/index.php\/me-amadou-diallo-a-propos-de-la-crief-cest-comme-si-la-crief-est-commanditee-pour-ternir-les-reputations-dhommes-politiques-et-les-anciens-dignitaires\/"},"author":{"name":"La R\u00e9daction","@id":"https:\/\/universnews224.com\/#\/schema\/person\/a4b7d4f94a4716df60456a491260485e"},"headline":"Me Amadou Diallo \u00e0 propos de la CRIEF: \u201cC\u2019est comme si la CRIEF est commandit\u00e9e pour ternir les r\u00e9putations d\u2019hommes politiques et les anciens dignitaires\u201c","datePublished":"2023-10-16T21:57:44+00:00","dateModified":"2023-10-16T21:57:44+00:00","mainEntityOfPage":{"@id":"https:\/\/universnews224.com\/index.php\/me-amadou-diallo-a-propos-de-la-crief-cest-comme-si-la-crief-est-commanditee-pour-ternir-les-reputations-dhommes-politiques-et-les-anciens-dignitaires\/"},"wordCount":410,"publisher":{"@id":"https:\/\/universnews224.com\/#organization"},"keywords":["La une"],"articleSection":["ACTU","POLITIQUE"],"inLanguage":"fr-FR"},{"@type":"WebPage","@id":"https:\/\/universnews224.com\/index.php\/me-amadou-diallo-a-propos-de-la-crief-cest-comme-si-la-crief-est-commanditee-pour-ternir-les-reputations-dhommes-politiques-et-les-anciens-dignitaires\/","url":"https:\/\/universnews224.com\/index.php\/me-amadou-diallo-a-propos-de-la-crief-cest-comme-si-la-crief-est-commanditee-pour-ternir-les-reputations-dhommes-politiques-et-les-anciens-dignitaires\/","name":"Me Amadou Diallo \u00e0 propos de la CRIEF: \u201cC\u2019est comme si la CRIEF est commandit\u00e9e pour ternir les r\u00e9putations d\u2019hommes politiques et les anciens dignitaires\u201c - UNIVERSNEWS224","isPartOf":{"@id":"https:\/\/universnews224.com\/#website"},"datePublished":"2023-10-16T21:57:44+00:00","dateModified":"2023-10-16T21:57:44+00:00","inLanguage":"fr-FR","potentialAction":[{"@type":"ReadAction","target":["https:\/\/universnews224.com\/index.php\/me-amadou-diallo-a-propos-de-la-crief-cest-comme-si-la-crief-est-commanditee-pour-ternir-les-reputations-dhommes-politiques-et-les-anciens-dignitaires\/"]}]},{"@type":"WebSite","@id":"https:\/\/universnews224.com\/#website","url":"https:\/\/universnews224.com\/","name":"UNIVERSNEWS224","description":"","publisher":{"@id":"https:\/\/universnews224.com\/#organization"},"potentialAction":[{"@type":"SearchAction","target":{"@type":"EntryPoint","urlTemplate":"https:\/\/universnews224.com\/?s={search_term_string}"},"query-input":"required name=search_term_string"}],"inLanguage":"fr-FR"},{"@type":"Organization","@id":"https:\/\/universnews224.com\/#organization","name":"UNIVERSNEWS224","url":"https:\/\/universnews224.com\/","logo":{"@type":"ImageObject","inLanguage":"fr-FR","@id":"https:\/\/universnews224.com\/#\/schema\/logo\/image\/","url":"https:\/\/universnews224.com\/wp-content\/uploads\/2022\/08\/cropped-cropped-logoban.jpg","contentUrl":"https:\/\/universnews224.com\/wp-content\/uploads\/2022\/08\/cropped-cropped-logoban.jpg","width":1080,"height":138,"caption":"UNIVERSNEWS224"},"image":{"@id":"https:\/\/universnews224.com\/#\/schema\/logo\/image\/"}},{"@type":"Person","@id":"https:\/\/universnews224.com\/#\/schema\/person\/a4b7d4f94a4716df60456a491260485e","name":"La R\u00e9daction","image":{"@type":"ImageObject","inLanguage":"fr-FR","@id":"https:\/\/universnews224.com\/#\/schema\/person\/image\/","url":"https:\/\/secure.gravatar.com\/avatar\/edb90acc7752b23e1b3307ad36c14f0d?s=96&d=mm&r=g","contentUrl":"https:\/\/secure.gravatar.com\/avatar\/edb90acc7752b23e1b3307ad36c14f0d?s=96&d=mm&r=g","caption":"La R\u00e9daction"},"sameAs":["https:\/\/universnews224.com"],"url":"https:\/\/universnews224.com\/index.php\/author\/m-camara\/"}]}},"_links":{"self":[{"href":"https:\/\/universnews224.com\/index.php\/wp-json\/wp\/v2\/posts\/4431"}],"collection":[{"href":"https:\/\/universnews224.com\/index.php\/wp-json\/wp\/v2\/posts"}],"about":[{"href":"https:\/\/universnews224.com\/index.php\/wp-json\/wp\/v2\/types\/post"}],"author":[{"embeddable":true,"href":"https:\/\/universnews224.com\/index.php\/wp-json\/wp\/v2\/users\/2"}],"replies":[{"embeddable":true,"href":"https:\/\/universnews224.com\/index.php\/wp-json\/wp\/v2\/comments?post=4431"}],"version-history":[{"count":1,"href":"https:\/\/universnews224.com\/index.php\/wp-json\/wp\/v2\/posts\/4431\/revisions"}],"predecessor-version":[{"id":4433,"href":"https:\/\/universnews224.com\/index.php\/wp-json\/wp\/v2\/posts\/4431\/revisions\/4433"}],"wp:featuredmedia":[{"embeddable":true,"href":"https:\/\/universnews224.com\/index.php\/wp-json\/wp\/v2\/media\/4432"}],"wp:attachment":[{"href":"https:\/\/universnews224.com\/index.php\/wp-json\/wp\/v2\/media?parent=4431"}],"wp:term":[{"taxonomy":"category","embeddable":true,"href":"https:\/\/universnews224.com\/index.php\/wp-json\/wp\/v2\/categories?post=4431"},{"taxonomy":"post_tag","embeddable":true,"href":"https:\/\/universnews224.com\/index.php\/wp-json\/wp\/v2\/tags?post=4431"}],"curies":[{"name":"wp","href":"https:\/\/api.w.org\/{rel}","templated":true}]}}