{"id":4434,"date":"2023-10-16T22:59:40","date_gmt":"2023-10-16T21:59:40","guid":{"rendered":"https:\/\/universnews224.com\/?p=4434"},"modified":"2023-10-16T22:59:40","modified_gmt":"2023-10-16T21:59:40","slug":"me-sidiki-berete-avertittant-qualy-toure-nexecute-pas-la-decision-de-la-cour-de-justice-de-la-cedeao-on-ira-pas-au-proces","status":"publish","type":"post","link":"https:\/\/universnews224.com\/index.php\/me-sidiki-berete-avertittant-qualy-toure-nexecute-pas-la-decision-de-la-cour-de-justice-de-la-cedeao-on-ira-pas-au-proces\/","title":{"rendered":"Me Sidiki B\u00e9r\u00e9t\u00e9 avertit:\u201cTant qu\u2019Aly Tour\u00e9 n\u2019ex\u00e9cute pas la d\u00e9cision de la Cour de justice de la C\u00c9D\u00c9AO, on ira pas au proc\u00e8s\u201d"},"content":{"rendered":"<p class=\"p1\"><span class=\"s1\">C\u2019est en faveur d\u2019un point de presse qu\u2019il a anim\u00e9 ce lundi, 16 octobre 2023 dans un r\u00e9ceptif h\u00f4telier de la place que, le collectif des avocats de l\u2019ancien premier ministre, Dr Ibrahima Kassory Fofana, de l\u2019ancien ministre de la Dr Mohamed Dian\u00e9 et de l\u2019ancien ministre des T\u00e9l\u00e9communication, Oy\u00e9 Guilavogui a r\u00e9agi sur le vindicte rendu par la Cour de justice de la C\u00c9D\u00c9AO en faveur des ses clients. <\/span><\/p>\n<p class=\"p1\"><span class=\"s1\">Dans son intervention, Me Almamy Samory Traor\u00e9, membre du collectif des avocats de Dr Kassory et Cie s\u2019est r\u00e9joui de cette d\u00e9cision rendue de la Cour de justice de la C\u00c9D\u00c9AO en faveur de ses clients. <\/span><\/p>\n<p class=\"p1\"><span class=\"s1\">\u201cNous saluons de cette d\u00e9cision de la cour de justice de la C\u00c9D\u00c9AO. Il vous soutiendra qu\u2019il y a plus d\u2019un an que Dr Ibrahima Kasory Fofana, Dr Mohamed Dian\u00e9 et M Oy\u00e9 Guilavogui avaient \u00e9t\u00e9 interpell\u00e9s et plac\u00e9s en d\u00e9tention provisoire par le procureur sp\u00e9cial de la CRIEF suivis de toutes les proc\u00e9dures. Ces avocats que nous sommes, avons d\u00e9nonc\u00e9 la violation des r\u00e8gles de proc\u00e9dure ayant conduit \u00e0 leur incarc\u00e9ration, des recours ont \u00e9t\u00e9 est\u00e9s devant m\u00eame les juridictions supr\u00eame de notre pays. Et puisque le droit n\u2019a pas \u00e9t\u00e9 dit, nous avons d\u00e9cid\u00e9 de nous diriger vers les juridictions internationales qui couvrent la C\u00c9D\u00c9AO et qui, \u00e0 l\u2019issue de l\u2019examen de recours qui a \u00e9t\u00e9 introduit par les avocats que nous sommes, a d\u00e9cid\u00e9 qu\u2019il y a une violation de pr\u00e9somption d\u2019innocence dont b\u00e9n\u00e9ficie nos clients. La cour dans sa d\u00e9cision est revenue sur la d\u00e9claration qui a faite par le procureur sp\u00e9cial pr\u00e8s de la CIERF lorsqu\u2019il a affirm\u00e9 que Dr Kasory Fofana et autres sont des guin\u00e9ens que nous connaissons. Lorsque lui a demand\u00e9 de brandir les preuves contre eux, il dit qu\u2019il n\u2019a pas besoin de chercher des preuves et qu\u2019en Guin\u00e9e, on se conna\u00eet. La cour est largement l\u00e0-dessus pour fixer le fait qu\u2019il n\u2019appartient pas au procureur de faire des pr\u00e9jug\u00e9s. La cour \u00e9galement constat\u00e9 que lorsqu\u2019il y a eu les \u00e9v\u00e9nements du 05 septembre 2021, Dr Kassory et autres ont vu leurs passeports et<span class=\"Apple-converted-space\">\u00a0 <\/span>documents de voyage compl\u00e8tement saisis et les comptes gel\u00e9s sans aucune proc\u00e9dure judiciaire. La cour a estim\u00e9 qu\u2019il y a eu une violation de leurs droits et \u00e0 en tirer les cons\u00e9quences. La d\u00e9tention arbitraire a \u00e9t\u00e9 mis en exergue, la cour a estim\u00e9 qu\u2019il y a eu une d\u00e9tention arbitraire. \u00c7a veut dire aujourd\u2019hui que Dr Kassory Fofana est d\u00e9tenu arbitrairement au m\u00eame titre que ces cod\u00e9tenus. La cons\u00e9quence de la d\u00e9cision qui a \u00e9t\u00e9 rendue, c\u2019est que c\u2019est une d\u00e9cision qui doit \u00eatre ex\u00e9cut\u00e9e de fa\u00e7on imm\u00e9diate et sans conditions\u201d, a t-il indiqu\u00e9. <\/span><\/p>\n<p class=\"p1\"><span class=\"s1\">Prenant la parole, Me Sidiki B\u00e9r\u00e9t\u00e9, a invit\u00e9 la justice guin\u00e9enne d\u2019ex\u00e9cuter cette d\u00e9cision de la Cour de la C\u00c9D\u00c9AO, faute de quoi, il avertit que clients ne pr\u00e9senteront plus devant la CRIEF. <\/span><\/p>\n<p class=\"p1\"><span class=\"s1\">\u201cIl n\u2019y aura pas de proc\u00e8s d\u00e9sormais devant la CRIEF. Si le procureur Aly m\u2019entend, qu\u2019il ex\u00e9cute imm\u00e9diatement la d\u00e9cision rendue par la Cour de justice de la CEDEAO. Lorsqu\u2019il le fera, on ira au proc\u00e8s. Mais tant qu\u2019on n\u2019est pas rassur\u00e9, tant qu\u2019on sait \u00e0 l\u2019avance que les crocodiles sont condamn\u00e9s avant d\u2019arriver \u00e0 la rivi\u00e8re, on ne va jamais rentrer dans un proc\u00e8s o\u00f9 on connait d\u00e9j\u00e0 que c\u2019est rendez-vous de la transition. Donc, tant qu\u2019Aly Tour\u00e9 n\u2019ex\u00e9cute pas la d\u00e9cision de la Cour de la C\u00c9D\u00c9AO, on ira pas au proc\u00e8s\u201d, a t-il menac\u00e9. <\/span><\/p>\n<p class=\"p1\"><span class=\"s1\">Camara Mamadouba <\/span><\/p>\n<p class=\"p1\"><span class=\"s1\">611 46 04 10 <\/span><\/p>\n","protected":false},"excerpt":{"rendered":"<p>C\u2019est en faveur d\u2019un point de presse qu\u2019il a anim\u00e9 ce lundi, 16 octobre 2023<\/p>\n","protected":false},"author":2,"featured_media":4435,"comment_status":"closed","ping_status":"open","sticky":false,"template":"","format":"standard","meta":[],"categories":[3,4],"tags":[229],"yoast_head":"<!-- This site is optimized with the Yoast SEO plugin v19.13 - https:\/\/yoast.com\/wordpress\/plugins\/seo\/ -->\n<title>Me Sidiki B\u00e9r\u00e9t\u00e9 avertit:\u201cTant qu\u2019Aly Tour\u00e9 n\u2019ex\u00e9cute pas la d\u00e9cision de la Cour de justice de la C\u00c9D\u00c9AO, on ira pas au proc\u00e8s\u201d - UNIVERSNEWS224<\/title>\n<meta name=\"robots\" content=\"index, follow, max-snippet:-1, max-image-preview:large, max-video-preview:-1\" \/>\n<link rel=\"canonical\" href=\"https:\/\/universnews224.com\/index.php\/me-sidiki-berete-avertittant-qualy-toure-nexecute-pas-la-decision-de-la-cour-de-justice-de-la-cedeao-on-ira-pas-au-proces\/\" \/>\n<meta property=\"og:locale\" content=\"fr_FR\" \/>\n<meta property=\"og:type\" content=\"article\" \/>\n<meta property=\"og:title\" content=\"Me Sidiki B\u00e9r\u00e9t\u00e9 avertit:\u201cTant qu\u2019Aly Tour\u00e9 n\u2019ex\u00e9cute pas la d\u00e9cision de la Cour de justice de la C\u00c9D\u00c9AO, on ira pas au proc\u00e8s\u201d - UNIVERSNEWS224\" \/>\n<meta property=\"og:description\" content=\"C\u2019est en faveur d\u2019un point de presse qu\u2019il a anim\u00e9 ce lundi, 16 octobre 2023\" \/>\n<meta property=\"og:url\" content=\"https:\/\/universnews224.com\/index.php\/me-sidiki-berete-avertittant-qualy-toure-nexecute-pas-la-decision-de-la-cour-de-justice-de-la-cedeao-on-ira-pas-au-proces\/\" \/>\n<meta property=\"og:site_name\" content=\"UNIVERSNEWS224\" \/>\n<meta property=\"article:published_time\" content=\"2023-10-16T21:59:40+00:00\" \/>\n<meta property=\"og:image\" content=\"https:\/\/universnews224.com\/wp-content\/uploads\/2023\/10\/F10394B0-0ACA-471D-9B02-69A5D2B33ABD.jpeg\" \/>\n\t<meta property=\"og:image:width\" content=\"1536\" \/>\n\t<meta property=\"og:image:height\" content=\"691\" \/>\n\t<meta property=\"og:image:type\" content=\"image\/jpeg\" \/>\n<meta name=\"author\" content=\"La R\u00e9daction\" \/>\n<meta name=\"twitter:label1\" content=\"\u00c9crit par\" \/>\n\t<meta name=\"twitter:data1\" content=\"La R\u00e9daction\" \/>\n\t<meta name=\"twitter:label2\" content=\"Dur\u00e9e de lecture estim\u00e9e\" \/>\n\t<meta name=\"twitter:data2\" content=\"3 minutes\" \/>\n<script type=\"application\/ld+json\" class=\"yoast-schema-graph\">{\"@context\":\"https:\/\/schema.org\",\"@graph\":[{\"@type\":\"Article\",\"@id\":\"https:\/\/universnews224.com\/index.php\/me-sidiki-berete-avertittant-qualy-toure-nexecute-pas-la-decision-de-la-cour-de-justice-de-la-cedeao-on-ira-pas-au-proces\/#article\",\"isPartOf\":{\"@id\":\"https:\/\/universnews224.com\/index.php\/me-sidiki-berete-avertittant-qualy-toure-nexecute-pas-la-decision-de-la-cour-de-justice-de-la-cedeao-on-ira-pas-au-proces\/\"},\"author\":{\"name\":\"La R\u00e9daction\",\"@id\":\"https:\/\/universnews224.com\/#\/schema\/person\/a4b7d4f94a4716df60456a491260485e\"},\"headline\":\"Me Sidiki B\u00e9r\u00e9t\u00e9 avertit:\u201cTant qu\u2019Aly Tour\u00e9 n\u2019ex\u00e9cute pas la d\u00e9cision de la Cour de justice de la C\u00c9D\u00c9AO, on ira pas au proc\u00e8s\u201d\",\"datePublished\":\"2023-10-16T21:59:40+00:00\",\"dateModified\":\"2023-10-16T21:59:40+00:00\",\"mainEntityOfPage\":{\"@id\":\"https:\/\/universnews224.com\/index.php\/me-sidiki-berete-avertittant-qualy-toure-nexecute-pas-la-decision-de-la-cour-de-justice-de-la-cedeao-on-ira-pas-au-proces\/\"},\"wordCount\":722,\"publisher\":{\"@id\":\"https:\/\/universnews224.com\/#organization\"},\"keywords\":[\"La une\"],\"articleSection\":[\"ACTU\",\"POLITIQUE\"],\"inLanguage\":\"fr-FR\"},{\"@type\":\"WebPage\",\"@id\":\"https:\/\/universnews224.com\/index.php\/me-sidiki-berete-avertittant-qualy-toure-nexecute-pas-la-decision-de-la-cour-de-justice-de-la-cedeao-on-ira-pas-au-proces\/\",\"url\":\"https:\/\/universnews224.com\/index.php\/me-sidiki-berete-avertittant-qualy-toure-nexecute-pas-la-decision-de-la-cour-de-justice-de-la-cedeao-on-ira-pas-au-proces\/\",\"name\":\"Me Sidiki B\u00e9r\u00e9t\u00e9 avertit:\u201cTant qu\u2019Aly Tour\u00e9 n\u2019ex\u00e9cute pas la d\u00e9cision de la Cour de justice de la C\u00c9D\u00c9AO, on ira pas au proc\u00e8s\u201d - UNIVERSNEWS224\",\"isPartOf\":{\"@id\":\"https:\/\/universnews224.com\/#website\"},\"datePublished\":\"2023-10-16T21:59:40+00:00\",\"dateModified\":\"2023-10-16T21:59:40+00:00\",\"inLanguage\":\"fr-FR\",\"potentialAction\":[{\"@type\":\"ReadAction\",\"target\":[\"https:\/\/universnews224.com\/index.php\/me-sidiki-berete-avertittant-qualy-toure-nexecute-pas-la-decision-de-la-cour-de-justice-de-la-cedeao-on-ira-pas-au-proces\/\"]}]},{\"@type\":\"WebSite\",\"@id\":\"https:\/\/universnews224.com\/#website\",\"url\":\"https:\/\/universnews224.com\/\",\"name\":\"UNIVERSNEWS224\",\"description\":\"\",\"publisher\":{\"@id\":\"https:\/\/universnews224.com\/#organization\"},\"potentialAction\":[{\"@type\":\"SearchAction\",\"target\":{\"@type\":\"EntryPoint\",\"urlTemplate\":\"https:\/\/universnews224.com\/?s={search_term_string}\"},\"query-input\":\"required name=search_term_string\"}],\"inLanguage\":\"fr-FR\"},{\"@type\":\"Organization\",\"@id\":\"https:\/\/universnews224.com\/#organization\",\"name\":\"UNIVERSNEWS224\",\"url\":\"https:\/\/universnews224.com\/\",\"logo\":{\"@type\":\"ImageObject\",\"inLanguage\":\"fr-FR\",\"@id\":\"https:\/\/universnews224.com\/#\/schema\/logo\/image\/\",\"url\":\"https:\/\/universnews224.com\/wp-content\/uploads\/2022\/08\/cropped-cropped-logoban.jpg\",\"contentUrl\":\"https:\/\/universnews224.com\/wp-content\/uploads\/2022\/08\/cropped-cropped-logoban.jpg\",\"width\":1080,\"height\":138,\"caption\":\"UNIVERSNEWS224\"},\"image\":{\"@id\":\"https:\/\/universnews224.com\/#\/schema\/logo\/image\/\"}},{\"@type\":\"Person\",\"@id\":\"https:\/\/universnews224.com\/#\/schema\/person\/a4b7d4f94a4716df60456a491260485e\",\"name\":\"La R\u00e9daction\",\"image\":{\"@type\":\"ImageObject\",\"inLanguage\":\"fr-FR\",\"@id\":\"https:\/\/universnews224.com\/#\/schema\/person\/image\/\",\"url\":\"https:\/\/secure.gravatar.com\/avatar\/edb90acc7752b23e1b3307ad36c14f0d?s=96&d=mm&r=g\",\"contentUrl\":\"https:\/\/secure.gravatar.com\/avatar\/edb90acc7752b23e1b3307ad36c14f0d?s=96&d=mm&r=g\",\"caption\":\"La R\u00e9daction\"},\"sameAs\":[\"https:\/\/universnews224.com\"],\"url\":\"https:\/\/universnews224.com\/index.php\/author\/m-camara\/\"}]}<\/script>\n<!-- \/ Yoast SEO plugin. -->","yoast_head_json":{"title":"Me Sidiki B\u00e9r\u00e9t\u00e9 avertit:\u201cTant qu\u2019Aly Tour\u00e9 n\u2019ex\u00e9cute pas la d\u00e9cision de la Cour de justice de la C\u00c9D\u00c9AO, on ira pas au proc\u00e8s\u201d - UNIVERSNEWS224","robots":{"index":"index","follow":"follow","max-snippet":"max-snippet:-1","max-image-preview":"max-image-preview:large","max-video-preview":"max-video-preview:-1"},"canonical":"https:\/\/universnews224.com\/index.php\/me-sidiki-berete-avertittant-qualy-toure-nexecute-pas-la-decision-de-la-cour-de-justice-de-la-cedeao-on-ira-pas-au-proces\/","og_locale":"fr_FR","og_type":"article","og_title":"Me Sidiki B\u00e9r\u00e9t\u00e9 avertit:\u201cTant qu\u2019Aly Tour\u00e9 n\u2019ex\u00e9cute pas la d\u00e9cision de la Cour de justice de la C\u00c9D\u00c9AO, on ira pas au proc\u00e8s\u201d - UNIVERSNEWS224","og_description":"C\u2019est en faveur d\u2019un point de presse qu\u2019il a anim\u00e9 ce lundi, 16 octobre 2023","og_url":"https:\/\/universnews224.com\/index.php\/me-sidiki-berete-avertittant-qualy-toure-nexecute-pas-la-decision-de-la-cour-de-justice-de-la-cedeao-on-ira-pas-au-proces\/","og_site_name":"UNIVERSNEWS224","article_published_time":"2023-10-16T21:59:40+00:00","og_image":[{"width":1536,"height":691,"url":"https:\/\/universnews224.com\/wp-content\/uploads\/2023\/10\/F10394B0-0ACA-471D-9B02-69A5D2B33ABD.jpeg","type":"image\/jpeg"}],"author":"La R\u00e9daction","twitter_misc":{"\u00c9crit par":"La R\u00e9daction","Dur\u00e9e de lecture estim\u00e9e":"3 minutes"},"schema":{"@context":"https:\/\/schema.org","@graph":[{"@type":"Article","@id":"https:\/\/universnews224.com\/index.php\/me-sidiki-berete-avertittant-qualy-toure-nexecute-pas-la-decision-de-la-cour-de-justice-de-la-cedeao-on-ira-pas-au-proces\/#article","isPartOf":{"@id":"https:\/\/universnews224.com\/index.php\/me-sidiki-berete-avertittant-qualy-toure-nexecute-pas-la-decision-de-la-cour-de-justice-de-la-cedeao-on-ira-pas-au-proces\/"},"author":{"name":"La R\u00e9daction","@id":"https:\/\/universnews224.com\/#\/schema\/person\/a4b7d4f94a4716df60456a491260485e"},"headline":"Me Sidiki B\u00e9r\u00e9t\u00e9 avertit:\u201cTant qu\u2019Aly Tour\u00e9 n\u2019ex\u00e9cute pas la d\u00e9cision de la Cour de justice de la C\u00c9D\u00c9AO, on ira pas au proc\u00e8s\u201d","datePublished":"2023-10-16T21:59:40+00:00","dateModified":"2023-10-16T21:59:40+00:00","mainEntityOfPage":{"@id":"https:\/\/universnews224.com\/index.php\/me-sidiki-berete-avertittant-qualy-toure-nexecute-pas-la-decision-de-la-cour-de-justice-de-la-cedeao-on-ira-pas-au-proces\/"},"wordCount":722,"publisher":{"@id":"https:\/\/universnews224.com\/#organization"},"keywords":["La une"],"articleSection":["ACTU","POLITIQUE"],"inLanguage":"fr-FR"},{"@type":"WebPage","@id":"https:\/\/universnews224.com\/index.php\/me-sidiki-berete-avertittant-qualy-toure-nexecute-pas-la-decision-de-la-cour-de-justice-de-la-cedeao-on-ira-pas-au-proces\/","url":"https:\/\/universnews224.com\/index.php\/me-sidiki-berete-avertittant-qualy-toure-nexecute-pas-la-decision-de-la-cour-de-justice-de-la-cedeao-on-ira-pas-au-proces\/","name":"Me Sidiki B\u00e9r\u00e9t\u00e9 avertit:\u201cTant qu\u2019Aly Tour\u00e9 n\u2019ex\u00e9cute pas la d\u00e9cision de la Cour de justice de la C\u00c9D\u00c9AO, on ira pas au proc\u00e8s\u201d - UNIVERSNEWS224","isPartOf":{"@id":"https:\/\/universnews224.com\/#website"},"datePublished":"2023-10-16T21:59:40+00:00","dateModified":"2023-10-16T21:59:40+00:00","inLanguage":"fr-FR","potentialAction":[{"@type":"ReadAction","target":["https:\/\/universnews224.com\/index.php\/me-sidiki-berete-avertittant-qualy-toure-nexecute-pas-la-decision-de-la-cour-de-justice-de-la-cedeao-on-ira-pas-au-proces\/"]}]},{"@type":"WebSite","@id":"https:\/\/universnews224.com\/#website","url":"https:\/\/universnews224.com\/","name":"UNIVERSNEWS224","description":"","publisher":{"@id":"https:\/\/universnews224.com\/#organization"},"potentialAction":[{"@type":"SearchAction","target":{"@type":"EntryPoint","urlTemplate":"https:\/\/universnews224.com\/?s={search_term_string}"},"query-input":"required name=search_term_string"}],"inLanguage":"fr-FR"},{"@type":"Organization","@id":"https:\/\/universnews224.com\/#organization","name":"UNIVERSNEWS224","url":"https:\/\/universnews224.com\/","logo":{"@type":"ImageObject","inLanguage":"fr-FR","@id":"https:\/\/universnews224.com\/#\/schema\/logo\/image\/","url":"https:\/\/universnews224.com\/wp-content\/uploads\/2022\/08\/cropped-cropped-logoban.jpg","contentUrl":"https:\/\/universnews224.com\/wp-content\/uploads\/2022\/08\/cropped-cropped-logoban.jpg","width":1080,"height":138,"caption":"UNIVERSNEWS224"},"image":{"@id":"https:\/\/universnews224.com\/#\/schema\/logo\/image\/"}},{"@type":"Person","@id":"https:\/\/universnews224.com\/#\/schema\/person\/a4b7d4f94a4716df60456a491260485e","name":"La R\u00e9daction","image":{"@type":"ImageObject","inLanguage":"fr-FR","@id":"https:\/\/universnews224.com\/#\/schema\/person\/image\/","url":"https:\/\/secure.gravatar.com\/avatar\/edb90acc7752b23e1b3307ad36c14f0d?s=96&d=mm&r=g","contentUrl":"https:\/\/secure.gravatar.com\/avatar\/edb90acc7752b23e1b3307ad36c14f0d?s=96&d=mm&r=g","caption":"La R\u00e9daction"},"sameAs":["https:\/\/universnews224.com"],"url":"https:\/\/universnews224.com\/index.php\/author\/m-camara\/"}]}},"_links":{"self":[{"href":"https:\/\/universnews224.com\/index.php\/wp-json\/wp\/v2\/posts\/4434"}],"collection":[{"href":"https:\/\/universnews224.com\/index.php\/wp-json\/wp\/v2\/posts"}],"about":[{"href":"https:\/\/universnews224.com\/index.php\/wp-json\/wp\/v2\/types\/post"}],"author":[{"embeddable":true,"href":"https:\/\/universnews224.com\/index.php\/wp-json\/wp\/v2\/users\/2"}],"replies":[{"embeddable":true,"href":"https:\/\/universnews224.com\/index.php\/wp-json\/wp\/v2\/comments?post=4434"}],"version-history":[{"count":1,"href":"https:\/\/universnews224.com\/index.php\/wp-json\/wp\/v2\/posts\/4434\/revisions"}],"predecessor-version":[{"id":4436,"href":"https:\/\/universnews224.com\/index.php\/wp-json\/wp\/v2\/posts\/4434\/revisions\/4436"}],"wp:featuredmedia":[{"embeddable":true,"href":"https:\/\/universnews224.com\/index.php\/wp-json\/wp\/v2\/media\/4435"}],"wp:attachment":[{"href":"https:\/\/universnews224.com\/index.php\/wp-json\/wp\/v2\/media?parent=4434"}],"wp:term":[{"taxonomy":"category","embeddable":true,"href":"https:\/\/universnews224.com\/index.php\/wp-json\/wp\/v2\/categories?post=4434"},{"taxonomy":"post_tag","embeddable":true,"href":"https:\/\/universnews224.com\/index.php\/wp-json\/wp\/v2\/tags?post=4434"}],"curies":[{"name":"wp","href":"https:\/\/api.w.org\/{rel}","templated":true}]}}