{"id":4437,"date":"2023-10-18T01:05:12","date_gmt":"2023-10-18T00:05:12","guid":{"rendered":"https:\/\/universnews224.com\/?p=4437"},"modified":"2023-10-18T01:05:12","modified_gmt":"2023-10-18T00:05:12","slug":"guinee-tenue-a-conakry-du-cinquieme-seminaire-regional-de-linternationale-francophone-du-dialogue-social","status":"publish","type":"post","link":"https:\/\/universnews224.com\/index.php\/guinee-tenue-a-conakry-du-cinquieme-seminaire-regional-de-linternationale-francophone-du-dialogue-social\/","title":{"rendered":"Guin\u00e9e: Tenue \u00e0 Conakry  du cinqui\u00e8me s\u00e9minaire r\u00e9gional de l\u2019Internationale francophone du dialogue social"},"content":{"rendered":"<p>Les travaux du 5\u00e8me\u00a0\u00a0s\u00e9minaire r\u00e9gional de l\u2019Internationale Francophone du Dialogue Social (IFDS) se sont ouverts ce mardi, 17 octobre 2023 sous le s le th\u00e8me : \u00ab Le futur du dialogue face aux enjeux et aux d\u00e9fis technologique, \u00e9cologique et socio-\u00e9conomique en Afrique \u00bb.<br \/>\n<a href=\"https:\/\/universnews224.com\/wp-content\/uploads\/2023\/10\/2F2CCDB0-5366-4C93-93A1-407A4537093D.jpeg\"><img loading=\"lazy\" class=\"alignnone size-medium wp-image-4440\" src=\"https:\/\/universnews224.com\/wp-content\/uploads\/2023\/10\/2F2CCDB0-5366-4C93-93A1-407A4537093D-300x169.jpeg\" alt=\"\" width=\"300\" height=\"169\" srcset=\"https:\/\/universnews224.com\/wp-content\/uploads\/2023\/10\/2F2CCDB0-5366-4C93-93A1-407A4537093D-300x169.jpeg 300w, https:\/\/universnews224.com\/wp-content\/uploads\/2023\/10\/2F2CCDB0-5366-4C93-93A1-407A4537093D-1024x576.jpeg 1024w, https:\/\/universnews224.com\/wp-content\/uploads\/2023\/10\/2F2CCDB0-5366-4C93-93A1-407A4537093D-768x432.jpeg 768w, https:\/\/universnews224.com\/wp-content\/uploads\/2023\/10\/2F2CCDB0-5366-4C93-93A1-407A4537093D-800x450.jpeg 800w, https:\/\/universnews224.com\/wp-content\/uploads\/2023\/10\/2F2CCDB0-5366-4C93-93A1-407A4537093D.jpeg 1032w\" sizes=\"(max-width: 300px) 100vw, 300px\" \/><\/a>Dans son discours de bienvenue, le pr\u00e9sident du Conseil National du Dialogue Social (CNDS) de Guin\u00e9e, Dr Alia Camara indique que:\u00a0\u00able 5\u00e8me s\u00e9minaire r\u00e9gional de l\u2019IFDS se tient en Guin\u00e9e quelques jours apr\u00e8s la signature de la premi\u00e8re Charte Nationale de Dialogue Social. Ce s\u00e9minaire de l\u2019IFDS s\u2019inscrit dans une dynamique de r\u00e9flexion collective permanente des acteurs du monde du travail africain sur des questions cruciales de d\u00e9veloppement qui focalisent de nos jours toutes les attentionsA l\u2019annonce de la candidature guin\u00e9enne, celle-ci a \u00e9t\u00e9 chaleureusement accueillie par l\u2019ensemble des pays membres de l\u2019IFDS prenant part aux travaux de la 11\u00e8me session de la Conf\u00e9rence Internationale du Travail r\u00e9cemment tenue \u00e0 Gen\u00e8ve en juin 2023 \u00bb, a affirm\u00e9 M. Camara.<\/p>\n<p>Pour sa part, N\u00b4tap N\u2019Diaye pr\u00e9sidente du Haut Conseil du Dialogue Social du S\u00e9n\u00e9gal, \u00e0 de son c\u00f4t\u00e9 f\u00e9liciter et encourager les organisateurs de cette rencontre et assure :<a href=\"https:\/\/universnews224.com\/wp-content\/uploads\/2023\/10\/B3D31834-FF77-4C95-A708-FF9154739B4C.jpeg\"><img loading=\"lazy\" class=\"alignnone size-medium wp-image-4438\" src=\"https:\/\/universnews224.com\/wp-content\/uploads\/2023\/10\/B3D31834-FF77-4C95-A708-FF9154739B4C-300x185.jpeg\" alt=\"\" width=\"300\" height=\"185\" srcset=\"https:\/\/universnews224.com\/wp-content\/uploads\/2023\/10\/B3D31834-FF77-4C95-A708-FF9154739B4C-300x185.jpeg 300w, https:\/\/universnews224.com\/wp-content\/uploads\/2023\/10\/B3D31834-FF77-4C95-A708-FF9154739B4C-1024x632.jpeg 1024w, https:\/\/universnews224.com\/wp-content\/uploads\/2023\/10\/B3D31834-FF77-4C95-A708-FF9154739B4C-768x474.jpeg 768w, https:\/\/universnews224.com\/wp-content\/uploads\/2023\/10\/B3D31834-FF77-4C95-A708-FF9154739B4C.jpeg 1080w\" sizes=\"(max-width: 300px) 100vw, 300px\" \/><\/a> \u00ab Ce cinqui\u00e8me s\u00e9minaire r\u00e9gional se tient \u00e0 une p\u00e9riode particuli\u00e8rement charg\u00e9e o\u00f9 nos \u00c9tats font face \u00e0 des d\u00e9fis s\u00e9curitaire et \u00e9conomique \u00e0 relever pour endiguer de nombreuses menaces qui p\u00e8sent sur les populations \u00bb, a soulign\u00e9 Mme la pr\u00e9sidente.<\/p>\n<p>Dr son c\u00f4t\u00e9, le ministre du Travail et de la Fonction Publique, Julien Yombouno a aussi souhait\u00e9 la bienvenue au participants \u00e9trangers et ceux de la Guin\u00e9e enfin de donner un \u00e9clat particulier \u00e0 cette c\u00e9r\u00e9monie.<br \/>\n<a href=\"https:\/\/universnews224.com\/wp-content\/uploads\/2023\/10\/698375ED-F007-48B3-9DEE-858D50986F59.jpeg\"><img loading=\"lazy\" class=\"alignnone size-medium wp-image-4439\" src=\"https:\/\/universnews224.com\/wp-content\/uploads\/2023\/10\/698375ED-F007-48B3-9DEE-858D50986F59-300x151.jpeg\" alt=\"\" width=\"300\" height=\"151\" srcset=\"https:\/\/universnews224.com\/wp-content\/uploads\/2023\/10\/698375ED-F007-48B3-9DEE-858D50986F59-300x151.jpeg 300w, https:\/\/universnews224.com\/wp-content\/uploads\/2023\/10\/698375ED-F007-48B3-9DEE-858D50986F59-768x386.jpeg 768w, https:\/\/universnews224.com\/wp-content\/uploads\/2023\/10\/698375ED-F007-48B3-9DEE-858D50986F59.jpeg 938w\" sizes=\"(max-width: 300px) 100vw, 300px\" \/><\/a><br \/>\n\u00ab Aujourd\u2019hui, gr\u00e2ce au dialogue constructif soutenu par une volont\u00e9 politique et un engagement des acteurs sociaux, notre pays a r\u00e9ussi le tour de force d\u2019avoir en si peu de temps, un instrument de r\u00e9gulation qui permettra d\u00e9sormais \u00e0 toutes les parties prenantes de s\u2019engager dans une nouvelle dynamique, porteuse d\u2019espoir. I&rsquo;Afrique est au carrefour d&rsquo;un choix strat\u00e9gique: celui de suivre et s&rsquo;adapter au processus de mondialisation ou rester \u00e0 la traine pour \u00eatre un simple consommateur des produits de la<br \/>\nscience dans un environnement plein d&rsquo;incertitudes \u00bb, a d\u00e9clar\u00e9 le ministre.<\/p>\n<p>Sana Sylla.<\/p>\n","protected":false},"excerpt":{"rendered":"<p>Les travaux du 5\u00e8me\u00a0\u00a0s\u00e9minaire r\u00e9gional de l\u2019Internationale Francophone du Dialogue Social (IFDS) se sont ouverts<\/p>\n","protected":false},"author":2,"featured_media":4441,"comment_status":"closed","ping_status":"open","sticky":false,"template":"","format":"standard","meta":[],"categories":[3,5],"tags":[229],"yoast_head":"<!-- This site is optimized with the Yoast SEO plugin v19.13 - https:\/\/yoast.com\/wordpress\/plugins\/seo\/ -->\n<title>Guin\u00e9e: Tenue \u00e0 Conakry du cinqui\u00e8me s\u00e9minaire r\u00e9gional de l\u2019Internationale francophone du dialogue social - UNIVERSNEWS224<\/title>\n<meta name=\"robots\" content=\"index, follow, max-snippet:-1, max-image-preview:large, max-video-preview:-1\" \/>\n<link rel=\"canonical\" href=\"https:\/\/universnews224.com\/index.php\/guinee-tenue-a-conakry-du-cinquieme-seminaire-regional-de-linternationale-francophone-du-dialogue-social\/\" \/>\n<meta property=\"og:locale\" content=\"fr_FR\" \/>\n<meta property=\"og:type\" content=\"article\" \/>\n<meta property=\"og:title\" content=\"Guin\u00e9e: Tenue \u00e0 Conakry du cinqui\u00e8me s\u00e9minaire r\u00e9gional de l\u2019Internationale francophone du dialogue social - UNIVERSNEWS224\" \/>\n<meta property=\"og:description\" content=\"Les travaux du 5\u00e8me\u00a0\u00a0s\u00e9minaire r\u00e9gional de l\u2019Internationale Francophone du Dialogue Social (IFDS) se sont ouverts\" \/>\n<meta property=\"og:url\" content=\"https:\/\/universnews224.com\/index.php\/guinee-tenue-a-conakry-du-cinquieme-seminaire-regional-de-linternationale-francophone-du-dialogue-social\/\" \/>\n<meta property=\"og:site_name\" content=\"UNIVERSNEWS224\" \/>\n<meta property=\"article:published_time\" content=\"2023-10-18T00:05:12+00:00\" \/>\n<meta property=\"og:image\" content=\"https:\/\/universnews224.com\/wp-content\/uploads\/2023\/10\/26D0F1EE-E5B7-449A-B83F-B4925ACCC4C9.jpeg\" \/>\n\t<meta property=\"og:image:width\" content=\"1032\" \/>\n\t<meta property=\"og:image:height\" content=\"580\" \/>\n\t<meta property=\"og:image:type\" content=\"image\/jpeg\" \/>\n<meta name=\"author\" content=\"La R\u00e9daction\" \/>\n<meta name=\"twitter:label1\" content=\"\u00c9crit par\" \/>\n\t<meta name=\"twitter:data1\" content=\"La R\u00e9daction\" \/>\n\t<meta name=\"twitter:label2\" content=\"Dur\u00e9e de lecture estim\u00e9e\" \/>\n\t<meta name=\"twitter:data2\" content=\"3 minutes\" \/>\n<script type=\"application\/ld+json\" class=\"yoast-schema-graph\">{\"@context\":\"https:\/\/schema.org\",\"@graph\":[{\"@type\":\"Article\",\"@id\":\"https:\/\/universnews224.com\/index.php\/guinee-tenue-a-conakry-du-cinquieme-seminaire-regional-de-linternationale-francophone-du-dialogue-social\/#article\",\"isPartOf\":{\"@id\":\"https:\/\/universnews224.com\/index.php\/guinee-tenue-a-conakry-du-cinquieme-seminaire-regional-de-linternationale-francophone-du-dialogue-social\/\"},\"author\":{\"name\":\"La R\u00e9daction\",\"@id\":\"https:\/\/universnews224.com\/#\/schema\/person\/a4b7d4f94a4716df60456a491260485e\"},\"headline\":\"Guin\u00e9e: Tenue \u00e0 Conakry du cinqui\u00e8me s\u00e9minaire r\u00e9gional de l\u2019Internationale francophone du dialogue social\",\"datePublished\":\"2023-10-18T00:05:12+00:00\",\"dateModified\":\"2023-10-18T00:05:12+00:00\",\"mainEntityOfPage\":{\"@id\":\"https:\/\/universnews224.com\/index.php\/guinee-tenue-a-conakry-du-cinquieme-seminaire-regional-de-linternationale-francophone-du-dialogue-social\/\"},\"wordCount\":420,\"publisher\":{\"@id\":\"https:\/\/universnews224.com\/#organization\"},\"keywords\":[\"La une\"],\"articleSection\":[\"ACTU\",\"SOCI\u00c9T\u00c9\"],\"inLanguage\":\"fr-FR\"},{\"@type\":\"WebPage\",\"@id\":\"https:\/\/universnews224.com\/index.php\/guinee-tenue-a-conakry-du-cinquieme-seminaire-regional-de-linternationale-francophone-du-dialogue-social\/\",\"url\":\"https:\/\/universnews224.com\/index.php\/guinee-tenue-a-conakry-du-cinquieme-seminaire-regional-de-linternationale-francophone-du-dialogue-social\/\",\"name\":\"Guin\u00e9e: Tenue \u00e0 Conakry du cinqui\u00e8me s\u00e9minaire r\u00e9gional de l\u2019Internationale francophone du dialogue social - UNIVERSNEWS224\",\"isPartOf\":{\"@id\":\"https:\/\/universnews224.com\/#website\"},\"datePublished\":\"2023-10-18T00:05:12+00:00\",\"dateModified\":\"2023-10-18T00:05:12+00:00\",\"inLanguage\":\"fr-FR\",\"potentialAction\":[{\"@type\":\"ReadAction\",\"target\":[\"https:\/\/universnews224.com\/index.php\/guinee-tenue-a-conakry-du-cinquieme-seminaire-regional-de-linternationale-francophone-du-dialogue-social\/\"]}]},{\"@type\":\"WebSite\",\"@id\":\"https:\/\/universnews224.com\/#website\",\"url\":\"https:\/\/universnews224.com\/\",\"name\":\"UNIVERSNEWS224\",\"description\":\"\",\"publisher\":{\"@id\":\"https:\/\/universnews224.com\/#organization\"},\"potentialAction\":[{\"@type\":\"SearchAction\",\"target\":{\"@type\":\"EntryPoint\",\"urlTemplate\":\"https:\/\/universnews224.com\/?s={search_term_string}\"},\"query-input\":\"required name=search_term_string\"}],\"inLanguage\":\"fr-FR\"},{\"@type\":\"Organization\",\"@id\":\"https:\/\/universnews224.com\/#organization\",\"name\":\"UNIVERSNEWS224\",\"url\":\"https:\/\/universnews224.com\/\",\"logo\":{\"@type\":\"ImageObject\",\"inLanguage\":\"fr-FR\",\"@id\":\"https:\/\/universnews224.com\/#\/schema\/logo\/image\/\",\"url\":\"https:\/\/universnews224.com\/wp-content\/uploads\/2022\/08\/cropped-cropped-logoban.jpg\",\"contentUrl\":\"https:\/\/universnews224.com\/wp-content\/uploads\/2022\/08\/cropped-cropped-logoban.jpg\",\"width\":1080,\"height\":138,\"caption\":\"UNIVERSNEWS224\"},\"image\":{\"@id\":\"https:\/\/universnews224.com\/#\/schema\/logo\/image\/\"}},{\"@type\":\"Person\",\"@id\":\"https:\/\/universnews224.com\/#\/schema\/person\/a4b7d4f94a4716df60456a491260485e\",\"name\":\"La R\u00e9daction\",\"image\":{\"@type\":\"ImageObject\",\"inLanguage\":\"fr-FR\",\"@id\":\"https:\/\/universnews224.com\/#\/schema\/person\/image\/\",\"url\":\"https:\/\/secure.gravatar.com\/avatar\/edb90acc7752b23e1b3307ad36c14f0d?s=96&d=mm&r=g\",\"contentUrl\":\"https:\/\/secure.gravatar.com\/avatar\/edb90acc7752b23e1b3307ad36c14f0d?s=96&d=mm&r=g\",\"caption\":\"La R\u00e9daction\"},\"sameAs\":[\"https:\/\/universnews224.com\"],\"url\":\"https:\/\/universnews224.com\/index.php\/author\/m-camara\/\"}]}<\/script>\n<!-- \/ Yoast SEO plugin. -->","yoast_head_json":{"title":"Guin\u00e9e: Tenue \u00e0 Conakry du cinqui\u00e8me s\u00e9minaire r\u00e9gional de l\u2019Internationale francophone du dialogue social - UNIVERSNEWS224","robots":{"index":"index","follow":"follow","max-snippet":"max-snippet:-1","max-image-preview":"max-image-preview:large","max-video-preview":"max-video-preview:-1"},"canonical":"https:\/\/universnews224.com\/index.php\/guinee-tenue-a-conakry-du-cinquieme-seminaire-regional-de-linternationale-francophone-du-dialogue-social\/","og_locale":"fr_FR","og_type":"article","og_title":"Guin\u00e9e: Tenue \u00e0 Conakry du cinqui\u00e8me s\u00e9minaire r\u00e9gional de l\u2019Internationale francophone du dialogue social - UNIVERSNEWS224","og_description":"Les travaux du 5\u00e8me\u00a0\u00a0s\u00e9minaire r\u00e9gional de l\u2019Internationale Francophone du Dialogue Social (IFDS) se sont ouverts","og_url":"https:\/\/universnews224.com\/index.php\/guinee-tenue-a-conakry-du-cinquieme-seminaire-regional-de-linternationale-francophone-du-dialogue-social\/","og_site_name":"UNIVERSNEWS224","article_published_time":"2023-10-18T00:05:12+00:00","og_image":[{"width":1032,"height":580,"url":"https:\/\/universnews224.com\/wp-content\/uploads\/2023\/10\/26D0F1EE-E5B7-449A-B83F-B4925ACCC4C9.jpeg","type":"image\/jpeg"}],"author":"La R\u00e9daction","twitter_misc":{"\u00c9crit par":"La R\u00e9daction","Dur\u00e9e de lecture estim\u00e9e":"3 minutes"},"schema":{"@context":"https:\/\/schema.org","@graph":[{"@type":"Article","@id":"https:\/\/universnews224.com\/index.php\/guinee-tenue-a-conakry-du-cinquieme-seminaire-regional-de-linternationale-francophone-du-dialogue-social\/#article","isPartOf":{"@id":"https:\/\/universnews224.com\/index.php\/guinee-tenue-a-conakry-du-cinquieme-seminaire-regional-de-linternationale-francophone-du-dialogue-social\/"},"author":{"name":"La R\u00e9daction","@id":"https:\/\/universnews224.com\/#\/schema\/person\/a4b7d4f94a4716df60456a491260485e"},"headline":"Guin\u00e9e: Tenue \u00e0 Conakry du cinqui\u00e8me s\u00e9minaire r\u00e9gional de l\u2019Internationale francophone du dialogue social","datePublished":"2023-10-18T00:05:12+00:00","dateModified":"2023-10-18T00:05:12+00:00","mainEntityOfPage":{"@id":"https:\/\/universnews224.com\/index.php\/guinee-tenue-a-conakry-du-cinquieme-seminaire-regional-de-linternationale-francophone-du-dialogue-social\/"},"wordCount":420,"publisher":{"@id":"https:\/\/universnews224.com\/#organization"},"keywords":["La une"],"articleSection":["ACTU","SOCI\u00c9T\u00c9"],"inLanguage":"fr-FR"},{"@type":"WebPage","@id":"https:\/\/universnews224.com\/index.php\/guinee-tenue-a-conakry-du-cinquieme-seminaire-regional-de-linternationale-francophone-du-dialogue-social\/","url":"https:\/\/universnews224.com\/index.php\/guinee-tenue-a-conakry-du-cinquieme-seminaire-regional-de-linternationale-francophone-du-dialogue-social\/","name":"Guin\u00e9e: Tenue \u00e0 Conakry du cinqui\u00e8me s\u00e9minaire r\u00e9gional de l\u2019Internationale francophone du dialogue social - UNIVERSNEWS224","isPartOf":{"@id":"https:\/\/universnews224.com\/#website"},"datePublished":"2023-10-18T00:05:12+00:00","dateModified":"2023-10-18T00:05:12+00:00","inLanguage":"fr-FR","potentialAction":[{"@type":"ReadAction","target":["https:\/\/universnews224.com\/index.php\/guinee-tenue-a-conakry-du-cinquieme-seminaire-regional-de-linternationale-francophone-du-dialogue-social\/"]}]},{"@type":"WebSite","@id":"https:\/\/universnews224.com\/#website","url":"https:\/\/universnews224.com\/","name":"UNIVERSNEWS224","description":"","publisher":{"@id":"https:\/\/universnews224.com\/#organization"},"potentialAction":[{"@type":"SearchAction","target":{"@type":"EntryPoint","urlTemplate":"https:\/\/universnews224.com\/?s={search_term_string}"},"query-input":"required name=search_term_string"}],"inLanguage":"fr-FR"},{"@type":"Organization","@id":"https:\/\/universnews224.com\/#organization","name":"UNIVERSNEWS224","url":"https:\/\/universnews224.com\/","logo":{"@type":"ImageObject","inLanguage":"fr-FR","@id":"https:\/\/universnews224.com\/#\/schema\/logo\/image\/","url":"https:\/\/universnews224.com\/wp-content\/uploads\/2022\/08\/cropped-cropped-logoban.jpg","contentUrl":"https:\/\/universnews224.com\/wp-content\/uploads\/2022\/08\/cropped-cropped-logoban.jpg","width":1080,"height":138,"caption":"UNIVERSNEWS224"},"image":{"@id":"https:\/\/universnews224.com\/#\/schema\/logo\/image\/"}},{"@type":"Person","@id":"https:\/\/universnews224.com\/#\/schema\/person\/a4b7d4f94a4716df60456a491260485e","name":"La R\u00e9daction","image":{"@type":"ImageObject","inLanguage":"fr-FR","@id":"https:\/\/universnews224.com\/#\/schema\/person\/image\/","url":"https:\/\/secure.gravatar.com\/avatar\/edb90acc7752b23e1b3307ad36c14f0d?s=96&d=mm&r=g","contentUrl":"https:\/\/secure.gravatar.com\/avatar\/edb90acc7752b23e1b3307ad36c14f0d?s=96&d=mm&r=g","caption":"La R\u00e9daction"},"sameAs":["https:\/\/universnews224.com"],"url":"https:\/\/universnews224.com\/index.php\/author\/m-camara\/"}]}},"_links":{"self":[{"href":"https:\/\/universnews224.com\/index.php\/wp-json\/wp\/v2\/posts\/4437"}],"collection":[{"href":"https:\/\/universnews224.com\/index.php\/wp-json\/wp\/v2\/posts"}],"about":[{"href":"https:\/\/universnews224.com\/index.php\/wp-json\/wp\/v2\/types\/post"}],"author":[{"embeddable":true,"href":"https:\/\/universnews224.com\/index.php\/wp-json\/wp\/v2\/users\/2"}],"replies":[{"embeddable":true,"href":"https:\/\/universnews224.com\/index.php\/wp-json\/wp\/v2\/comments?post=4437"}],"version-history":[{"count":1,"href":"https:\/\/universnews224.com\/index.php\/wp-json\/wp\/v2\/posts\/4437\/revisions"}],"predecessor-version":[{"id":4442,"href":"https:\/\/universnews224.com\/index.php\/wp-json\/wp\/v2\/posts\/4437\/revisions\/4442"}],"wp:featuredmedia":[{"embeddable":true,"href":"https:\/\/universnews224.com\/index.php\/wp-json\/wp\/v2\/media\/4441"}],"wp:attachment":[{"href":"https:\/\/universnews224.com\/index.php\/wp-json\/wp\/v2\/media?parent=4437"}],"wp:term":[{"taxonomy":"category","embeddable":true,"href":"https:\/\/universnews224.com\/index.php\/wp-json\/wp\/v2\/categories?post=4437"},{"taxonomy":"post_tag","embeddable":true,"href":"https:\/\/universnews224.com\/index.php\/wp-json\/wp\/v2\/tags?post=4437"}],"curies":[{"name":"wp","href":"https:\/\/api.w.org\/{rel}","templated":true}]}}