{"id":4446,"date":"2023-10-18T01:10:20","date_gmt":"2023-10-18T00:10:20","guid":{"rendered":"https:\/\/universnews224.com\/?p=4446"},"modified":"2023-10-18T01:10:20","modified_gmt":"2023-10-18T00:10:20","slug":"sekou-jamal-pendessa-sur-la-plainte-annoncee-par-ousmane-gaoul-diallo-on-attend-vivement-cette-plainte","status":"publish","type":"post","link":"https:\/\/universnews224.com\/index.php\/sekou-jamal-pendessa-sur-la-plainte-annoncee-par-ousmane-gaoul-diallo-on-attend-vivement-cette-plainte\/","title":{"rendered":"S\u00e9kou Jamal Pendessa sur la plainte annonc\u00e9e par Ousmane Gaoul Diallo: \u201cOn attend vivement cette plainte\u00a0\u00bb"},"content":{"rendered":"<p class=\"p1\"><span class=\"s1\">Le Secr\u00e9taire g\u00e9n\u00e9ral du Syndicat des Professionnels de la Presse Guin\u00e9e (SPPG), S\u00e9kou Jamal Pendessa a r\u00e9agi ce mardi, 17 octobre 2023 dans l\u2019\u00e9mission Mirador de la radio Fim sur l\u2019annonce d\u2019une plainte contre sa personne par le ministre porte-parole du gouvernement, Ousmane Gaoual Diallo. <\/span><\/p>\n<p class=\"p1\"><span class=\"s1\">\u201cOn attend vivement cette plainte parce que comme on l\u2019a dit, on a des \u00e9l\u00e9ments qu\u2019on ne peut pas mettre sur la place publique, heureusement, si c\u2019est devant la justice on peut les mettre. Dans tous les cas on attend vivement cette plainte . On lui a dit d\u2019arr\u00eater de faire des menaces, il n\u2019a qu\u2019\u00e0 porter plainte. Nous savons que c\u2019est lui derri\u00e8re des restrictions impos\u00e9es \u00e0 Guin\u00e9ematin\u201d, a t-il indiqu\u00e9. <\/span><\/p>\n","protected":false},"excerpt":{"rendered":"<p>Le Secr\u00e9taire g\u00e9n\u00e9ral du Syndicat des Professionnels de la Presse Guin\u00e9e (SPPG), S\u00e9kou Jamal Pendessa<\/p>\n","protected":false},"author":2,"featured_media":0,"comment_status":"closed","ping_status":"open","sticky":false,"template":"","format":"standard","meta":[],"categories":[3,5],"tags":[229],"yoast_head":"<!-- This site is optimized with the Yoast SEO plugin v19.13 - https:\/\/yoast.com\/wordpress\/plugins\/seo\/ -->\n<title>S\u00e9kou Jamal Pendessa sur la plainte annonc\u00e9e par Ousmane Gaoul Diallo: \u201cOn attend vivement cette plainte&quot; - UNIVERSNEWS224<\/title>\n<meta name=\"robots\" content=\"index, follow, max-snippet:-1, max-image-preview:large, max-video-preview:-1\" \/>\n<link rel=\"canonical\" href=\"https:\/\/universnews224.com\/index.php\/sekou-jamal-pendessa-sur-la-plainte-annoncee-par-ousmane-gaoul-diallo-on-attend-vivement-cette-plainte\/\" \/>\n<meta property=\"og:locale\" content=\"fr_FR\" \/>\n<meta property=\"og:type\" content=\"article\" \/>\n<meta property=\"og:title\" content=\"S\u00e9kou Jamal Pendessa sur la plainte annonc\u00e9e par Ousmane Gaoul Diallo: \u201cOn attend vivement cette plainte&quot; - UNIVERSNEWS224\" \/>\n<meta property=\"og:description\" content=\"Le Secr\u00e9taire g\u00e9n\u00e9ral du Syndicat des Professionnels de la Presse Guin\u00e9e (SPPG), S\u00e9kou Jamal Pendessa\" \/>\n<meta property=\"og:url\" content=\"https:\/\/universnews224.com\/index.php\/sekou-jamal-pendessa-sur-la-plainte-annoncee-par-ousmane-gaoul-diallo-on-attend-vivement-cette-plainte\/\" \/>\n<meta property=\"og:site_name\" content=\"UNIVERSNEWS224\" \/>\n<meta property=\"article:published_time\" content=\"2023-10-18T00:10:20+00:00\" \/>\n<meta name=\"author\" content=\"La R\u00e9daction\" \/>\n<meta name=\"twitter:label1\" content=\"\u00c9crit par\" \/>\n\t<meta name=\"twitter:data1\" content=\"La R\u00e9daction\" \/>\n\t<meta name=\"twitter:label2\" content=\"Dur\u00e9e de lecture estim\u00e9e\" \/>\n\t<meta name=\"twitter:data2\" content=\"1 minute\" \/>\n<script type=\"application\/ld+json\" class=\"yoast-schema-graph\">{\"@context\":\"https:\/\/schema.org\",\"@graph\":[{\"@type\":\"Article\",\"@id\":\"https:\/\/universnews224.com\/index.php\/sekou-jamal-pendessa-sur-la-plainte-annoncee-par-ousmane-gaoul-diallo-on-attend-vivement-cette-plainte\/#article\",\"isPartOf\":{\"@id\":\"https:\/\/universnews224.com\/index.php\/sekou-jamal-pendessa-sur-la-plainte-annoncee-par-ousmane-gaoul-diallo-on-attend-vivement-cette-plainte\/\"},\"author\":{\"name\":\"La R\u00e9daction\",\"@id\":\"https:\/\/universnews224.com\/#\/schema\/person\/a4b7d4f94a4716df60456a491260485e\"},\"headline\":\"S\u00e9kou Jamal Pendessa sur la plainte annonc\u00e9e par Ousmane Gaoul Diallo: \u201cOn attend vivement cette plainte\u00a0\u00bb\",\"datePublished\":\"2023-10-18T00:10:20+00:00\",\"dateModified\":\"2023-10-18T00:10:20+00:00\",\"mainEntityOfPage\":{\"@id\":\"https:\/\/universnews224.com\/index.php\/sekou-jamal-pendessa-sur-la-plainte-annoncee-par-ousmane-gaoul-diallo-on-attend-vivement-cette-plainte\/\"},\"wordCount\":151,\"publisher\":{\"@id\":\"https:\/\/universnews224.com\/#organization\"},\"keywords\":[\"La une\"],\"articleSection\":[\"ACTU\",\"SOCI\u00c9T\u00c9\"],\"inLanguage\":\"fr-FR\"},{\"@type\":\"WebPage\",\"@id\":\"https:\/\/universnews224.com\/index.php\/sekou-jamal-pendessa-sur-la-plainte-annoncee-par-ousmane-gaoul-diallo-on-attend-vivement-cette-plainte\/\",\"url\":\"https:\/\/universnews224.com\/index.php\/sekou-jamal-pendessa-sur-la-plainte-annoncee-par-ousmane-gaoul-diallo-on-attend-vivement-cette-plainte\/\",\"name\":\"S\u00e9kou Jamal Pendessa sur la plainte annonc\u00e9e par Ousmane Gaoul Diallo: \u201cOn attend vivement cette plainte\\\" - UNIVERSNEWS224\",\"isPartOf\":{\"@id\":\"https:\/\/universnews224.com\/#website\"},\"datePublished\":\"2023-10-18T00:10:20+00:00\",\"dateModified\":\"2023-10-18T00:10:20+00:00\",\"inLanguage\":\"fr-FR\",\"potentialAction\":[{\"@type\":\"ReadAction\",\"target\":[\"https:\/\/universnews224.com\/index.php\/sekou-jamal-pendessa-sur-la-plainte-annoncee-par-ousmane-gaoul-diallo-on-attend-vivement-cette-plainte\/\"]}]},{\"@type\":\"WebSite\",\"@id\":\"https:\/\/universnews224.com\/#website\",\"url\":\"https:\/\/universnews224.com\/\",\"name\":\"UNIVERSNEWS224\",\"description\":\"\",\"publisher\":{\"@id\":\"https:\/\/universnews224.com\/#organization\"},\"potentialAction\":[{\"@type\":\"SearchAction\",\"target\":{\"@type\":\"EntryPoint\",\"urlTemplate\":\"https:\/\/universnews224.com\/?s={search_term_string}\"},\"query-input\":\"required name=search_term_string\"}],\"inLanguage\":\"fr-FR\"},{\"@type\":\"Organization\",\"@id\":\"https:\/\/universnews224.com\/#organization\",\"name\":\"UNIVERSNEWS224\",\"url\":\"https:\/\/universnews224.com\/\",\"logo\":{\"@type\":\"ImageObject\",\"inLanguage\":\"fr-FR\",\"@id\":\"https:\/\/universnews224.com\/#\/schema\/logo\/image\/\",\"url\":\"https:\/\/universnews224.com\/wp-content\/uploads\/2022\/08\/cropped-cropped-logoban.jpg\",\"contentUrl\":\"https:\/\/universnews224.com\/wp-content\/uploads\/2022\/08\/cropped-cropped-logoban.jpg\",\"width\":1080,\"height\":138,\"caption\":\"UNIVERSNEWS224\"},\"image\":{\"@id\":\"https:\/\/universnews224.com\/#\/schema\/logo\/image\/\"}},{\"@type\":\"Person\",\"@id\":\"https:\/\/universnews224.com\/#\/schema\/person\/a4b7d4f94a4716df60456a491260485e\",\"name\":\"La R\u00e9daction\",\"image\":{\"@type\":\"ImageObject\",\"inLanguage\":\"fr-FR\",\"@id\":\"https:\/\/universnews224.com\/#\/schema\/person\/image\/\",\"url\":\"https:\/\/secure.gravatar.com\/avatar\/edb90acc7752b23e1b3307ad36c14f0d?s=96&d=mm&r=g\",\"contentUrl\":\"https:\/\/secure.gravatar.com\/avatar\/edb90acc7752b23e1b3307ad36c14f0d?s=96&d=mm&r=g\",\"caption\":\"La R\u00e9daction\"},\"sameAs\":[\"https:\/\/universnews224.com\"],\"url\":\"https:\/\/universnews224.com\/index.php\/author\/m-camara\/\"}]}<\/script>\n<!-- \/ Yoast SEO plugin. -->","yoast_head_json":{"title":"S\u00e9kou Jamal Pendessa sur la plainte annonc\u00e9e par Ousmane Gaoul Diallo: \u201cOn attend vivement cette plainte\" - UNIVERSNEWS224","robots":{"index":"index","follow":"follow","max-snippet":"max-snippet:-1","max-image-preview":"max-image-preview:large","max-video-preview":"max-video-preview:-1"},"canonical":"https:\/\/universnews224.com\/index.php\/sekou-jamal-pendessa-sur-la-plainte-annoncee-par-ousmane-gaoul-diallo-on-attend-vivement-cette-plainte\/","og_locale":"fr_FR","og_type":"article","og_title":"S\u00e9kou Jamal Pendessa sur la plainte annonc\u00e9e par Ousmane Gaoul Diallo: \u201cOn attend vivement cette plainte\" - UNIVERSNEWS224","og_description":"Le Secr\u00e9taire g\u00e9n\u00e9ral du Syndicat des Professionnels de la Presse Guin\u00e9e (SPPG), S\u00e9kou Jamal Pendessa","og_url":"https:\/\/universnews224.com\/index.php\/sekou-jamal-pendessa-sur-la-plainte-annoncee-par-ousmane-gaoul-diallo-on-attend-vivement-cette-plainte\/","og_site_name":"UNIVERSNEWS224","article_published_time":"2023-10-18T00:10:20+00:00","author":"La R\u00e9daction","twitter_misc":{"\u00c9crit par":"La R\u00e9daction","Dur\u00e9e de lecture estim\u00e9e":"1 minute"},"schema":{"@context":"https:\/\/schema.org","@graph":[{"@type":"Article","@id":"https:\/\/universnews224.com\/index.php\/sekou-jamal-pendessa-sur-la-plainte-annoncee-par-ousmane-gaoul-diallo-on-attend-vivement-cette-plainte\/#article","isPartOf":{"@id":"https:\/\/universnews224.com\/index.php\/sekou-jamal-pendessa-sur-la-plainte-annoncee-par-ousmane-gaoul-diallo-on-attend-vivement-cette-plainte\/"},"author":{"name":"La R\u00e9daction","@id":"https:\/\/universnews224.com\/#\/schema\/person\/a4b7d4f94a4716df60456a491260485e"},"headline":"S\u00e9kou Jamal Pendessa sur la plainte annonc\u00e9e par Ousmane Gaoul Diallo: \u201cOn attend vivement cette plainte\u00a0\u00bb","datePublished":"2023-10-18T00:10:20+00:00","dateModified":"2023-10-18T00:10:20+00:00","mainEntityOfPage":{"@id":"https:\/\/universnews224.com\/index.php\/sekou-jamal-pendessa-sur-la-plainte-annoncee-par-ousmane-gaoul-diallo-on-attend-vivement-cette-plainte\/"},"wordCount":151,"publisher":{"@id":"https:\/\/universnews224.com\/#organization"},"keywords":["La une"],"articleSection":["ACTU","SOCI\u00c9T\u00c9"],"inLanguage":"fr-FR"},{"@type":"WebPage","@id":"https:\/\/universnews224.com\/index.php\/sekou-jamal-pendessa-sur-la-plainte-annoncee-par-ousmane-gaoul-diallo-on-attend-vivement-cette-plainte\/","url":"https:\/\/universnews224.com\/index.php\/sekou-jamal-pendessa-sur-la-plainte-annoncee-par-ousmane-gaoul-diallo-on-attend-vivement-cette-plainte\/","name":"S\u00e9kou Jamal Pendessa sur la plainte annonc\u00e9e par Ousmane Gaoul Diallo: \u201cOn attend vivement cette plainte\" - UNIVERSNEWS224","isPartOf":{"@id":"https:\/\/universnews224.com\/#website"},"datePublished":"2023-10-18T00:10:20+00:00","dateModified":"2023-10-18T00:10:20+00:00","inLanguage":"fr-FR","potentialAction":[{"@type":"ReadAction","target":["https:\/\/universnews224.com\/index.php\/sekou-jamal-pendessa-sur-la-plainte-annoncee-par-ousmane-gaoul-diallo-on-attend-vivement-cette-plainte\/"]}]},{"@type":"WebSite","@id":"https:\/\/universnews224.com\/#website","url":"https:\/\/universnews224.com\/","name":"UNIVERSNEWS224","description":"","publisher":{"@id":"https:\/\/universnews224.com\/#organization"},"potentialAction":[{"@type":"SearchAction","target":{"@type":"EntryPoint","urlTemplate":"https:\/\/universnews224.com\/?s={search_term_string}"},"query-input":"required name=search_term_string"}],"inLanguage":"fr-FR"},{"@type":"Organization","@id":"https:\/\/universnews224.com\/#organization","name":"UNIVERSNEWS224","url":"https:\/\/universnews224.com\/","logo":{"@type":"ImageObject","inLanguage":"fr-FR","@id":"https:\/\/universnews224.com\/#\/schema\/logo\/image\/","url":"https:\/\/universnews224.com\/wp-content\/uploads\/2022\/08\/cropped-cropped-logoban.jpg","contentUrl":"https:\/\/universnews224.com\/wp-content\/uploads\/2022\/08\/cropped-cropped-logoban.jpg","width":1080,"height":138,"caption":"UNIVERSNEWS224"},"image":{"@id":"https:\/\/universnews224.com\/#\/schema\/logo\/image\/"}},{"@type":"Person","@id":"https:\/\/universnews224.com\/#\/schema\/person\/a4b7d4f94a4716df60456a491260485e","name":"La R\u00e9daction","image":{"@type":"ImageObject","inLanguage":"fr-FR","@id":"https:\/\/universnews224.com\/#\/schema\/person\/image\/","url":"https:\/\/secure.gravatar.com\/avatar\/edb90acc7752b23e1b3307ad36c14f0d?s=96&d=mm&r=g","contentUrl":"https:\/\/secure.gravatar.com\/avatar\/edb90acc7752b23e1b3307ad36c14f0d?s=96&d=mm&r=g","caption":"La R\u00e9daction"},"sameAs":["https:\/\/universnews224.com"],"url":"https:\/\/universnews224.com\/index.php\/author\/m-camara\/"}]}},"_links":{"self":[{"href":"https:\/\/universnews224.com\/index.php\/wp-json\/wp\/v2\/posts\/4446"}],"collection":[{"href":"https:\/\/universnews224.com\/index.php\/wp-json\/wp\/v2\/posts"}],"about":[{"href":"https:\/\/universnews224.com\/index.php\/wp-json\/wp\/v2\/types\/post"}],"author":[{"embeddable":true,"href":"https:\/\/universnews224.com\/index.php\/wp-json\/wp\/v2\/users\/2"}],"replies":[{"embeddable":true,"href":"https:\/\/universnews224.com\/index.php\/wp-json\/wp\/v2\/comments?post=4446"}],"version-history":[{"count":1,"href":"https:\/\/universnews224.com\/index.php\/wp-json\/wp\/v2\/posts\/4446\/revisions"}],"predecessor-version":[{"id":4448,"href":"https:\/\/universnews224.com\/index.php\/wp-json\/wp\/v2\/posts\/4446\/revisions\/4448"}],"wp:attachment":[{"href":"https:\/\/universnews224.com\/index.php\/wp-json\/wp\/v2\/media?parent=4446"}],"wp:term":[{"taxonomy":"category","embeddable":true,"href":"https:\/\/universnews224.com\/index.php\/wp-json\/wp\/v2\/categories?post=4446"},{"taxonomy":"post_tag","embeddable":true,"href":"https:\/\/universnews224.com\/index.php\/wp-json\/wp\/v2\/tags?post=4446"}],"curies":[{"name":"wp","href":"https:\/\/api.w.org\/{rel}","templated":true}]}}