{"id":4454,"date":"2023-10-18T23:26:36","date_gmt":"2023-10-18T22:26:36","guid":{"rendered":"https:\/\/universnews224.com\/?p=4454"},"modified":"2023-10-18T23:26:36","modified_gmt":"2023-10-18T22:26:36","slug":"dr-fode-cisse-je-ne-vois-pas-une-velleite-de-confiscation-du-pouvoir-mais-ce-que-je-vois-cest-ca-sera-un-glissement-de-calendrier-et-ca-cest-inevitable","status":"publish","type":"post","link":"https:\/\/universnews224.com\/index.php\/dr-fode-cisse-je-ne-vois-pas-une-velleite-de-confiscation-du-pouvoir-mais-ce-que-je-vois-cest-ca-sera-un-glissement-de-calendrier-et-ca-cest-inevitable\/","title":{"rendered":"Dr Fod\u00e9 Ciss\u00e9: \u201cJe ne vois pas une vell\u00e9it\u00e9 de confiscation du pouvoir, mais ce que je vois, c\u2019est \u00e7a sera un glissement de calendrier et \u00e7a c\u2019est in\u00e9vitable\u201d"},"content":{"rendered":"<p class=\"p1\">Le pr\u00e9sident du Mouvement en Marche\u00a0 pour la Paix et le Progr\u00e8s (MPP), Dr Fod\u00e9 Ciss\u00e9 s\u2019est prononc\u00e9 ce mercredi, 18 octobre 2023 dans l\u2019\u00e9mission Mirador sur la conduite de la transition plus de deux ans apr\u00e8s le coup de d\u2019\u00c9tat qui a d\u00e9pos\u00e9 le pr\u00e9sident Alpha Cond\u00e9.<\/p>\n<p class=\"p1\"><span class=\"s1\">Alors que beaucoup d\u2019observateurs craignent une volont\u00e9 de la part du colonel Mamadi Doumbouya de confisquer le pouvoir, Dr Fod\u00e9 Ciss\u00e9 reste convaincu le pr\u00e9sident de la transition n\u2019a aucune vell\u00e9it\u00e9 de se maintenir au pouvoir. Toute fois, il redoute un glissement de calendrier. <\/span><\/p>\n<p class=\"p1\"><span class=\"s1\">\u201cJe ne vois pas une vell\u00e9it\u00e9 de confiscation du pouvoir, mais ce que je vois, c\u2019est \u00e7a sera un glissement de calendrier et \u00e7a c\u2019est in\u00e9vitable. Parce que les instruments qui doivent nous permettre de sortir cette transition, la plupart des instruments ne sont pas en place\u201d a t-il martel\u00e9. <\/span><\/p>\n<p class=\"p1\"><span class=\"s1\">Mohamed Camara <\/span><\/p>\n","protected":false},"excerpt":{"rendered":"<p>Le pr\u00e9sident du Mouvement en Marche\u00a0 pour la Paix et le Progr\u00e8s (MPP), Dr Fod\u00e9<\/p>\n","protected":false},"author":2,"featured_media":4455,"comment_status":"closed","ping_status":"open","sticky":false,"template":"","format":"standard","meta":[],"categories":[3,4],"tags":[229],"yoast_head":"<!-- This site is optimized with the Yoast SEO plugin v19.13 - https:\/\/yoast.com\/wordpress\/plugins\/seo\/ -->\n<title>Dr Fod\u00e9 Ciss\u00e9: \u201cJe ne vois pas une vell\u00e9it\u00e9 de confiscation du pouvoir, mais ce que je vois, c\u2019est \u00e7a sera un glissement de calendrier et \u00e7a c\u2019est in\u00e9vitable\u201d - UNIVERSNEWS224<\/title>\n<meta name=\"robots\" content=\"index, follow, max-snippet:-1, max-image-preview:large, max-video-preview:-1\" \/>\n<link rel=\"canonical\" href=\"https:\/\/universnews224.com\/index.php\/dr-fode-cisse-je-ne-vois-pas-une-velleite-de-confiscation-du-pouvoir-mais-ce-que-je-vois-cest-ca-sera-un-glissement-de-calendrier-et-ca-cest-inevitable\/\" \/>\n<meta property=\"og:locale\" content=\"fr_FR\" \/>\n<meta property=\"og:type\" content=\"article\" \/>\n<meta property=\"og:title\" content=\"Dr Fod\u00e9 Ciss\u00e9: \u201cJe ne vois pas une vell\u00e9it\u00e9 de confiscation du pouvoir, mais ce que je vois, c\u2019est \u00e7a sera un glissement de calendrier et \u00e7a c\u2019est in\u00e9vitable\u201d - UNIVERSNEWS224\" \/>\n<meta property=\"og:description\" content=\"Le pr\u00e9sident du Mouvement en Marche\u00a0 pour la Paix et le Progr\u00e8s (MPP), Dr Fod\u00e9\" \/>\n<meta property=\"og:url\" content=\"https:\/\/universnews224.com\/index.php\/dr-fode-cisse-je-ne-vois-pas-une-velleite-de-confiscation-du-pouvoir-mais-ce-que-je-vois-cest-ca-sera-un-glissement-de-calendrier-et-ca-cest-inevitable\/\" \/>\n<meta property=\"og:site_name\" content=\"UNIVERSNEWS224\" \/>\n<meta property=\"article:published_time\" content=\"2023-10-18T22:26:36+00:00\" \/>\n<meta property=\"og:image\" content=\"https:\/\/universnews224.com\/wp-content\/uploads\/2023\/10\/3E66D24B-8E73-4903-8B3F-CCCA2585BD46.png\" \/>\n\t<meta property=\"og:image:width\" content=\"800\" \/>\n\t<meta property=\"og:image:height\" content=\"427\" \/>\n\t<meta property=\"og:image:type\" content=\"image\/png\" \/>\n<meta name=\"author\" content=\"La R\u00e9daction\" \/>\n<meta name=\"twitter:label1\" content=\"\u00c9crit par\" \/>\n\t<meta name=\"twitter:data1\" content=\"La R\u00e9daction\" \/>\n\t<meta name=\"twitter:label2\" content=\"Dur\u00e9e de lecture estim\u00e9e\" \/>\n\t<meta name=\"twitter:data2\" content=\"1 minute\" \/>\n<script type=\"application\/ld+json\" class=\"yoast-schema-graph\">{\"@context\":\"https:\/\/schema.org\",\"@graph\":[{\"@type\":\"Article\",\"@id\":\"https:\/\/universnews224.com\/index.php\/dr-fode-cisse-je-ne-vois-pas-une-velleite-de-confiscation-du-pouvoir-mais-ce-que-je-vois-cest-ca-sera-un-glissement-de-calendrier-et-ca-cest-inevitable\/#article\",\"isPartOf\":{\"@id\":\"https:\/\/universnews224.com\/index.php\/dr-fode-cisse-je-ne-vois-pas-une-velleite-de-confiscation-du-pouvoir-mais-ce-que-je-vois-cest-ca-sera-un-glissement-de-calendrier-et-ca-cest-inevitable\/\"},\"author\":{\"name\":\"La R\u00e9daction\",\"@id\":\"https:\/\/universnews224.com\/#\/schema\/person\/a4b7d4f94a4716df60456a491260485e\"},\"headline\":\"Dr Fod\u00e9 Ciss\u00e9: \u201cJe ne vois pas une vell\u00e9it\u00e9 de confiscation du pouvoir, mais ce que je vois, c\u2019est \u00e7a sera un glissement de calendrier et \u00e7a c\u2019est in\u00e9vitable\u201d\",\"datePublished\":\"2023-10-18T22:26:36+00:00\",\"dateModified\":\"2023-10-18T22:26:36+00:00\",\"mainEntityOfPage\":{\"@id\":\"https:\/\/universnews224.com\/index.php\/dr-fode-cisse-je-ne-vois-pas-une-velleite-de-confiscation-du-pouvoir-mais-ce-que-je-vois-cest-ca-sera-un-glissement-de-calendrier-et-ca-cest-inevitable\/\"},\"wordCount\":191,\"publisher\":{\"@id\":\"https:\/\/universnews224.com\/#organization\"},\"keywords\":[\"La une\"],\"articleSection\":[\"ACTU\",\"POLITIQUE\"],\"inLanguage\":\"fr-FR\"},{\"@type\":\"WebPage\",\"@id\":\"https:\/\/universnews224.com\/index.php\/dr-fode-cisse-je-ne-vois-pas-une-velleite-de-confiscation-du-pouvoir-mais-ce-que-je-vois-cest-ca-sera-un-glissement-de-calendrier-et-ca-cest-inevitable\/\",\"url\":\"https:\/\/universnews224.com\/index.php\/dr-fode-cisse-je-ne-vois-pas-une-velleite-de-confiscation-du-pouvoir-mais-ce-que-je-vois-cest-ca-sera-un-glissement-de-calendrier-et-ca-cest-inevitable\/\",\"name\":\"Dr Fod\u00e9 Ciss\u00e9: \u201cJe ne vois pas une vell\u00e9it\u00e9 de confiscation du pouvoir, mais ce que je vois, c\u2019est \u00e7a sera un glissement de calendrier et \u00e7a c\u2019est in\u00e9vitable\u201d - UNIVERSNEWS224\",\"isPartOf\":{\"@id\":\"https:\/\/universnews224.com\/#website\"},\"datePublished\":\"2023-10-18T22:26:36+00:00\",\"dateModified\":\"2023-10-18T22:26:36+00:00\",\"inLanguage\":\"fr-FR\",\"potentialAction\":[{\"@type\":\"ReadAction\",\"target\":[\"https:\/\/universnews224.com\/index.php\/dr-fode-cisse-je-ne-vois-pas-une-velleite-de-confiscation-du-pouvoir-mais-ce-que-je-vois-cest-ca-sera-un-glissement-de-calendrier-et-ca-cest-inevitable\/\"]}]},{\"@type\":\"WebSite\",\"@id\":\"https:\/\/universnews224.com\/#website\",\"url\":\"https:\/\/universnews224.com\/\",\"name\":\"UNIVERSNEWS224\",\"description\":\"\",\"publisher\":{\"@id\":\"https:\/\/universnews224.com\/#organization\"},\"potentialAction\":[{\"@type\":\"SearchAction\",\"target\":{\"@type\":\"EntryPoint\",\"urlTemplate\":\"https:\/\/universnews224.com\/?s={search_term_string}\"},\"query-input\":\"required name=search_term_string\"}],\"inLanguage\":\"fr-FR\"},{\"@type\":\"Organization\",\"@id\":\"https:\/\/universnews224.com\/#organization\",\"name\":\"UNIVERSNEWS224\",\"url\":\"https:\/\/universnews224.com\/\",\"logo\":{\"@type\":\"ImageObject\",\"inLanguage\":\"fr-FR\",\"@id\":\"https:\/\/universnews224.com\/#\/schema\/logo\/image\/\",\"url\":\"https:\/\/universnews224.com\/wp-content\/uploads\/2022\/08\/cropped-cropped-logoban.jpg\",\"contentUrl\":\"https:\/\/universnews224.com\/wp-content\/uploads\/2022\/08\/cropped-cropped-logoban.jpg\",\"width\":1080,\"height\":138,\"caption\":\"UNIVERSNEWS224\"},\"image\":{\"@id\":\"https:\/\/universnews224.com\/#\/schema\/logo\/image\/\"}},{\"@type\":\"Person\",\"@id\":\"https:\/\/universnews224.com\/#\/schema\/person\/a4b7d4f94a4716df60456a491260485e\",\"name\":\"La R\u00e9daction\",\"image\":{\"@type\":\"ImageObject\",\"inLanguage\":\"fr-FR\",\"@id\":\"https:\/\/universnews224.com\/#\/schema\/person\/image\/\",\"url\":\"https:\/\/secure.gravatar.com\/avatar\/edb90acc7752b23e1b3307ad36c14f0d?s=96&d=mm&r=g\",\"contentUrl\":\"https:\/\/secure.gravatar.com\/avatar\/edb90acc7752b23e1b3307ad36c14f0d?s=96&d=mm&r=g\",\"caption\":\"La R\u00e9daction\"},\"sameAs\":[\"https:\/\/universnews224.com\"],\"url\":\"https:\/\/universnews224.com\/index.php\/author\/m-camara\/\"}]}<\/script>\n<!-- \/ Yoast SEO plugin. -->","yoast_head_json":{"title":"Dr Fod\u00e9 Ciss\u00e9: \u201cJe ne vois pas une vell\u00e9it\u00e9 de confiscation du pouvoir, mais ce que je vois, c\u2019est \u00e7a sera un glissement de calendrier et \u00e7a c\u2019est in\u00e9vitable\u201d - UNIVERSNEWS224","robots":{"index":"index","follow":"follow","max-snippet":"max-snippet:-1","max-image-preview":"max-image-preview:large","max-video-preview":"max-video-preview:-1"},"canonical":"https:\/\/universnews224.com\/index.php\/dr-fode-cisse-je-ne-vois-pas-une-velleite-de-confiscation-du-pouvoir-mais-ce-que-je-vois-cest-ca-sera-un-glissement-de-calendrier-et-ca-cest-inevitable\/","og_locale":"fr_FR","og_type":"article","og_title":"Dr Fod\u00e9 Ciss\u00e9: \u201cJe ne vois pas une vell\u00e9it\u00e9 de confiscation du pouvoir, mais ce que je vois, c\u2019est \u00e7a sera un glissement de calendrier et \u00e7a c\u2019est in\u00e9vitable\u201d - UNIVERSNEWS224","og_description":"Le pr\u00e9sident du Mouvement en Marche\u00a0 pour la Paix et le Progr\u00e8s (MPP), Dr Fod\u00e9","og_url":"https:\/\/universnews224.com\/index.php\/dr-fode-cisse-je-ne-vois-pas-une-velleite-de-confiscation-du-pouvoir-mais-ce-que-je-vois-cest-ca-sera-un-glissement-de-calendrier-et-ca-cest-inevitable\/","og_site_name":"UNIVERSNEWS224","article_published_time":"2023-10-18T22:26:36+00:00","og_image":[{"width":800,"height":427,"url":"https:\/\/universnews224.com\/wp-content\/uploads\/2023\/10\/3E66D24B-8E73-4903-8B3F-CCCA2585BD46.png","type":"image\/png"}],"author":"La R\u00e9daction","twitter_misc":{"\u00c9crit par":"La R\u00e9daction","Dur\u00e9e de lecture estim\u00e9e":"1 minute"},"schema":{"@context":"https:\/\/schema.org","@graph":[{"@type":"Article","@id":"https:\/\/universnews224.com\/index.php\/dr-fode-cisse-je-ne-vois-pas-une-velleite-de-confiscation-du-pouvoir-mais-ce-que-je-vois-cest-ca-sera-un-glissement-de-calendrier-et-ca-cest-inevitable\/#article","isPartOf":{"@id":"https:\/\/universnews224.com\/index.php\/dr-fode-cisse-je-ne-vois-pas-une-velleite-de-confiscation-du-pouvoir-mais-ce-que-je-vois-cest-ca-sera-un-glissement-de-calendrier-et-ca-cest-inevitable\/"},"author":{"name":"La R\u00e9daction","@id":"https:\/\/universnews224.com\/#\/schema\/person\/a4b7d4f94a4716df60456a491260485e"},"headline":"Dr Fod\u00e9 Ciss\u00e9: \u201cJe ne vois pas une vell\u00e9it\u00e9 de confiscation du pouvoir, mais ce que je vois, c\u2019est \u00e7a sera un glissement de calendrier et \u00e7a c\u2019est in\u00e9vitable\u201d","datePublished":"2023-10-18T22:26:36+00:00","dateModified":"2023-10-18T22:26:36+00:00","mainEntityOfPage":{"@id":"https:\/\/universnews224.com\/index.php\/dr-fode-cisse-je-ne-vois-pas-une-velleite-de-confiscation-du-pouvoir-mais-ce-que-je-vois-cest-ca-sera-un-glissement-de-calendrier-et-ca-cest-inevitable\/"},"wordCount":191,"publisher":{"@id":"https:\/\/universnews224.com\/#organization"},"keywords":["La une"],"articleSection":["ACTU","POLITIQUE"],"inLanguage":"fr-FR"},{"@type":"WebPage","@id":"https:\/\/universnews224.com\/index.php\/dr-fode-cisse-je-ne-vois-pas-une-velleite-de-confiscation-du-pouvoir-mais-ce-que-je-vois-cest-ca-sera-un-glissement-de-calendrier-et-ca-cest-inevitable\/","url":"https:\/\/universnews224.com\/index.php\/dr-fode-cisse-je-ne-vois-pas-une-velleite-de-confiscation-du-pouvoir-mais-ce-que-je-vois-cest-ca-sera-un-glissement-de-calendrier-et-ca-cest-inevitable\/","name":"Dr Fod\u00e9 Ciss\u00e9: \u201cJe ne vois pas une vell\u00e9it\u00e9 de confiscation du pouvoir, mais ce que je vois, c\u2019est \u00e7a sera un glissement de calendrier et \u00e7a c\u2019est in\u00e9vitable\u201d - UNIVERSNEWS224","isPartOf":{"@id":"https:\/\/universnews224.com\/#website"},"datePublished":"2023-10-18T22:26:36+00:00","dateModified":"2023-10-18T22:26:36+00:00","inLanguage":"fr-FR","potentialAction":[{"@type":"ReadAction","target":["https:\/\/universnews224.com\/index.php\/dr-fode-cisse-je-ne-vois-pas-une-velleite-de-confiscation-du-pouvoir-mais-ce-que-je-vois-cest-ca-sera-un-glissement-de-calendrier-et-ca-cest-inevitable\/"]}]},{"@type":"WebSite","@id":"https:\/\/universnews224.com\/#website","url":"https:\/\/universnews224.com\/","name":"UNIVERSNEWS224","description":"","publisher":{"@id":"https:\/\/universnews224.com\/#organization"},"potentialAction":[{"@type":"SearchAction","target":{"@type":"EntryPoint","urlTemplate":"https:\/\/universnews224.com\/?s={search_term_string}"},"query-input":"required name=search_term_string"}],"inLanguage":"fr-FR"},{"@type":"Organization","@id":"https:\/\/universnews224.com\/#organization","name":"UNIVERSNEWS224","url":"https:\/\/universnews224.com\/","logo":{"@type":"ImageObject","inLanguage":"fr-FR","@id":"https:\/\/universnews224.com\/#\/schema\/logo\/image\/","url":"https:\/\/universnews224.com\/wp-content\/uploads\/2022\/08\/cropped-cropped-logoban.jpg","contentUrl":"https:\/\/universnews224.com\/wp-content\/uploads\/2022\/08\/cropped-cropped-logoban.jpg","width":1080,"height":138,"caption":"UNIVERSNEWS224"},"image":{"@id":"https:\/\/universnews224.com\/#\/schema\/logo\/image\/"}},{"@type":"Person","@id":"https:\/\/universnews224.com\/#\/schema\/person\/a4b7d4f94a4716df60456a491260485e","name":"La R\u00e9daction","image":{"@type":"ImageObject","inLanguage":"fr-FR","@id":"https:\/\/universnews224.com\/#\/schema\/person\/image\/","url":"https:\/\/secure.gravatar.com\/avatar\/edb90acc7752b23e1b3307ad36c14f0d?s=96&d=mm&r=g","contentUrl":"https:\/\/secure.gravatar.com\/avatar\/edb90acc7752b23e1b3307ad36c14f0d?s=96&d=mm&r=g","caption":"La R\u00e9daction"},"sameAs":["https:\/\/universnews224.com"],"url":"https:\/\/universnews224.com\/index.php\/author\/m-camara\/"}]}},"_links":{"self":[{"href":"https:\/\/universnews224.com\/index.php\/wp-json\/wp\/v2\/posts\/4454"}],"collection":[{"href":"https:\/\/universnews224.com\/index.php\/wp-json\/wp\/v2\/posts"}],"about":[{"href":"https:\/\/universnews224.com\/index.php\/wp-json\/wp\/v2\/types\/post"}],"author":[{"embeddable":true,"href":"https:\/\/universnews224.com\/index.php\/wp-json\/wp\/v2\/users\/2"}],"replies":[{"embeddable":true,"href":"https:\/\/universnews224.com\/index.php\/wp-json\/wp\/v2\/comments?post=4454"}],"version-history":[{"count":1,"href":"https:\/\/universnews224.com\/index.php\/wp-json\/wp\/v2\/posts\/4454\/revisions"}],"predecessor-version":[{"id":4456,"href":"https:\/\/universnews224.com\/index.php\/wp-json\/wp\/v2\/posts\/4454\/revisions\/4456"}],"wp:featuredmedia":[{"embeddable":true,"href":"https:\/\/universnews224.com\/index.php\/wp-json\/wp\/v2\/media\/4455"}],"wp:attachment":[{"href":"https:\/\/universnews224.com\/index.php\/wp-json\/wp\/v2\/media?parent=4454"}],"wp:term":[{"taxonomy":"category","embeddable":true,"href":"https:\/\/universnews224.com\/index.php\/wp-json\/wp\/v2\/categories?post=4454"},{"taxonomy":"post_tag","embeddable":true,"href":"https:\/\/universnews224.com\/index.php\/wp-json\/wp\/v2\/tags?post=4454"}],"curies":[{"name":"wp","href":"https:\/\/api.w.org\/{rel}","templated":true}]}}