{"id":4468,"date":"2023-10-22T11:49:52","date_gmt":"2023-10-22T10:49:52","guid":{"rendered":"https:\/\/universnews224.com\/?p=4468"},"modified":"2023-10-22T11:51:38","modified_gmt":"2023-10-22T10:51:38","slug":"mory-conde-aux-directeurs-et-chefs-de-cabinet-des-huit-8-region-administratives-aucune-urgence-ne-doit-justifier-la-violation-dune-procedure-administrative","status":"publish","type":"post","link":"https:\/\/universnews224.com\/index.php\/mory-conde-aux-directeurs-et-chefs-de-cabinet-des-huit-8-region-administratives-aucune-urgence-ne-doit-justifier-la-violation-dune-procedure-administrative\/","title":{"rendered":"Mory Cond\u00e9 aux Directeurs et Chefs de cabinet des huit 8 r\u00e9gion administratives: \u201cAucune urgence ne doit justifier la violation d&rsquo;une proc\u00e9dure administrative\u201d"},"content":{"rendered":"<p class=\"p1\"><span class=\"s1\">En proc\u00e9dant de la cl\u00f4ture d\u2019une rencontre d\u2019\u00e9change, de partage et d\u2019appropriation des outils et des textes r\u00e9glementaires relatifs au fonctionnement de l\u2019administration r\u00e9gionales dans les locaux du MATD, ce samedi 21 octobre 2023, \u00e0 l\u2019attention des Directeurs et Chefs de cabinet des huit 8 r\u00e9gion administratives de Guin\u00e9e, le ministre de l\u2019Administration du territoire et de la d\u00e9centralisation, Mory Cond\u00e9 a mis ces administrateurs territoriaux contre les cas de corruption dans leur juridiction respective. <\/span><\/p>\n<p class=\"p1\"><span class=\"s1\">Sur un ton ferme, le ministre Mory Cond\u00e9 a invit\u00e9 ses cadres d\u2019\u00eatre vigilants dans l\u2019utilisation des fonds allou\u00e9s \u00e0 leurs diff\u00e9rentes localit\u00e9s. C\u2019est pourquoi, il leur demande de respecter les proc\u00e9dures administratives relatives aux financements des projets avant tout d\u00e9caissement.<\/span><\/p>\n<p class=\"p1\"><span class=\"s1\">\u201cVous \u00eates \u00e0 c\u00f4t\u00e9 des gouverneurs, ce sont eux qui sont des ordonnateur de l&rsquo;\u00c9tat \u00e0 l&rsquo;int\u00e9rieur du pays. Cela voudra dire quoi? Tous les comptes de l&rsquo;\u00c9tat qui sont dans les r\u00e9gions o\u00f9 l&rsquo;argent public transite ce sont des gouverneurs qui sont des ordinateurs, mais c&rsquo;est vous chefs de cabinet administrativement qui doivent travailler avant de soumettre les documents aux gouverneurs pour la signature. Un directeur r\u00e9gional a une activit\u00e9, l&rsquo;argent a \u00e9t\u00e9 vir\u00e9 au niveau de la tr\u00e9sorerie r\u00e9gionale avant de l&rsquo;amener au niveau du gouverneur pour la signature, vous devez vous assurer que toutes les conditions sont r\u00e9unies pour pouvoir d\u00e9caisser cet argent. Si c&rsquo;est pour une activit\u00e9 le directeur de cabinet doit s&rsquo;assurer que techniquement est-ce que l&rsquo;activit\u00e9 est planifi\u00e9e, si c&rsquo;est planifi\u00e9e est-ce que les termes de r\u00e9f\u00e9rence existent. Quels sont ceux qui seront la cible de l&rsquo;activit\u00e9 ? Toutes ces conditions l\u00e0 doivent \u00eatre r\u00e9unies et plac\u00e9es dans une chemise, c&rsquo;est sur la base de \u00e7a que le gouverneur va apposer sa signature sur le bon pour pouvoir d\u00e9caisser l&rsquo;argent de l&rsquo;activit\u00e9. Quelque soit vos relations avec les personnes qui viennent souvent pour demander des bons de d\u00e9caissement, vous devez vous rassurer que tout se passe bien\u00bb, a t-il d\u00e9clar\u00e9. <\/span><\/p>\n<p class=\"p1\"><span class=\"s1\">Poursuivant, le ministre du MATD a notifi\u00e9 \u00e0 ces administrateurs territoriaux que, quiconque se rendra coupable de faits de corruption, r\u00e9pondra de la CRIEF. <\/span><\/p>\n<p class=\"p1\"><span class=\"s1\">\u201cComme le disait monsieur le Pr\u00e9sident de la R\u00e9publique lors du conseil des ministres dernier la Cour de r\u00e9pression des infractions \u00e9conomiques et financi\u00e8res (CRIEF) n&rsquo;est pas faite que pour ceux-l\u00e0 qui ont g\u00e9r\u00e9 avant nous, c&rsquo;est pour nous-m\u00eames. D&rsquo;abord, nous devons avoir un comportement exemplaire dans la gestion de la chose publique. Depuis les ind\u00e9pendances, c&rsquo;est la sous la gouvernance du CNRD qui a quand-m\u00eame montr\u00e9 que, lorsque nous sommes investis d&rsquo;un pouvoir au nom de l&rsquo;\u00c9tat, on doit rendre compte de ce que nous avons fait. Vous avez vu que, depuis que cette Cour a commenc\u00e9 \u00e0 travailler beaucoup de personnes sont pass\u00e9 devant cette cour. Certains ont \u00e9t\u00e9 blanchis, d&rsquo;autres ont \u00e9t\u00e9 condamn\u00e9s, il y en a qui ont encore des dossiers pendant. Donc cela voudra dire que si dans l&rsquo;exercice de vos fonctions vous jouez avec la l\u00e9g\u00e8ret\u00e9 dans le cadre de vos responsabilit\u00e9s, vous serez les seuls \u00e0 r\u00e9pondre devant les cours et tribunaux. S&rsquo;il arrivait qu&rsquo;un sectoriel a de l&rsquo;argent \u00e0 d\u00e9caisser si les conditions ne sont pas r\u00e9unies, m\u00eame si c&rsquo;est moi qui vous appelait pour dire, il faut faciliter, si les conditions ne sont pas r\u00e9unies. Dites tr\u00e8s gentiment, Monsieur le Ministre ou monsieur le secr\u00e9taire g\u00e9n\u00e9ral, on voudrait bien vous servir mais telle personne n&rsquo;a toutes les conditions alit\u00e9es pour nous permettre de soumettre le document \u00e0 la signature de Monsieur le gouverneur. Vous devez vous rassurer parce qu&rsquo;il est de votre responsabilit\u00e9 de le faire. Et aucune activit\u00e9 ne doit \u00eatre organis\u00e9 si lors du conseil r\u00e9gional du cabinet que vous devez tenir d\u00e9sormais les lundis c&rsquo;est-\u00e0-dire apr\u00e8s le compte rendu de la semaine derni\u00e8re si l&rsquo;activit\u00e9 n&rsquo;a pas \u00e9t\u00e9 discut\u00e9e et les termes de r\u00e9f\u00e9rence partager \u00e0 tous les cadres au niveau r\u00e9gional quelque soit l&rsquo;urgence. Aucune urgence ne doit justifier la violation d&rsquo;une proc\u00e9dure administrative. Aucune urgence ne doit amener quelqu&rsquo;un \u00e0 violer une proc\u00e9dure administrative. Si vous le faites, vous vous rendez coupable ou complice d&rsquo;une situation de d\u00e9tournement de l&rsquo;argent public\u201d, a t-il martel\u00e9. <\/span><\/p>\n<p class=\"p1\"><span class=\"s1\">Camara Mamadouba <\/span><\/p>\n<p class=\"p1\"><span class=\"s1\">611 46 04 10 <\/span><\/p>\n","protected":false},"excerpt":{"rendered":"<p>En proc\u00e9dant de la cl\u00f4ture d\u2019une rencontre d\u2019\u00e9change, de partage et d\u2019appropriation des outils et<\/p>\n","protected":false},"author":2,"featured_media":4471,"comment_status":"closed","ping_status":"open","sticky":false,"template":"","format":"standard","meta":[],"categories":[3,5],"tags":[229],"yoast_head":"<!-- This site is optimized with the Yoast SEO plugin v19.13 - https:\/\/yoast.com\/wordpress\/plugins\/seo\/ -->\n<title>Mory Cond\u00e9 aux Directeurs et Chefs de cabinet des huit 8 r\u00e9gion administratives: \u201cAucune urgence ne doit justifier la violation d&#039;une proc\u00e9dure administrative\u201d - UNIVERSNEWS224<\/title>\n<meta name=\"robots\" content=\"index, follow, max-snippet:-1, max-image-preview:large, max-video-preview:-1\" \/>\n<link rel=\"canonical\" href=\"https:\/\/universnews224.com\/index.php\/mory-conde-aux-directeurs-et-chefs-de-cabinet-des-huit-8-region-administratives-aucune-urgence-ne-doit-justifier-la-violation-dune-procedure-administrative\/\" \/>\n<meta property=\"og:locale\" content=\"fr_FR\" \/>\n<meta property=\"og:type\" content=\"article\" \/>\n<meta property=\"og:title\" content=\"Mory Cond\u00e9 aux Directeurs et Chefs de cabinet des huit 8 r\u00e9gion administratives: \u201cAucune urgence ne doit justifier la violation d&#039;une proc\u00e9dure administrative\u201d - UNIVERSNEWS224\" \/>\n<meta property=\"og:description\" content=\"En proc\u00e9dant de la cl\u00f4ture d\u2019une rencontre d\u2019\u00e9change, de partage et d\u2019appropriation des outils et\" \/>\n<meta property=\"og:url\" content=\"https:\/\/universnews224.com\/index.php\/mory-conde-aux-directeurs-et-chefs-de-cabinet-des-huit-8-region-administratives-aucune-urgence-ne-doit-justifier-la-violation-dune-procedure-administrative\/\" \/>\n<meta property=\"og:site_name\" content=\"UNIVERSNEWS224\" \/>\n<meta property=\"article:published_time\" content=\"2023-10-22T10:49:52+00:00\" \/>\n<meta property=\"article:modified_time\" content=\"2023-10-22T10:51:38+00:00\" \/>\n<meta property=\"og:image\" content=\"https:\/\/universnews224.com\/wp-content\/uploads\/2023\/10\/DDB4EEEA-D6AF-454E-9BA0-BB1BA2D9801E.jpeg\" \/>\n\t<meta property=\"og:image:width\" content=\"1080\" \/>\n\t<meta property=\"og:image:height\" content=\"486\" \/>\n\t<meta property=\"og:image:type\" content=\"image\/jpeg\" \/>\n<meta name=\"author\" content=\"La R\u00e9daction\" \/>\n<meta name=\"twitter:label1\" content=\"\u00c9crit par\" \/>\n\t<meta name=\"twitter:data1\" content=\"La R\u00e9daction\" \/>\n\t<meta name=\"twitter:label2\" content=\"Dur\u00e9e de lecture estim\u00e9e\" \/>\n\t<meta name=\"twitter:data2\" content=\"4 minutes\" \/>\n<script type=\"application\/ld+json\" class=\"yoast-schema-graph\">{\"@context\":\"https:\/\/schema.org\",\"@graph\":[{\"@type\":\"Article\",\"@id\":\"https:\/\/universnews224.com\/index.php\/mory-conde-aux-directeurs-et-chefs-de-cabinet-des-huit-8-region-administratives-aucune-urgence-ne-doit-justifier-la-violation-dune-procedure-administrative\/#article\",\"isPartOf\":{\"@id\":\"https:\/\/universnews224.com\/index.php\/mory-conde-aux-directeurs-et-chefs-de-cabinet-des-huit-8-region-administratives-aucune-urgence-ne-doit-justifier-la-violation-dune-procedure-administrative\/\"},\"author\":{\"name\":\"La R\u00e9daction\",\"@id\":\"https:\/\/universnews224.com\/#\/schema\/person\/a4b7d4f94a4716df60456a491260485e\"},\"headline\":\"Mory Cond\u00e9 aux Directeurs et Chefs de cabinet des huit 8 r\u00e9gion administratives: \u201cAucune urgence ne doit justifier la violation d&rsquo;une proc\u00e9dure administrative\u201d\",\"datePublished\":\"2023-10-22T10:49:52+00:00\",\"dateModified\":\"2023-10-22T10:51:38+00:00\",\"mainEntityOfPage\":{\"@id\":\"https:\/\/universnews224.com\/index.php\/mory-conde-aux-directeurs-et-chefs-de-cabinet-des-huit-8-region-administratives-aucune-urgence-ne-doit-justifier-la-violation-dune-procedure-administrative\/\"},\"wordCount\":771,\"publisher\":{\"@id\":\"https:\/\/universnews224.com\/#organization\"},\"keywords\":[\"La une\"],\"articleSection\":[\"ACTU\",\"SOCI\u00c9T\u00c9\"],\"inLanguage\":\"fr-FR\"},{\"@type\":\"WebPage\",\"@id\":\"https:\/\/universnews224.com\/index.php\/mory-conde-aux-directeurs-et-chefs-de-cabinet-des-huit-8-region-administratives-aucune-urgence-ne-doit-justifier-la-violation-dune-procedure-administrative\/\",\"url\":\"https:\/\/universnews224.com\/index.php\/mory-conde-aux-directeurs-et-chefs-de-cabinet-des-huit-8-region-administratives-aucune-urgence-ne-doit-justifier-la-violation-dune-procedure-administrative\/\",\"name\":\"Mory Cond\u00e9 aux Directeurs et Chefs de cabinet des huit 8 r\u00e9gion administratives: \u201cAucune urgence ne doit justifier la violation d'une proc\u00e9dure administrative\u201d - UNIVERSNEWS224\",\"isPartOf\":{\"@id\":\"https:\/\/universnews224.com\/#website\"},\"datePublished\":\"2023-10-22T10:49:52+00:00\",\"dateModified\":\"2023-10-22T10:51:38+00:00\",\"inLanguage\":\"fr-FR\",\"potentialAction\":[{\"@type\":\"ReadAction\",\"target\":[\"https:\/\/universnews224.com\/index.php\/mory-conde-aux-directeurs-et-chefs-de-cabinet-des-huit-8-region-administratives-aucune-urgence-ne-doit-justifier-la-violation-dune-procedure-administrative\/\"]}]},{\"@type\":\"WebSite\",\"@id\":\"https:\/\/universnews224.com\/#website\",\"url\":\"https:\/\/universnews224.com\/\",\"name\":\"UNIVERSNEWS224\",\"description\":\"\",\"publisher\":{\"@id\":\"https:\/\/universnews224.com\/#organization\"},\"potentialAction\":[{\"@type\":\"SearchAction\",\"target\":{\"@type\":\"EntryPoint\",\"urlTemplate\":\"https:\/\/universnews224.com\/?s={search_term_string}\"},\"query-input\":\"required name=search_term_string\"}],\"inLanguage\":\"fr-FR\"},{\"@type\":\"Organization\",\"@id\":\"https:\/\/universnews224.com\/#organization\",\"name\":\"UNIVERSNEWS224\",\"url\":\"https:\/\/universnews224.com\/\",\"logo\":{\"@type\":\"ImageObject\",\"inLanguage\":\"fr-FR\",\"@id\":\"https:\/\/universnews224.com\/#\/schema\/logo\/image\/\",\"url\":\"https:\/\/universnews224.com\/wp-content\/uploads\/2022\/08\/cropped-cropped-logoban.jpg\",\"contentUrl\":\"https:\/\/universnews224.com\/wp-content\/uploads\/2022\/08\/cropped-cropped-logoban.jpg\",\"width\":1080,\"height\":138,\"caption\":\"UNIVERSNEWS224\"},\"image\":{\"@id\":\"https:\/\/universnews224.com\/#\/schema\/logo\/image\/\"}},{\"@type\":\"Person\",\"@id\":\"https:\/\/universnews224.com\/#\/schema\/person\/a4b7d4f94a4716df60456a491260485e\",\"name\":\"La R\u00e9daction\",\"image\":{\"@type\":\"ImageObject\",\"inLanguage\":\"fr-FR\",\"@id\":\"https:\/\/universnews224.com\/#\/schema\/person\/image\/\",\"url\":\"https:\/\/secure.gravatar.com\/avatar\/edb90acc7752b23e1b3307ad36c14f0d?s=96&d=mm&r=g\",\"contentUrl\":\"https:\/\/secure.gravatar.com\/avatar\/edb90acc7752b23e1b3307ad36c14f0d?s=96&d=mm&r=g\",\"caption\":\"La R\u00e9daction\"},\"sameAs\":[\"https:\/\/universnews224.com\"],\"url\":\"https:\/\/universnews224.com\/index.php\/author\/m-camara\/\"}]}<\/script>\n<!-- \/ Yoast SEO plugin. -->","yoast_head_json":{"title":"Mory Cond\u00e9 aux Directeurs et Chefs de cabinet des huit 8 r\u00e9gion administratives: \u201cAucune urgence ne doit justifier la violation d'une proc\u00e9dure administrative\u201d - UNIVERSNEWS224","robots":{"index":"index","follow":"follow","max-snippet":"max-snippet:-1","max-image-preview":"max-image-preview:large","max-video-preview":"max-video-preview:-1"},"canonical":"https:\/\/universnews224.com\/index.php\/mory-conde-aux-directeurs-et-chefs-de-cabinet-des-huit-8-region-administratives-aucune-urgence-ne-doit-justifier-la-violation-dune-procedure-administrative\/","og_locale":"fr_FR","og_type":"article","og_title":"Mory Cond\u00e9 aux Directeurs et Chefs de cabinet des huit 8 r\u00e9gion administratives: \u201cAucune urgence ne doit justifier la violation d'une proc\u00e9dure administrative\u201d - UNIVERSNEWS224","og_description":"En proc\u00e9dant de la cl\u00f4ture d\u2019une rencontre d\u2019\u00e9change, de partage et d\u2019appropriation des outils et","og_url":"https:\/\/universnews224.com\/index.php\/mory-conde-aux-directeurs-et-chefs-de-cabinet-des-huit-8-region-administratives-aucune-urgence-ne-doit-justifier-la-violation-dune-procedure-administrative\/","og_site_name":"UNIVERSNEWS224","article_published_time":"2023-10-22T10:49:52+00:00","article_modified_time":"2023-10-22T10:51:38+00:00","og_image":[{"width":1080,"height":486,"url":"https:\/\/universnews224.com\/wp-content\/uploads\/2023\/10\/DDB4EEEA-D6AF-454E-9BA0-BB1BA2D9801E.jpeg","type":"image\/jpeg"}],"author":"La R\u00e9daction","twitter_misc":{"\u00c9crit par":"La R\u00e9daction","Dur\u00e9e de lecture estim\u00e9e":"4 minutes"},"schema":{"@context":"https:\/\/schema.org","@graph":[{"@type":"Article","@id":"https:\/\/universnews224.com\/index.php\/mory-conde-aux-directeurs-et-chefs-de-cabinet-des-huit-8-region-administratives-aucune-urgence-ne-doit-justifier-la-violation-dune-procedure-administrative\/#article","isPartOf":{"@id":"https:\/\/universnews224.com\/index.php\/mory-conde-aux-directeurs-et-chefs-de-cabinet-des-huit-8-region-administratives-aucune-urgence-ne-doit-justifier-la-violation-dune-procedure-administrative\/"},"author":{"name":"La R\u00e9daction","@id":"https:\/\/universnews224.com\/#\/schema\/person\/a4b7d4f94a4716df60456a491260485e"},"headline":"Mory Cond\u00e9 aux Directeurs et Chefs de cabinet des huit 8 r\u00e9gion administratives: \u201cAucune urgence ne doit justifier la violation d&rsquo;une proc\u00e9dure administrative\u201d","datePublished":"2023-10-22T10:49:52+00:00","dateModified":"2023-10-22T10:51:38+00:00","mainEntityOfPage":{"@id":"https:\/\/universnews224.com\/index.php\/mory-conde-aux-directeurs-et-chefs-de-cabinet-des-huit-8-region-administratives-aucune-urgence-ne-doit-justifier-la-violation-dune-procedure-administrative\/"},"wordCount":771,"publisher":{"@id":"https:\/\/universnews224.com\/#organization"},"keywords":["La une"],"articleSection":["ACTU","SOCI\u00c9T\u00c9"],"inLanguage":"fr-FR"},{"@type":"WebPage","@id":"https:\/\/universnews224.com\/index.php\/mory-conde-aux-directeurs-et-chefs-de-cabinet-des-huit-8-region-administratives-aucune-urgence-ne-doit-justifier-la-violation-dune-procedure-administrative\/","url":"https:\/\/universnews224.com\/index.php\/mory-conde-aux-directeurs-et-chefs-de-cabinet-des-huit-8-region-administratives-aucune-urgence-ne-doit-justifier-la-violation-dune-procedure-administrative\/","name":"Mory Cond\u00e9 aux Directeurs et Chefs de cabinet des huit 8 r\u00e9gion administratives: \u201cAucune urgence ne doit justifier la violation d'une proc\u00e9dure administrative\u201d - UNIVERSNEWS224","isPartOf":{"@id":"https:\/\/universnews224.com\/#website"},"datePublished":"2023-10-22T10:49:52+00:00","dateModified":"2023-10-22T10:51:38+00:00","inLanguage":"fr-FR","potentialAction":[{"@type":"ReadAction","target":["https:\/\/universnews224.com\/index.php\/mory-conde-aux-directeurs-et-chefs-de-cabinet-des-huit-8-region-administratives-aucune-urgence-ne-doit-justifier-la-violation-dune-procedure-administrative\/"]}]},{"@type":"WebSite","@id":"https:\/\/universnews224.com\/#website","url":"https:\/\/universnews224.com\/","name":"UNIVERSNEWS224","description":"","publisher":{"@id":"https:\/\/universnews224.com\/#organization"},"potentialAction":[{"@type":"SearchAction","target":{"@type":"EntryPoint","urlTemplate":"https:\/\/universnews224.com\/?s={search_term_string}"},"query-input":"required name=search_term_string"}],"inLanguage":"fr-FR"},{"@type":"Organization","@id":"https:\/\/universnews224.com\/#organization","name":"UNIVERSNEWS224","url":"https:\/\/universnews224.com\/","logo":{"@type":"ImageObject","inLanguage":"fr-FR","@id":"https:\/\/universnews224.com\/#\/schema\/logo\/image\/","url":"https:\/\/universnews224.com\/wp-content\/uploads\/2022\/08\/cropped-cropped-logoban.jpg","contentUrl":"https:\/\/universnews224.com\/wp-content\/uploads\/2022\/08\/cropped-cropped-logoban.jpg","width":1080,"height":138,"caption":"UNIVERSNEWS224"},"image":{"@id":"https:\/\/universnews224.com\/#\/schema\/logo\/image\/"}},{"@type":"Person","@id":"https:\/\/universnews224.com\/#\/schema\/person\/a4b7d4f94a4716df60456a491260485e","name":"La R\u00e9daction","image":{"@type":"ImageObject","inLanguage":"fr-FR","@id":"https:\/\/universnews224.com\/#\/schema\/person\/image\/","url":"https:\/\/secure.gravatar.com\/avatar\/edb90acc7752b23e1b3307ad36c14f0d?s=96&d=mm&r=g","contentUrl":"https:\/\/secure.gravatar.com\/avatar\/edb90acc7752b23e1b3307ad36c14f0d?s=96&d=mm&r=g","caption":"La R\u00e9daction"},"sameAs":["https:\/\/universnews224.com"],"url":"https:\/\/universnews224.com\/index.php\/author\/m-camara\/"}]}},"_links":{"self":[{"href":"https:\/\/universnews224.com\/index.php\/wp-json\/wp\/v2\/posts\/4468"}],"collection":[{"href":"https:\/\/universnews224.com\/index.php\/wp-json\/wp\/v2\/posts"}],"about":[{"href":"https:\/\/universnews224.com\/index.php\/wp-json\/wp\/v2\/types\/post"}],"author":[{"embeddable":true,"href":"https:\/\/universnews224.com\/index.php\/wp-json\/wp\/v2\/users\/2"}],"replies":[{"embeddable":true,"href":"https:\/\/universnews224.com\/index.php\/wp-json\/wp\/v2\/comments?post=4468"}],"version-history":[{"count":1,"href":"https:\/\/universnews224.com\/index.php\/wp-json\/wp\/v2\/posts\/4468\/revisions"}],"predecessor-version":[{"id":4469,"href":"https:\/\/universnews224.com\/index.php\/wp-json\/wp\/v2\/posts\/4468\/revisions\/4469"}],"wp:featuredmedia":[{"embeddable":true,"href":"https:\/\/universnews224.com\/index.php\/wp-json\/wp\/v2\/media\/4471"}],"wp:attachment":[{"href":"https:\/\/universnews224.com\/index.php\/wp-json\/wp\/v2\/media?parent=4468"}],"wp:term":[{"taxonomy":"category","embeddable":true,"href":"https:\/\/universnews224.com\/index.php\/wp-json\/wp\/v2\/categories?post=4468"},{"taxonomy":"post_tag","embeddable":true,"href":"https:\/\/universnews224.com\/index.php\/wp-json\/wp\/v2\/tags?post=4468"}],"curies":[{"name":"wp","href":"https:\/\/api.w.org\/{rel}","templated":true}]}}