{"id":4479,"date":"2023-10-23T15:45:08","date_gmt":"2023-10-23T14:45:08","guid":{"rendered":"https:\/\/universnews224.com\/?p=4479"},"modified":"2023-10-23T15:45:08","modified_gmt":"2023-10-23T14:45:08","slug":"alpha-boubacar-barry-le-centre-de-formation-professionnelle-camara-laye-de-donka-a-ete-entierement-finance-par-les-fonds-issus-de-loperation-de-vente-des-vehicules-v8-qui-etaient-a","status":"publish","type":"post","link":"https:\/\/universnews224.com\/index.php\/alpha-boubacar-barry-le-centre-de-formation-professionnelle-camara-laye-de-donka-a-ete-entierement-finance-par-les-fonds-issus-de-loperation-de-vente-des-vehicules-v8-qui-etaient-a\/","title":{"rendered":"Alpha Boubacar Barry: \u201cLe centre de formation Professionnelle Camara Laye de Donka a \u00e9t\u00e9 enti\u00e8rement financ\u00e9 par les fonds issus de l\u2019op\u00e9ration de vente des v\u00e9hicules V8 qui \u00e9taient \u00e0 la pr\u00e9sidence de la R\u00e9publique\u201d"},"content":{"rendered":"<p class=\"p1\"><span class=\"s1\">On en sait un peu plus sur l\u2019utilisation des fonds issus de l\u2019op\u00e9ration de vente des v\u00e9hicules V8 saisis \u00e0 la pr\u00e9sidence de la R\u00e9publique au lendemain le coup d\u2019\u00c9tat du 05 septembre. <\/span><\/p>\n<p class=\"p1\"><span class=\"s1\">Alors que beaucoup de citoyens s\u2019interrogeaient sur la destination ces fonds, le minist\u00e8re de l\u2019Enseignement technique et de la formation professionnelle a indiqu\u00e9 le vendredi dernier,lors de l\u2019inauguration du centre de formation Professionnelle Camara Laye de Donka, qu\u2019une partie ce montant a servi \u00e0 la r\u00e9novation de cet \u00e9tablissement. <\/span><\/p>\n<p class=\"p1\"><span class=\"s1\">Invit\u00e9 de l\u2019\u00e9mission Mirador de la radio Fim Fm de ce lundi,23 octobre 2023, Alpha Boubacar Barry a r\u00e9it\u00e9r\u00e9 ses dires: <\/span><\/p>\n<p class=\"p1\"><span class=\"s1\">\u201cLe centre de formation Professionnelle Camara Laye de Donka a \u00e9t\u00e9 enti\u00e8rement financ\u00e9 par les fonds issus de l\u2019op\u00e9ration de vente des v\u00e9hicules V8 qui \u00e9taient \u00e0 la pr\u00e9sidence de la R\u00e9publique, a t-il indiqu\u00e9 avant de rappeler que l\u2019op\u00e9ration de vente des v\u00e9hicules, l\u2019argent a \u00e9t\u00e9 remis au budget national d\u00e9veloppement. <\/span><\/p>\n<p class=\"p1\"><span class=\"s1\">\u201cIl est d\u00e9bours\u00e9 sur la m\u00e9thodologie orthodoxe de d\u00e9caissement d\u2019argent. Donc, ce n\u2019est pas l\u2019argent qui a \u00e9t\u00e9 mis dans un sac envoy\u00e9 au minist\u00e8re de l\u2019Enseignement technique qui a pris et qui a fait les travaux. \u00c7a suivi son cours normal d\u2019ex\u00e9cution comme le pr\u00e9voit la loi en R\u00e9publique de Guin\u00e9e. Un rapport sera bient\u00f4t d\u00e9pos\u00e9 au bureau du pr\u00e9sident ainsi qu\u2019aux autres institutions qui sont d\u00e9vou\u00e9es \u00e0 la cause\u201d, a t-il martel\u00e9. <\/span><\/p>\n<p class=\"p1\"><span class=\"s1\">Camara Mamadouba <\/span><\/p>\n<p class=\"p1\"><span class=\"s1\">611 46 04 10 <\/span><\/p>\n","protected":false},"excerpt":{"rendered":"<p>On en sait un peu plus sur l\u2019utilisation des fonds issus de l\u2019op\u00e9ration de vente<\/p>\n","protected":false},"author":2,"featured_media":4480,"comment_status":"closed","ping_status":"open","sticky":false,"template":"","format":"standard","meta":[],"categories":[3,5],"tags":[229],"yoast_head":"<!-- This site is optimized with the Yoast SEO plugin v19.13 - https:\/\/yoast.com\/wordpress\/plugins\/seo\/ -->\n<title>Alpha Boubacar Barry: \u201cLe centre de formation Professionnelle Camara Laye de Donka a \u00e9t\u00e9 enti\u00e8rement financ\u00e9 par les fonds issus de l\u2019op\u00e9ration de vente des v\u00e9hicules V8 qui \u00e9taient \u00e0 la pr\u00e9sidence de la R\u00e9publique\u201d - UNIVERSNEWS224<\/title>\n<meta name=\"robots\" content=\"index, follow, max-snippet:-1, max-image-preview:large, max-video-preview:-1\" \/>\n<link rel=\"canonical\" href=\"https:\/\/universnews224.com\/index.php\/alpha-boubacar-barry-le-centre-de-formation-professionnelle-camara-laye-de-donka-a-ete-entierement-finance-par-les-fonds-issus-de-loperation-de-vente-des-vehicules-v8-qui-etaient-a\/\" \/>\n<meta property=\"og:locale\" content=\"fr_FR\" \/>\n<meta property=\"og:type\" content=\"article\" \/>\n<meta property=\"og:title\" content=\"Alpha Boubacar Barry: \u201cLe centre de formation Professionnelle Camara Laye de Donka a \u00e9t\u00e9 enti\u00e8rement financ\u00e9 par les fonds issus de l\u2019op\u00e9ration de vente des v\u00e9hicules V8 qui \u00e9taient \u00e0 la pr\u00e9sidence de la R\u00e9publique\u201d - UNIVERSNEWS224\" \/>\n<meta property=\"og:description\" content=\"On en sait un peu plus sur l\u2019utilisation des fonds issus de l\u2019op\u00e9ration de vente\" \/>\n<meta property=\"og:url\" content=\"https:\/\/universnews224.com\/index.php\/alpha-boubacar-barry-le-centre-de-formation-professionnelle-camara-laye-de-donka-a-ete-entierement-finance-par-les-fonds-issus-de-loperation-de-vente-des-vehicules-v8-qui-etaient-a\/\" \/>\n<meta property=\"og:site_name\" content=\"UNIVERSNEWS224\" \/>\n<meta property=\"article:published_time\" content=\"2023-10-23T14:45:08+00:00\" \/>\n<meta property=\"og:image\" content=\"https:\/\/universnews224.com\/wp-content\/uploads\/2023\/10\/6BE422A7-FD06-4320-A469-0E38110BF370.jpeg\" \/>\n\t<meta property=\"og:image:width\" content=\"1024\" \/>\n\t<meta property=\"og:image:height\" content=\"682\" \/>\n\t<meta property=\"og:image:type\" content=\"image\/jpeg\" \/>\n<meta name=\"author\" content=\"La R\u00e9daction\" \/>\n<meta name=\"twitter:label1\" content=\"\u00c9crit par\" \/>\n\t<meta name=\"twitter:data1\" content=\"La R\u00e9daction\" \/>\n\t<meta name=\"twitter:label2\" content=\"Dur\u00e9e de lecture estim\u00e9e\" \/>\n\t<meta name=\"twitter:data2\" content=\"2 minutes\" \/>\n<script type=\"application\/ld+json\" class=\"yoast-schema-graph\">{\"@context\":\"https:\/\/schema.org\",\"@graph\":[{\"@type\":\"Article\",\"@id\":\"https:\/\/universnews224.com\/index.php\/alpha-boubacar-barry-le-centre-de-formation-professionnelle-camara-laye-de-donka-a-ete-entierement-finance-par-les-fonds-issus-de-loperation-de-vente-des-vehicules-v8-qui-etaient-a\/#article\",\"isPartOf\":{\"@id\":\"https:\/\/universnews224.com\/index.php\/alpha-boubacar-barry-le-centre-de-formation-professionnelle-camara-laye-de-donka-a-ete-entierement-finance-par-les-fonds-issus-de-loperation-de-vente-des-vehicules-v8-qui-etaient-a\/\"},\"author\":{\"name\":\"La R\u00e9daction\",\"@id\":\"https:\/\/universnews224.com\/#\/schema\/person\/a4b7d4f94a4716df60456a491260485e\"},\"headline\":\"Alpha Boubacar Barry: \u201cLe centre de formation Professionnelle Camara Laye de Donka a \u00e9t\u00e9 enti\u00e8rement financ\u00e9 par les fonds issus de l\u2019op\u00e9ration de vente des v\u00e9hicules V8 qui \u00e9taient \u00e0 la pr\u00e9sidence de la R\u00e9publique\u201d\",\"datePublished\":\"2023-10-23T14:45:08+00:00\",\"dateModified\":\"2023-10-23T14:45:08+00:00\",\"mainEntityOfPage\":{\"@id\":\"https:\/\/universnews224.com\/index.php\/alpha-boubacar-barry-le-centre-de-formation-professionnelle-camara-laye-de-donka-a-ete-entierement-finance-par-les-fonds-issus-de-loperation-de-vente-des-vehicules-v8-qui-etaient-a\/\"},\"wordCount\":312,\"publisher\":{\"@id\":\"https:\/\/universnews224.com\/#organization\"},\"keywords\":[\"La une\"],\"articleSection\":[\"ACTU\",\"SOCI\u00c9T\u00c9\"],\"inLanguage\":\"fr-FR\"},{\"@type\":\"WebPage\",\"@id\":\"https:\/\/universnews224.com\/index.php\/alpha-boubacar-barry-le-centre-de-formation-professionnelle-camara-laye-de-donka-a-ete-entierement-finance-par-les-fonds-issus-de-loperation-de-vente-des-vehicules-v8-qui-etaient-a\/\",\"url\":\"https:\/\/universnews224.com\/index.php\/alpha-boubacar-barry-le-centre-de-formation-professionnelle-camara-laye-de-donka-a-ete-entierement-finance-par-les-fonds-issus-de-loperation-de-vente-des-vehicules-v8-qui-etaient-a\/\",\"name\":\"Alpha Boubacar Barry: \u201cLe centre de formation Professionnelle Camara Laye de Donka a \u00e9t\u00e9 enti\u00e8rement financ\u00e9 par les fonds issus de l\u2019op\u00e9ration de vente des v\u00e9hicules V8 qui \u00e9taient \u00e0 la pr\u00e9sidence de la R\u00e9publique\u201d - UNIVERSNEWS224\",\"isPartOf\":{\"@id\":\"https:\/\/universnews224.com\/#website\"},\"datePublished\":\"2023-10-23T14:45:08+00:00\",\"dateModified\":\"2023-10-23T14:45:08+00:00\",\"inLanguage\":\"fr-FR\",\"potentialAction\":[{\"@type\":\"ReadAction\",\"target\":[\"https:\/\/universnews224.com\/index.php\/alpha-boubacar-barry-le-centre-de-formation-professionnelle-camara-laye-de-donka-a-ete-entierement-finance-par-les-fonds-issus-de-loperation-de-vente-des-vehicules-v8-qui-etaient-a\/\"]}]},{\"@type\":\"WebSite\",\"@id\":\"https:\/\/universnews224.com\/#website\",\"url\":\"https:\/\/universnews224.com\/\",\"name\":\"UNIVERSNEWS224\",\"description\":\"\",\"publisher\":{\"@id\":\"https:\/\/universnews224.com\/#organization\"},\"potentialAction\":[{\"@type\":\"SearchAction\",\"target\":{\"@type\":\"EntryPoint\",\"urlTemplate\":\"https:\/\/universnews224.com\/?s={search_term_string}\"},\"query-input\":\"required name=search_term_string\"}],\"inLanguage\":\"fr-FR\"},{\"@type\":\"Organization\",\"@id\":\"https:\/\/universnews224.com\/#organization\",\"name\":\"UNIVERSNEWS224\",\"url\":\"https:\/\/universnews224.com\/\",\"logo\":{\"@type\":\"ImageObject\",\"inLanguage\":\"fr-FR\",\"@id\":\"https:\/\/universnews224.com\/#\/schema\/logo\/image\/\",\"url\":\"https:\/\/universnews224.com\/wp-content\/uploads\/2022\/08\/cropped-cropped-logoban.jpg\",\"contentUrl\":\"https:\/\/universnews224.com\/wp-content\/uploads\/2022\/08\/cropped-cropped-logoban.jpg\",\"width\":1080,\"height\":138,\"caption\":\"UNIVERSNEWS224\"},\"image\":{\"@id\":\"https:\/\/universnews224.com\/#\/schema\/logo\/image\/\"}},{\"@type\":\"Person\",\"@id\":\"https:\/\/universnews224.com\/#\/schema\/person\/a4b7d4f94a4716df60456a491260485e\",\"name\":\"La R\u00e9daction\",\"image\":{\"@type\":\"ImageObject\",\"inLanguage\":\"fr-FR\",\"@id\":\"https:\/\/universnews224.com\/#\/schema\/person\/image\/\",\"url\":\"https:\/\/secure.gravatar.com\/avatar\/edb90acc7752b23e1b3307ad36c14f0d?s=96&d=mm&r=g\",\"contentUrl\":\"https:\/\/secure.gravatar.com\/avatar\/edb90acc7752b23e1b3307ad36c14f0d?s=96&d=mm&r=g\",\"caption\":\"La R\u00e9daction\"},\"sameAs\":[\"https:\/\/universnews224.com\"],\"url\":\"https:\/\/universnews224.com\/index.php\/author\/m-camara\/\"}]}<\/script>\n<!-- \/ Yoast SEO plugin. -->","yoast_head_json":{"title":"Alpha Boubacar Barry: \u201cLe centre de formation Professionnelle Camara Laye de Donka a \u00e9t\u00e9 enti\u00e8rement financ\u00e9 par les fonds issus de l\u2019op\u00e9ration de vente des v\u00e9hicules V8 qui \u00e9taient \u00e0 la pr\u00e9sidence de la R\u00e9publique\u201d - UNIVERSNEWS224","robots":{"index":"index","follow":"follow","max-snippet":"max-snippet:-1","max-image-preview":"max-image-preview:large","max-video-preview":"max-video-preview:-1"},"canonical":"https:\/\/universnews224.com\/index.php\/alpha-boubacar-barry-le-centre-de-formation-professionnelle-camara-laye-de-donka-a-ete-entierement-finance-par-les-fonds-issus-de-loperation-de-vente-des-vehicules-v8-qui-etaient-a\/","og_locale":"fr_FR","og_type":"article","og_title":"Alpha Boubacar Barry: \u201cLe centre de formation Professionnelle Camara Laye de Donka a \u00e9t\u00e9 enti\u00e8rement financ\u00e9 par les fonds issus de l\u2019op\u00e9ration de vente des v\u00e9hicules V8 qui \u00e9taient \u00e0 la pr\u00e9sidence de la R\u00e9publique\u201d - UNIVERSNEWS224","og_description":"On en sait un peu plus sur l\u2019utilisation des fonds issus de l\u2019op\u00e9ration de vente","og_url":"https:\/\/universnews224.com\/index.php\/alpha-boubacar-barry-le-centre-de-formation-professionnelle-camara-laye-de-donka-a-ete-entierement-finance-par-les-fonds-issus-de-loperation-de-vente-des-vehicules-v8-qui-etaient-a\/","og_site_name":"UNIVERSNEWS224","article_published_time":"2023-10-23T14:45:08+00:00","og_image":[{"width":1024,"height":682,"url":"https:\/\/universnews224.com\/wp-content\/uploads\/2023\/10\/6BE422A7-FD06-4320-A469-0E38110BF370.jpeg","type":"image\/jpeg"}],"author":"La R\u00e9daction","twitter_misc":{"\u00c9crit par":"La R\u00e9daction","Dur\u00e9e de lecture estim\u00e9e":"2 minutes"},"schema":{"@context":"https:\/\/schema.org","@graph":[{"@type":"Article","@id":"https:\/\/universnews224.com\/index.php\/alpha-boubacar-barry-le-centre-de-formation-professionnelle-camara-laye-de-donka-a-ete-entierement-finance-par-les-fonds-issus-de-loperation-de-vente-des-vehicules-v8-qui-etaient-a\/#article","isPartOf":{"@id":"https:\/\/universnews224.com\/index.php\/alpha-boubacar-barry-le-centre-de-formation-professionnelle-camara-laye-de-donka-a-ete-entierement-finance-par-les-fonds-issus-de-loperation-de-vente-des-vehicules-v8-qui-etaient-a\/"},"author":{"name":"La R\u00e9daction","@id":"https:\/\/universnews224.com\/#\/schema\/person\/a4b7d4f94a4716df60456a491260485e"},"headline":"Alpha Boubacar Barry: \u201cLe centre de formation Professionnelle Camara Laye de Donka a \u00e9t\u00e9 enti\u00e8rement financ\u00e9 par les fonds issus de l\u2019op\u00e9ration de vente des v\u00e9hicules V8 qui \u00e9taient \u00e0 la pr\u00e9sidence de la R\u00e9publique\u201d","datePublished":"2023-10-23T14:45:08+00:00","dateModified":"2023-10-23T14:45:08+00:00","mainEntityOfPage":{"@id":"https:\/\/universnews224.com\/index.php\/alpha-boubacar-barry-le-centre-de-formation-professionnelle-camara-laye-de-donka-a-ete-entierement-finance-par-les-fonds-issus-de-loperation-de-vente-des-vehicules-v8-qui-etaient-a\/"},"wordCount":312,"publisher":{"@id":"https:\/\/universnews224.com\/#organization"},"keywords":["La une"],"articleSection":["ACTU","SOCI\u00c9T\u00c9"],"inLanguage":"fr-FR"},{"@type":"WebPage","@id":"https:\/\/universnews224.com\/index.php\/alpha-boubacar-barry-le-centre-de-formation-professionnelle-camara-laye-de-donka-a-ete-entierement-finance-par-les-fonds-issus-de-loperation-de-vente-des-vehicules-v8-qui-etaient-a\/","url":"https:\/\/universnews224.com\/index.php\/alpha-boubacar-barry-le-centre-de-formation-professionnelle-camara-laye-de-donka-a-ete-entierement-finance-par-les-fonds-issus-de-loperation-de-vente-des-vehicules-v8-qui-etaient-a\/","name":"Alpha Boubacar Barry: \u201cLe centre de formation Professionnelle Camara Laye de Donka a \u00e9t\u00e9 enti\u00e8rement financ\u00e9 par les fonds issus de l\u2019op\u00e9ration de vente des v\u00e9hicules V8 qui \u00e9taient \u00e0 la pr\u00e9sidence de la R\u00e9publique\u201d - UNIVERSNEWS224","isPartOf":{"@id":"https:\/\/universnews224.com\/#website"},"datePublished":"2023-10-23T14:45:08+00:00","dateModified":"2023-10-23T14:45:08+00:00","inLanguage":"fr-FR","potentialAction":[{"@type":"ReadAction","target":["https:\/\/universnews224.com\/index.php\/alpha-boubacar-barry-le-centre-de-formation-professionnelle-camara-laye-de-donka-a-ete-entierement-finance-par-les-fonds-issus-de-loperation-de-vente-des-vehicules-v8-qui-etaient-a\/"]}]},{"@type":"WebSite","@id":"https:\/\/universnews224.com\/#website","url":"https:\/\/universnews224.com\/","name":"UNIVERSNEWS224","description":"","publisher":{"@id":"https:\/\/universnews224.com\/#organization"},"potentialAction":[{"@type":"SearchAction","target":{"@type":"EntryPoint","urlTemplate":"https:\/\/universnews224.com\/?s={search_term_string}"},"query-input":"required name=search_term_string"}],"inLanguage":"fr-FR"},{"@type":"Organization","@id":"https:\/\/universnews224.com\/#organization","name":"UNIVERSNEWS224","url":"https:\/\/universnews224.com\/","logo":{"@type":"ImageObject","inLanguage":"fr-FR","@id":"https:\/\/universnews224.com\/#\/schema\/logo\/image\/","url":"https:\/\/universnews224.com\/wp-content\/uploads\/2022\/08\/cropped-cropped-logoban.jpg","contentUrl":"https:\/\/universnews224.com\/wp-content\/uploads\/2022\/08\/cropped-cropped-logoban.jpg","width":1080,"height":138,"caption":"UNIVERSNEWS224"},"image":{"@id":"https:\/\/universnews224.com\/#\/schema\/logo\/image\/"}},{"@type":"Person","@id":"https:\/\/universnews224.com\/#\/schema\/person\/a4b7d4f94a4716df60456a491260485e","name":"La R\u00e9daction","image":{"@type":"ImageObject","inLanguage":"fr-FR","@id":"https:\/\/universnews224.com\/#\/schema\/person\/image\/","url":"https:\/\/secure.gravatar.com\/avatar\/edb90acc7752b23e1b3307ad36c14f0d?s=96&d=mm&r=g","contentUrl":"https:\/\/secure.gravatar.com\/avatar\/edb90acc7752b23e1b3307ad36c14f0d?s=96&d=mm&r=g","caption":"La R\u00e9daction"},"sameAs":["https:\/\/universnews224.com"],"url":"https:\/\/universnews224.com\/index.php\/author\/m-camara\/"}]}},"_links":{"self":[{"href":"https:\/\/universnews224.com\/index.php\/wp-json\/wp\/v2\/posts\/4479"}],"collection":[{"href":"https:\/\/universnews224.com\/index.php\/wp-json\/wp\/v2\/posts"}],"about":[{"href":"https:\/\/universnews224.com\/index.php\/wp-json\/wp\/v2\/types\/post"}],"author":[{"embeddable":true,"href":"https:\/\/universnews224.com\/index.php\/wp-json\/wp\/v2\/users\/2"}],"replies":[{"embeddable":true,"href":"https:\/\/universnews224.com\/index.php\/wp-json\/wp\/v2\/comments?post=4479"}],"version-history":[{"count":1,"href":"https:\/\/universnews224.com\/index.php\/wp-json\/wp\/v2\/posts\/4479\/revisions"}],"predecessor-version":[{"id":4481,"href":"https:\/\/universnews224.com\/index.php\/wp-json\/wp\/v2\/posts\/4479\/revisions\/4481"}],"wp:featuredmedia":[{"embeddable":true,"href":"https:\/\/universnews224.com\/index.php\/wp-json\/wp\/v2\/media\/4480"}],"wp:attachment":[{"href":"https:\/\/universnews224.com\/index.php\/wp-json\/wp\/v2\/media?parent=4479"}],"wp:term":[{"taxonomy":"category","embeddable":true,"href":"https:\/\/universnews224.com\/index.php\/wp-json\/wp\/v2\/categories?post=4479"},{"taxonomy":"post_tag","embeddable":true,"href":"https:\/\/universnews224.com\/index.php\/wp-json\/wp\/v2\/tags?post=4479"}],"curies":[{"name":"wp","href":"https:\/\/api.w.org\/{rel}","templated":true}]}}