{"id":4485,"date":"2023-10-25T14:17:28","date_gmt":"2023-10-25T13:17:28","guid":{"rendered":"https:\/\/universnews224.com\/?p=4485"},"modified":"2023-10-25T14:52:02","modified_gmt":"2023-10-25T13:52:02","slug":"port-de-conakry-celebration-des-performances-portuaires-et-reception-des-nouveaux-equipements","status":"publish","type":"post","link":"https:\/\/universnews224.com\/index.php\/port-de-conakry-celebration-des-performances-portuaires-et-reception-des-nouveaux-equipements\/","title":{"rendered":"Port de Conakry\u00a0: C\u00e9l\u00e9bration des performances portuaires et r\u00e9ception des nouveaux \u00e9quipements."},"content":{"rendered":"<p class=\"p1\"><span class=\"s2\">Class\u00e9 pour la deuxi\u00e8me ann\u00e9e cons\u00e9cutive, premier Port performant de l\u2019Afrique de l\u2019Ouest et huiti\u00e8me Port en Afrique selon le classement des institutions financi\u00e8res internationales dont le Groupe de la Banque mondiale.<\/span><\/p>\n<p class=\"p1\"><span class=\"s2\">A cette heureuse occasion, le Port de Conakry a organis\u00e9 ce Vendredi, 20 Octobre 2023 au chapiteau du Palais du Peuple, une c\u00e9r\u00e9monie pour c\u00e9l\u00e9brer les performances portuaires et la remise de satisf\u00e9cits aux entit\u00e9s et aux travailleurs qui se sont illustr\u00e9s dans le d\u00e9veloppement du Port de Conakry.<\/span><\/p>\n<p class=\"p1\"><span class=\"s2\">La c\u00e9r\u00e9monie a enregistr\u00e9 la pr\u00e9sence des membres du CNRD et du gouvernement notamment le Minist\u00e8re des Transports, du Gouverneur de la ville de Conakry, la communaut\u00e9 portuaire, les partenaires et les repr\u00e9sentants des Pays de l\u2019hinterland notamment le Mali et le Burkina Faso<\/span><\/p>\n<p class=\"p2\"><span class=\"s2\"><a href=\"https:\/\/universnews224.com\/wp-content\/uploads\/2023\/10\/481D3D4A-3451-448B-8EAD-A126D6F152AF.jpeg\"><img loading=\"lazy\" class=\"alignnone size-medium wp-image-4491\" src=\"https:\/\/universnews224.com\/wp-content\/uploads\/2023\/10\/481D3D4A-3451-448B-8EAD-A126D6F152AF-300x169.jpeg\" alt=\"\" width=\"300\" height=\"169\" srcset=\"https:\/\/universnews224.com\/wp-content\/uploads\/2023\/10\/481D3D4A-3451-448B-8EAD-A126D6F152AF-300x169.jpeg 300w, https:\/\/universnews224.com\/wp-content\/uploads\/2023\/10\/481D3D4A-3451-448B-8EAD-A126D6F152AF-768x432.jpeg 768w, https:\/\/universnews224.com\/wp-content\/uploads\/2023\/10\/481D3D4A-3451-448B-8EAD-A126D6F152AF-800x450.jpeg 800w, https:\/\/universnews224.com\/wp-content\/uploads\/2023\/10\/481D3D4A-3451-448B-8EAD-A126D6F152AF.jpeg 960w\" sizes=\"(max-width: 300px) 100vw, 300px\" \/><\/a>La Soci\u00e9t\u00e9 Alport Conakry filiale du Groupe Albayrak et concessionnaire du terminal conventionnel a rafl\u00e9 les deux prix dont le premier a \u00e9t\u00e9 d\u00e9cern\u00e9 \u00e0 titre posthume \u00e0 Monsieur <span class=\"s3\">Cem \u00d6ZY\u00dcREK<\/span>Responsable de l&rsquo;administration d&rsquo;Alport Conakry et le second est revenu \u00e0 l\u2019entreprise Alport Conakry.<a href=\"https:\/\/universnews224.com\/wp-content\/uploads\/2023\/10\/A3520685-24BD-479B-A2B5-9E3BE9DA52C7.jpeg\"><img loading=\"lazy\" class=\"alignnone size-medium wp-image-4488\" src=\"https:\/\/universnews224.com\/wp-content\/uploads\/2023\/10\/A3520685-24BD-479B-A2B5-9E3BE9DA52C7-300x169.jpeg\" alt=\"\" width=\"300\" height=\"169\" srcset=\"https:\/\/universnews224.com\/wp-content\/uploads\/2023\/10\/A3520685-24BD-479B-A2B5-9E3BE9DA52C7-300x169.jpeg 300w, https:\/\/universnews224.com\/wp-content\/uploads\/2023\/10\/A3520685-24BD-479B-A2B5-9E3BE9DA52C7-768x432.jpeg 768w, https:\/\/universnews224.com\/wp-content\/uploads\/2023\/10\/A3520685-24BD-479B-A2B5-9E3BE9DA52C7-800x450.jpeg 800w, https:\/\/universnews224.com\/wp-content\/uploads\/2023\/10\/A3520685-24BD-479B-A2B5-9E3BE9DA52C7.jpeg 960w\" sizes=\"(max-width: 300px) 100vw, 300px\" \/><\/a><\/span><\/p>\n<p class=\"p1\"><span class=\"s2\">Monsieur <\/span><span class=\"s3\">Ecevit ERCAN<\/span><span class=\"s2\">, Directeur de la Repr\u00e9sentation et du Protocole se r\u00e9jouit de ce prix\u00a0:<a href=\"https:\/\/universnews224.com\/wp-content\/uploads\/2023\/10\/35FF0452-6557-45D6-82EF-CCC778CC55F3.jpeg\"><img loading=\"lazy\" class=\"alignnone size-medium wp-image-4493\" src=\"https:\/\/universnews224.com\/wp-content\/uploads\/2023\/10\/35FF0452-6557-45D6-82EF-CCC778CC55F3-300x169.jpeg\" alt=\"\" width=\"300\" height=\"169\" srcset=\"https:\/\/universnews224.com\/wp-content\/uploads\/2023\/10\/35FF0452-6557-45D6-82EF-CCC778CC55F3-300x169.jpeg 300w, https:\/\/universnews224.com\/wp-content\/uploads\/2023\/10\/35FF0452-6557-45D6-82EF-CCC778CC55F3-768x432.jpeg 768w, https:\/\/universnews224.com\/wp-content\/uploads\/2023\/10\/35FF0452-6557-45D6-82EF-CCC778CC55F3-800x450.jpeg 800w, https:\/\/universnews224.com\/wp-content\/uploads\/2023\/10\/35FF0452-6557-45D6-82EF-CCC778CC55F3.jpeg 960w\" sizes=\"(max-width: 300px) 100vw, 300px\" \/><\/a><\/span><\/p>\n<p class=\"p1\"><span class=\"s4\">\u00ab\u00a0En tant que Directeur de la Repr\u00e9sentation et du Protocole, je suis profond\u00e9ment \u00e9mu et honor\u00e9 d&rsquo;avoir re\u00e7u un prix \u00e0 titre posthume de la part d&rsquo;un de nos employ\u00e9s en l\u2019occurrence<\/span><span class=\"s1\"> Cem \u00d6ZY\u00dcREK<\/span><span class=\"s4\">qui a apport\u00e9 une contribution majeure au d\u00e9veloppement du Port de Conakry. Recevoir un tel honneur t\u00e9moigne de l&rsquo;impact positif de notre travail et de notre d\u00e9vouement en tant que meilleur terminal intelligent du monde est une reconnaissance qui va au-del\u00e0 de notre vivant. Cette reconnaissance me remplit d&rsquo;une immense fiert\u00e9, mais elle est \u00e9galement teint\u00e9e de tristesse et de regret. Regret de ne pas avoir pu exprimer suffisamment ma gratitude et ma reconnaissance envers cet employ\u00e9 exceptionnel de son vivant, et tristesse de savoir qu&rsquo;il n&rsquo;est plus parmi nous pour partager ce moment de c\u00e9l\u00e9bration.La contribution de cet employ\u00e9 au d\u00e9veloppement du Port de Conakry est un t\u00e9moignage de son professionnalisme, de son d\u00e9vouement et de son talent. Son travail a eu un impact significatif sur l\u2019organisation de l\u2019Administration de la Soci\u00e9t\u00e9 Alport Conakry.<\/span><\/p>\n<p class=\"p1\"><span class=\"s4\">Je suis d\u00e9termin\u00e9 \u00e0 rendre hommage \u00e0 cet employ\u00e9 exceptionnel, en continuant \u00e0 promouvoir le d\u00e9veloppement du Port de Conakry et en inspirant mes \u00e9quipes \u00e0 atteindre leur plein potentiel. Je souhaite honorer sa m\u00e9moire en veillant \u00e0 ce que son h\u00e9ritage soit pr\u00e9serv\u00e9 et en poursuivant son \u0153uvre pour le bien de notre organisation et de la communaut\u00e9. Recevoir ce prix \u00e0 titre posthume me pousse \u00e0 redoubler d&rsquo;efforts et \u00e0 travailler encore avec plus de d\u00e9termination, en sachant que chaque d\u00e9cision et chaque action que la Soci\u00e9t\u00e9 prendra peut avoir un impact durable sur la vie des employ\u00e9s et sur le succ\u00e8s de notre institution\u00a0\u00bb<\/span><span class=\"s2\"> a-t-il indiqu\u00e9<\/span><\/p>\n<p class=\"p1\"><span class=\"s2\">.<a href=\"https:\/\/universnews224.com\/wp-content\/uploads\/2023\/10\/CCF1AFBF-8E5B-4746-AB16-5DEEE7692DA3.jpeg\"><img loading=\"lazy\" class=\"alignnone size-medium wp-image-4486\" src=\"https:\/\/universnews224.com\/wp-content\/uploads\/2023\/10\/CCF1AFBF-8E5B-4746-AB16-5DEEE7692DA3-300x135.jpeg\" alt=\"\" width=\"300\" height=\"135\" srcset=\"https:\/\/universnews224.com\/wp-content\/uploads\/2023\/10\/CCF1AFBF-8E5B-4746-AB16-5DEEE7692DA3-300x135.jpeg 300w, https:\/\/universnews224.com\/wp-content\/uploads\/2023\/10\/CCF1AFBF-8E5B-4746-AB16-5DEEE7692DA3-768x346.jpeg 768w, https:\/\/universnews224.com\/wp-content\/uploads\/2023\/10\/CCF1AFBF-8E5B-4746-AB16-5DEEE7692DA3.jpeg 1000w\" sizes=\"(max-width: 300px) 100vw, 300px\" \/><\/a><\/span><\/p>\n<p class=\"p1\"><span class=\"s2\">La c\u00e9r\u00e9monie a pris fin par la prise de la photo de famille.<\/span><\/p>\n<p class=\"p1\"><span class=\"s2\">Service de communication<\/span><\/p>\n","protected":false},"excerpt":{"rendered":"<p>Class\u00e9 pour la deuxi\u00e8me ann\u00e9e cons\u00e9cutive, premier Port performant de l\u2019Afrique de l\u2019Ouest et huiti\u00e8me<\/p>\n","protected":false},"author":2,"featured_media":4493,"comment_status":"closed","ping_status":"open","sticky":false,"template":"","format":"standard","meta":[],"categories":[3,5],"tags":[229],"yoast_head":"<!-- This site is optimized with the Yoast SEO plugin v19.13 - https:\/\/yoast.com\/wordpress\/plugins\/seo\/ -->\n<title>Port de Conakry\u00a0: C\u00e9l\u00e9bration des performances portuaires et r\u00e9ception des nouveaux \u00e9quipements. - UNIVERSNEWS224<\/title>\n<meta name=\"robots\" content=\"index, follow, max-snippet:-1, max-image-preview:large, max-video-preview:-1\" \/>\n<link rel=\"canonical\" href=\"https:\/\/universnews224.com\/index.php\/port-de-conakry-celebration-des-performances-portuaires-et-reception-des-nouveaux-equipements\/\" \/>\n<meta property=\"og:locale\" content=\"fr_FR\" \/>\n<meta property=\"og:type\" content=\"article\" \/>\n<meta property=\"og:title\" content=\"Port de Conakry\u00a0: C\u00e9l\u00e9bration des performances portuaires et r\u00e9ception des nouveaux \u00e9quipements. - UNIVERSNEWS224\" \/>\n<meta property=\"og:description\" content=\"Class\u00e9 pour la deuxi\u00e8me ann\u00e9e cons\u00e9cutive, premier Port performant de l\u2019Afrique de l\u2019Ouest et huiti\u00e8me\" \/>\n<meta property=\"og:url\" content=\"https:\/\/universnews224.com\/index.php\/port-de-conakry-celebration-des-performances-portuaires-et-reception-des-nouveaux-equipements\/\" \/>\n<meta property=\"og:site_name\" content=\"UNIVERSNEWS224\" \/>\n<meta property=\"article:published_time\" content=\"2023-10-25T13:17:28+00:00\" \/>\n<meta property=\"article:modified_time\" content=\"2023-10-25T13:52:02+00:00\" \/>\n<meta property=\"og:image\" content=\"https:\/\/universnews224.com\/wp-content\/uploads\/2023\/10\/35FF0452-6557-45D6-82EF-CCC778CC55F3.jpeg\" \/>\n\t<meta property=\"og:image:width\" content=\"960\" \/>\n\t<meta property=\"og:image:height\" content=\"540\" \/>\n\t<meta property=\"og:image:type\" content=\"image\/jpeg\" \/>\n<meta name=\"author\" content=\"La R\u00e9daction\" \/>\n<meta name=\"twitter:label1\" content=\"\u00c9crit par\" \/>\n\t<meta name=\"twitter:data1\" content=\"La R\u00e9daction\" \/>\n\t<meta name=\"twitter:label2\" content=\"Dur\u00e9e de lecture estim\u00e9e\" \/>\n\t<meta name=\"twitter:data2\" content=\"4 minutes\" \/>\n<script type=\"application\/ld+json\" class=\"yoast-schema-graph\">{\"@context\":\"https:\/\/schema.org\",\"@graph\":[{\"@type\":\"Article\",\"@id\":\"https:\/\/universnews224.com\/index.php\/port-de-conakry-celebration-des-performances-portuaires-et-reception-des-nouveaux-equipements\/#article\",\"isPartOf\":{\"@id\":\"https:\/\/universnews224.com\/index.php\/port-de-conakry-celebration-des-performances-portuaires-et-reception-des-nouveaux-equipements\/\"},\"author\":{\"name\":\"La R\u00e9daction\",\"@id\":\"https:\/\/universnews224.com\/#\/schema\/person\/a4b7d4f94a4716df60456a491260485e\"},\"headline\":\"Port de Conakry\u00a0: C\u00e9l\u00e9bration des performances portuaires et r\u00e9ception des nouveaux \u00e9quipements.\",\"datePublished\":\"2023-10-25T13:17:28+00:00\",\"dateModified\":\"2023-10-25T13:52:02+00:00\",\"mainEntityOfPage\":{\"@id\":\"https:\/\/universnews224.com\/index.php\/port-de-conakry-celebration-des-performances-portuaires-et-reception-des-nouveaux-equipements\/\"},\"wordCount\":537,\"publisher\":{\"@id\":\"https:\/\/universnews224.com\/#organization\"},\"keywords\":[\"La une\"],\"articleSection\":[\"ACTU\",\"SOCI\u00c9T\u00c9\"],\"inLanguage\":\"fr-FR\"},{\"@type\":\"WebPage\",\"@id\":\"https:\/\/universnews224.com\/index.php\/port-de-conakry-celebration-des-performances-portuaires-et-reception-des-nouveaux-equipements\/\",\"url\":\"https:\/\/universnews224.com\/index.php\/port-de-conakry-celebration-des-performances-portuaires-et-reception-des-nouveaux-equipements\/\",\"name\":\"Port de Conakry\u00a0: C\u00e9l\u00e9bration des performances portuaires et r\u00e9ception des nouveaux \u00e9quipements. - UNIVERSNEWS224\",\"isPartOf\":{\"@id\":\"https:\/\/universnews224.com\/#website\"},\"datePublished\":\"2023-10-25T13:17:28+00:00\",\"dateModified\":\"2023-10-25T13:52:02+00:00\",\"inLanguage\":\"fr-FR\",\"potentialAction\":[{\"@type\":\"ReadAction\",\"target\":[\"https:\/\/universnews224.com\/index.php\/port-de-conakry-celebration-des-performances-portuaires-et-reception-des-nouveaux-equipements\/\"]}]},{\"@type\":\"WebSite\",\"@id\":\"https:\/\/universnews224.com\/#website\",\"url\":\"https:\/\/universnews224.com\/\",\"name\":\"UNIVERSNEWS224\",\"description\":\"\",\"publisher\":{\"@id\":\"https:\/\/universnews224.com\/#organization\"},\"potentialAction\":[{\"@type\":\"SearchAction\",\"target\":{\"@type\":\"EntryPoint\",\"urlTemplate\":\"https:\/\/universnews224.com\/?s={search_term_string}\"},\"query-input\":\"required name=search_term_string\"}],\"inLanguage\":\"fr-FR\"},{\"@type\":\"Organization\",\"@id\":\"https:\/\/universnews224.com\/#organization\",\"name\":\"UNIVERSNEWS224\",\"url\":\"https:\/\/universnews224.com\/\",\"logo\":{\"@type\":\"ImageObject\",\"inLanguage\":\"fr-FR\",\"@id\":\"https:\/\/universnews224.com\/#\/schema\/logo\/image\/\",\"url\":\"https:\/\/universnews224.com\/wp-content\/uploads\/2022\/08\/cropped-cropped-logoban.jpg\",\"contentUrl\":\"https:\/\/universnews224.com\/wp-content\/uploads\/2022\/08\/cropped-cropped-logoban.jpg\",\"width\":1080,\"height\":138,\"caption\":\"UNIVERSNEWS224\"},\"image\":{\"@id\":\"https:\/\/universnews224.com\/#\/schema\/logo\/image\/\"}},{\"@type\":\"Person\",\"@id\":\"https:\/\/universnews224.com\/#\/schema\/person\/a4b7d4f94a4716df60456a491260485e\",\"name\":\"La R\u00e9daction\",\"image\":{\"@type\":\"ImageObject\",\"inLanguage\":\"fr-FR\",\"@id\":\"https:\/\/universnews224.com\/#\/schema\/person\/image\/\",\"url\":\"https:\/\/secure.gravatar.com\/avatar\/edb90acc7752b23e1b3307ad36c14f0d?s=96&d=mm&r=g\",\"contentUrl\":\"https:\/\/secure.gravatar.com\/avatar\/edb90acc7752b23e1b3307ad36c14f0d?s=96&d=mm&r=g\",\"caption\":\"La R\u00e9daction\"},\"sameAs\":[\"https:\/\/universnews224.com\"],\"url\":\"https:\/\/universnews224.com\/index.php\/author\/m-camara\/\"}]}<\/script>\n<!-- \/ Yoast SEO plugin. -->","yoast_head_json":{"title":"Port de Conakry\u00a0: C\u00e9l\u00e9bration des performances portuaires et r\u00e9ception des nouveaux \u00e9quipements. - UNIVERSNEWS224","robots":{"index":"index","follow":"follow","max-snippet":"max-snippet:-1","max-image-preview":"max-image-preview:large","max-video-preview":"max-video-preview:-1"},"canonical":"https:\/\/universnews224.com\/index.php\/port-de-conakry-celebration-des-performances-portuaires-et-reception-des-nouveaux-equipements\/","og_locale":"fr_FR","og_type":"article","og_title":"Port de Conakry\u00a0: C\u00e9l\u00e9bration des performances portuaires et r\u00e9ception des nouveaux \u00e9quipements. - UNIVERSNEWS224","og_description":"Class\u00e9 pour la deuxi\u00e8me ann\u00e9e cons\u00e9cutive, premier Port performant de l\u2019Afrique de l\u2019Ouest et huiti\u00e8me","og_url":"https:\/\/universnews224.com\/index.php\/port-de-conakry-celebration-des-performances-portuaires-et-reception-des-nouveaux-equipements\/","og_site_name":"UNIVERSNEWS224","article_published_time":"2023-10-25T13:17:28+00:00","article_modified_time":"2023-10-25T13:52:02+00:00","og_image":[{"width":960,"height":540,"url":"https:\/\/universnews224.com\/wp-content\/uploads\/2023\/10\/35FF0452-6557-45D6-82EF-CCC778CC55F3.jpeg","type":"image\/jpeg"}],"author":"La R\u00e9daction","twitter_misc":{"\u00c9crit par":"La R\u00e9daction","Dur\u00e9e de lecture estim\u00e9e":"4 minutes"},"schema":{"@context":"https:\/\/schema.org","@graph":[{"@type":"Article","@id":"https:\/\/universnews224.com\/index.php\/port-de-conakry-celebration-des-performances-portuaires-et-reception-des-nouveaux-equipements\/#article","isPartOf":{"@id":"https:\/\/universnews224.com\/index.php\/port-de-conakry-celebration-des-performances-portuaires-et-reception-des-nouveaux-equipements\/"},"author":{"name":"La R\u00e9daction","@id":"https:\/\/universnews224.com\/#\/schema\/person\/a4b7d4f94a4716df60456a491260485e"},"headline":"Port de Conakry\u00a0: C\u00e9l\u00e9bration des performances portuaires et r\u00e9ception des nouveaux \u00e9quipements.","datePublished":"2023-10-25T13:17:28+00:00","dateModified":"2023-10-25T13:52:02+00:00","mainEntityOfPage":{"@id":"https:\/\/universnews224.com\/index.php\/port-de-conakry-celebration-des-performances-portuaires-et-reception-des-nouveaux-equipements\/"},"wordCount":537,"publisher":{"@id":"https:\/\/universnews224.com\/#organization"},"keywords":["La une"],"articleSection":["ACTU","SOCI\u00c9T\u00c9"],"inLanguage":"fr-FR"},{"@type":"WebPage","@id":"https:\/\/universnews224.com\/index.php\/port-de-conakry-celebration-des-performances-portuaires-et-reception-des-nouveaux-equipements\/","url":"https:\/\/universnews224.com\/index.php\/port-de-conakry-celebration-des-performances-portuaires-et-reception-des-nouveaux-equipements\/","name":"Port de Conakry\u00a0: C\u00e9l\u00e9bration des performances portuaires et r\u00e9ception des nouveaux \u00e9quipements. - UNIVERSNEWS224","isPartOf":{"@id":"https:\/\/universnews224.com\/#website"},"datePublished":"2023-10-25T13:17:28+00:00","dateModified":"2023-10-25T13:52:02+00:00","inLanguage":"fr-FR","potentialAction":[{"@type":"ReadAction","target":["https:\/\/universnews224.com\/index.php\/port-de-conakry-celebration-des-performances-portuaires-et-reception-des-nouveaux-equipements\/"]}]},{"@type":"WebSite","@id":"https:\/\/universnews224.com\/#website","url":"https:\/\/universnews224.com\/","name":"UNIVERSNEWS224","description":"","publisher":{"@id":"https:\/\/universnews224.com\/#organization"},"potentialAction":[{"@type":"SearchAction","target":{"@type":"EntryPoint","urlTemplate":"https:\/\/universnews224.com\/?s={search_term_string}"},"query-input":"required name=search_term_string"}],"inLanguage":"fr-FR"},{"@type":"Organization","@id":"https:\/\/universnews224.com\/#organization","name":"UNIVERSNEWS224","url":"https:\/\/universnews224.com\/","logo":{"@type":"ImageObject","inLanguage":"fr-FR","@id":"https:\/\/universnews224.com\/#\/schema\/logo\/image\/","url":"https:\/\/universnews224.com\/wp-content\/uploads\/2022\/08\/cropped-cropped-logoban.jpg","contentUrl":"https:\/\/universnews224.com\/wp-content\/uploads\/2022\/08\/cropped-cropped-logoban.jpg","width":1080,"height":138,"caption":"UNIVERSNEWS224"},"image":{"@id":"https:\/\/universnews224.com\/#\/schema\/logo\/image\/"}},{"@type":"Person","@id":"https:\/\/universnews224.com\/#\/schema\/person\/a4b7d4f94a4716df60456a491260485e","name":"La R\u00e9daction","image":{"@type":"ImageObject","inLanguage":"fr-FR","@id":"https:\/\/universnews224.com\/#\/schema\/person\/image\/","url":"https:\/\/secure.gravatar.com\/avatar\/edb90acc7752b23e1b3307ad36c14f0d?s=96&d=mm&r=g","contentUrl":"https:\/\/secure.gravatar.com\/avatar\/edb90acc7752b23e1b3307ad36c14f0d?s=96&d=mm&r=g","caption":"La R\u00e9daction"},"sameAs":["https:\/\/universnews224.com"],"url":"https:\/\/universnews224.com\/index.php\/author\/m-camara\/"}]}},"_links":{"self":[{"href":"https:\/\/universnews224.com\/index.php\/wp-json\/wp\/v2\/posts\/4485"}],"collection":[{"href":"https:\/\/universnews224.com\/index.php\/wp-json\/wp\/v2\/posts"}],"about":[{"href":"https:\/\/universnews224.com\/index.php\/wp-json\/wp\/v2\/types\/post"}],"author":[{"embeddable":true,"href":"https:\/\/universnews224.com\/index.php\/wp-json\/wp\/v2\/users\/2"}],"replies":[{"embeddable":true,"href":"https:\/\/universnews224.com\/index.php\/wp-json\/wp\/v2\/comments?post=4485"}],"version-history":[{"count":3,"href":"https:\/\/universnews224.com\/index.php\/wp-json\/wp\/v2\/posts\/4485\/revisions"}],"predecessor-version":[{"id":4494,"href":"https:\/\/universnews224.com\/index.php\/wp-json\/wp\/v2\/posts\/4485\/revisions\/4494"}],"wp:featuredmedia":[{"embeddable":true,"href":"https:\/\/universnews224.com\/index.php\/wp-json\/wp\/v2\/media\/4493"}],"wp:attachment":[{"href":"https:\/\/universnews224.com\/index.php\/wp-json\/wp\/v2\/media?parent=4485"}],"wp:term":[{"taxonomy":"category","embeddable":true,"href":"https:\/\/universnews224.com\/index.php\/wp-json\/wp\/v2\/categories?post=4485"},{"taxonomy":"post_tag","embeddable":true,"href":"https:\/\/universnews224.com\/index.php\/wp-json\/wp\/v2\/tags?post=4485"}],"curies":[{"name":"wp","href":"https:\/\/api.w.org\/{rel}","templated":true}]}}