{"id":4503,"date":"2023-10-27T19:06:29","date_gmt":"2023-10-27T18:06:29","guid":{"rendered":"https:\/\/universnews224.com\/?p=4503"},"modified":"2023-10-27T19:06:29","modified_gmt":"2023-10-27T18:06:29","slug":"mory-conde-sur-linterdiction-de-sortie-des-daf-ca-prouve-que-la-crief-na-pas-ete-creee-que-pour-les-gestions-anterieures","status":"publish","type":"post","link":"https:\/\/universnews224.com\/index.php\/mory-conde-sur-linterdiction-de-sortie-des-daf-ca-prouve-que-la-crief-na-pas-ete-creee-que-pour-les-gestions-anterieures\/","title":{"rendered":"Mory Cond\u00e9 sur l\u2019interdiction de sortie des DAF: \u201c\u00c7a prouve que la CRIEF n\u2019a pas \u00e9t\u00e9 cr\u00e9\u00e9e que pour les gestions ant\u00e9rieures\u201d"},"content":{"rendered":"<p class=\"p1\" style=\"text-align: left\"><span class=\"s1\">Dans une note r\u00e9cemment publi\u00e9e dans la presse, le procureur sp\u00e9cial pr\u00e8s de la Cour de r\u00e9pression des infractions \u00e9conomiques et financi\u00e8res (CRIEF) a interdit 34 DAF de diff\u00e9rents d\u00e9partements minist\u00e9riels de sortie du territoire. Aly Tour\u00e9 justifie cette d\u00e9cision par les cas de soup\u00e7ons de d\u00e9tournement dont les DAF seraient impliqu\u00e9s. <\/span><\/p>\n<p class=\"p1\"><span class=\"s1\">R\u00e9gissant sur cette actualit\u00e9 chez nos confr\u00e8res de la radio Fim Fm dans l\u2019\u00e9mission <\/span><\/p>\n<p class=\"p1\"><span class=\"s1\">Mirador de ce vendredi, 27 octobre 2023, le ministre de MATD, Mory Cond\u00e9, a indiqu\u00e9 que cet acte courageux pos\u00e9 par le procureur de la CRIEF prouve \u00e0 suffisance que le visage de la gouvernance a chang\u00e9 sous le CNRD. <\/span><\/p>\n<p class=\"p1\"><span class=\"s1\">\u201cJe pense que le procureur sp\u00e9cial de la CRIEF que je f\u00e9licite d\u2019ailleurs pour ces actes, mais \u00e9galement pour son action visant \u00e0 montrer davantage que l\u2019image de notre gouvernance a chang\u00e9. Pour rappel, trois ans en arri\u00e8re en Guin\u00e9e, on ne pouvait pas imaginer qu\u2019un haut commis de l\u2019\u00c9tat pouvait s\u2019inqui\u00e9ter de sa gestion. On ne pouvait pas imaginer qu\u2019un procureur en toute ind\u00e9pendance pouvait se lever et demander \u00e0 un commis de l\u2019\u00c9tat des comptes, ou lui dire tout simplement que tu ne peux pas te d\u00e9placer parce que j\u2019ai re\u00e7u des d\u00e9nonciations\u201d, a t-il indiqu\u00e9. <\/span><\/p>\n<p class=\"p1\"><span class=\"s1\">Poursuivant, le ministre Mory Cond\u00e9 a laiss\u00e9 entendre que le procureur de la CRIEF a bel et bien en droit d\u2019interdire la sortie du territoire \u00e0 un commis de l\u2019\u00c9tat si son nom est cit\u00e9 dans un cas de d\u00e9tournement. <\/span><\/p>\n<p class=\"p1\"><span class=\"s1\">\u201cAujourd\u2019hui, nous ne voyons pas la port\u00e9e morale, sociale et sociologique que les actions du procureur sont en train de porter sur la gouvernance de notre pays. Le procureur re\u00e7oit des d\u00e9nonciations sur n\u2019importe quelle personne et c\u2019est tout \u00e0 fait normal pour le procureur en attendant que les auxiliaires de justice qui sont des officiers de police judiciaire et de gendarmerie ou d\u2019autres enqu\u00eateurs puissent asseoir sa conviction qu\u2019effectivement la d\u00e9nonciation que vous avez re\u00e7ue est fond\u00e9e ou pas. Et en attendant que cela soit v\u00e9rifi\u00e9, le procureur est en droit de dire \u00e0 la personne, \u00e9coutez, en attendant que l\u2019enqu\u00eate puisse aboutir, vous \u00eates interdits de sortir, a t-il soulign\u00e9 avant d\u2019indiquer qu\u2019au lieu de critiquer cette d\u00e9cision du procureur, les gens doivent plut\u00f4t le f\u00e9liciter pour tous les actes qu\u2019il est entrain de poser \u00e0 la CRIEF. <\/span><\/p>\n<p class=\"p1\"><span class=\"s1\">\u201cCe que je n\u2019arrive pas \u00e0 comprendre il y a quelques mois avant, c\u2019est vous, les journalistes qui \u00e9taient en train de fustiger le caract\u00e8re amorphe aujourd\u2019hui de la r\u00e9pression contre toutes les personnes qui sont en train de faire revenir les anciennes pratiques. Maintenant, si le procureur, \u00e0 l\u2019issue des d\u00e9nonciations dont il a eu connaissance, a d\u00e9cid\u00e9 d\u2019interdire la sortie du territoire des DAF, je pense que tout le peuple de Guin\u00e9e devrait se r\u00e9jouir de cet acte du procureur. Parce que \u00e7a prouve que la Crief n\u2019a pas \u00e9t\u00e9 cr\u00e9\u00e9e que pour les gestions ant\u00e9rieures. Mais aussi, pour la gestion actuelle. Je pense aujourd\u2019hui, le procureur Aly Tour\u00e9, si nous \u00e9tions dans un \u00c9tat o\u00f9 les m\u00e9rites sont reconnus, il devrait \u00eatre c\u00e9l\u00e9br\u00e9 \u00e0 cause de cet acte de bravoure et de courage, a t-il martel\u00e9. <\/span><\/p>\n<p class=\"p1\">\n","protected":false},"excerpt":{"rendered":"<p>Dans une note r\u00e9cemment publi\u00e9e dans la presse, le procureur sp\u00e9cial pr\u00e8s de la Cour<\/p>\n","protected":false},"author":2,"featured_media":4504,"comment_status":"closed","ping_status":"open","sticky":false,"template":"","format":"standard","meta":[],"categories":[3,4],"tags":[229],"yoast_head":"<!-- This site is optimized with the Yoast SEO plugin v19.13 - https:\/\/yoast.com\/wordpress\/plugins\/seo\/ -->\n<title>Mory Cond\u00e9 sur l\u2019interdiction de sortie des DAF: \u201c\u00c7a prouve que la CRIEF n\u2019a pas \u00e9t\u00e9 cr\u00e9\u00e9e que pour les gestions ant\u00e9rieures\u201d - UNIVERSNEWS224<\/title>\n<meta name=\"robots\" content=\"index, follow, max-snippet:-1, max-image-preview:large, max-video-preview:-1\" \/>\n<link rel=\"canonical\" href=\"https:\/\/universnews224.com\/index.php\/mory-conde-sur-linterdiction-de-sortie-des-daf-ca-prouve-que-la-crief-na-pas-ete-creee-que-pour-les-gestions-anterieures\/\" \/>\n<meta property=\"og:locale\" content=\"fr_FR\" \/>\n<meta property=\"og:type\" content=\"article\" \/>\n<meta property=\"og:title\" content=\"Mory Cond\u00e9 sur l\u2019interdiction de sortie des DAF: \u201c\u00c7a prouve que la CRIEF n\u2019a pas \u00e9t\u00e9 cr\u00e9\u00e9e que pour les gestions ant\u00e9rieures\u201d - UNIVERSNEWS224\" \/>\n<meta property=\"og:description\" content=\"Dans une note r\u00e9cemment publi\u00e9e dans la presse, le procureur sp\u00e9cial pr\u00e8s de la Cour\" \/>\n<meta property=\"og:url\" content=\"https:\/\/universnews224.com\/index.php\/mory-conde-sur-linterdiction-de-sortie-des-daf-ca-prouve-que-la-crief-na-pas-ete-creee-que-pour-les-gestions-anterieures\/\" \/>\n<meta property=\"og:site_name\" content=\"UNIVERSNEWS224\" \/>\n<meta property=\"article:published_time\" content=\"2023-10-27T18:06:29+00:00\" \/>\n<meta property=\"og:image\" content=\"https:\/\/universnews224.com\/wp-content\/uploads\/2023\/10\/9438778C-1549-4D72-8026-CD3C6CDEA9A4.jpeg\" \/>\n\t<meta property=\"og:image:width\" content=\"1600\" \/>\n\t<meta property=\"og:image:height\" content=\"1066\" \/>\n\t<meta property=\"og:image:type\" content=\"image\/jpeg\" \/>\n<meta name=\"author\" content=\"La R\u00e9daction\" \/>\n<meta name=\"twitter:label1\" content=\"\u00c9crit par\" \/>\n\t<meta name=\"twitter:data1\" content=\"La R\u00e9daction\" \/>\n\t<meta name=\"twitter:label2\" content=\"Dur\u00e9e de lecture estim\u00e9e\" \/>\n\t<meta name=\"twitter:data2\" content=\"3 minutes\" \/>\n<script type=\"application\/ld+json\" class=\"yoast-schema-graph\">{\"@context\":\"https:\/\/schema.org\",\"@graph\":[{\"@type\":\"Article\",\"@id\":\"https:\/\/universnews224.com\/index.php\/mory-conde-sur-linterdiction-de-sortie-des-daf-ca-prouve-que-la-crief-na-pas-ete-creee-que-pour-les-gestions-anterieures\/#article\",\"isPartOf\":{\"@id\":\"https:\/\/universnews224.com\/index.php\/mory-conde-sur-linterdiction-de-sortie-des-daf-ca-prouve-que-la-crief-na-pas-ete-creee-que-pour-les-gestions-anterieures\/\"},\"author\":{\"name\":\"La R\u00e9daction\",\"@id\":\"https:\/\/universnews224.com\/#\/schema\/person\/a4b7d4f94a4716df60456a491260485e\"},\"headline\":\"Mory Cond\u00e9 sur l\u2019interdiction de sortie des DAF: \u201c\u00c7a prouve que la CRIEF n\u2019a pas \u00e9t\u00e9 cr\u00e9\u00e9e que pour les gestions ant\u00e9rieures\u201d\",\"datePublished\":\"2023-10-27T18:06:29+00:00\",\"dateModified\":\"2023-10-27T18:06:29+00:00\",\"mainEntityOfPage\":{\"@id\":\"https:\/\/universnews224.com\/index.php\/mory-conde-sur-linterdiction-de-sortie-des-daf-ca-prouve-que-la-crief-na-pas-ete-creee-que-pour-les-gestions-anterieures\/\"},\"wordCount\":611,\"publisher\":{\"@id\":\"https:\/\/universnews224.com\/#organization\"},\"keywords\":[\"La une\"],\"articleSection\":[\"ACTU\",\"POLITIQUE\"],\"inLanguage\":\"fr-FR\"},{\"@type\":\"WebPage\",\"@id\":\"https:\/\/universnews224.com\/index.php\/mory-conde-sur-linterdiction-de-sortie-des-daf-ca-prouve-que-la-crief-na-pas-ete-creee-que-pour-les-gestions-anterieures\/\",\"url\":\"https:\/\/universnews224.com\/index.php\/mory-conde-sur-linterdiction-de-sortie-des-daf-ca-prouve-que-la-crief-na-pas-ete-creee-que-pour-les-gestions-anterieures\/\",\"name\":\"Mory Cond\u00e9 sur l\u2019interdiction de sortie des DAF: \u201c\u00c7a prouve que la CRIEF n\u2019a pas \u00e9t\u00e9 cr\u00e9\u00e9e que pour les gestions ant\u00e9rieures\u201d - UNIVERSNEWS224\",\"isPartOf\":{\"@id\":\"https:\/\/universnews224.com\/#website\"},\"datePublished\":\"2023-10-27T18:06:29+00:00\",\"dateModified\":\"2023-10-27T18:06:29+00:00\",\"inLanguage\":\"fr-FR\",\"potentialAction\":[{\"@type\":\"ReadAction\",\"target\":[\"https:\/\/universnews224.com\/index.php\/mory-conde-sur-linterdiction-de-sortie-des-daf-ca-prouve-que-la-crief-na-pas-ete-creee-que-pour-les-gestions-anterieures\/\"]}]},{\"@type\":\"WebSite\",\"@id\":\"https:\/\/universnews224.com\/#website\",\"url\":\"https:\/\/universnews224.com\/\",\"name\":\"UNIVERSNEWS224\",\"description\":\"\",\"publisher\":{\"@id\":\"https:\/\/universnews224.com\/#organization\"},\"potentialAction\":[{\"@type\":\"SearchAction\",\"target\":{\"@type\":\"EntryPoint\",\"urlTemplate\":\"https:\/\/universnews224.com\/?s={search_term_string}\"},\"query-input\":\"required name=search_term_string\"}],\"inLanguage\":\"fr-FR\"},{\"@type\":\"Organization\",\"@id\":\"https:\/\/universnews224.com\/#organization\",\"name\":\"UNIVERSNEWS224\",\"url\":\"https:\/\/universnews224.com\/\",\"logo\":{\"@type\":\"ImageObject\",\"inLanguage\":\"fr-FR\",\"@id\":\"https:\/\/universnews224.com\/#\/schema\/logo\/image\/\",\"url\":\"https:\/\/universnews224.com\/wp-content\/uploads\/2022\/08\/cropped-cropped-logoban.jpg\",\"contentUrl\":\"https:\/\/universnews224.com\/wp-content\/uploads\/2022\/08\/cropped-cropped-logoban.jpg\",\"width\":1080,\"height\":138,\"caption\":\"UNIVERSNEWS224\"},\"image\":{\"@id\":\"https:\/\/universnews224.com\/#\/schema\/logo\/image\/\"}},{\"@type\":\"Person\",\"@id\":\"https:\/\/universnews224.com\/#\/schema\/person\/a4b7d4f94a4716df60456a491260485e\",\"name\":\"La R\u00e9daction\",\"image\":{\"@type\":\"ImageObject\",\"inLanguage\":\"fr-FR\",\"@id\":\"https:\/\/universnews224.com\/#\/schema\/person\/image\/\",\"url\":\"https:\/\/secure.gravatar.com\/avatar\/edb90acc7752b23e1b3307ad36c14f0d?s=96&d=mm&r=g\",\"contentUrl\":\"https:\/\/secure.gravatar.com\/avatar\/edb90acc7752b23e1b3307ad36c14f0d?s=96&d=mm&r=g\",\"caption\":\"La R\u00e9daction\"},\"sameAs\":[\"https:\/\/universnews224.com\"],\"url\":\"https:\/\/universnews224.com\/index.php\/author\/m-camara\/\"}]}<\/script>\n<!-- \/ Yoast SEO plugin. -->","yoast_head_json":{"title":"Mory Cond\u00e9 sur l\u2019interdiction de sortie des DAF: \u201c\u00c7a prouve que la CRIEF n\u2019a pas \u00e9t\u00e9 cr\u00e9\u00e9e que pour les gestions ant\u00e9rieures\u201d - UNIVERSNEWS224","robots":{"index":"index","follow":"follow","max-snippet":"max-snippet:-1","max-image-preview":"max-image-preview:large","max-video-preview":"max-video-preview:-1"},"canonical":"https:\/\/universnews224.com\/index.php\/mory-conde-sur-linterdiction-de-sortie-des-daf-ca-prouve-que-la-crief-na-pas-ete-creee-que-pour-les-gestions-anterieures\/","og_locale":"fr_FR","og_type":"article","og_title":"Mory Cond\u00e9 sur l\u2019interdiction de sortie des DAF: \u201c\u00c7a prouve que la CRIEF n\u2019a pas \u00e9t\u00e9 cr\u00e9\u00e9e que pour les gestions ant\u00e9rieures\u201d - UNIVERSNEWS224","og_description":"Dans une note r\u00e9cemment publi\u00e9e dans la presse, le procureur sp\u00e9cial pr\u00e8s de la Cour","og_url":"https:\/\/universnews224.com\/index.php\/mory-conde-sur-linterdiction-de-sortie-des-daf-ca-prouve-que-la-crief-na-pas-ete-creee-que-pour-les-gestions-anterieures\/","og_site_name":"UNIVERSNEWS224","article_published_time":"2023-10-27T18:06:29+00:00","og_image":[{"width":1600,"height":1066,"url":"https:\/\/universnews224.com\/wp-content\/uploads\/2023\/10\/9438778C-1549-4D72-8026-CD3C6CDEA9A4.jpeg","type":"image\/jpeg"}],"author":"La R\u00e9daction","twitter_misc":{"\u00c9crit par":"La R\u00e9daction","Dur\u00e9e de lecture estim\u00e9e":"3 minutes"},"schema":{"@context":"https:\/\/schema.org","@graph":[{"@type":"Article","@id":"https:\/\/universnews224.com\/index.php\/mory-conde-sur-linterdiction-de-sortie-des-daf-ca-prouve-que-la-crief-na-pas-ete-creee-que-pour-les-gestions-anterieures\/#article","isPartOf":{"@id":"https:\/\/universnews224.com\/index.php\/mory-conde-sur-linterdiction-de-sortie-des-daf-ca-prouve-que-la-crief-na-pas-ete-creee-que-pour-les-gestions-anterieures\/"},"author":{"name":"La R\u00e9daction","@id":"https:\/\/universnews224.com\/#\/schema\/person\/a4b7d4f94a4716df60456a491260485e"},"headline":"Mory Cond\u00e9 sur l\u2019interdiction de sortie des DAF: \u201c\u00c7a prouve que la CRIEF n\u2019a pas \u00e9t\u00e9 cr\u00e9\u00e9e que pour les gestions ant\u00e9rieures\u201d","datePublished":"2023-10-27T18:06:29+00:00","dateModified":"2023-10-27T18:06:29+00:00","mainEntityOfPage":{"@id":"https:\/\/universnews224.com\/index.php\/mory-conde-sur-linterdiction-de-sortie-des-daf-ca-prouve-que-la-crief-na-pas-ete-creee-que-pour-les-gestions-anterieures\/"},"wordCount":611,"publisher":{"@id":"https:\/\/universnews224.com\/#organization"},"keywords":["La une"],"articleSection":["ACTU","POLITIQUE"],"inLanguage":"fr-FR"},{"@type":"WebPage","@id":"https:\/\/universnews224.com\/index.php\/mory-conde-sur-linterdiction-de-sortie-des-daf-ca-prouve-que-la-crief-na-pas-ete-creee-que-pour-les-gestions-anterieures\/","url":"https:\/\/universnews224.com\/index.php\/mory-conde-sur-linterdiction-de-sortie-des-daf-ca-prouve-que-la-crief-na-pas-ete-creee-que-pour-les-gestions-anterieures\/","name":"Mory Cond\u00e9 sur l\u2019interdiction de sortie des DAF: \u201c\u00c7a prouve que la CRIEF n\u2019a pas \u00e9t\u00e9 cr\u00e9\u00e9e que pour les gestions ant\u00e9rieures\u201d - UNIVERSNEWS224","isPartOf":{"@id":"https:\/\/universnews224.com\/#website"},"datePublished":"2023-10-27T18:06:29+00:00","dateModified":"2023-10-27T18:06:29+00:00","inLanguage":"fr-FR","potentialAction":[{"@type":"ReadAction","target":["https:\/\/universnews224.com\/index.php\/mory-conde-sur-linterdiction-de-sortie-des-daf-ca-prouve-que-la-crief-na-pas-ete-creee-que-pour-les-gestions-anterieures\/"]}]},{"@type":"WebSite","@id":"https:\/\/universnews224.com\/#website","url":"https:\/\/universnews224.com\/","name":"UNIVERSNEWS224","description":"","publisher":{"@id":"https:\/\/universnews224.com\/#organization"},"potentialAction":[{"@type":"SearchAction","target":{"@type":"EntryPoint","urlTemplate":"https:\/\/universnews224.com\/?s={search_term_string}"},"query-input":"required name=search_term_string"}],"inLanguage":"fr-FR"},{"@type":"Organization","@id":"https:\/\/universnews224.com\/#organization","name":"UNIVERSNEWS224","url":"https:\/\/universnews224.com\/","logo":{"@type":"ImageObject","inLanguage":"fr-FR","@id":"https:\/\/universnews224.com\/#\/schema\/logo\/image\/","url":"https:\/\/universnews224.com\/wp-content\/uploads\/2022\/08\/cropped-cropped-logoban.jpg","contentUrl":"https:\/\/universnews224.com\/wp-content\/uploads\/2022\/08\/cropped-cropped-logoban.jpg","width":1080,"height":138,"caption":"UNIVERSNEWS224"},"image":{"@id":"https:\/\/universnews224.com\/#\/schema\/logo\/image\/"}},{"@type":"Person","@id":"https:\/\/universnews224.com\/#\/schema\/person\/a4b7d4f94a4716df60456a491260485e","name":"La R\u00e9daction","image":{"@type":"ImageObject","inLanguage":"fr-FR","@id":"https:\/\/universnews224.com\/#\/schema\/person\/image\/","url":"https:\/\/secure.gravatar.com\/avatar\/edb90acc7752b23e1b3307ad36c14f0d?s=96&d=mm&r=g","contentUrl":"https:\/\/secure.gravatar.com\/avatar\/edb90acc7752b23e1b3307ad36c14f0d?s=96&d=mm&r=g","caption":"La R\u00e9daction"},"sameAs":["https:\/\/universnews224.com"],"url":"https:\/\/universnews224.com\/index.php\/author\/m-camara\/"}]}},"_links":{"self":[{"href":"https:\/\/universnews224.com\/index.php\/wp-json\/wp\/v2\/posts\/4503"}],"collection":[{"href":"https:\/\/universnews224.com\/index.php\/wp-json\/wp\/v2\/posts"}],"about":[{"href":"https:\/\/universnews224.com\/index.php\/wp-json\/wp\/v2\/types\/post"}],"author":[{"embeddable":true,"href":"https:\/\/universnews224.com\/index.php\/wp-json\/wp\/v2\/users\/2"}],"replies":[{"embeddable":true,"href":"https:\/\/universnews224.com\/index.php\/wp-json\/wp\/v2\/comments?post=4503"}],"version-history":[{"count":1,"href":"https:\/\/universnews224.com\/index.php\/wp-json\/wp\/v2\/posts\/4503\/revisions"}],"predecessor-version":[{"id":4505,"href":"https:\/\/universnews224.com\/index.php\/wp-json\/wp\/v2\/posts\/4503\/revisions\/4505"}],"wp:featuredmedia":[{"embeddable":true,"href":"https:\/\/universnews224.com\/index.php\/wp-json\/wp\/v2\/media\/4504"}],"wp:attachment":[{"href":"https:\/\/universnews224.com\/index.php\/wp-json\/wp\/v2\/media?parent=4503"}],"wp:term":[{"taxonomy":"category","embeddable":true,"href":"https:\/\/universnews224.com\/index.php\/wp-json\/wp\/v2\/categories?post=4503"},{"taxonomy":"post_tag","embeddable":true,"href":"https:\/\/universnews224.com\/index.php\/wp-json\/wp\/v2\/tags?post=4503"}],"curies":[{"name":"wp","href":"https:\/\/api.w.org\/{rel}","templated":true}]}}