{"id":4506,"date":"2023-10-27T19:08:17","date_gmt":"2023-10-27T18:08:17","guid":{"rendered":"https:\/\/universnews224.com\/?p=4506"},"modified":"2023-10-27T19:08:17","modified_gmt":"2023-10-27T18:08:17","slug":"organe-de-gestion-des-elections-dans-tous-les-pays-du-monde-cest-le-ministere-en-charge-de-matd-qui-organise-les-elections-notre-pays-ne-fera-pas-exception-mory-conde","status":"publish","type":"post","link":"https:\/\/universnews224.com\/index.php\/organe-de-gestion-des-elections-dans-tous-les-pays-du-monde-cest-le-ministere-en-charge-de-matd-qui-organise-les-elections-notre-pays-ne-fera-pas-exception-mory-conde\/","title":{"rendered":"Organe de gestion des \u00e9lections: \u201cDans tous les pays du monde, c\u2019est le minist\u00e8re en charge de MATD qui organise les \u00e9lections, notre pays ne fera pas exception\u201c, Mory Cond\u00e9."},"content":{"rendered":"<p class=\"p1\"><span class=\"s1\">Le ministre de l\u2019Administration du territoire et de la d\u00e9centralisation, Mory Cond\u00e9 s\u2019est prononc\u00e9 ce vendredi, 27 octobre 2023, sur l\u2019\u00e9pineuse question relative l\u2019organe qui devrait organiser les \u00e9lections g\u00e9n\u00e9rales pendant cette transition en R\u00e9publique de Guin\u00e9e. <\/span><\/p>\n<p class=\"p1\"><span class=\"s1\">Dans son intervention dans l\u2019\u00e9mission Mirador de la radio Fim, le ministre Mory Cond\u00e9 se veut clair, les \u00e9lections seront organis\u00e9es par le minist\u00e8re de l\u2019Administration du territoire et de la d\u00e9centralisation. <\/span><\/p>\n<p class=\"p1\"><span class=\"s1\">\u201cJe ne sais pas qu\u2019est-ce que vous appelez organe de gestion des \u00e9lections. Il faut qu\u2019on \u00e9vite un peu dans ce pays \u00e0 prendre l\u2019exception comme la r\u00e8gle. Cette histoire de CENI, j\u2019attends par-ci par-l\u00e0, c\u2019est de exception qui a \u00e9t\u00e9 cr\u00e9\u00e9e parce qu\u2019\u00e0 un moment donn\u00e9 des acteurs politiques ne se faisaient pas confiance. Pour ce qui est de notre cas, cette r\u00e9fondation qui a \u00e9t\u00e9 annonc\u00e9e le 05 septembre va toucher \u00e0 tous les domaines de la vie publique notamment, des r\u00e9formes institutionnelles.Dans ces r\u00e9formes institutionnelles, comme dans tous les pays du monde que, nous consid\u00e9rons d\u00e9mocratique, c\u2019est le minist\u00e8re en charge de l\u2019Administration du territoire et de la d\u00e9centralisation \u00e0 travers la direction g\u00e9n\u00e9rale des \u00e9lections qui organise le processus \u00e9lectoral. Maintenant, dans ces pays, il y a une structure qui est cr\u00e9\u00e9e autour de cette direction o\u00f9 les acteurs politiques si\u00e8gent pour regarder au jour le jour ce qui se passe, formuler des recommandations, contester m\u00eame certaines choses et amener \u00e0 apporter des corrections. Notre pays ne fera pas exception, le m\u00eame processus se fera en Guin\u00e9e de la fa\u00e7on la plus transparente. Je le dis encore une fois, dans tous les pays du monde, c\u2019est le minist\u00e8re en charge de MATD qui organise les \u00e9lections, notre pays ne fera pas exception\u201c, a t-il soutenu le ministre de MATD. <\/span><\/p>\n<p class=\"p1\"><span class=\"s1\">Camara Mamadouba <\/span><\/p>\n<p class=\"p1\"><span class=\"s1\">611 46 04 10 <\/span><\/p>\n","protected":false},"excerpt":{"rendered":"<p>Le ministre de l\u2019Administration du territoire et de la d\u00e9centralisation, Mory Cond\u00e9 s\u2019est prononc\u00e9 ce<\/p>\n","protected":false},"author":2,"featured_media":4507,"comment_status":"closed","ping_status":"open","sticky":false,"template":"","format":"standard","meta":[],"categories":[3,4],"tags":[229],"yoast_head":"<!-- This site is optimized with the Yoast SEO plugin v19.13 - https:\/\/yoast.com\/wordpress\/plugins\/seo\/ -->\n<title>Organe de gestion des \u00e9lections: \u201cDans tous les pays du monde, c\u2019est le minist\u00e8re en charge de MATD qui organise les \u00e9lections, notre pays ne fera pas exception\u201c, Mory Cond\u00e9. - UNIVERSNEWS224<\/title>\n<meta name=\"robots\" content=\"index, follow, max-snippet:-1, max-image-preview:large, max-video-preview:-1\" \/>\n<link rel=\"canonical\" href=\"https:\/\/universnews224.com\/index.php\/organe-de-gestion-des-elections-dans-tous-les-pays-du-monde-cest-le-ministere-en-charge-de-matd-qui-organise-les-elections-notre-pays-ne-fera-pas-exception-mory-conde\/\" \/>\n<meta property=\"og:locale\" content=\"fr_FR\" \/>\n<meta property=\"og:type\" content=\"article\" \/>\n<meta property=\"og:title\" content=\"Organe de gestion des \u00e9lections: \u201cDans tous les pays du monde, c\u2019est le minist\u00e8re en charge de MATD qui organise les \u00e9lections, notre pays ne fera pas exception\u201c, Mory Cond\u00e9. - UNIVERSNEWS224\" \/>\n<meta property=\"og:description\" content=\"Le ministre de l\u2019Administration du territoire et de la d\u00e9centralisation, Mory Cond\u00e9 s\u2019est prononc\u00e9 ce\" \/>\n<meta property=\"og:url\" content=\"https:\/\/universnews224.com\/index.php\/organe-de-gestion-des-elections-dans-tous-les-pays-du-monde-cest-le-ministere-en-charge-de-matd-qui-organise-les-elections-notre-pays-ne-fera-pas-exception-mory-conde\/\" \/>\n<meta property=\"og:site_name\" content=\"UNIVERSNEWS224\" \/>\n<meta property=\"article:published_time\" content=\"2023-10-27T18:08:17+00:00\" \/>\n<meta property=\"og:image\" content=\"https:\/\/universnews224.com\/wp-content\/uploads\/2023\/10\/F2BFDC54-0D28-4765-A6EC-A03AF1D5C6DC.jpeg\" \/>\n\t<meta property=\"og:image:width\" content=\"1066\" \/>\n\t<meta property=\"og:image:height\" content=\"1600\" \/>\n\t<meta property=\"og:image:type\" content=\"image\/jpeg\" \/>\n<meta name=\"author\" content=\"La R\u00e9daction\" \/>\n<meta name=\"twitter:label1\" content=\"\u00c9crit par\" \/>\n\t<meta name=\"twitter:data1\" content=\"La R\u00e9daction\" \/>\n\t<meta name=\"twitter:label2\" content=\"Dur\u00e9e de lecture estim\u00e9e\" \/>\n\t<meta name=\"twitter:data2\" content=\"2 minutes\" \/>\n<script type=\"application\/ld+json\" class=\"yoast-schema-graph\">{\"@context\":\"https:\/\/schema.org\",\"@graph\":[{\"@type\":\"Article\",\"@id\":\"https:\/\/universnews224.com\/index.php\/organe-de-gestion-des-elections-dans-tous-les-pays-du-monde-cest-le-ministere-en-charge-de-matd-qui-organise-les-elections-notre-pays-ne-fera-pas-exception-mory-conde\/#article\",\"isPartOf\":{\"@id\":\"https:\/\/universnews224.com\/index.php\/organe-de-gestion-des-elections-dans-tous-les-pays-du-monde-cest-le-ministere-en-charge-de-matd-qui-organise-les-elections-notre-pays-ne-fera-pas-exception-mory-conde\/\"},\"author\":{\"name\":\"La R\u00e9daction\",\"@id\":\"https:\/\/universnews224.com\/#\/schema\/person\/a4b7d4f94a4716df60456a491260485e\"},\"headline\":\"Organe de gestion des \u00e9lections: \u201cDans tous les pays du monde, c\u2019est le minist\u00e8re en charge de MATD qui organise les \u00e9lections, notre pays ne fera pas exception\u201c, Mory Cond\u00e9.\",\"datePublished\":\"2023-10-27T18:08:17+00:00\",\"dateModified\":\"2023-10-27T18:08:17+00:00\",\"mainEntityOfPage\":{\"@id\":\"https:\/\/universnews224.com\/index.php\/organe-de-gestion-des-elections-dans-tous-les-pays-du-monde-cest-le-ministere-en-charge-de-matd-qui-organise-les-elections-notre-pays-ne-fera-pas-exception-mory-conde\/\"},\"wordCount\":361,\"publisher\":{\"@id\":\"https:\/\/universnews224.com\/#organization\"},\"keywords\":[\"La une\"],\"articleSection\":[\"ACTU\",\"POLITIQUE\"],\"inLanguage\":\"fr-FR\"},{\"@type\":\"WebPage\",\"@id\":\"https:\/\/universnews224.com\/index.php\/organe-de-gestion-des-elections-dans-tous-les-pays-du-monde-cest-le-ministere-en-charge-de-matd-qui-organise-les-elections-notre-pays-ne-fera-pas-exception-mory-conde\/\",\"url\":\"https:\/\/universnews224.com\/index.php\/organe-de-gestion-des-elections-dans-tous-les-pays-du-monde-cest-le-ministere-en-charge-de-matd-qui-organise-les-elections-notre-pays-ne-fera-pas-exception-mory-conde\/\",\"name\":\"Organe de gestion des \u00e9lections: \u201cDans tous les pays du monde, c\u2019est le minist\u00e8re en charge de MATD qui organise les \u00e9lections, notre pays ne fera pas exception\u201c, Mory Cond\u00e9. - UNIVERSNEWS224\",\"isPartOf\":{\"@id\":\"https:\/\/universnews224.com\/#website\"},\"datePublished\":\"2023-10-27T18:08:17+00:00\",\"dateModified\":\"2023-10-27T18:08:17+00:00\",\"inLanguage\":\"fr-FR\",\"potentialAction\":[{\"@type\":\"ReadAction\",\"target\":[\"https:\/\/universnews224.com\/index.php\/organe-de-gestion-des-elections-dans-tous-les-pays-du-monde-cest-le-ministere-en-charge-de-matd-qui-organise-les-elections-notre-pays-ne-fera-pas-exception-mory-conde\/\"]}]},{\"@type\":\"WebSite\",\"@id\":\"https:\/\/universnews224.com\/#website\",\"url\":\"https:\/\/universnews224.com\/\",\"name\":\"UNIVERSNEWS224\",\"description\":\"\",\"publisher\":{\"@id\":\"https:\/\/universnews224.com\/#organization\"},\"potentialAction\":[{\"@type\":\"SearchAction\",\"target\":{\"@type\":\"EntryPoint\",\"urlTemplate\":\"https:\/\/universnews224.com\/?s={search_term_string}\"},\"query-input\":\"required name=search_term_string\"}],\"inLanguage\":\"fr-FR\"},{\"@type\":\"Organization\",\"@id\":\"https:\/\/universnews224.com\/#organization\",\"name\":\"UNIVERSNEWS224\",\"url\":\"https:\/\/universnews224.com\/\",\"logo\":{\"@type\":\"ImageObject\",\"inLanguage\":\"fr-FR\",\"@id\":\"https:\/\/universnews224.com\/#\/schema\/logo\/image\/\",\"url\":\"https:\/\/universnews224.com\/wp-content\/uploads\/2022\/08\/cropped-cropped-logoban.jpg\",\"contentUrl\":\"https:\/\/universnews224.com\/wp-content\/uploads\/2022\/08\/cropped-cropped-logoban.jpg\",\"width\":1080,\"height\":138,\"caption\":\"UNIVERSNEWS224\"},\"image\":{\"@id\":\"https:\/\/universnews224.com\/#\/schema\/logo\/image\/\"}},{\"@type\":\"Person\",\"@id\":\"https:\/\/universnews224.com\/#\/schema\/person\/a4b7d4f94a4716df60456a491260485e\",\"name\":\"La R\u00e9daction\",\"image\":{\"@type\":\"ImageObject\",\"inLanguage\":\"fr-FR\",\"@id\":\"https:\/\/universnews224.com\/#\/schema\/person\/image\/\",\"url\":\"https:\/\/secure.gravatar.com\/avatar\/edb90acc7752b23e1b3307ad36c14f0d?s=96&d=mm&r=g\",\"contentUrl\":\"https:\/\/secure.gravatar.com\/avatar\/edb90acc7752b23e1b3307ad36c14f0d?s=96&d=mm&r=g\",\"caption\":\"La R\u00e9daction\"},\"sameAs\":[\"https:\/\/universnews224.com\"],\"url\":\"https:\/\/universnews224.com\/index.php\/author\/m-camara\/\"}]}<\/script>\n<!-- \/ Yoast SEO plugin. -->","yoast_head_json":{"title":"Organe de gestion des \u00e9lections: \u201cDans tous les pays du monde, c\u2019est le minist\u00e8re en charge de MATD qui organise les \u00e9lections, notre pays ne fera pas exception\u201c, Mory Cond\u00e9. - UNIVERSNEWS224","robots":{"index":"index","follow":"follow","max-snippet":"max-snippet:-1","max-image-preview":"max-image-preview:large","max-video-preview":"max-video-preview:-1"},"canonical":"https:\/\/universnews224.com\/index.php\/organe-de-gestion-des-elections-dans-tous-les-pays-du-monde-cest-le-ministere-en-charge-de-matd-qui-organise-les-elections-notre-pays-ne-fera-pas-exception-mory-conde\/","og_locale":"fr_FR","og_type":"article","og_title":"Organe de gestion des \u00e9lections: \u201cDans tous les pays du monde, c\u2019est le minist\u00e8re en charge de MATD qui organise les \u00e9lections, notre pays ne fera pas exception\u201c, Mory Cond\u00e9. - UNIVERSNEWS224","og_description":"Le ministre de l\u2019Administration du territoire et de la d\u00e9centralisation, Mory Cond\u00e9 s\u2019est prononc\u00e9 ce","og_url":"https:\/\/universnews224.com\/index.php\/organe-de-gestion-des-elections-dans-tous-les-pays-du-monde-cest-le-ministere-en-charge-de-matd-qui-organise-les-elections-notre-pays-ne-fera-pas-exception-mory-conde\/","og_site_name":"UNIVERSNEWS224","article_published_time":"2023-10-27T18:08:17+00:00","og_image":[{"width":1066,"height":1600,"url":"https:\/\/universnews224.com\/wp-content\/uploads\/2023\/10\/F2BFDC54-0D28-4765-A6EC-A03AF1D5C6DC.jpeg","type":"image\/jpeg"}],"author":"La R\u00e9daction","twitter_misc":{"\u00c9crit par":"La R\u00e9daction","Dur\u00e9e de lecture estim\u00e9e":"2 minutes"},"schema":{"@context":"https:\/\/schema.org","@graph":[{"@type":"Article","@id":"https:\/\/universnews224.com\/index.php\/organe-de-gestion-des-elections-dans-tous-les-pays-du-monde-cest-le-ministere-en-charge-de-matd-qui-organise-les-elections-notre-pays-ne-fera-pas-exception-mory-conde\/#article","isPartOf":{"@id":"https:\/\/universnews224.com\/index.php\/organe-de-gestion-des-elections-dans-tous-les-pays-du-monde-cest-le-ministere-en-charge-de-matd-qui-organise-les-elections-notre-pays-ne-fera-pas-exception-mory-conde\/"},"author":{"name":"La R\u00e9daction","@id":"https:\/\/universnews224.com\/#\/schema\/person\/a4b7d4f94a4716df60456a491260485e"},"headline":"Organe de gestion des \u00e9lections: \u201cDans tous les pays du monde, c\u2019est le minist\u00e8re en charge de MATD qui organise les \u00e9lections, notre pays ne fera pas exception\u201c, Mory Cond\u00e9.","datePublished":"2023-10-27T18:08:17+00:00","dateModified":"2023-10-27T18:08:17+00:00","mainEntityOfPage":{"@id":"https:\/\/universnews224.com\/index.php\/organe-de-gestion-des-elections-dans-tous-les-pays-du-monde-cest-le-ministere-en-charge-de-matd-qui-organise-les-elections-notre-pays-ne-fera-pas-exception-mory-conde\/"},"wordCount":361,"publisher":{"@id":"https:\/\/universnews224.com\/#organization"},"keywords":["La une"],"articleSection":["ACTU","POLITIQUE"],"inLanguage":"fr-FR"},{"@type":"WebPage","@id":"https:\/\/universnews224.com\/index.php\/organe-de-gestion-des-elections-dans-tous-les-pays-du-monde-cest-le-ministere-en-charge-de-matd-qui-organise-les-elections-notre-pays-ne-fera-pas-exception-mory-conde\/","url":"https:\/\/universnews224.com\/index.php\/organe-de-gestion-des-elections-dans-tous-les-pays-du-monde-cest-le-ministere-en-charge-de-matd-qui-organise-les-elections-notre-pays-ne-fera-pas-exception-mory-conde\/","name":"Organe de gestion des \u00e9lections: \u201cDans tous les pays du monde, c\u2019est le minist\u00e8re en charge de MATD qui organise les \u00e9lections, notre pays ne fera pas exception\u201c, Mory Cond\u00e9. - UNIVERSNEWS224","isPartOf":{"@id":"https:\/\/universnews224.com\/#website"},"datePublished":"2023-10-27T18:08:17+00:00","dateModified":"2023-10-27T18:08:17+00:00","inLanguage":"fr-FR","potentialAction":[{"@type":"ReadAction","target":["https:\/\/universnews224.com\/index.php\/organe-de-gestion-des-elections-dans-tous-les-pays-du-monde-cest-le-ministere-en-charge-de-matd-qui-organise-les-elections-notre-pays-ne-fera-pas-exception-mory-conde\/"]}]},{"@type":"WebSite","@id":"https:\/\/universnews224.com\/#website","url":"https:\/\/universnews224.com\/","name":"UNIVERSNEWS224","description":"","publisher":{"@id":"https:\/\/universnews224.com\/#organization"},"potentialAction":[{"@type":"SearchAction","target":{"@type":"EntryPoint","urlTemplate":"https:\/\/universnews224.com\/?s={search_term_string}"},"query-input":"required name=search_term_string"}],"inLanguage":"fr-FR"},{"@type":"Organization","@id":"https:\/\/universnews224.com\/#organization","name":"UNIVERSNEWS224","url":"https:\/\/universnews224.com\/","logo":{"@type":"ImageObject","inLanguage":"fr-FR","@id":"https:\/\/universnews224.com\/#\/schema\/logo\/image\/","url":"https:\/\/universnews224.com\/wp-content\/uploads\/2022\/08\/cropped-cropped-logoban.jpg","contentUrl":"https:\/\/universnews224.com\/wp-content\/uploads\/2022\/08\/cropped-cropped-logoban.jpg","width":1080,"height":138,"caption":"UNIVERSNEWS224"},"image":{"@id":"https:\/\/universnews224.com\/#\/schema\/logo\/image\/"}},{"@type":"Person","@id":"https:\/\/universnews224.com\/#\/schema\/person\/a4b7d4f94a4716df60456a491260485e","name":"La R\u00e9daction","image":{"@type":"ImageObject","inLanguage":"fr-FR","@id":"https:\/\/universnews224.com\/#\/schema\/person\/image\/","url":"https:\/\/secure.gravatar.com\/avatar\/edb90acc7752b23e1b3307ad36c14f0d?s=96&d=mm&r=g","contentUrl":"https:\/\/secure.gravatar.com\/avatar\/edb90acc7752b23e1b3307ad36c14f0d?s=96&d=mm&r=g","caption":"La R\u00e9daction"},"sameAs":["https:\/\/universnews224.com"],"url":"https:\/\/universnews224.com\/index.php\/author\/m-camara\/"}]}},"_links":{"self":[{"href":"https:\/\/universnews224.com\/index.php\/wp-json\/wp\/v2\/posts\/4506"}],"collection":[{"href":"https:\/\/universnews224.com\/index.php\/wp-json\/wp\/v2\/posts"}],"about":[{"href":"https:\/\/universnews224.com\/index.php\/wp-json\/wp\/v2\/types\/post"}],"author":[{"embeddable":true,"href":"https:\/\/universnews224.com\/index.php\/wp-json\/wp\/v2\/users\/2"}],"replies":[{"embeddable":true,"href":"https:\/\/universnews224.com\/index.php\/wp-json\/wp\/v2\/comments?post=4506"}],"version-history":[{"count":1,"href":"https:\/\/universnews224.com\/index.php\/wp-json\/wp\/v2\/posts\/4506\/revisions"}],"predecessor-version":[{"id":4508,"href":"https:\/\/universnews224.com\/index.php\/wp-json\/wp\/v2\/posts\/4506\/revisions\/4508"}],"wp:featuredmedia":[{"embeddable":true,"href":"https:\/\/universnews224.com\/index.php\/wp-json\/wp\/v2\/media\/4507"}],"wp:attachment":[{"href":"https:\/\/universnews224.com\/index.php\/wp-json\/wp\/v2\/media?parent=4506"}],"wp:term":[{"taxonomy":"category","embeddable":true,"href":"https:\/\/universnews224.com\/index.php\/wp-json\/wp\/v2\/categories?post=4506"},{"taxonomy":"post_tag","embeddable":true,"href":"https:\/\/universnews224.com\/index.php\/wp-json\/wp\/v2\/tags?post=4506"}],"curies":[{"name":"wp","href":"https:\/\/api.w.org\/{rel}","templated":true}]}}