{"id":4509,"date":"2023-10-27T19:11:12","date_gmt":"2023-10-27T18:11:12","guid":{"rendered":"https:\/\/universnews224.com\/?p=4509"},"modified":"2023-10-27T19:11:12","modified_gmt":"2023-10-27T18:11:12","slug":"recrutement-a-la-fonction-publique-un-important-communique-du-ministre-du-travail-et-de-la-fonction-publique","status":"publish","type":"post","link":"https:\/\/universnews224.com\/index.php\/recrutement-a-la-fonction-publique-un-important-communique-du-ministre-du-travail-et-de-la-fonction-publique\/","title":{"rendered":"Recrutement \u00e0 la fonction publique: un important communiqu\u00e9 du ministre du travail et de la fonction publique."},"content":{"rendered":"<p>Dans sa volont\u00e9 de faciliter le processus d\u2019inscription au concours de recrutement \u00e0 la Fonction publique pour la session 2023, le Minist\u00e8re du Travail et de la Fonction Publique informe tous les candidats des pi\u00e8ces n\u00e9cessaires pour la constitution de leur dossier de candidature. Ces pi\u00e8ces sont les suivantes :<\/p>\n<p>Une copie de la pi\u00e8ce d\u2019identification biom\u00e9trique (carte nationale d\u2019identit\u00e9, passeport ou extrait d\u2019acte de naissance)\u00a0;<\/p>\n<p>Une copie du dipl\u00f4me pertinent pour le poste sollicit\u00e9 ou de l\u2019attestation de fin de cycle ;<\/p>\n<p>Une\u00a0photo d\u2019identit\u00e9 r\u00e9cente (datant de moins de 3 mois) ;<\/p>\n<p>Un certificat de r\u00e9sidence datant de moins de trois (3) mois ,<\/p>\n<p><b>NB <\/b>: Des frais d\u2019inscription d\u2019un montant de <b>100 000 GNF<\/b>, non remboursable, sont requis pour participer au concours. Ces frais doivent \u00eatre r\u00e9gl\u00e9s en ligne via la plateforme d\u00e9di\u00e9e au concours.<\/p>\n<p>Les candidats qui seront admis \u00e0 ce concours de recrutement devront fournir les pi\u00e8ces compl\u00e9mentaires suivantes, avant leur int\u00e9gration au sein de la Fonction Publique, en vue des proc\u00e9dures de biom\u00e9trie :<\/p>\n<p>Un certificat de visite et contre visite datant de moins de trois (03) mois ;<\/p>\n<p>Un extrait du casier judiciaire ou un certificat de non-poursuite judiciaire ;<\/p>\n<p>Une copie du certificat de nationalit\u00e9 ;<\/p>\n<p>Le Ministre du Travail et de la Fonction Publique compte sur la compr\u00e9hension et le sens civique de tous les candidats pour le respect des dispositions du pr\u00e9sent communiqu\u00e9.<\/p>\n<p><b>Julien YOMBOUNO<\/b><\/p>\n<p><b>Ministre du Travail et de la Fonction Publique<\/b><\/p>\n<p><a href=\"https:\/\/universnews224.com\/wp-content\/uploads\/2023\/10\/A08B4DFB-B39C-45D3-A1F2-AB9E6D76E12A.jpeg\"><img loading=\"lazy\" class=\"alignnone size-medium wp-image-4510\" src=\"https:\/\/universnews224.com\/wp-content\/uploads\/2023\/10\/A08B4DFB-B39C-45D3-A1F2-AB9E6D76E12A-210x300.jpeg\" alt=\"\" width=\"210\" height=\"300\" srcset=\"https:\/\/universnews224.com\/wp-content\/uploads\/2023\/10\/A08B4DFB-B39C-45D3-A1F2-AB9E6D76E12A-210x300.jpeg 210w, https:\/\/universnews224.com\/wp-content\/uploads\/2023\/10\/A08B4DFB-B39C-45D3-A1F2-AB9E6D76E12A.jpeg 631w\" sizes=\"(max-width: 210px) 100vw, 210px\" \/><\/a><\/p>\n","protected":false},"excerpt":{"rendered":"<p>Dans sa volont\u00e9 de faciliter le processus d\u2019inscription au concours de recrutement \u00e0 la Fonction<\/p>\n","protected":false},"author":2,"featured_media":4511,"comment_status":"closed","ping_status":"open","sticky":false,"template":"","format":"standard","meta":[],"categories":[3,4],"tags":[229],"yoast_head":"<!-- This site is optimized with the Yoast SEO plugin v19.13 - https:\/\/yoast.com\/wordpress\/plugins\/seo\/ -->\n<title>Recrutement \u00e0 la fonction publique: un important communiqu\u00e9 du ministre du travail et de la fonction publique. - UNIVERSNEWS224<\/title>\n<meta name=\"robots\" content=\"index, follow, max-snippet:-1, max-image-preview:large, max-video-preview:-1\" \/>\n<link rel=\"canonical\" href=\"https:\/\/universnews224.com\/index.php\/recrutement-a-la-fonction-publique-un-important-communique-du-ministre-du-travail-et-de-la-fonction-publique\/\" \/>\n<meta property=\"og:locale\" content=\"fr_FR\" \/>\n<meta property=\"og:type\" content=\"article\" \/>\n<meta property=\"og:title\" content=\"Recrutement \u00e0 la fonction publique: un important communiqu\u00e9 du ministre du travail et de la fonction publique. - UNIVERSNEWS224\" \/>\n<meta property=\"og:description\" content=\"Dans sa volont\u00e9 de faciliter le processus d\u2019inscription au concours de recrutement \u00e0 la Fonction\" \/>\n<meta property=\"og:url\" content=\"https:\/\/universnews224.com\/index.php\/recrutement-a-la-fonction-publique-un-important-communique-du-ministre-du-travail-et-de-la-fonction-publique\/\" \/>\n<meta property=\"og:site_name\" content=\"UNIVERSNEWS224\" \/>\n<meta property=\"article:published_time\" content=\"2023-10-27T18:11:12+00:00\" \/>\n<meta property=\"og:image\" content=\"https:\/\/universnews224.com\/wp-content\/uploads\/2023\/10\/EAFEA167-6699-49E0-805F-22C5B81131D0.jpeg\" \/>\n\t<meta property=\"og:image:width\" content=\"843\" \/>\n\t<meta property=\"og:image:height\" content=\"562\" \/>\n\t<meta property=\"og:image:type\" content=\"image\/jpeg\" \/>\n<meta name=\"author\" content=\"La R\u00e9daction\" \/>\n<meta name=\"twitter:label1\" content=\"\u00c9crit par\" \/>\n\t<meta name=\"twitter:data1\" content=\"La R\u00e9daction\" \/>\n\t<meta name=\"twitter:label2\" content=\"Dur\u00e9e de lecture estim\u00e9e\" \/>\n\t<meta name=\"twitter:data2\" content=\"2 minutes\" \/>\n<script type=\"application\/ld+json\" class=\"yoast-schema-graph\">{\"@context\":\"https:\/\/schema.org\",\"@graph\":[{\"@type\":\"Article\",\"@id\":\"https:\/\/universnews224.com\/index.php\/recrutement-a-la-fonction-publique-un-important-communique-du-ministre-du-travail-et-de-la-fonction-publique\/#article\",\"isPartOf\":{\"@id\":\"https:\/\/universnews224.com\/index.php\/recrutement-a-la-fonction-publique-un-important-communique-du-ministre-du-travail-et-de-la-fonction-publique\/\"},\"author\":{\"name\":\"La R\u00e9daction\",\"@id\":\"https:\/\/universnews224.com\/#\/schema\/person\/a4b7d4f94a4716df60456a491260485e\"},\"headline\":\"Recrutement \u00e0 la fonction publique: un important communiqu\u00e9 du ministre du travail et de la fonction publique.\",\"datePublished\":\"2023-10-27T18:11:12+00:00\",\"dateModified\":\"2023-10-27T18:11:12+00:00\",\"mainEntityOfPage\":{\"@id\":\"https:\/\/universnews224.com\/index.php\/recrutement-a-la-fonction-publique-un-important-communique-du-ministre-du-travail-et-de-la-fonction-publique\/\"},\"wordCount\":270,\"publisher\":{\"@id\":\"https:\/\/universnews224.com\/#organization\"},\"keywords\":[\"La une\"],\"articleSection\":[\"ACTU\",\"POLITIQUE\"],\"inLanguage\":\"fr-FR\"},{\"@type\":\"WebPage\",\"@id\":\"https:\/\/universnews224.com\/index.php\/recrutement-a-la-fonction-publique-un-important-communique-du-ministre-du-travail-et-de-la-fonction-publique\/\",\"url\":\"https:\/\/universnews224.com\/index.php\/recrutement-a-la-fonction-publique-un-important-communique-du-ministre-du-travail-et-de-la-fonction-publique\/\",\"name\":\"Recrutement \u00e0 la fonction publique: un important communiqu\u00e9 du ministre du travail et de la fonction publique. - UNIVERSNEWS224\",\"isPartOf\":{\"@id\":\"https:\/\/universnews224.com\/#website\"},\"datePublished\":\"2023-10-27T18:11:12+00:00\",\"dateModified\":\"2023-10-27T18:11:12+00:00\",\"inLanguage\":\"fr-FR\",\"potentialAction\":[{\"@type\":\"ReadAction\",\"target\":[\"https:\/\/universnews224.com\/index.php\/recrutement-a-la-fonction-publique-un-important-communique-du-ministre-du-travail-et-de-la-fonction-publique\/\"]}]},{\"@type\":\"WebSite\",\"@id\":\"https:\/\/universnews224.com\/#website\",\"url\":\"https:\/\/universnews224.com\/\",\"name\":\"UNIVERSNEWS224\",\"description\":\"\",\"publisher\":{\"@id\":\"https:\/\/universnews224.com\/#organization\"},\"potentialAction\":[{\"@type\":\"SearchAction\",\"target\":{\"@type\":\"EntryPoint\",\"urlTemplate\":\"https:\/\/universnews224.com\/?s={search_term_string}\"},\"query-input\":\"required name=search_term_string\"}],\"inLanguage\":\"fr-FR\"},{\"@type\":\"Organization\",\"@id\":\"https:\/\/universnews224.com\/#organization\",\"name\":\"UNIVERSNEWS224\",\"url\":\"https:\/\/universnews224.com\/\",\"logo\":{\"@type\":\"ImageObject\",\"inLanguage\":\"fr-FR\",\"@id\":\"https:\/\/universnews224.com\/#\/schema\/logo\/image\/\",\"url\":\"https:\/\/universnews224.com\/wp-content\/uploads\/2022\/08\/cropped-cropped-logoban.jpg\",\"contentUrl\":\"https:\/\/universnews224.com\/wp-content\/uploads\/2022\/08\/cropped-cropped-logoban.jpg\",\"width\":1080,\"height\":138,\"caption\":\"UNIVERSNEWS224\"},\"image\":{\"@id\":\"https:\/\/universnews224.com\/#\/schema\/logo\/image\/\"}},{\"@type\":\"Person\",\"@id\":\"https:\/\/universnews224.com\/#\/schema\/person\/a4b7d4f94a4716df60456a491260485e\",\"name\":\"La R\u00e9daction\",\"image\":{\"@type\":\"ImageObject\",\"inLanguage\":\"fr-FR\",\"@id\":\"https:\/\/universnews224.com\/#\/schema\/person\/image\/\",\"url\":\"https:\/\/secure.gravatar.com\/avatar\/edb90acc7752b23e1b3307ad36c14f0d?s=96&d=mm&r=g\",\"contentUrl\":\"https:\/\/secure.gravatar.com\/avatar\/edb90acc7752b23e1b3307ad36c14f0d?s=96&d=mm&r=g\",\"caption\":\"La R\u00e9daction\"},\"sameAs\":[\"https:\/\/universnews224.com\"],\"url\":\"https:\/\/universnews224.com\/index.php\/author\/m-camara\/\"}]}<\/script>\n<!-- \/ Yoast SEO plugin. -->","yoast_head_json":{"title":"Recrutement \u00e0 la fonction publique: un important communiqu\u00e9 du ministre du travail et de la fonction publique. - UNIVERSNEWS224","robots":{"index":"index","follow":"follow","max-snippet":"max-snippet:-1","max-image-preview":"max-image-preview:large","max-video-preview":"max-video-preview:-1"},"canonical":"https:\/\/universnews224.com\/index.php\/recrutement-a-la-fonction-publique-un-important-communique-du-ministre-du-travail-et-de-la-fonction-publique\/","og_locale":"fr_FR","og_type":"article","og_title":"Recrutement \u00e0 la fonction publique: un important communiqu\u00e9 du ministre du travail et de la fonction publique. - UNIVERSNEWS224","og_description":"Dans sa volont\u00e9 de faciliter le processus d\u2019inscription au concours de recrutement \u00e0 la Fonction","og_url":"https:\/\/universnews224.com\/index.php\/recrutement-a-la-fonction-publique-un-important-communique-du-ministre-du-travail-et-de-la-fonction-publique\/","og_site_name":"UNIVERSNEWS224","article_published_time":"2023-10-27T18:11:12+00:00","og_image":[{"width":843,"height":562,"url":"https:\/\/universnews224.com\/wp-content\/uploads\/2023\/10\/EAFEA167-6699-49E0-805F-22C5B81131D0.jpeg","type":"image\/jpeg"}],"author":"La R\u00e9daction","twitter_misc":{"\u00c9crit par":"La R\u00e9daction","Dur\u00e9e de lecture estim\u00e9e":"2 minutes"},"schema":{"@context":"https:\/\/schema.org","@graph":[{"@type":"Article","@id":"https:\/\/universnews224.com\/index.php\/recrutement-a-la-fonction-publique-un-important-communique-du-ministre-du-travail-et-de-la-fonction-publique\/#article","isPartOf":{"@id":"https:\/\/universnews224.com\/index.php\/recrutement-a-la-fonction-publique-un-important-communique-du-ministre-du-travail-et-de-la-fonction-publique\/"},"author":{"name":"La R\u00e9daction","@id":"https:\/\/universnews224.com\/#\/schema\/person\/a4b7d4f94a4716df60456a491260485e"},"headline":"Recrutement \u00e0 la fonction publique: un important communiqu\u00e9 du ministre du travail et de la fonction publique.","datePublished":"2023-10-27T18:11:12+00:00","dateModified":"2023-10-27T18:11:12+00:00","mainEntityOfPage":{"@id":"https:\/\/universnews224.com\/index.php\/recrutement-a-la-fonction-publique-un-important-communique-du-ministre-du-travail-et-de-la-fonction-publique\/"},"wordCount":270,"publisher":{"@id":"https:\/\/universnews224.com\/#organization"},"keywords":["La une"],"articleSection":["ACTU","POLITIQUE"],"inLanguage":"fr-FR"},{"@type":"WebPage","@id":"https:\/\/universnews224.com\/index.php\/recrutement-a-la-fonction-publique-un-important-communique-du-ministre-du-travail-et-de-la-fonction-publique\/","url":"https:\/\/universnews224.com\/index.php\/recrutement-a-la-fonction-publique-un-important-communique-du-ministre-du-travail-et-de-la-fonction-publique\/","name":"Recrutement \u00e0 la fonction publique: un important communiqu\u00e9 du ministre du travail et de la fonction publique. - UNIVERSNEWS224","isPartOf":{"@id":"https:\/\/universnews224.com\/#website"},"datePublished":"2023-10-27T18:11:12+00:00","dateModified":"2023-10-27T18:11:12+00:00","inLanguage":"fr-FR","potentialAction":[{"@type":"ReadAction","target":["https:\/\/universnews224.com\/index.php\/recrutement-a-la-fonction-publique-un-important-communique-du-ministre-du-travail-et-de-la-fonction-publique\/"]}]},{"@type":"WebSite","@id":"https:\/\/universnews224.com\/#website","url":"https:\/\/universnews224.com\/","name":"UNIVERSNEWS224","description":"","publisher":{"@id":"https:\/\/universnews224.com\/#organization"},"potentialAction":[{"@type":"SearchAction","target":{"@type":"EntryPoint","urlTemplate":"https:\/\/universnews224.com\/?s={search_term_string}"},"query-input":"required name=search_term_string"}],"inLanguage":"fr-FR"},{"@type":"Organization","@id":"https:\/\/universnews224.com\/#organization","name":"UNIVERSNEWS224","url":"https:\/\/universnews224.com\/","logo":{"@type":"ImageObject","inLanguage":"fr-FR","@id":"https:\/\/universnews224.com\/#\/schema\/logo\/image\/","url":"https:\/\/universnews224.com\/wp-content\/uploads\/2022\/08\/cropped-cropped-logoban.jpg","contentUrl":"https:\/\/universnews224.com\/wp-content\/uploads\/2022\/08\/cropped-cropped-logoban.jpg","width":1080,"height":138,"caption":"UNIVERSNEWS224"},"image":{"@id":"https:\/\/universnews224.com\/#\/schema\/logo\/image\/"}},{"@type":"Person","@id":"https:\/\/universnews224.com\/#\/schema\/person\/a4b7d4f94a4716df60456a491260485e","name":"La R\u00e9daction","image":{"@type":"ImageObject","inLanguage":"fr-FR","@id":"https:\/\/universnews224.com\/#\/schema\/person\/image\/","url":"https:\/\/secure.gravatar.com\/avatar\/edb90acc7752b23e1b3307ad36c14f0d?s=96&d=mm&r=g","contentUrl":"https:\/\/secure.gravatar.com\/avatar\/edb90acc7752b23e1b3307ad36c14f0d?s=96&d=mm&r=g","caption":"La R\u00e9daction"},"sameAs":["https:\/\/universnews224.com"],"url":"https:\/\/universnews224.com\/index.php\/author\/m-camara\/"}]}},"_links":{"self":[{"href":"https:\/\/universnews224.com\/index.php\/wp-json\/wp\/v2\/posts\/4509"}],"collection":[{"href":"https:\/\/universnews224.com\/index.php\/wp-json\/wp\/v2\/posts"}],"about":[{"href":"https:\/\/universnews224.com\/index.php\/wp-json\/wp\/v2\/types\/post"}],"author":[{"embeddable":true,"href":"https:\/\/universnews224.com\/index.php\/wp-json\/wp\/v2\/users\/2"}],"replies":[{"embeddable":true,"href":"https:\/\/universnews224.com\/index.php\/wp-json\/wp\/v2\/comments?post=4509"}],"version-history":[{"count":1,"href":"https:\/\/universnews224.com\/index.php\/wp-json\/wp\/v2\/posts\/4509\/revisions"}],"predecessor-version":[{"id":4512,"href":"https:\/\/universnews224.com\/index.php\/wp-json\/wp\/v2\/posts\/4509\/revisions\/4512"}],"wp:featuredmedia":[{"embeddable":true,"href":"https:\/\/universnews224.com\/index.php\/wp-json\/wp\/v2\/media\/4511"}],"wp:attachment":[{"href":"https:\/\/universnews224.com\/index.php\/wp-json\/wp\/v2\/media?parent=4509"}],"wp:term":[{"taxonomy":"category","embeddable":true,"href":"https:\/\/universnews224.com\/index.php\/wp-json\/wp\/v2\/categories?post=4509"},{"taxonomy":"post_tag","embeddable":true,"href":"https:\/\/universnews224.com\/index.php\/wp-json\/wp\/v2\/tags?post=4509"}],"curies":[{"name":"wp","href":"https:\/\/api.w.org\/{rel}","templated":true}]}}