{"id":4514,"date":"2023-10-30T23:34:33","date_gmt":"2023-10-30T22:34:33","guid":{"rendered":"https:\/\/universnews224.com\/?p=4514"},"modified":"2023-10-30T23:34:33","modified_gmt":"2023-10-30T22:34:33","slug":"dr-alimou-diallo-le-fichier-electoral-qui-doit-servir-a-lorganisation-des-elections-pour-sortir-de-cette-transition-ce-fichier-electoral-ne-sera-pas-extrait-du-ravec","status":"publish","type":"post","link":"https:\/\/universnews224.com\/index.php\/dr-alimou-diallo-le-fichier-electoral-qui-doit-servir-a-lorganisation-des-elections-pour-sortir-de-cette-transition-ce-fichier-electoral-ne-sera-pas-extrait-du-ravec\/","title":{"rendered":"Dr Alimou Diallo: \u201cLe fichier \u00e9lectoral qui doit servir \u00e0 l\u2019organisation des \u00e9lections pour sortir de cette transition, ce fichier \u00e9lectoral ne sera pas extrait du RAVEC\u201d"},"content":{"rendered":"<p class=\"p1\">L\u2019adoption par le Conseil National de la Transition (CNT) des lois portant Identification des personnes physiques et la loi portant r\u00e9gime de l\u2019\u00e9tat civil en R\u00e9publique de Guin\u00e9e continue de susciter des r\u00e9actions au sein de l\u2019opinion.<\/p>\n<p class=\"p1\"><span class=\"s1\">R\u00e9gissant sur cette actualit\u00e9 chez nos confr\u00e8res de la radio Fim Fm dans l\u2019\u00e9mission Mirador de ce lundi, 30 octobre 2023, Alimou Diallo, Docteur en science politique a indiqu\u00e9 que l\u2019adoption de ces deux lois est une avanc\u00e9e majeure pour la Guin\u00e9e. <\/span><\/p>\n<p class=\"p1\"><span class=\"s1\">\u201dSi on observe le processus de mise en application du chronogramme et on analyse la mise en \u0153uvre des deux lois qui ont \u00e9t\u00e9 adopt\u00e9es, on peut dire que le gouvernement est tr\u00e8s volontariste. Parce qu\u2019\u00e0 travers ces deux lois, le gouvernement vient de doter pour la premi\u00e8re notre pays, de deux bases juridiques. Premi\u00e8rement, c\u2019est institution d\u2019\u00e9tat civil, deuxi\u00e8mement, c\u2019est la biom\u00e9trie, c\u2019est-\u00e0-dire la prise de l\u2019empreinte. D\u00e9sormais, nous avons une base l\u00e9gale, donc c\u2019est une tr\u00e8s bonne chose pour notre pays\u201d, a t-il martel\u00e9. <\/span><\/p>\n<p class=\"p1\"><span class=\"s1\">Poursuivant, ce docteur en politique a laiss\u00e9 entendre que, le fichier \u00e9lectoral ne peut pas sortir du RAVEC comme le pr\u00e9tend le ministre de l\u2019Administration du territoire et de la d\u00e9centralisation. <\/span><\/p>\n<p class=\"p1\"><span class=\"s1\"> \u201cLe gouvernement \u00e0 travers le ministre de l\u2019Administration du territoire continue \u00e0 entretenir l\u2019amalgame entre un recensement \u00e0 vocation administrative et un recensement \u00e0 vocation \u00e9lectorale. Lors de son passage sur votre antenne, le ministre a avou\u00e9, peut-\u00eatre<span class=\"Apple-converted-space\">\u00a0 <\/span>implicitement ou peut-\u00eatre inconsciemment, sans le savoir que, le fichier \u00e9lectoral ne sera<span class=\"Apple-converted-space\">\u00a0 <\/span>pas extrait du RAVEC. Il a qu\u2019il n\u2019existe pas un acte de naissance biom\u00e9trique, ce qui est tout a fait vrai, il a raison. Il a encha\u00een\u00e9 ensuite en nous disant qu\u2019il aura deux fichiers. D\u2019un c\u00f4t\u00e9, il y aura un fichier, c\u2019est-\u00e0-dire on va mettre en place le RAVEC, une fois qu\u2019on aura termin\u00e9 de mettre en place le RAVEC, on va extraire ceux qui auront 18 ans dans un autre fichier parall\u00e8le. Et quand aura termin\u00e9 le processus, on va convoquer une seconde fois les personnes devant les m\u00eames machines et ces personnes font venir compl\u00e9ter les informations manquantes en l\u2019occurrence ici les empreintes digitales. Ce sont deux fichiers totalement diff\u00e9rents, le gouvernement a entretenu cette confusion. Tout le monde pensait qu\u2019on allait construire un fichier administratif, un recensement administratif \u00e0 vocation d\u2019\u00e9tat civil et \u00e0 partir de ce fichier, on allait extraire un fichier \u00e9lectoral. Mais, le ministre l\u2019a dit peut-\u00eatre inconsciemment, mais il sait pertinemment que ne n\u2019est pas possible, ce sont deux fichiers qui sont totalement diff\u00e9rents. En clair, le fichier \u00e9lectoral qui doit servir \u00e0 l\u2019organisation des \u00e9lections pour sortir de cette transition, ce fichier \u00e9lectoral ne sera pas extrait du RAVEC\u201d, a t-il martel\u00e9. <\/span><\/p>\n<p class=\"p1\"><span class=\"s1\">Camara Mamadouba <\/span><\/p>\n<p class=\"p1\"><span class=\"s1\">611 46 04 10 <\/span><\/p>\n","protected":false},"excerpt":{"rendered":"<p>L\u2019adoption par le Conseil National de la Transition (CNT) des lois portant Identification des personnes<\/p>\n","protected":false},"author":2,"featured_media":4515,"comment_status":"closed","ping_status":"open","sticky":false,"template":"","format":"standard","meta":[],"categories":[3,4],"tags":[229],"yoast_head":"<!-- This site is optimized with the Yoast SEO plugin v19.13 - https:\/\/yoast.com\/wordpress\/plugins\/seo\/ -->\n<title>Dr Alimou Diallo: \u201cLe fichier \u00e9lectoral qui doit servir \u00e0 l\u2019organisation des \u00e9lections pour sortir de cette transition, ce fichier \u00e9lectoral ne sera pas extrait du RAVEC\u201d - UNIVERSNEWS224<\/title>\n<meta name=\"robots\" content=\"index, follow, max-snippet:-1, max-image-preview:large, max-video-preview:-1\" \/>\n<link rel=\"canonical\" href=\"https:\/\/universnews224.com\/index.php\/dr-alimou-diallo-le-fichier-electoral-qui-doit-servir-a-lorganisation-des-elections-pour-sortir-de-cette-transition-ce-fichier-electoral-ne-sera-pas-extrait-du-ravec\/\" \/>\n<meta property=\"og:locale\" content=\"fr_FR\" \/>\n<meta property=\"og:type\" content=\"article\" \/>\n<meta property=\"og:title\" content=\"Dr Alimou Diallo: \u201cLe fichier \u00e9lectoral qui doit servir \u00e0 l\u2019organisation des \u00e9lections pour sortir de cette transition, ce fichier \u00e9lectoral ne sera pas extrait du RAVEC\u201d - UNIVERSNEWS224\" \/>\n<meta property=\"og:description\" content=\"L\u2019adoption par le Conseil National de la Transition (CNT) des lois portant Identification des personnes\" \/>\n<meta property=\"og:url\" content=\"https:\/\/universnews224.com\/index.php\/dr-alimou-diallo-le-fichier-electoral-qui-doit-servir-a-lorganisation-des-elections-pour-sortir-de-cette-transition-ce-fichier-electoral-ne-sera-pas-extrait-du-ravec\/\" \/>\n<meta property=\"og:site_name\" content=\"UNIVERSNEWS224\" \/>\n<meta property=\"article:published_time\" content=\"2023-10-30T22:34:33+00:00\" \/>\n<meta property=\"og:image\" content=\"https:\/\/universnews224.com\/wp-content\/uploads\/2023\/10\/679BED14-663F-4211-AC8F-73FF54A8A5EE.jpeg\" \/>\n\t<meta property=\"og:image:width\" content=\"721\" \/>\n\t<meta property=\"og:image:height\" content=\"487\" \/>\n\t<meta property=\"og:image:type\" content=\"image\/jpeg\" \/>\n<meta name=\"author\" content=\"La R\u00e9daction\" \/>\n<meta name=\"twitter:label1\" content=\"\u00c9crit par\" \/>\n\t<meta name=\"twitter:data1\" content=\"La R\u00e9daction\" \/>\n\t<meta name=\"twitter:label2\" content=\"Dur\u00e9e de lecture estim\u00e9e\" \/>\n\t<meta name=\"twitter:data2\" content=\"3 minutes\" \/>\n<script type=\"application\/ld+json\" class=\"yoast-schema-graph\">{\"@context\":\"https:\/\/schema.org\",\"@graph\":[{\"@type\":\"Article\",\"@id\":\"https:\/\/universnews224.com\/index.php\/dr-alimou-diallo-le-fichier-electoral-qui-doit-servir-a-lorganisation-des-elections-pour-sortir-de-cette-transition-ce-fichier-electoral-ne-sera-pas-extrait-du-ravec\/#article\",\"isPartOf\":{\"@id\":\"https:\/\/universnews224.com\/index.php\/dr-alimou-diallo-le-fichier-electoral-qui-doit-servir-a-lorganisation-des-elections-pour-sortir-de-cette-transition-ce-fichier-electoral-ne-sera-pas-extrait-du-ravec\/\"},\"author\":{\"name\":\"La R\u00e9daction\",\"@id\":\"https:\/\/universnews224.com\/#\/schema\/person\/a4b7d4f94a4716df60456a491260485e\"},\"headline\":\"Dr Alimou Diallo: \u201cLe fichier \u00e9lectoral qui doit servir \u00e0 l\u2019organisation des \u00e9lections pour sortir de cette transition, ce fichier \u00e9lectoral ne sera pas extrait du RAVEC\u201d\",\"datePublished\":\"2023-10-30T22:34:33+00:00\",\"dateModified\":\"2023-10-30T22:34:33+00:00\",\"mainEntityOfPage\":{\"@id\":\"https:\/\/universnews224.com\/index.php\/dr-alimou-diallo-le-fichier-electoral-qui-doit-servir-a-lorganisation-des-elections-pour-sortir-de-cette-transition-ce-fichier-electoral-ne-sera-pas-extrait-du-ravec\/\"},\"wordCount\":525,\"publisher\":{\"@id\":\"https:\/\/universnews224.com\/#organization\"},\"keywords\":[\"La une\"],\"articleSection\":[\"ACTU\",\"POLITIQUE\"],\"inLanguage\":\"fr-FR\"},{\"@type\":\"WebPage\",\"@id\":\"https:\/\/universnews224.com\/index.php\/dr-alimou-diallo-le-fichier-electoral-qui-doit-servir-a-lorganisation-des-elections-pour-sortir-de-cette-transition-ce-fichier-electoral-ne-sera-pas-extrait-du-ravec\/\",\"url\":\"https:\/\/universnews224.com\/index.php\/dr-alimou-diallo-le-fichier-electoral-qui-doit-servir-a-lorganisation-des-elections-pour-sortir-de-cette-transition-ce-fichier-electoral-ne-sera-pas-extrait-du-ravec\/\",\"name\":\"Dr Alimou Diallo: \u201cLe fichier \u00e9lectoral qui doit servir \u00e0 l\u2019organisation des \u00e9lections pour sortir de cette transition, ce fichier \u00e9lectoral ne sera pas extrait du RAVEC\u201d - UNIVERSNEWS224\",\"isPartOf\":{\"@id\":\"https:\/\/universnews224.com\/#website\"},\"datePublished\":\"2023-10-30T22:34:33+00:00\",\"dateModified\":\"2023-10-30T22:34:33+00:00\",\"inLanguage\":\"fr-FR\",\"potentialAction\":[{\"@type\":\"ReadAction\",\"target\":[\"https:\/\/universnews224.com\/index.php\/dr-alimou-diallo-le-fichier-electoral-qui-doit-servir-a-lorganisation-des-elections-pour-sortir-de-cette-transition-ce-fichier-electoral-ne-sera-pas-extrait-du-ravec\/\"]}]},{\"@type\":\"WebSite\",\"@id\":\"https:\/\/universnews224.com\/#website\",\"url\":\"https:\/\/universnews224.com\/\",\"name\":\"UNIVERSNEWS224\",\"description\":\"\",\"publisher\":{\"@id\":\"https:\/\/universnews224.com\/#organization\"},\"potentialAction\":[{\"@type\":\"SearchAction\",\"target\":{\"@type\":\"EntryPoint\",\"urlTemplate\":\"https:\/\/universnews224.com\/?s={search_term_string}\"},\"query-input\":\"required name=search_term_string\"}],\"inLanguage\":\"fr-FR\"},{\"@type\":\"Organization\",\"@id\":\"https:\/\/universnews224.com\/#organization\",\"name\":\"UNIVERSNEWS224\",\"url\":\"https:\/\/universnews224.com\/\",\"logo\":{\"@type\":\"ImageObject\",\"inLanguage\":\"fr-FR\",\"@id\":\"https:\/\/universnews224.com\/#\/schema\/logo\/image\/\",\"url\":\"https:\/\/universnews224.com\/wp-content\/uploads\/2022\/08\/cropped-cropped-logoban.jpg\",\"contentUrl\":\"https:\/\/universnews224.com\/wp-content\/uploads\/2022\/08\/cropped-cropped-logoban.jpg\",\"width\":1080,\"height\":138,\"caption\":\"UNIVERSNEWS224\"},\"image\":{\"@id\":\"https:\/\/universnews224.com\/#\/schema\/logo\/image\/\"}},{\"@type\":\"Person\",\"@id\":\"https:\/\/universnews224.com\/#\/schema\/person\/a4b7d4f94a4716df60456a491260485e\",\"name\":\"La R\u00e9daction\",\"image\":{\"@type\":\"ImageObject\",\"inLanguage\":\"fr-FR\",\"@id\":\"https:\/\/universnews224.com\/#\/schema\/person\/image\/\",\"url\":\"https:\/\/secure.gravatar.com\/avatar\/edb90acc7752b23e1b3307ad36c14f0d?s=96&d=mm&r=g\",\"contentUrl\":\"https:\/\/secure.gravatar.com\/avatar\/edb90acc7752b23e1b3307ad36c14f0d?s=96&d=mm&r=g\",\"caption\":\"La R\u00e9daction\"},\"sameAs\":[\"https:\/\/universnews224.com\"],\"url\":\"https:\/\/universnews224.com\/index.php\/author\/m-camara\/\"}]}<\/script>\n<!-- \/ Yoast SEO plugin. -->","yoast_head_json":{"title":"Dr Alimou Diallo: \u201cLe fichier \u00e9lectoral qui doit servir \u00e0 l\u2019organisation des \u00e9lections pour sortir de cette transition, ce fichier \u00e9lectoral ne sera pas extrait du RAVEC\u201d - UNIVERSNEWS224","robots":{"index":"index","follow":"follow","max-snippet":"max-snippet:-1","max-image-preview":"max-image-preview:large","max-video-preview":"max-video-preview:-1"},"canonical":"https:\/\/universnews224.com\/index.php\/dr-alimou-diallo-le-fichier-electoral-qui-doit-servir-a-lorganisation-des-elections-pour-sortir-de-cette-transition-ce-fichier-electoral-ne-sera-pas-extrait-du-ravec\/","og_locale":"fr_FR","og_type":"article","og_title":"Dr Alimou Diallo: \u201cLe fichier \u00e9lectoral qui doit servir \u00e0 l\u2019organisation des \u00e9lections pour sortir de cette transition, ce fichier \u00e9lectoral ne sera pas extrait du RAVEC\u201d - UNIVERSNEWS224","og_description":"L\u2019adoption par le Conseil National de la Transition (CNT) des lois portant Identification des personnes","og_url":"https:\/\/universnews224.com\/index.php\/dr-alimou-diallo-le-fichier-electoral-qui-doit-servir-a-lorganisation-des-elections-pour-sortir-de-cette-transition-ce-fichier-electoral-ne-sera-pas-extrait-du-ravec\/","og_site_name":"UNIVERSNEWS224","article_published_time":"2023-10-30T22:34:33+00:00","og_image":[{"width":721,"height":487,"url":"https:\/\/universnews224.com\/wp-content\/uploads\/2023\/10\/679BED14-663F-4211-AC8F-73FF54A8A5EE.jpeg","type":"image\/jpeg"}],"author":"La R\u00e9daction","twitter_misc":{"\u00c9crit par":"La R\u00e9daction","Dur\u00e9e de lecture estim\u00e9e":"3 minutes"},"schema":{"@context":"https:\/\/schema.org","@graph":[{"@type":"Article","@id":"https:\/\/universnews224.com\/index.php\/dr-alimou-diallo-le-fichier-electoral-qui-doit-servir-a-lorganisation-des-elections-pour-sortir-de-cette-transition-ce-fichier-electoral-ne-sera-pas-extrait-du-ravec\/#article","isPartOf":{"@id":"https:\/\/universnews224.com\/index.php\/dr-alimou-diallo-le-fichier-electoral-qui-doit-servir-a-lorganisation-des-elections-pour-sortir-de-cette-transition-ce-fichier-electoral-ne-sera-pas-extrait-du-ravec\/"},"author":{"name":"La R\u00e9daction","@id":"https:\/\/universnews224.com\/#\/schema\/person\/a4b7d4f94a4716df60456a491260485e"},"headline":"Dr Alimou Diallo: \u201cLe fichier \u00e9lectoral qui doit servir \u00e0 l\u2019organisation des \u00e9lections pour sortir de cette transition, ce fichier \u00e9lectoral ne sera pas extrait du RAVEC\u201d","datePublished":"2023-10-30T22:34:33+00:00","dateModified":"2023-10-30T22:34:33+00:00","mainEntityOfPage":{"@id":"https:\/\/universnews224.com\/index.php\/dr-alimou-diallo-le-fichier-electoral-qui-doit-servir-a-lorganisation-des-elections-pour-sortir-de-cette-transition-ce-fichier-electoral-ne-sera-pas-extrait-du-ravec\/"},"wordCount":525,"publisher":{"@id":"https:\/\/universnews224.com\/#organization"},"keywords":["La une"],"articleSection":["ACTU","POLITIQUE"],"inLanguage":"fr-FR"},{"@type":"WebPage","@id":"https:\/\/universnews224.com\/index.php\/dr-alimou-diallo-le-fichier-electoral-qui-doit-servir-a-lorganisation-des-elections-pour-sortir-de-cette-transition-ce-fichier-electoral-ne-sera-pas-extrait-du-ravec\/","url":"https:\/\/universnews224.com\/index.php\/dr-alimou-diallo-le-fichier-electoral-qui-doit-servir-a-lorganisation-des-elections-pour-sortir-de-cette-transition-ce-fichier-electoral-ne-sera-pas-extrait-du-ravec\/","name":"Dr Alimou Diallo: \u201cLe fichier \u00e9lectoral qui doit servir \u00e0 l\u2019organisation des \u00e9lections pour sortir de cette transition, ce fichier \u00e9lectoral ne sera pas extrait du RAVEC\u201d - UNIVERSNEWS224","isPartOf":{"@id":"https:\/\/universnews224.com\/#website"},"datePublished":"2023-10-30T22:34:33+00:00","dateModified":"2023-10-30T22:34:33+00:00","inLanguage":"fr-FR","potentialAction":[{"@type":"ReadAction","target":["https:\/\/universnews224.com\/index.php\/dr-alimou-diallo-le-fichier-electoral-qui-doit-servir-a-lorganisation-des-elections-pour-sortir-de-cette-transition-ce-fichier-electoral-ne-sera-pas-extrait-du-ravec\/"]}]},{"@type":"WebSite","@id":"https:\/\/universnews224.com\/#website","url":"https:\/\/universnews224.com\/","name":"UNIVERSNEWS224","description":"","publisher":{"@id":"https:\/\/universnews224.com\/#organization"},"potentialAction":[{"@type":"SearchAction","target":{"@type":"EntryPoint","urlTemplate":"https:\/\/universnews224.com\/?s={search_term_string}"},"query-input":"required name=search_term_string"}],"inLanguage":"fr-FR"},{"@type":"Organization","@id":"https:\/\/universnews224.com\/#organization","name":"UNIVERSNEWS224","url":"https:\/\/universnews224.com\/","logo":{"@type":"ImageObject","inLanguage":"fr-FR","@id":"https:\/\/universnews224.com\/#\/schema\/logo\/image\/","url":"https:\/\/universnews224.com\/wp-content\/uploads\/2022\/08\/cropped-cropped-logoban.jpg","contentUrl":"https:\/\/universnews224.com\/wp-content\/uploads\/2022\/08\/cropped-cropped-logoban.jpg","width":1080,"height":138,"caption":"UNIVERSNEWS224"},"image":{"@id":"https:\/\/universnews224.com\/#\/schema\/logo\/image\/"}},{"@type":"Person","@id":"https:\/\/universnews224.com\/#\/schema\/person\/a4b7d4f94a4716df60456a491260485e","name":"La R\u00e9daction","image":{"@type":"ImageObject","inLanguage":"fr-FR","@id":"https:\/\/universnews224.com\/#\/schema\/person\/image\/","url":"https:\/\/secure.gravatar.com\/avatar\/edb90acc7752b23e1b3307ad36c14f0d?s=96&d=mm&r=g","contentUrl":"https:\/\/secure.gravatar.com\/avatar\/edb90acc7752b23e1b3307ad36c14f0d?s=96&d=mm&r=g","caption":"La R\u00e9daction"},"sameAs":["https:\/\/universnews224.com"],"url":"https:\/\/universnews224.com\/index.php\/author\/m-camara\/"}]}},"_links":{"self":[{"href":"https:\/\/universnews224.com\/index.php\/wp-json\/wp\/v2\/posts\/4514"}],"collection":[{"href":"https:\/\/universnews224.com\/index.php\/wp-json\/wp\/v2\/posts"}],"about":[{"href":"https:\/\/universnews224.com\/index.php\/wp-json\/wp\/v2\/types\/post"}],"author":[{"embeddable":true,"href":"https:\/\/universnews224.com\/index.php\/wp-json\/wp\/v2\/users\/2"}],"replies":[{"embeddable":true,"href":"https:\/\/universnews224.com\/index.php\/wp-json\/wp\/v2\/comments?post=4514"}],"version-history":[{"count":1,"href":"https:\/\/universnews224.com\/index.php\/wp-json\/wp\/v2\/posts\/4514\/revisions"}],"predecessor-version":[{"id":4516,"href":"https:\/\/universnews224.com\/index.php\/wp-json\/wp\/v2\/posts\/4514\/revisions\/4516"}],"wp:featuredmedia":[{"embeddable":true,"href":"https:\/\/universnews224.com\/index.php\/wp-json\/wp\/v2\/media\/4515"}],"wp:attachment":[{"href":"https:\/\/universnews224.com\/index.php\/wp-json\/wp\/v2\/media?parent=4514"}],"wp:term":[{"taxonomy":"category","embeddable":true,"href":"https:\/\/universnews224.com\/index.php\/wp-json\/wp\/v2\/categories?post=4514"},{"taxonomy":"post_tag","embeddable":true,"href":"https:\/\/universnews224.com\/index.php\/wp-json\/wp\/v2\/tags?post=4514"}],"curies":[{"name":"wp","href":"https:\/\/api.w.org\/{rel}","templated":true}]}}