{"id":4517,"date":"2023-11-01T01:14:41","date_gmt":"2023-11-01T00:14:41","guid":{"rendered":"https:\/\/universnews224.com\/?p=4517"},"modified":"2023-11-01T01:14:41","modified_gmt":"2023-11-01T00:14:41","slug":"semaine-du-soldat-le-chef-de-cabinet-general-de-division-david-haba-lance-la-journee-porte-ouverte-a-conakry","status":"publish","type":"post","link":"https:\/\/universnews224.com\/index.php\/semaine-du-soldat-le-chef-de-cabinet-general-de-division-david-haba-lance-la-journee-porte-ouverte-a-conakry\/","title":{"rendered":"Semaine du soldat : le chef de cabinet g\u00e9n\u00e9ral de division David Haba lance la journ\u00e9e porte ouverte \u00e0 Conakry"},"content":{"rendered":"<p>En pr\u00e9lude de la c\u00e9l\u00e9bration de la cr\u00e9ation de l&rsquo;arm\u00e9e guin\u00e9enne, le 01 novembre de chaque ann\u00e9e, le G\u00e9n\u00e9ral de division, David Haba, Directeur de cabinet du minist\u00e8re de la d\u00e9fense nationale a proc\u00e9d\u00e9 ce mardi 31 novembre 2023 \u00e0 l&rsquo;esplanade du palais du peuple, au lancement d&rsquo;une journ\u00e9e porte ouverte intitul\u00e9e \u00a0\u00bb \u00e0 la d\u00e9couverte de notre arm\u00e9e\u00a0\u00bb organis\u00e9 par le minist\u00e8re de la d\u00e9fense nationale.<br \/>\nC&rsquo;\u00e9tait en pr\u00e9sence de plusieurs g\u00e9n\u00e9raux \u00e0 la c\u00e9r\u00e9monie de lancement de cette activit\u00e9: le G\u00e9n\u00e9ral de division Balla Samoura, haut commandant de la gendarmerie nationale, le G\u00e9n\u00e9ral de division Ibrahima Sory Bangoura, chef d\u2019\u00e9tat-major g\u00e9n\u00e9ral des arm\u00e9es, le commissaire divisionnaire de police, Abdoulaye Sampil, Directeur g\u00e9n\u00e9ral de la police nationale, Moussa Camara, Directeur g\u00e9n\u00e9ral des douanes, la lieutenante-colonelle Aminata Diallo, Directrice g\u00e9n\u00e9rale de la Caisse nationale de pr\u00e9voyance sociale&#8230;<br \/>\nApr\u00e8s le lancement des activit\u00e9s, il y&rsquo;a eux la pr\u00e9sence massives des \u00e9tudiants pour des visites guid\u00e9es en tour de r\u00f4le enfin de permettre aux citoyens de d\u00e9couvrir l\u2019activit\u00e9 de chaque corps de l\u2019arm\u00e9e guin\u00e9enne.<br \/>\nDans son discours d\u2019ouverture, le G\u00e9n\u00e9ral de division, David Haba, Directeur de cabinet du minist\u00e8re de la d\u00e9fense nationale pr\u00e9cise.<a href=\"https:\/\/universnews224.com\/wp-content\/uploads\/2023\/11\/777346EC-2DDA-4495-8392-E6CDD9CBC057.jpeg\"><img loading=\"lazy\" class=\"alignnone size-medium wp-image-4521\" src=\"https:\/\/universnews224.com\/wp-content\/uploads\/2023\/11\/777346EC-2DDA-4495-8392-E6CDD9CBC057-300x169.jpeg\" alt=\"\" width=\"300\" height=\"169\" srcset=\"https:\/\/universnews224.com\/wp-content\/uploads\/2023\/11\/777346EC-2DDA-4495-8392-E6CDD9CBC057-300x169.jpeg 300w, https:\/\/universnews224.com\/wp-content\/uploads\/2023\/11\/777346EC-2DDA-4495-8392-E6CDD9CBC057-1024x576.jpeg 1024w, https:\/\/universnews224.com\/wp-content\/uploads\/2023\/11\/777346EC-2DDA-4495-8392-E6CDD9CBC057-768x432.jpeg 768w, https:\/\/universnews224.com\/wp-content\/uploads\/2023\/11\/777346EC-2DDA-4495-8392-E6CDD9CBC057-800x450.jpeg 800w, https:\/\/universnews224.com\/wp-content\/uploads\/2023\/11\/777346EC-2DDA-4495-8392-E6CDD9CBC057.jpeg 1032w\" sizes=\"(max-width: 300px) 100vw, 300px\" \/><\/a><br \/>\n\u00ab L\u2019\u00e9v\u00e9nement de ce jour, c\u2019est que vous venez dans les stands qui sont ouverts ici sur l\u2019esplanade du palais du peuple, au niveau de chaque stand, on vous dira ce que ce corps de l\u2019arm\u00e9e fait. C\u2019est un \u00e9v\u00e9nement qui se situe dans le cadre des id\u00e9aux du chef supr\u00eame des arm\u00e9es, qui veut que notre arm\u00e9e soit proche de sa population. C\u2019est un d\u00e9but, nous voulons p\u00e9renniser cette initiative. \u00c0 l\u2019avenir, \u00e7a va \u00eatre organis\u00e9 et mieux organis\u00e9 que ce que vous voyez ce matin \u00bb,a d\u00e9clar\u00e9 le G\u00e9n\u00e9ral.<br \/>\nPr\u00e9sente \u00e0 cette journ\u00e9e porte ouverte la directrice g\u00e9n\u00e9rale de la Caisse nationale de pr\u00e9voyance sociale Aminata Diallo a tout d&rsquo;abord remercier le pr\u00e9sident de la transition Colonel Mamadi Doumbouya avant de dire que c&rsquo;est une opportunit\u00e9s pour la population de savoir les activit\u00e9s de sont arm\u00e9es. <a href=\"https:\/\/universnews224.com\/wp-content\/uploads\/2023\/11\/3D355D88-D81D-4556-973E-E421D87FCECF.jpeg\"><img loading=\"lazy\" class=\"alignnone size-medium wp-image-4520\" src=\"https:\/\/universnews224.com\/wp-content\/uploads\/2023\/11\/3D355D88-D81D-4556-973E-E421D87FCECF-300x169.jpeg\" alt=\"\" width=\"300\" height=\"169\" srcset=\"https:\/\/universnews224.com\/wp-content\/uploads\/2023\/11\/3D355D88-D81D-4556-973E-E421D87FCECF-300x169.jpeg 300w, https:\/\/universnews224.com\/wp-content\/uploads\/2023\/11\/3D355D88-D81D-4556-973E-E421D87FCECF-1024x576.jpeg 1024w, https:\/\/universnews224.com\/wp-content\/uploads\/2023\/11\/3D355D88-D81D-4556-973E-E421D87FCECF-768x432.jpeg 768w, https:\/\/universnews224.com\/wp-content\/uploads\/2023\/11\/3D355D88-D81D-4556-973E-E421D87FCECF-800x450.jpeg 800w, https:\/\/universnews224.com\/wp-content\/uploads\/2023\/11\/3D355D88-D81D-4556-973E-E421D87FCECF.jpeg 1032w\" sizes=\"(max-width: 300px) 100vw, 300px\" \/><\/a><br \/>\n\u00ab C&rsquo;est une grande occasion pour la population de venir savoir, conna\u00eetre aussi l&rsquo;arm\u00e9e dans sa composante, sa s\u00e9curisation, le fonctionnement et comment \u00e7a travail. Ici au palais du peuple il y&rsquo;a beaucoup de choses \u00e0 savoir, les expos\u00e9s, les explications mais aussi des questions r\u00e9ponses enfin de conna\u00eetre beaucoup de choses parce que ce nous il n\u2019y a pas de tabou, aujourd\u2019hui une grande exposition permettant une fois encore \u00e0 la population de comprendre l\u2019arm\u00e9e guin\u00e9enne. Et je profite encore pour souhaiter bonne f\u00eate \u00e0 l&rsquo;arm\u00e9e guin\u00e9enne que du Dieu benise la Guin\u00e9e \u00bb, a conclu la directrice.<\/p>\n<p>Sana Sylla.<\/p>\n","protected":false},"excerpt":{"rendered":"<p>En pr\u00e9lude de la c\u00e9l\u00e9bration de la cr\u00e9ation de l&rsquo;arm\u00e9e guin\u00e9enne, le 01 novembre de<\/p>\n","protected":false},"author":2,"featured_media":4518,"comment_status":"closed","ping_status":"open","sticky":false,"template":"","format":"standard","meta":[],"categories":[3],"tags":[229],"yoast_head":"<!-- This site is optimized with the Yoast SEO plugin v19.13 - https:\/\/yoast.com\/wordpress\/plugins\/seo\/ -->\n<title>Semaine du soldat : le chef de cabinet g\u00e9n\u00e9ral de division David Haba lance la journ\u00e9e porte ouverte \u00e0 Conakry - UNIVERSNEWS224<\/title>\n<meta name=\"robots\" content=\"index, follow, max-snippet:-1, max-image-preview:large, max-video-preview:-1\" \/>\n<link rel=\"canonical\" href=\"https:\/\/universnews224.com\/index.php\/semaine-du-soldat-le-chef-de-cabinet-general-de-division-david-haba-lance-la-journee-porte-ouverte-a-conakry\/\" \/>\n<meta property=\"og:locale\" content=\"fr_FR\" \/>\n<meta property=\"og:type\" content=\"article\" \/>\n<meta property=\"og:title\" content=\"Semaine du soldat : le chef de cabinet g\u00e9n\u00e9ral de division David Haba lance la journ\u00e9e porte ouverte \u00e0 Conakry - UNIVERSNEWS224\" \/>\n<meta property=\"og:description\" content=\"En pr\u00e9lude de la c\u00e9l\u00e9bration de la cr\u00e9ation de l&rsquo;arm\u00e9e guin\u00e9enne, le 01 novembre de\" \/>\n<meta property=\"og:url\" content=\"https:\/\/universnews224.com\/index.php\/semaine-du-soldat-le-chef-de-cabinet-general-de-division-david-haba-lance-la-journee-porte-ouverte-a-conakry\/\" \/>\n<meta property=\"og:site_name\" content=\"UNIVERSNEWS224\" \/>\n<meta property=\"article:published_time\" content=\"2023-11-01T00:14:41+00:00\" \/>\n<meta property=\"og:image\" content=\"https:\/\/universnews224.com\/wp-content\/uploads\/2023\/11\/D34AEDE3-5C28-4AA1-961D-3A346FCD6AB4.jpeg\" \/>\n\t<meta property=\"og:image:width\" content=\"1032\" \/>\n\t<meta property=\"og:image:height\" content=\"580\" \/>\n\t<meta property=\"og:image:type\" content=\"image\/jpeg\" \/>\n<meta name=\"author\" content=\"La R\u00e9daction\" \/>\n<meta name=\"twitter:label1\" content=\"\u00c9crit par\" \/>\n\t<meta name=\"twitter:data1\" content=\"La R\u00e9daction\" \/>\n\t<meta name=\"twitter:label2\" content=\"Dur\u00e9e de lecture estim\u00e9e\" \/>\n\t<meta name=\"twitter:data2\" content=\"3 minutes\" \/>\n<script type=\"application\/ld+json\" class=\"yoast-schema-graph\">{\"@context\":\"https:\/\/schema.org\",\"@graph\":[{\"@type\":\"Article\",\"@id\":\"https:\/\/universnews224.com\/index.php\/semaine-du-soldat-le-chef-de-cabinet-general-de-division-david-haba-lance-la-journee-porte-ouverte-a-conakry\/#article\",\"isPartOf\":{\"@id\":\"https:\/\/universnews224.com\/index.php\/semaine-du-soldat-le-chef-de-cabinet-general-de-division-david-haba-lance-la-journee-porte-ouverte-a-conakry\/\"},\"author\":{\"name\":\"La R\u00e9daction\",\"@id\":\"https:\/\/universnews224.com\/#\/schema\/person\/a4b7d4f94a4716df60456a491260485e\"},\"headline\":\"Semaine du soldat : le chef de cabinet g\u00e9n\u00e9ral de division David Haba lance la journ\u00e9e porte ouverte \u00e0 Conakry\",\"datePublished\":\"2023-11-01T00:14:41+00:00\",\"dateModified\":\"2023-11-01T00:14:41+00:00\",\"mainEntityOfPage\":{\"@id\":\"https:\/\/universnews224.com\/index.php\/semaine-du-soldat-le-chef-de-cabinet-general-de-division-david-haba-lance-la-journee-porte-ouverte-a-conakry\/\"},\"wordCount\":536,\"publisher\":{\"@id\":\"https:\/\/universnews224.com\/#organization\"},\"keywords\":[\"La une\"],\"articleSection\":[\"ACTU\"],\"inLanguage\":\"fr-FR\"},{\"@type\":\"WebPage\",\"@id\":\"https:\/\/universnews224.com\/index.php\/semaine-du-soldat-le-chef-de-cabinet-general-de-division-david-haba-lance-la-journee-porte-ouverte-a-conakry\/\",\"url\":\"https:\/\/universnews224.com\/index.php\/semaine-du-soldat-le-chef-de-cabinet-general-de-division-david-haba-lance-la-journee-porte-ouverte-a-conakry\/\",\"name\":\"Semaine du soldat : le chef de cabinet g\u00e9n\u00e9ral de division David Haba lance la journ\u00e9e porte ouverte \u00e0 Conakry - UNIVERSNEWS224\",\"isPartOf\":{\"@id\":\"https:\/\/universnews224.com\/#website\"},\"datePublished\":\"2023-11-01T00:14:41+00:00\",\"dateModified\":\"2023-11-01T00:14:41+00:00\",\"inLanguage\":\"fr-FR\",\"potentialAction\":[{\"@type\":\"ReadAction\",\"target\":[\"https:\/\/universnews224.com\/index.php\/semaine-du-soldat-le-chef-de-cabinet-general-de-division-david-haba-lance-la-journee-porte-ouverte-a-conakry\/\"]}]},{\"@type\":\"WebSite\",\"@id\":\"https:\/\/universnews224.com\/#website\",\"url\":\"https:\/\/universnews224.com\/\",\"name\":\"UNIVERSNEWS224\",\"description\":\"\",\"publisher\":{\"@id\":\"https:\/\/universnews224.com\/#organization\"},\"potentialAction\":[{\"@type\":\"SearchAction\",\"target\":{\"@type\":\"EntryPoint\",\"urlTemplate\":\"https:\/\/universnews224.com\/?s={search_term_string}\"},\"query-input\":\"required name=search_term_string\"}],\"inLanguage\":\"fr-FR\"},{\"@type\":\"Organization\",\"@id\":\"https:\/\/universnews224.com\/#organization\",\"name\":\"UNIVERSNEWS224\",\"url\":\"https:\/\/universnews224.com\/\",\"logo\":{\"@type\":\"ImageObject\",\"inLanguage\":\"fr-FR\",\"@id\":\"https:\/\/universnews224.com\/#\/schema\/logo\/image\/\",\"url\":\"https:\/\/universnews224.com\/wp-content\/uploads\/2022\/08\/cropped-cropped-logoban.jpg\",\"contentUrl\":\"https:\/\/universnews224.com\/wp-content\/uploads\/2022\/08\/cropped-cropped-logoban.jpg\",\"width\":1080,\"height\":138,\"caption\":\"UNIVERSNEWS224\"},\"image\":{\"@id\":\"https:\/\/universnews224.com\/#\/schema\/logo\/image\/\"}},{\"@type\":\"Person\",\"@id\":\"https:\/\/universnews224.com\/#\/schema\/person\/a4b7d4f94a4716df60456a491260485e\",\"name\":\"La R\u00e9daction\",\"image\":{\"@type\":\"ImageObject\",\"inLanguage\":\"fr-FR\",\"@id\":\"https:\/\/universnews224.com\/#\/schema\/person\/image\/\",\"url\":\"https:\/\/secure.gravatar.com\/avatar\/edb90acc7752b23e1b3307ad36c14f0d?s=96&d=mm&r=g\",\"contentUrl\":\"https:\/\/secure.gravatar.com\/avatar\/edb90acc7752b23e1b3307ad36c14f0d?s=96&d=mm&r=g\",\"caption\":\"La R\u00e9daction\"},\"sameAs\":[\"https:\/\/universnews224.com\"],\"url\":\"https:\/\/universnews224.com\/index.php\/author\/m-camara\/\"}]}<\/script>\n<!-- \/ Yoast SEO plugin. -->","yoast_head_json":{"title":"Semaine du soldat : le chef de cabinet g\u00e9n\u00e9ral de division David Haba lance la journ\u00e9e porte ouverte \u00e0 Conakry - UNIVERSNEWS224","robots":{"index":"index","follow":"follow","max-snippet":"max-snippet:-1","max-image-preview":"max-image-preview:large","max-video-preview":"max-video-preview:-1"},"canonical":"https:\/\/universnews224.com\/index.php\/semaine-du-soldat-le-chef-de-cabinet-general-de-division-david-haba-lance-la-journee-porte-ouverte-a-conakry\/","og_locale":"fr_FR","og_type":"article","og_title":"Semaine du soldat : le chef de cabinet g\u00e9n\u00e9ral de division David Haba lance la journ\u00e9e porte ouverte \u00e0 Conakry - UNIVERSNEWS224","og_description":"En pr\u00e9lude de la c\u00e9l\u00e9bration de la cr\u00e9ation de l&rsquo;arm\u00e9e guin\u00e9enne, le 01 novembre de","og_url":"https:\/\/universnews224.com\/index.php\/semaine-du-soldat-le-chef-de-cabinet-general-de-division-david-haba-lance-la-journee-porte-ouverte-a-conakry\/","og_site_name":"UNIVERSNEWS224","article_published_time":"2023-11-01T00:14:41+00:00","og_image":[{"width":1032,"height":580,"url":"https:\/\/universnews224.com\/wp-content\/uploads\/2023\/11\/D34AEDE3-5C28-4AA1-961D-3A346FCD6AB4.jpeg","type":"image\/jpeg"}],"author":"La R\u00e9daction","twitter_misc":{"\u00c9crit par":"La R\u00e9daction","Dur\u00e9e de lecture estim\u00e9e":"3 minutes"},"schema":{"@context":"https:\/\/schema.org","@graph":[{"@type":"Article","@id":"https:\/\/universnews224.com\/index.php\/semaine-du-soldat-le-chef-de-cabinet-general-de-division-david-haba-lance-la-journee-porte-ouverte-a-conakry\/#article","isPartOf":{"@id":"https:\/\/universnews224.com\/index.php\/semaine-du-soldat-le-chef-de-cabinet-general-de-division-david-haba-lance-la-journee-porte-ouverte-a-conakry\/"},"author":{"name":"La R\u00e9daction","@id":"https:\/\/universnews224.com\/#\/schema\/person\/a4b7d4f94a4716df60456a491260485e"},"headline":"Semaine du soldat : le chef de cabinet g\u00e9n\u00e9ral de division David Haba lance la journ\u00e9e porte ouverte \u00e0 Conakry","datePublished":"2023-11-01T00:14:41+00:00","dateModified":"2023-11-01T00:14:41+00:00","mainEntityOfPage":{"@id":"https:\/\/universnews224.com\/index.php\/semaine-du-soldat-le-chef-de-cabinet-general-de-division-david-haba-lance-la-journee-porte-ouverte-a-conakry\/"},"wordCount":536,"publisher":{"@id":"https:\/\/universnews224.com\/#organization"},"keywords":["La une"],"articleSection":["ACTU"],"inLanguage":"fr-FR"},{"@type":"WebPage","@id":"https:\/\/universnews224.com\/index.php\/semaine-du-soldat-le-chef-de-cabinet-general-de-division-david-haba-lance-la-journee-porte-ouverte-a-conakry\/","url":"https:\/\/universnews224.com\/index.php\/semaine-du-soldat-le-chef-de-cabinet-general-de-division-david-haba-lance-la-journee-porte-ouverte-a-conakry\/","name":"Semaine du soldat : le chef de cabinet g\u00e9n\u00e9ral de division David Haba lance la journ\u00e9e porte ouverte \u00e0 Conakry - UNIVERSNEWS224","isPartOf":{"@id":"https:\/\/universnews224.com\/#website"},"datePublished":"2023-11-01T00:14:41+00:00","dateModified":"2023-11-01T00:14:41+00:00","inLanguage":"fr-FR","potentialAction":[{"@type":"ReadAction","target":["https:\/\/universnews224.com\/index.php\/semaine-du-soldat-le-chef-de-cabinet-general-de-division-david-haba-lance-la-journee-porte-ouverte-a-conakry\/"]}]},{"@type":"WebSite","@id":"https:\/\/universnews224.com\/#website","url":"https:\/\/universnews224.com\/","name":"UNIVERSNEWS224","description":"","publisher":{"@id":"https:\/\/universnews224.com\/#organization"},"potentialAction":[{"@type":"SearchAction","target":{"@type":"EntryPoint","urlTemplate":"https:\/\/universnews224.com\/?s={search_term_string}"},"query-input":"required name=search_term_string"}],"inLanguage":"fr-FR"},{"@type":"Organization","@id":"https:\/\/universnews224.com\/#organization","name":"UNIVERSNEWS224","url":"https:\/\/universnews224.com\/","logo":{"@type":"ImageObject","inLanguage":"fr-FR","@id":"https:\/\/universnews224.com\/#\/schema\/logo\/image\/","url":"https:\/\/universnews224.com\/wp-content\/uploads\/2022\/08\/cropped-cropped-logoban.jpg","contentUrl":"https:\/\/universnews224.com\/wp-content\/uploads\/2022\/08\/cropped-cropped-logoban.jpg","width":1080,"height":138,"caption":"UNIVERSNEWS224"},"image":{"@id":"https:\/\/universnews224.com\/#\/schema\/logo\/image\/"}},{"@type":"Person","@id":"https:\/\/universnews224.com\/#\/schema\/person\/a4b7d4f94a4716df60456a491260485e","name":"La R\u00e9daction","image":{"@type":"ImageObject","inLanguage":"fr-FR","@id":"https:\/\/universnews224.com\/#\/schema\/person\/image\/","url":"https:\/\/secure.gravatar.com\/avatar\/edb90acc7752b23e1b3307ad36c14f0d?s=96&d=mm&r=g","contentUrl":"https:\/\/secure.gravatar.com\/avatar\/edb90acc7752b23e1b3307ad36c14f0d?s=96&d=mm&r=g","caption":"La R\u00e9daction"},"sameAs":["https:\/\/universnews224.com"],"url":"https:\/\/universnews224.com\/index.php\/author\/m-camara\/"}]}},"_links":{"self":[{"href":"https:\/\/universnews224.com\/index.php\/wp-json\/wp\/v2\/posts\/4517"}],"collection":[{"href":"https:\/\/universnews224.com\/index.php\/wp-json\/wp\/v2\/posts"}],"about":[{"href":"https:\/\/universnews224.com\/index.php\/wp-json\/wp\/v2\/types\/post"}],"author":[{"embeddable":true,"href":"https:\/\/universnews224.com\/index.php\/wp-json\/wp\/v2\/users\/2"}],"replies":[{"embeddable":true,"href":"https:\/\/universnews224.com\/index.php\/wp-json\/wp\/v2\/comments?post=4517"}],"version-history":[{"count":1,"href":"https:\/\/universnews224.com\/index.php\/wp-json\/wp\/v2\/posts\/4517\/revisions"}],"predecessor-version":[{"id":4522,"href":"https:\/\/universnews224.com\/index.php\/wp-json\/wp\/v2\/posts\/4517\/revisions\/4522"}],"wp:featuredmedia":[{"embeddable":true,"href":"https:\/\/universnews224.com\/index.php\/wp-json\/wp\/v2\/media\/4518"}],"wp:attachment":[{"href":"https:\/\/universnews224.com\/index.php\/wp-json\/wp\/v2\/media?parent=4517"}],"wp:term":[{"taxonomy":"category","embeddable":true,"href":"https:\/\/universnews224.com\/index.php\/wp-json\/wp\/v2\/categories?post=4517"},{"taxonomy":"post_tag","embeddable":true,"href":"https:\/\/universnews224.com\/index.php\/wp-json\/wp\/v2\/tags?post=4517"}],"curies":[{"name":"wp","href":"https:\/\/api.w.org\/{rel}","templated":true}]}}