{"id":4523,"date":"2023-11-01T01:21:01","date_gmt":"2023-11-01T00:21:01","guid":{"rendered":"https:\/\/universnews224.com\/?p=4523"},"modified":"2023-11-01T01:21:01","modified_gmt":"2023-11-01T00:21:01","slug":"cellou-balde-on-peut-prendre-le-pouvoir-par-les-armes-pour-une-matinee-mais-on-ne-peut-pas-gerer-letat-par-les-armes","status":"publish","type":"post","link":"https:\/\/universnews224.com\/index.php\/cellou-balde-on-peut-prendre-le-pouvoir-par-les-armes-pour-une-matinee-mais-on-ne-peut-pas-gerer-letat-par-les-armes\/","title":{"rendered":"Cellou Bald\u00e9: \u201cOn peut prendre le pouvoir par les armes pour une matin\u00e9e, mais on ne peut pas g\u00e9rer l\u2019\u00c9tat par les armes\u201d."},"content":{"rendered":"<p class=\"p1\"><span class=\"s1\">Le Coordonnateur des f\u00e9d\u00e9rations de l\u2019UFDG \u00e0 l\u2019int\u00e9rieur du pays s\u2019est prononc\u00e9 ce mardi, 31 octobre 2023 sur la d\u00e9cision du ministre d\u2019Administration du territoire et de la d\u00e9centralisation, accordant d\u00e9sormais la d\u00e9livrance des certificats de r\u00e9sidence aux mairies en lieu et place des chefs de quartiers. <\/span><\/p>\n<p class=\"p1\"><span class=\"s1\">Selon Cellou Bald\u00e9, on ne l\u00e8ve pas un matin pour imposer une telle d\u00e9cision<span class=\"Apple-converted-space\">\u00a0 <\/span>au peuple. <\/span><\/p>\n<p class=\"p1\"><span class=\"s1\">\u201cM\u00eame en venant ce matin je disais une autre d\u00e9cision, rendant aux maires de d\u00e9livrer le certificat de r\u00e9sidence en initiant un autre document qu\u2019on appelle certificat d\u2019habitation. Mais, nous sommes dans une nation, m\u00eame si les institutions ne sont l\u00e0 encore, on ne l\u00e8ve pas chaque matin avec une d\u00e9cision qu\u2019on impose au peuple. Est-ce que c\u2019est le peuple qui a r\u00e9fl\u00e9chi pour dire ou bien ce sont des collectivit\u00e9s locales qui ont dit que nos populations nous ont demand\u00e9 qu\u2019ils aient d\u00e9sormais des certificats d\u2019habitation? Un certificat d\u2019habitation \u00e7a ram\u00e8ne \u00e0 quoi, c\u2019est quoi la plus value, c\u2019est quoi la valeur juridique et l\u2019opportunit\u00e9 ? Ce que j\u2019ai envie de d\u00e9noncer, c\u2019est cette gestion solitaire de la transition, cette administration de commandement. On peut prendre le pouvoir par les armes pour une matin\u00e9e, mais on ne peut pas g\u00e9rer l\u2019\u00c9tat par les armes. \u00c7a ne peut pas prosp\u00e9rer. Je le dis et le r\u00e9it\u00e8re le CNRD doit revenir \u00e0 la raison, le CNRD doit revaluer ce processus de la transition, respecter l\u2019article 77, sinon il nous conduit vers des lendemains incertains\u201c, a t-il martel\u00e9. <\/span><\/p>\n<p class=\"p1\"><span class=\"s1\">Mohamed Camara <\/span><\/p>\n","protected":false},"excerpt":{"rendered":"<p>Le Coordonnateur des f\u00e9d\u00e9rations de l\u2019UFDG \u00e0 l\u2019int\u00e9rieur du pays s\u2019est prononc\u00e9 ce mardi, 31<\/p>\n","protected":false},"author":2,"featured_media":4030,"comment_status":"closed","ping_status":"open","sticky":false,"template":"","format":"standard","meta":[],"categories":[3,5],"tags":[229],"yoast_head":"<!-- This site is optimized with the Yoast SEO plugin v19.13 - https:\/\/yoast.com\/wordpress\/plugins\/seo\/ -->\n<title>Cellou Bald\u00e9: \u201cOn peut prendre le pouvoir par les armes pour une matin\u00e9e, mais on ne peut pas g\u00e9rer l\u2019\u00c9tat par les armes\u201d. - UNIVERSNEWS224<\/title>\n<meta name=\"robots\" content=\"index, follow, max-snippet:-1, max-image-preview:large, max-video-preview:-1\" \/>\n<link rel=\"canonical\" href=\"https:\/\/universnews224.com\/index.php\/cellou-balde-on-peut-prendre-le-pouvoir-par-les-armes-pour-une-matinee-mais-on-ne-peut-pas-gerer-letat-par-les-armes\/\" \/>\n<meta property=\"og:locale\" content=\"fr_FR\" \/>\n<meta property=\"og:type\" content=\"article\" \/>\n<meta property=\"og:title\" content=\"Cellou Bald\u00e9: \u201cOn peut prendre le pouvoir par les armes pour une matin\u00e9e, mais on ne peut pas g\u00e9rer l\u2019\u00c9tat par les armes\u201d. - UNIVERSNEWS224\" \/>\n<meta property=\"og:description\" content=\"Le Coordonnateur des f\u00e9d\u00e9rations de l\u2019UFDG \u00e0 l\u2019int\u00e9rieur du pays s\u2019est prononc\u00e9 ce mardi, 31\" \/>\n<meta property=\"og:url\" content=\"https:\/\/universnews224.com\/index.php\/cellou-balde-on-peut-prendre-le-pouvoir-par-les-armes-pour-une-matinee-mais-on-ne-peut-pas-gerer-letat-par-les-armes\/\" \/>\n<meta property=\"og:site_name\" content=\"UNIVERSNEWS224\" \/>\n<meta property=\"article:published_time\" content=\"2023-11-01T00:21:01+00:00\" \/>\n<meta property=\"og:image\" content=\"https:\/\/universnews224.com\/wp-content\/uploads\/2023\/08\/1EA2BE35-DF94-4302-B982-C871D00A296D.jpeg\" \/>\n\t<meta property=\"og:image:width\" content=\"1080\" \/>\n\t<meta property=\"og:image:height\" content=\"644\" \/>\n\t<meta property=\"og:image:type\" content=\"image\/jpeg\" \/>\n<meta name=\"author\" content=\"La R\u00e9daction\" \/>\n<meta name=\"twitter:label1\" content=\"\u00c9crit par\" \/>\n\t<meta name=\"twitter:data1\" content=\"La R\u00e9daction\" \/>\n\t<meta name=\"twitter:label2\" content=\"Dur\u00e9e de lecture estim\u00e9e\" \/>\n\t<meta name=\"twitter:data2\" content=\"2 minutes\" \/>\n<script type=\"application\/ld+json\" class=\"yoast-schema-graph\">{\"@context\":\"https:\/\/schema.org\",\"@graph\":[{\"@type\":\"Article\",\"@id\":\"https:\/\/universnews224.com\/index.php\/cellou-balde-on-peut-prendre-le-pouvoir-par-les-armes-pour-une-matinee-mais-on-ne-peut-pas-gerer-letat-par-les-armes\/#article\",\"isPartOf\":{\"@id\":\"https:\/\/universnews224.com\/index.php\/cellou-balde-on-peut-prendre-le-pouvoir-par-les-armes-pour-une-matinee-mais-on-ne-peut-pas-gerer-letat-par-les-armes\/\"},\"author\":{\"name\":\"La R\u00e9daction\",\"@id\":\"https:\/\/universnews224.com\/#\/schema\/person\/a4b7d4f94a4716df60456a491260485e\"},\"headline\":\"Cellou Bald\u00e9: \u201cOn peut prendre le pouvoir par les armes pour une matin\u00e9e, mais on ne peut pas g\u00e9rer l\u2019\u00c9tat par les armes\u201d.\",\"datePublished\":\"2023-11-01T00:21:01+00:00\",\"dateModified\":\"2023-11-01T00:21:01+00:00\",\"mainEntityOfPage\":{\"@id\":\"https:\/\/universnews224.com\/index.php\/cellou-balde-on-peut-prendre-le-pouvoir-par-les-armes-pour-une-matinee-mais-on-ne-peut-pas-gerer-letat-par-les-armes\/\"},\"wordCount\":316,\"publisher\":{\"@id\":\"https:\/\/universnews224.com\/#organization\"},\"keywords\":[\"La une\"],\"articleSection\":[\"ACTU\",\"SOCI\u00c9T\u00c9\"],\"inLanguage\":\"fr-FR\"},{\"@type\":\"WebPage\",\"@id\":\"https:\/\/universnews224.com\/index.php\/cellou-balde-on-peut-prendre-le-pouvoir-par-les-armes-pour-une-matinee-mais-on-ne-peut-pas-gerer-letat-par-les-armes\/\",\"url\":\"https:\/\/universnews224.com\/index.php\/cellou-balde-on-peut-prendre-le-pouvoir-par-les-armes-pour-une-matinee-mais-on-ne-peut-pas-gerer-letat-par-les-armes\/\",\"name\":\"Cellou Bald\u00e9: \u201cOn peut prendre le pouvoir par les armes pour une matin\u00e9e, mais on ne peut pas g\u00e9rer l\u2019\u00c9tat par les armes\u201d. - UNIVERSNEWS224\",\"isPartOf\":{\"@id\":\"https:\/\/universnews224.com\/#website\"},\"datePublished\":\"2023-11-01T00:21:01+00:00\",\"dateModified\":\"2023-11-01T00:21:01+00:00\",\"inLanguage\":\"fr-FR\",\"potentialAction\":[{\"@type\":\"ReadAction\",\"target\":[\"https:\/\/universnews224.com\/index.php\/cellou-balde-on-peut-prendre-le-pouvoir-par-les-armes-pour-une-matinee-mais-on-ne-peut-pas-gerer-letat-par-les-armes\/\"]}]},{\"@type\":\"WebSite\",\"@id\":\"https:\/\/universnews224.com\/#website\",\"url\":\"https:\/\/universnews224.com\/\",\"name\":\"UNIVERSNEWS224\",\"description\":\"\",\"publisher\":{\"@id\":\"https:\/\/universnews224.com\/#organization\"},\"potentialAction\":[{\"@type\":\"SearchAction\",\"target\":{\"@type\":\"EntryPoint\",\"urlTemplate\":\"https:\/\/universnews224.com\/?s={search_term_string}\"},\"query-input\":\"required name=search_term_string\"}],\"inLanguage\":\"fr-FR\"},{\"@type\":\"Organization\",\"@id\":\"https:\/\/universnews224.com\/#organization\",\"name\":\"UNIVERSNEWS224\",\"url\":\"https:\/\/universnews224.com\/\",\"logo\":{\"@type\":\"ImageObject\",\"inLanguage\":\"fr-FR\",\"@id\":\"https:\/\/universnews224.com\/#\/schema\/logo\/image\/\",\"url\":\"https:\/\/universnews224.com\/wp-content\/uploads\/2022\/08\/cropped-cropped-logoban.jpg\",\"contentUrl\":\"https:\/\/universnews224.com\/wp-content\/uploads\/2022\/08\/cropped-cropped-logoban.jpg\",\"width\":1080,\"height\":138,\"caption\":\"UNIVERSNEWS224\"},\"image\":{\"@id\":\"https:\/\/universnews224.com\/#\/schema\/logo\/image\/\"}},{\"@type\":\"Person\",\"@id\":\"https:\/\/universnews224.com\/#\/schema\/person\/a4b7d4f94a4716df60456a491260485e\",\"name\":\"La R\u00e9daction\",\"image\":{\"@type\":\"ImageObject\",\"inLanguage\":\"fr-FR\",\"@id\":\"https:\/\/universnews224.com\/#\/schema\/person\/image\/\",\"url\":\"https:\/\/secure.gravatar.com\/avatar\/edb90acc7752b23e1b3307ad36c14f0d?s=96&d=mm&r=g\",\"contentUrl\":\"https:\/\/secure.gravatar.com\/avatar\/edb90acc7752b23e1b3307ad36c14f0d?s=96&d=mm&r=g\",\"caption\":\"La R\u00e9daction\"},\"sameAs\":[\"https:\/\/universnews224.com\"],\"url\":\"https:\/\/universnews224.com\/index.php\/author\/m-camara\/\"}]}<\/script>\n<!-- \/ Yoast SEO plugin. -->","yoast_head_json":{"title":"Cellou Bald\u00e9: \u201cOn peut prendre le pouvoir par les armes pour une matin\u00e9e, mais on ne peut pas g\u00e9rer l\u2019\u00c9tat par les armes\u201d. - UNIVERSNEWS224","robots":{"index":"index","follow":"follow","max-snippet":"max-snippet:-1","max-image-preview":"max-image-preview:large","max-video-preview":"max-video-preview:-1"},"canonical":"https:\/\/universnews224.com\/index.php\/cellou-balde-on-peut-prendre-le-pouvoir-par-les-armes-pour-une-matinee-mais-on-ne-peut-pas-gerer-letat-par-les-armes\/","og_locale":"fr_FR","og_type":"article","og_title":"Cellou Bald\u00e9: \u201cOn peut prendre le pouvoir par les armes pour une matin\u00e9e, mais on ne peut pas g\u00e9rer l\u2019\u00c9tat par les armes\u201d. - UNIVERSNEWS224","og_description":"Le Coordonnateur des f\u00e9d\u00e9rations de l\u2019UFDG \u00e0 l\u2019int\u00e9rieur du pays s\u2019est prononc\u00e9 ce mardi, 31","og_url":"https:\/\/universnews224.com\/index.php\/cellou-balde-on-peut-prendre-le-pouvoir-par-les-armes-pour-une-matinee-mais-on-ne-peut-pas-gerer-letat-par-les-armes\/","og_site_name":"UNIVERSNEWS224","article_published_time":"2023-11-01T00:21:01+00:00","og_image":[{"width":1080,"height":644,"url":"https:\/\/universnews224.com\/wp-content\/uploads\/2023\/08\/1EA2BE35-DF94-4302-B982-C871D00A296D.jpeg","type":"image\/jpeg"}],"author":"La R\u00e9daction","twitter_misc":{"\u00c9crit par":"La R\u00e9daction","Dur\u00e9e de lecture estim\u00e9e":"2 minutes"},"schema":{"@context":"https:\/\/schema.org","@graph":[{"@type":"Article","@id":"https:\/\/universnews224.com\/index.php\/cellou-balde-on-peut-prendre-le-pouvoir-par-les-armes-pour-une-matinee-mais-on-ne-peut-pas-gerer-letat-par-les-armes\/#article","isPartOf":{"@id":"https:\/\/universnews224.com\/index.php\/cellou-balde-on-peut-prendre-le-pouvoir-par-les-armes-pour-une-matinee-mais-on-ne-peut-pas-gerer-letat-par-les-armes\/"},"author":{"name":"La R\u00e9daction","@id":"https:\/\/universnews224.com\/#\/schema\/person\/a4b7d4f94a4716df60456a491260485e"},"headline":"Cellou Bald\u00e9: \u201cOn peut prendre le pouvoir par les armes pour une matin\u00e9e, mais on ne peut pas g\u00e9rer l\u2019\u00c9tat par les armes\u201d.","datePublished":"2023-11-01T00:21:01+00:00","dateModified":"2023-11-01T00:21:01+00:00","mainEntityOfPage":{"@id":"https:\/\/universnews224.com\/index.php\/cellou-balde-on-peut-prendre-le-pouvoir-par-les-armes-pour-une-matinee-mais-on-ne-peut-pas-gerer-letat-par-les-armes\/"},"wordCount":316,"publisher":{"@id":"https:\/\/universnews224.com\/#organization"},"keywords":["La une"],"articleSection":["ACTU","SOCI\u00c9T\u00c9"],"inLanguage":"fr-FR"},{"@type":"WebPage","@id":"https:\/\/universnews224.com\/index.php\/cellou-balde-on-peut-prendre-le-pouvoir-par-les-armes-pour-une-matinee-mais-on-ne-peut-pas-gerer-letat-par-les-armes\/","url":"https:\/\/universnews224.com\/index.php\/cellou-balde-on-peut-prendre-le-pouvoir-par-les-armes-pour-une-matinee-mais-on-ne-peut-pas-gerer-letat-par-les-armes\/","name":"Cellou Bald\u00e9: \u201cOn peut prendre le pouvoir par les armes pour une matin\u00e9e, mais on ne peut pas g\u00e9rer l\u2019\u00c9tat par les armes\u201d. - UNIVERSNEWS224","isPartOf":{"@id":"https:\/\/universnews224.com\/#website"},"datePublished":"2023-11-01T00:21:01+00:00","dateModified":"2023-11-01T00:21:01+00:00","inLanguage":"fr-FR","potentialAction":[{"@type":"ReadAction","target":["https:\/\/universnews224.com\/index.php\/cellou-balde-on-peut-prendre-le-pouvoir-par-les-armes-pour-une-matinee-mais-on-ne-peut-pas-gerer-letat-par-les-armes\/"]}]},{"@type":"WebSite","@id":"https:\/\/universnews224.com\/#website","url":"https:\/\/universnews224.com\/","name":"UNIVERSNEWS224","description":"","publisher":{"@id":"https:\/\/universnews224.com\/#organization"},"potentialAction":[{"@type":"SearchAction","target":{"@type":"EntryPoint","urlTemplate":"https:\/\/universnews224.com\/?s={search_term_string}"},"query-input":"required name=search_term_string"}],"inLanguage":"fr-FR"},{"@type":"Organization","@id":"https:\/\/universnews224.com\/#organization","name":"UNIVERSNEWS224","url":"https:\/\/universnews224.com\/","logo":{"@type":"ImageObject","inLanguage":"fr-FR","@id":"https:\/\/universnews224.com\/#\/schema\/logo\/image\/","url":"https:\/\/universnews224.com\/wp-content\/uploads\/2022\/08\/cropped-cropped-logoban.jpg","contentUrl":"https:\/\/universnews224.com\/wp-content\/uploads\/2022\/08\/cropped-cropped-logoban.jpg","width":1080,"height":138,"caption":"UNIVERSNEWS224"},"image":{"@id":"https:\/\/universnews224.com\/#\/schema\/logo\/image\/"}},{"@type":"Person","@id":"https:\/\/universnews224.com\/#\/schema\/person\/a4b7d4f94a4716df60456a491260485e","name":"La R\u00e9daction","image":{"@type":"ImageObject","inLanguage":"fr-FR","@id":"https:\/\/universnews224.com\/#\/schema\/person\/image\/","url":"https:\/\/secure.gravatar.com\/avatar\/edb90acc7752b23e1b3307ad36c14f0d?s=96&d=mm&r=g","contentUrl":"https:\/\/secure.gravatar.com\/avatar\/edb90acc7752b23e1b3307ad36c14f0d?s=96&d=mm&r=g","caption":"La R\u00e9daction"},"sameAs":["https:\/\/universnews224.com"],"url":"https:\/\/universnews224.com\/index.php\/author\/m-camara\/"}]}},"_links":{"self":[{"href":"https:\/\/universnews224.com\/index.php\/wp-json\/wp\/v2\/posts\/4523"}],"collection":[{"href":"https:\/\/universnews224.com\/index.php\/wp-json\/wp\/v2\/posts"}],"about":[{"href":"https:\/\/universnews224.com\/index.php\/wp-json\/wp\/v2\/types\/post"}],"author":[{"embeddable":true,"href":"https:\/\/universnews224.com\/index.php\/wp-json\/wp\/v2\/users\/2"}],"replies":[{"embeddable":true,"href":"https:\/\/universnews224.com\/index.php\/wp-json\/wp\/v2\/comments?post=4523"}],"version-history":[{"count":1,"href":"https:\/\/universnews224.com\/index.php\/wp-json\/wp\/v2\/posts\/4523\/revisions"}],"predecessor-version":[{"id":4524,"href":"https:\/\/universnews224.com\/index.php\/wp-json\/wp\/v2\/posts\/4523\/revisions\/4524"}],"wp:featuredmedia":[{"embeddable":true,"href":"https:\/\/universnews224.com\/index.php\/wp-json\/wp\/v2\/media\/4030"}],"wp:attachment":[{"href":"https:\/\/universnews224.com\/index.php\/wp-json\/wp\/v2\/media?parent=4523"}],"wp:term":[{"taxonomy":"category","embeddable":true,"href":"https:\/\/universnews224.com\/index.php\/wp-json\/wp\/v2\/categories?post=4523"},{"taxonomy":"post_tag","embeddable":true,"href":"https:\/\/universnews224.com\/index.php\/wp-json\/wp\/v2\/tags?post=4523"}],"curies":[{"name":"wp","href":"https:\/\/api.w.org\/{rel}","templated":true}]}}