{"id":4525,"date":"2023-11-01T01:24:00","date_gmt":"2023-11-01T00:24:00","guid":{"rendered":"https:\/\/universnews224.com\/?p=4525"},"modified":"2023-11-02T07:12:27","modified_gmt":"2023-11-02T06:12:27","slug":"cellou-balde-je-le-dis-a-tous-les-ministres-et-le-cnrd-que-de-ce-ravec-la-ne-sortira-pas-le-fichier-electoral-qui-nous-conduira-vers-le-retour-a-lordre-constitutionnel-al","status":"publish","type":"post","link":"https:\/\/universnews224.com\/index.php\/cellou-balde-je-le-dis-a-tous-les-ministres-et-le-cnrd-que-de-ce-ravec-la-ne-sortira-pas-le-fichier-electoral-qui-nous-conduira-vers-le-retour-a-lordre-constitutionnel-al\/","title":{"rendered":"Cellou Bald\u00e9: \u201cJe le dis \u00e0 tous les ministres et le CNRD que, de ce RAVEC l\u00e0 ne sortira pas le fichier \u00e9lectoral qui nous conduira vers le retour \u00e0 l\u2019ordre constitutionnel\u201d"},"content":{"rendered":"<p class=\"p1\"><span class=\"s1\">Alors que les autorit\u00e9s de la transition continuent d\u2019affirmer haut et fort que, le fichier \u00e9lectoral qui devra servir \u00e0 l\u2019organisation des \u00e9lections pour un retour \u00e0 l\u2019ordre constitutionnel sera extrait du RAVEC, les voix s\u2019\u00e9l\u00e8vent pour dire qu\u2019il est possible d\u2019extraire le fichier \u00e9lectoral du RAVEC. C\u2019est le cas Cellou<span class=\"Apple-converted-space\">\u00a0 <\/span>Bald\u00e9, coordinateur des f\u00e9d\u00e9rations de l\u2019UFDG \u00e0 l\u2019int\u00e9rieur. <\/span><\/p>\n<p class=\"p1\"><span class=\"s1\">\u201cVous avez suivi ici le ministre Mory Cond\u00e9 et les observateurs de la sc\u00e8ne politique nationale par rapport avec cette histoire de RAVEC, comme nous l\u2019avons d\u00e9j\u00e0 demand\u00e9, le RAVEC et RGPH ce sont des actions qu\u2019il faillait sortir de l\u2019agenda dynamique de 24 mois. Ce ne sont pas des actions qui font concourir \u00e0 la restauration de l\u2019ordre constitutionnel dans le d\u00e9lai des 24 mois sign\u00e9 par la C\u00c9D\u00c9AO, a t-il lanc\u00e9 <\/span><\/p>\n<p class=\"p1\"><span class=\"s1\">Et de poursuivre: \u201cNous sommes au dixi\u00e8me mois de l\u2019ann\u00e9e 2023, il reste pratiquement 14 mois, est-ce que vous croyez, connaissant la situation de d\u00e9part du RAVEC, de l\u2019\u00e9tat civil dans notre pays, est-ce que vous croyez qu\u2019\u00e0 8 mois, il est possible d\u2019\u00e9tablir un fichier d\u2019\u00e9tat civil pour l\u2019ensemble des guin\u00e9ens et d\u2019y extraire un fichier \u00e9lectoral, avec toutes les contraintes que cela impose? Il ne faut m\u00eame pas compter 14 mois, il faut avoir le r\u00e9f\u00e9rendum et qui dit r\u00e9f\u00e9rendum dit fichier \u00e9lectoral. Il faut avoir un corps \u00e9lectoral pour aller au r\u00e9f\u00e9rendum en commen\u00e7ant par le fichier \u00e9lectoral. Tous les m\u00e9mos que nous avons aussi bien adress\u00e9s au CNRD, au premier ministre, \u00e0 la C\u00c9D\u00c9AO, aux partenaires techniques et financiers, nous avons pertinemment signifi\u00e9 qu\u2019il faillait sortir du RAVEC. Il ne faut pas faire croire aux guin\u00e9ens que le recensement administratif \u00e0 vocation d\u2019\u00e9tat civil, c\u2019est de g\u00e9n\u00e9rer un fichier \u00e9lectoral, loin s\u2019en faux. Je le dis \u00e0 tous les ministres et le CNRD que, de ce RAVEC l\u00e0 ne sortira pas le fichier \u00e9lectoral qui nous conduira vers le retour \u00e0 l\u2019ordre constitutionnel\u201d, a t-il martel\u00e9 chez nos confr\u00e8res de la Fim Fm dans l\u2019\u00e9mission Mirador. <\/span><\/p>\n<p class=\"p1\"><span class=\"s1\">Mohamed Camara <\/span><\/p>\n<p class=\"p1\">\n","protected":false},"excerpt":{"rendered":"<p>Alors que les autorit\u00e9s de la transition continuent d\u2019affirmer haut et fort que, le fichier<\/p>\n","protected":false},"author":2,"featured_media":3729,"comment_status":"closed","ping_status":"open","sticky":false,"template":"","format":"standard","meta":[],"categories":[3,4],"tags":[229],"yoast_head":"<!-- This site is optimized with the Yoast SEO plugin v19.13 - https:\/\/yoast.com\/wordpress\/plugins\/seo\/ -->\n<title>Cellou Bald\u00e9: \u201cJe le dis \u00e0 tous les ministres et le CNRD que, de ce RAVEC l\u00e0 ne sortira pas le fichier \u00e9lectoral qui nous conduira vers le retour \u00e0 l\u2019ordre constitutionnel\u201d - UNIVERSNEWS224<\/title>\n<meta name=\"robots\" content=\"index, follow, max-snippet:-1, max-image-preview:large, max-video-preview:-1\" \/>\n<link rel=\"canonical\" href=\"https:\/\/universnews224.com\/index.php\/cellou-balde-je-le-dis-a-tous-les-ministres-et-le-cnrd-que-de-ce-ravec-la-ne-sortira-pas-le-fichier-electoral-qui-nous-conduira-vers-le-retour-a-lordre-constitutionnel-al\/\" \/>\n<meta property=\"og:locale\" content=\"fr_FR\" \/>\n<meta property=\"og:type\" content=\"article\" \/>\n<meta property=\"og:title\" content=\"Cellou Bald\u00e9: \u201cJe le dis \u00e0 tous les ministres et le CNRD que, de ce RAVEC l\u00e0 ne sortira pas le fichier \u00e9lectoral qui nous conduira vers le retour \u00e0 l\u2019ordre constitutionnel\u201d - UNIVERSNEWS224\" \/>\n<meta property=\"og:description\" content=\"Alors que les autorit\u00e9s de la transition continuent d\u2019affirmer haut et fort que, le fichier\" \/>\n<meta property=\"og:url\" content=\"https:\/\/universnews224.com\/index.php\/cellou-balde-je-le-dis-a-tous-les-ministres-et-le-cnrd-que-de-ce-ravec-la-ne-sortira-pas-le-fichier-electoral-qui-nous-conduira-vers-le-retour-a-lordre-constitutionnel-al\/\" \/>\n<meta property=\"og:site_name\" content=\"UNIVERSNEWS224\" \/>\n<meta property=\"article:published_time\" content=\"2023-11-01T00:24:00+00:00\" \/>\n<meta property=\"article:modified_time\" content=\"2023-11-02T06:12:27+00:00\" \/>\n<meta property=\"og:image\" content=\"https:\/\/universnews224.com\/wp-content\/uploads\/2023\/06\/16C80F8D-C7D3-4894-9097-434F46B12170.jpeg\" \/>\n\t<meta property=\"og:image:width\" content=\"619\" \/>\n\t<meta property=\"og:image:height\" content=\"661\" \/>\n\t<meta property=\"og:image:type\" content=\"image\/jpeg\" \/>\n<meta name=\"author\" content=\"La R\u00e9daction\" \/>\n<meta name=\"twitter:label1\" content=\"\u00c9crit par\" \/>\n\t<meta name=\"twitter:data1\" content=\"La R\u00e9daction\" \/>\n\t<meta name=\"twitter:label2\" content=\"Dur\u00e9e de lecture estim\u00e9e\" \/>\n\t<meta name=\"twitter:data2\" content=\"2 minutes\" \/>\n<script type=\"application\/ld+json\" class=\"yoast-schema-graph\">{\"@context\":\"https:\/\/schema.org\",\"@graph\":[{\"@type\":\"Article\",\"@id\":\"https:\/\/universnews224.com\/index.php\/cellou-balde-je-le-dis-a-tous-les-ministres-et-le-cnrd-que-de-ce-ravec-la-ne-sortira-pas-le-fichier-electoral-qui-nous-conduira-vers-le-retour-a-lordre-constitutionnel-al\/#article\",\"isPartOf\":{\"@id\":\"https:\/\/universnews224.com\/index.php\/cellou-balde-je-le-dis-a-tous-les-ministres-et-le-cnrd-que-de-ce-ravec-la-ne-sortira-pas-le-fichier-electoral-qui-nous-conduira-vers-le-retour-a-lordre-constitutionnel-al\/\"},\"author\":{\"name\":\"La R\u00e9daction\",\"@id\":\"https:\/\/universnews224.com\/#\/schema\/person\/a4b7d4f94a4716df60456a491260485e\"},\"headline\":\"Cellou Bald\u00e9: \u201cJe le dis \u00e0 tous les ministres et le CNRD que, de ce RAVEC l\u00e0 ne sortira pas le fichier \u00e9lectoral qui nous conduira vers le retour \u00e0 l\u2019ordre constitutionnel\u201d\",\"datePublished\":\"2023-11-01T00:24:00+00:00\",\"dateModified\":\"2023-11-02T06:12:27+00:00\",\"mainEntityOfPage\":{\"@id\":\"https:\/\/universnews224.com\/index.php\/cellou-balde-je-le-dis-a-tous-les-ministres-et-le-cnrd-que-de-ce-ravec-la-ne-sortira-pas-le-fichier-electoral-qui-nous-conduira-vers-le-retour-a-lordre-constitutionnel-al\/\"},\"wordCount\":406,\"publisher\":{\"@id\":\"https:\/\/universnews224.com\/#organization\"},\"keywords\":[\"La une\"],\"articleSection\":[\"ACTU\",\"POLITIQUE\"],\"inLanguage\":\"fr-FR\"},{\"@type\":\"WebPage\",\"@id\":\"https:\/\/universnews224.com\/index.php\/cellou-balde-je-le-dis-a-tous-les-ministres-et-le-cnrd-que-de-ce-ravec-la-ne-sortira-pas-le-fichier-electoral-qui-nous-conduira-vers-le-retour-a-lordre-constitutionnel-al\/\",\"url\":\"https:\/\/universnews224.com\/index.php\/cellou-balde-je-le-dis-a-tous-les-ministres-et-le-cnrd-que-de-ce-ravec-la-ne-sortira-pas-le-fichier-electoral-qui-nous-conduira-vers-le-retour-a-lordre-constitutionnel-al\/\",\"name\":\"Cellou Bald\u00e9: \u201cJe le dis \u00e0 tous les ministres et le CNRD que, de ce RAVEC l\u00e0 ne sortira pas le fichier \u00e9lectoral qui nous conduira vers le retour \u00e0 l\u2019ordre constitutionnel\u201d - UNIVERSNEWS224\",\"isPartOf\":{\"@id\":\"https:\/\/universnews224.com\/#website\"},\"datePublished\":\"2023-11-01T00:24:00+00:00\",\"dateModified\":\"2023-11-02T06:12:27+00:00\",\"inLanguage\":\"fr-FR\",\"potentialAction\":[{\"@type\":\"ReadAction\",\"target\":[\"https:\/\/universnews224.com\/index.php\/cellou-balde-je-le-dis-a-tous-les-ministres-et-le-cnrd-que-de-ce-ravec-la-ne-sortira-pas-le-fichier-electoral-qui-nous-conduira-vers-le-retour-a-lordre-constitutionnel-al\/\"]}]},{\"@type\":\"WebSite\",\"@id\":\"https:\/\/universnews224.com\/#website\",\"url\":\"https:\/\/universnews224.com\/\",\"name\":\"UNIVERSNEWS224\",\"description\":\"\",\"publisher\":{\"@id\":\"https:\/\/universnews224.com\/#organization\"},\"potentialAction\":[{\"@type\":\"SearchAction\",\"target\":{\"@type\":\"EntryPoint\",\"urlTemplate\":\"https:\/\/universnews224.com\/?s={search_term_string}\"},\"query-input\":\"required name=search_term_string\"}],\"inLanguage\":\"fr-FR\"},{\"@type\":\"Organization\",\"@id\":\"https:\/\/universnews224.com\/#organization\",\"name\":\"UNIVERSNEWS224\",\"url\":\"https:\/\/universnews224.com\/\",\"logo\":{\"@type\":\"ImageObject\",\"inLanguage\":\"fr-FR\",\"@id\":\"https:\/\/universnews224.com\/#\/schema\/logo\/image\/\",\"url\":\"https:\/\/universnews224.com\/wp-content\/uploads\/2022\/08\/cropped-cropped-logoban.jpg\",\"contentUrl\":\"https:\/\/universnews224.com\/wp-content\/uploads\/2022\/08\/cropped-cropped-logoban.jpg\",\"width\":1080,\"height\":138,\"caption\":\"UNIVERSNEWS224\"},\"image\":{\"@id\":\"https:\/\/universnews224.com\/#\/schema\/logo\/image\/\"}},{\"@type\":\"Person\",\"@id\":\"https:\/\/universnews224.com\/#\/schema\/person\/a4b7d4f94a4716df60456a491260485e\",\"name\":\"La R\u00e9daction\",\"image\":{\"@type\":\"ImageObject\",\"inLanguage\":\"fr-FR\",\"@id\":\"https:\/\/universnews224.com\/#\/schema\/person\/image\/\",\"url\":\"https:\/\/secure.gravatar.com\/avatar\/edb90acc7752b23e1b3307ad36c14f0d?s=96&d=mm&r=g\",\"contentUrl\":\"https:\/\/secure.gravatar.com\/avatar\/edb90acc7752b23e1b3307ad36c14f0d?s=96&d=mm&r=g\",\"caption\":\"La R\u00e9daction\"},\"sameAs\":[\"https:\/\/universnews224.com\"],\"url\":\"https:\/\/universnews224.com\/index.php\/author\/m-camara\/\"}]}<\/script>\n<!-- \/ Yoast SEO plugin. -->","yoast_head_json":{"title":"Cellou Bald\u00e9: \u201cJe le dis \u00e0 tous les ministres et le CNRD que, de ce RAVEC l\u00e0 ne sortira pas le fichier \u00e9lectoral qui nous conduira vers le retour \u00e0 l\u2019ordre constitutionnel\u201d - UNIVERSNEWS224","robots":{"index":"index","follow":"follow","max-snippet":"max-snippet:-1","max-image-preview":"max-image-preview:large","max-video-preview":"max-video-preview:-1"},"canonical":"https:\/\/universnews224.com\/index.php\/cellou-balde-je-le-dis-a-tous-les-ministres-et-le-cnrd-que-de-ce-ravec-la-ne-sortira-pas-le-fichier-electoral-qui-nous-conduira-vers-le-retour-a-lordre-constitutionnel-al\/","og_locale":"fr_FR","og_type":"article","og_title":"Cellou Bald\u00e9: \u201cJe le dis \u00e0 tous les ministres et le CNRD que, de ce RAVEC l\u00e0 ne sortira pas le fichier \u00e9lectoral qui nous conduira vers le retour \u00e0 l\u2019ordre constitutionnel\u201d - UNIVERSNEWS224","og_description":"Alors que les autorit\u00e9s de la transition continuent d\u2019affirmer haut et fort que, le fichier","og_url":"https:\/\/universnews224.com\/index.php\/cellou-balde-je-le-dis-a-tous-les-ministres-et-le-cnrd-que-de-ce-ravec-la-ne-sortira-pas-le-fichier-electoral-qui-nous-conduira-vers-le-retour-a-lordre-constitutionnel-al\/","og_site_name":"UNIVERSNEWS224","article_published_time":"2023-11-01T00:24:00+00:00","article_modified_time":"2023-11-02T06:12:27+00:00","og_image":[{"width":619,"height":661,"url":"https:\/\/universnews224.com\/wp-content\/uploads\/2023\/06\/16C80F8D-C7D3-4894-9097-434F46B12170.jpeg","type":"image\/jpeg"}],"author":"La R\u00e9daction","twitter_misc":{"\u00c9crit par":"La R\u00e9daction","Dur\u00e9e de lecture estim\u00e9e":"2 minutes"},"schema":{"@context":"https:\/\/schema.org","@graph":[{"@type":"Article","@id":"https:\/\/universnews224.com\/index.php\/cellou-balde-je-le-dis-a-tous-les-ministres-et-le-cnrd-que-de-ce-ravec-la-ne-sortira-pas-le-fichier-electoral-qui-nous-conduira-vers-le-retour-a-lordre-constitutionnel-al\/#article","isPartOf":{"@id":"https:\/\/universnews224.com\/index.php\/cellou-balde-je-le-dis-a-tous-les-ministres-et-le-cnrd-que-de-ce-ravec-la-ne-sortira-pas-le-fichier-electoral-qui-nous-conduira-vers-le-retour-a-lordre-constitutionnel-al\/"},"author":{"name":"La R\u00e9daction","@id":"https:\/\/universnews224.com\/#\/schema\/person\/a4b7d4f94a4716df60456a491260485e"},"headline":"Cellou Bald\u00e9: \u201cJe le dis \u00e0 tous les ministres et le CNRD que, de ce RAVEC l\u00e0 ne sortira pas le fichier \u00e9lectoral qui nous conduira vers le retour \u00e0 l\u2019ordre constitutionnel\u201d","datePublished":"2023-11-01T00:24:00+00:00","dateModified":"2023-11-02T06:12:27+00:00","mainEntityOfPage":{"@id":"https:\/\/universnews224.com\/index.php\/cellou-balde-je-le-dis-a-tous-les-ministres-et-le-cnrd-que-de-ce-ravec-la-ne-sortira-pas-le-fichier-electoral-qui-nous-conduira-vers-le-retour-a-lordre-constitutionnel-al\/"},"wordCount":406,"publisher":{"@id":"https:\/\/universnews224.com\/#organization"},"keywords":["La une"],"articleSection":["ACTU","POLITIQUE"],"inLanguage":"fr-FR"},{"@type":"WebPage","@id":"https:\/\/universnews224.com\/index.php\/cellou-balde-je-le-dis-a-tous-les-ministres-et-le-cnrd-que-de-ce-ravec-la-ne-sortira-pas-le-fichier-electoral-qui-nous-conduira-vers-le-retour-a-lordre-constitutionnel-al\/","url":"https:\/\/universnews224.com\/index.php\/cellou-balde-je-le-dis-a-tous-les-ministres-et-le-cnrd-que-de-ce-ravec-la-ne-sortira-pas-le-fichier-electoral-qui-nous-conduira-vers-le-retour-a-lordre-constitutionnel-al\/","name":"Cellou Bald\u00e9: \u201cJe le dis \u00e0 tous les ministres et le CNRD que, de ce RAVEC l\u00e0 ne sortira pas le fichier \u00e9lectoral qui nous conduira vers le retour \u00e0 l\u2019ordre constitutionnel\u201d - UNIVERSNEWS224","isPartOf":{"@id":"https:\/\/universnews224.com\/#website"},"datePublished":"2023-11-01T00:24:00+00:00","dateModified":"2023-11-02T06:12:27+00:00","inLanguage":"fr-FR","potentialAction":[{"@type":"ReadAction","target":["https:\/\/universnews224.com\/index.php\/cellou-balde-je-le-dis-a-tous-les-ministres-et-le-cnrd-que-de-ce-ravec-la-ne-sortira-pas-le-fichier-electoral-qui-nous-conduira-vers-le-retour-a-lordre-constitutionnel-al\/"]}]},{"@type":"WebSite","@id":"https:\/\/universnews224.com\/#website","url":"https:\/\/universnews224.com\/","name":"UNIVERSNEWS224","description":"","publisher":{"@id":"https:\/\/universnews224.com\/#organization"},"potentialAction":[{"@type":"SearchAction","target":{"@type":"EntryPoint","urlTemplate":"https:\/\/universnews224.com\/?s={search_term_string}"},"query-input":"required name=search_term_string"}],"inLanguage":"fr-FR"},{"@type":"Organization","@id":"https:\/\/universnews224.com\/#organization","name":"UNIVERSNEWS224","url":"https:\/\/universnews224.com\/","logo":{"@type":"ImageObject","inLanguage":"fr-FR","@id":"https:\/\/universnews224.com\/#\/schema\/logo\/image\/","url":"https:\/\/universnews224.com\/wp-content\/uploads\/2022\/08\/cropped-cropped-logoban.jpg","contentUrl":"https:\/\/universnews224.com\/wp-content\/uploads\/2022\/08\/cropped-cropped-logoban.jpg","width":1080,"height":138,"caption":"UNIVERSNEWS224"},"image":{"@id":"https:\/\/universnews224.com\/#\/schema\/logo\/image\/"}},{"@type":"Person","@id":"https:\/\/universnews224.com\/#\/schema\/person\/a4b7d4f94a4716df60456a491260485e","name":"La R\u00e9daction","image":{"@type":"ImageObject","inLanguage":"fr-FR","@id":"https:\/\/universnews224.com\/#\/schema\/person\/image\/","url":"https:\/\/secure.gravatar.com\/avatar\/edb90acc7752b23e1b3307ad36c14f0d?s=96&d=mm&r=g","contentUrl":"https:\/\/secure.gravatar.com\/avatar\/edb90acc7752b23e1b3307ad36c14f0d?s=96&d=mm&r=g","caption":"La R\u00e9daction"},"sameAs":["https:\/\/universnews224.com"],"url":"https:\/\/universnews224.com\/index.php\/author\/m-camara\/"}]}},"_links":{"self":[{"href":"https:\/\/universnews224.com\/index.php\/wp-json\/wp\/v2\/posts\/4525"}],"collection":[{"href":"https:\/\/universnews224.com\/index.php\/wp-json\/wp\/v2\/posts"}],"about":[{"href":"https:\/\/universnews224.com\/index.php\/wp-json\/wp\/v2\/types\/post"}],"author":[{"embeddable":true,"href":"https:\/\/universnews224.com\/index.php\/wp-json\/wp\/v2\/users\/2"}],"replies":[{"embeddable":true,"href":"https:\/\/universnews224.com\/index.php\/wp-json\/wp\/v2\/comments?post=4525"}],"version-history":[{"count":2,"href":"https:\/\/universnews224.com\/index.php\/wp-json\/wp\/v2\/posts\/4525\/revisions"}],"predecessor-version":[{"id":4543,"href":"https:\/\/universnews224.com\/index.php\/wp-json\/wp\/v2\/posts\/4525\/revisions\/4543"}],"wp:featuredmedia":[{"embeddable":true,"href":"https:\/\/universnews224.com\/index.php\/wp-json\/wp\/v2\/media\/3729"}],"wp:attachment":[{"href":"https:\/\/universnews224.com\/index.php\/wp-json\/wp\/v2\/media?parent=4525"}],"wp:term":[{"taxonomy":"category","embeddable":true,"href":"https:\/\/universnews224.com\/index.php\/wp-json\/wp\/v2\/categories?post=4525"},{"taxonomy":"post_tag","embeddable":true,"href":"https:\/\/universnews224.com\/index.php\/wp-json\/wp\/v2\/tags?post=4525"}],"curies":[{"name":"wp","href":"https:\/\/api.w.org\/{rel}","templated":true}]}}