{"id":4540,"date":"2023-11-02T07:08:32","date_gmt":"2023-11-02T06:08:32","guid":{"rendered":"https:\/\/universnews224.com\/?p=4540"},"modified":"2023-11-02T07:08:32","modified_gmt":"2023-11-02T06:08:32","slug":"cellou-balde-au-cnrd-ils-ont-deja-mis-des-personnes-ressources-a-contribution-pour-preparer-les-esprits-a-un-glissement-de-calendrier","status":"publish","type":"post","link":"https:\/\/universnews224.com\/index.php\/cellou-balde-au-cnrd-ils-ont-deja-mis-des-personnes-ressources-a-contribution-pour-preparer-les-esprits-a-un-glissement-de-calendrier\/","title":{"rendered":"Cellou Bald\u00e9 au CNRD: \u201cIls ont d\u00e9j\u00e0 mis des personnes ressources \u00e0 contribution pour pr\u00e9parer les esprits \u00e0 un glissement de calendrier\u201d."},"content":{"rendered":"<p class=\"p1\">Dans son adresse \u00e0 la nation \u00e0 l\u2019occasion de la f\u00eate de l\u2019ind\u00e9pendance le 02 dernier et son passage \u00e0 la tribune des Nations Unies, le pr\u00e9sident de la transition, le Colonel Mamadi Doumbouya a indiqu\u00e9 que la priorit\u00e9 de cette transition se r\u00e9sume au social, \u00e0 l\u2019\u00e9conomie et la politique.<\/p>\n<p class=\"p1\"><span class=\"s1\">R\u00e9gissant sur cette question chez nos confr\u00e8res de la radio Fim Fim dans l\u2019\u00e9mission Mirador hier mardi, 31 octobre 2023, Cellou Bald\u00e9, coordinateur des structures de l\u2019UGDG \u00e0 l\u2019int\u00e9rieur du pays, a indiqu\u00e9 que tout cela est une mani\u00e8re pour le CNRD de s\u2019\u00e9terniser au pouvoir.<\/span><\/p>\n<p class=\"p1\"><span class=\"s1\">\u201cLe probl\u00e8me, c\u2019est que nous n\u2019avons pas compris cet ordre de priorit\u00e9. On ne conna\u00eet pas, c\u2019est quoi le social, \u00e9conomie et politique. Pour parler du social et de l\u2019\u00e9conomie, il faut mettre en place un \u00c9tat de droit, mettre en place une R\u00e9publique avec des institutions l\u00e9gitimes et d\u00e9mocratiques, avoir des autorit\u00e9s civiles l\u00e9gales install\u00e9es. Parce que les lois supranationales auxquelles nous avons souscrit ram\u00e8nent \u00e0 cela. Mais, jusqu\u2019\u00e0 pr\u00e9sent, on a pas chang\u00e9 de statut, on a pas souscrit pour les empires ou les royaumes \u00e0 ce que je sache\u201c, a ironis\u00e9 l\u2019ancien d\u00e9put\u00e9 uninominal de Lab\u00e9<\/span><\/p>\n<p class=\"p1\"><span class=\"s1\">Et d\u2019ass\u00e9ner: \u201cTout cela nous inspire des vell\u00e9it\u00e9s de ne pas organiser des \u00e9lections rapidement, des vell\u00e9it\u00e9s de ne pas partir aussit\u00f4t. C\u2019est ce qui fait qu\u2019il y a tous ces atermoiements, toutes ces tournures de RAVEC, de RGPH. Ils ont des experts parmi eux qui savent pertinemment qu\u2019avec ce recensement administratif \u00e0 vocation d\u2019\u00e9tat civil qu\u2019on conditionne pour g\u00e9n\u00e9rer un fichier \u00e9lectoral nous permettant d\u2019aller \u00e0 des \u00e9lections avant le 31 d\u00e9cembre 2024, c\u2019est une utopie. Aujourd\u2019hui, ils sont entrain de faire la bouche dure, faire croire qu\u2019ils font respecter l\u2019agenda, de l\u2019autre c\u00f4t\u00e9, ils ont d\u00e9j\u00e0 mis des personnes ressources \u00e0 contribution pour pr\u00e9parer les esprits \u00e0 un glissement de calendrier. Quand j\u2019ai le colonel \u00e0 la tribune des Nations Unies et ici \u00e0 la f\u00eate de l\u2019ind\u00e9pendance, je crois que chacun a tir\u00e9 la le\u00e7on qu\u2019il y avait aucune volont\u00e9 d\u2019aller vers le retour \u00e0 l\u2019ordre constitutionnel\u201d, a t-il martel\u00e9. <\/span><\/p>\n<p class=\"p1\"><span class=\"s1\">Camara Mamadouba <\/span><\/p>\n<p class=\"p1\"><span class=\"s1\">611 46 04 10 <\/span><\/p>\n","protected":false},"excerpt":{"rendered":"<p>Dans son adresse \u00e0 la nation \u00e0 l\u2019occasion de la f\u00eate de l\u2019ind\u00e9pendance le 02<\/p>\n","protected":false},"author":2,"featured_media":4541,"comment_status":"closed","ping_status":"open","sticky":false,"template":"","format":"standard","meta":[],"categories":[3,4],"tags":[229],"yoast_head":"<!-- This site is optimized with the Yoast SEO plugin v19.13 - https:\/\/yoast.com\/wordpress\/plugins\/seo\/ -->\n<title>Cellou Bald\u00e9 au CNRD: \u201cIls ont d\u00e9j\u00e0 mis des personnes ressources \u00e0 contribution pour pr\u00e9parer les esprits \u00e0 un glissement de calendrier\u201d. - UNIVERSNEWS224<\/title>\n<meta name=\"robots\" content=\"index, follow, max-snippet:-1, max-image-preview:large, max-video-preview:-1\" \/>\n<link rel=\"canonical\" href=\"https:\/\/universnews224.com\/index.php\/cellou-balde-au-cnrd-ils-ont-deja-mis-des-personnes-ressources-a-contribution-pour-preparer-les-esprits-a-un-glissement-de-calendrier\/\" \/>\n<meta property=\"og:locale\" content=\"fr_FR\" \/>\n<meta property=\"og:type\" content=\"article\" \/>\n<meta property=\"og:title\" content=\"Cellou Bald\u00e9 au CNRD: \u201cIls ont d\u00e9j\u00e0 mis des personnes ressources \u00e0 contribution pour pr\u00e9parer les esprits \u00e0 un glissement de calendrier\u201d. - UNIVERSNEWS224\" \/>\n<meta property=\"og:description\" content=\"Dans son adresse \u00e0 la nation \u00e0 l\u2019occasion de la f\u00eate de l\u2019ind\u00e9pendance le 02\" \/>\n<meta property=\"og:url\" content=\"https:\/\/universnews224.com\/index.php\/cellou-balde-au-cnrd-ils-ont-deja-mis-des-personnes-ressources-a-contribution-pour-preparer-les-esprits-a-un-glissement-de-calendrier\/\" \/>\n<meta property=\"og:site_name\" content=\"UNIVERSNEWS224\" \/>\n<meta property=\"article:published_time\" content=\"2023-11-02T06:08:32+00:00\" \/>\n<meta property=\"og:image\" content=\"https:\/\/universnews224.com\/wp-content\/uploads\/2023\/11\/6B3A3000-AE27-4BC8-B412-A69EF34A4410.png\" \/>\n\t<meta property=\"og:image:width\" content=\"720\" \/>\n\t<meta property=\"og:image:height\" content=\"570\" \/>\n\t<meta property=\"og:image:type\" content=\"image\/png\" \/>\n<meta name=\"author\" content=\"La R\u00e9daction\" \/>\n<meta name=\"twitter:label1\" content=\"\u00c9crit par\" \/>\n\t<meta name=\"twitter:data1\" content=\"La R\u00e9daction\" \/>\n\t<meta name=\"twitter:label2\" content=\"Dur\u00e9e de lecture estim\u00e9e\" \/>\n\t<meta name=\"twitter:data2\" content=\"2 minutes\" \/>\n<script type=\"application\/ld+json\" class=\"yoast-schema-graph\">{\"@context\":\"https:\/\/schema.org\",\"@graph\":[{\"@type\":\"Article\",\"@id\":\"https:\/\/universnews224.com\/index.php\/cellou-balde-au-cnrd-ils-ont-deja-mis-des-personnes-ressources-a-contribution-pour-preparer-les-esprits-a-un-glissement-de-calendrier\/#article\",\"isPartOf\":{\"@id\":\"https:\/\/universnews224.com\/index.php\/cellou-balde-au-cnrd-ils-ont-deja-mis-des-personnes-ressources-a-contribution-pour-preparer-les-esprits-a-un-glissement-de-calendrier\/\"},\"author\":{\"name\":\"La R\u00e9daction\",\"@id\":\"https:\/\/universnews224.com\/#\/schema\/person\/a4b7d4f94a4716df60456a491260485e\"},\"headline\":\"Cellou Bald\u00e9 au CNRD: \u201cIls ont d\u00e9j\u00e0 mis des personnes ressources \u00e0 contribution pour pr\u00e9parer les esprits \u00e0 un glissement de calendrier\u201d.\",\"datePublished\":\"2023-11-02T06:08:32+00:00\",\"dateModified\":\"2023-11-02T06:08:32+00:00\",\"mainEntityOfPage\":{\"@id\":\"https:\/\/universnews224.com\/index.php\/cellou-balde-au-cnrd-ils-ont-deja-mis-des-personnes-ressources-a-contribution-pour-preparer-les-esprits-a-un-glissement-de-calendrier\/\"},\"wordCount\":417,\"publisher\":{\"@id\":\"https:\/\/universnews224.com\/#organization\"},\"keywords\":[\"La une\"],\"articleSection\":[\"ACTU\",\"POLITIQUE\"],\"inLanguage\":\"fr-FR\"},{\"@type\":\"WebPage\",\"@id\":\"https:\/\/universnews224.com\/index.php\/cellou-balde-au-cnrd-ils-ont-deja-mis-des-personnes-ressources-a-contribution-pour-preparer-les-esprits-a-un-glissement-de-calendrier\/\",\"url\":\"https:\/\/universnews224.com\/index.php\/cellou-balde-au-cnrd-ils-ont-deja-mis-des-personnes-ressources-a-contribution-pour-preparer-les-esprits-a-un-glissement-de-calendrier\/\",\"name\":\"Cellou Bald\u00e9 au CNRD: \u201cIls ont d\u00e9j\u00e0 mis des personnes ressources \u00e0 contribution pour pr\u00e9parer les esprits \u00e0 un glissement de calendrier\u201d. - UNIVERSNEWS224\",\"isPartOf\":{\"@id\":\"https:\/\/universnews224.com\/#website\"},\"datePublished\":\"2023-11-02T06:08:32+00:00\",\"dateModified\":\"2023-11-02T06:08:32+00:00\",\"inLanguage\":\"fr-FR\",\"potentialAction\":[{\"@type\":\"ReadAction\",\"target\":[\"https:\/\/universnews224.com\/index.php\/cellou-balde-au-cnrd-ils-ont-deja-mis-des-personnes-ressources-a-contribution-pour-preparer-les-esprits-a-un-glissement-de-calendrier\/\"]}]},{\"@type\":\"WebSite\",\"@id\":\"https:\/\/universnews224.com\/#website\",\"url\":\"https:\/\/universnews224.com\/\",\"name\":\"UNIVERSNEWS224\",\"description\":\"\",\"publisher\":{\"@id\":\"https:\/\/universnews224.com\/#organization\"},\"potentialAction\":[{\"@type\":\"SearchAction\",\"target\":{\"@type\":\"EntryPoint\",\"urlTemplate\":\"https:\/\/universnews224.com\/?s={search_term_string}\"},\"query-input\":\"required name=search_term_string\"}],\"inLanguage\":\"fr-FR\"},{\"@type\":\"Organization\",\"@id\":\"https:\/\/universnews224.com\/#organization\",\"name\":\"UNIVERSNEWS224\",\"url\":\"https:\/\/universnews224.com\/\",\"logo\":{\"@type\":\"ImageObject\",\"inLanguage\":\"fr-FR\",\"@id\":\"https:\/\/universnews224.com\/#\/schema\/logo\/image\/\",\"url\":\"https:\/\/universnews224.com\/wp-content\/uploads\/2022\/08\/cropped-cropped-logoban.jpg\",\"contentUrl\":\"https:\/\/universnews224.com\/wp-content\/uploads\/2022\/08\/cropped-cropped-logoban.jpg\",\"width\":1080,\"height\":138,\"caption\":\"UNIVERSNEWS224\"},\"image\":{\"@id\":\"https:\/\/universnews224.com\/#\/schema\/logo\/image\/\"}},{\"@type\":\"Person\",\"@id\":\"https:\/\/universnews224.com\/#\/schema\/person\/a4b7d4f94a4716df60456a491260485e\",\"name\":\"La R\u00e9daction\",\"image\":{\"@type\":\"ImageObject\",\"inLanguage\":\"fr-FR\",\"@id\":\"https:\/\/universnews224.com\/#\/schema\/person\/image\/\",\"url\":\"https:\/\/secure.gravatar.com\/avatar\/edb90acc7752b23e1b3307ad36c14f0d?s=96&d=mm&r=g\",\"contentUrl\":\"https:\/\/secure.gravatar.com\/avatar\/edb90acc7752b23e1b3307ad36c14f0d?s=96&d=mm&r=g\",\"caption\":\"La R\u00e9daction\"},\"sameAs\":[\"https:\/\/universnews224.com\"],\"url\":\"https:\/\/universnews224.com\/index.php\/author\/m-camara\/\"}]}<\/script>\n<!-- \/ Yoast SEO plugin. -->","yoast_head_json":{"title":"Cellou Bald\u00e9 au CNRD: \u201cIls ont d\u00e9j\u00e0 mis des personnes ressources \u00e0 contribution pour pr\u00e9parer les esprits \u00e0 un glissement de calendrier\u201d. - UNIVERSNEWS224","robots":{"index":"index","follow":"follow","max-snippet":"max-snippet:-1","max-image-preview":"max-image-preview:large","max-video-preview":"max-video-preview:-1"},"canonical":"https:\/\/universnews224.com\/index.php\/cellou-balde-au-cnrd-ils-ont-deja-mis-des-personnes-ressources-a-contribution-pour-preparer-les-esprits-a-un-glissement-de-calendrier\/","og_locale":"fr_FR","og_type":"article","og_title":"Cellou Bald\u00e9 au CNRD: \u201cIls ont d\u00e9j\u00e0 mis des personnes ressources \u00e0 contribution pour pr\u00e9parer les esprits \u00e0 un glissement de calendrier\u201d. - UNIVERSNEWS224","og_description":"Dans son adresse \u00e0 la nation \u00e0 l\u2019occasion de la f\u00eate de l\u2019ind\u00e9pendance le 02","og_url":"https:\/\/universnews224.com\/index.php\/cellou-balde-au-cnrd-ils-ont-deja-mis-des-personnes-ressources-a-contribution-pour-preparer-les-esprits-a-un-glissement-de-calendrier\/","og_site_name":"UNIVERSNEWS224","article_published_time":"2023-11-02T06:08:32+00:00","og_image":[{"width":720,"height":570,"url":"https:\/\/universnews224.com\/wp-content\/uploads\/2023\/11\/6B3A3000-AE27-4BC8-B412-A69EF34A4410.png","type":"image\/png"}],"author":"La R\u00e9daction","twitter_misc":{"\u00c9crit par":"La R\u00e9daction","Dur\u00e9e de lecture estim\u00e9e":"2 minutes"},"schema":{"@context":"https:\/\/schema.org","@graph":[{"@type":"Article","@id":"https:\/\/universnews224.com\/index.php\/cellou-balde-au-cnrd-ils-ont-deja-mis-des-personnes-ressources-a-contribution-pour-preparer-les-esprits-a-un-glissement-de-calendrier\/#article","isPartOf":{"@id":"https:\/\/universnews224.com\/index.php\/cellou-balde-au-cnrd-ils-ont-deja-mis-des-personnes-ressources-a-contribution-pour-preparer-les-esprits-a-un-glissement-de-calendrier\/"},"author":{"name":"La R\u00e9daction","@id":"https:\/\/universnews224.com\/#\/schema\/person\/a4b7d4f94a4716df60456a491260485e"},"headline":"Cellou Bald\u00e9 au CNRD: \u201cIls ont d\u00e9j\u00e0 mis des personnes ressources \u00e0 contribution pour pr\u00e9parer les esprits \u00e0 un glissement de calendrier\u201d.","datePublished":"2023-11-02T06:08:32+00:00","dateModified":"2023-11-02T06:08:32+00:00","mainEntityOfPage":{"@id":"https:\/\/universnews224.com\/index.php\/cellou-balde-au-cnrd-ils-ont-deja-mis-des-personnes-ressources-a-contribution-pour-preparer-les-esprits-a-un-glissement-de-calendrier\/"},"wordCount":417,"publisher":{"@id":"https:\/\/universnews224.com\/#organization"},"keywords":["La une"],"articleSection":["ACTU","POLITIQUE"],"inLanguage":"fr-FR"},{"@type":"WebPage","@id":"https:\/\/universnews224.com\/index.php\/cellou-balde-au-cnrd-ils-ont-deja-mis-des-personnes-ressources-a-contribution-pour-preparer-les-esprits-a-un-glissement-de-calendrier\/","url":"https:\/\/universnews224.com\/index.php\/cellou-balde-au-cnrd-ils-ont-deja-mis-des-personnes-ressources-a-contribution-pour-preparer-les-esprits-a-un-glissement-de-calendrier\/","name":"Cellou Bald\u00e9 au CNRD: \u201cIls ont d\u00e9j\u00e0 mis des personnes ressources \u00e0 contribution pour pr\u00e9parer les esprits \u00e0 un glissement de calendrier\u201d. - UNIVERSNEWS224","isPartOf":{"@id":"https:\/\/universnews224.com\/#website"},"datePublished":"2023-11-02T06:08:32+00:00","dateModified":"2023-11-02T06:08:32+00:00","inLanguage":"fr-FR","potentialAction":[{"@type":"ReadAction","target":["https:\/\/universnews224.com\/index.php\/cellou-balde-au-cnrd-ils-ont-deja-mis-des-personnes-ressources-a-contribution-pour-preparer-les-esprits-a-un-glissement-de-calendrier\/"]}]},{"@type":"WebSite","@id":"https:\/\/universnews224.com\/#website","url":"https:\/\/universnews224.com\/","name":"UNIVERSNEWS224","description":"","publisher":{"@id":"https:\/\/universnews224.com\/#organization"},"potentialAction":[{"@type":"SearchAction","target":{"@type":"EntryPoint","urlTemplate":"https:\/\/universnews224.com\/?s={search_term_string}"},"query-input":"required name=search_term_string"}],"inLanguage":"fr-FR"},{"@type":"Organization","@id":"https:\/\/universnews224.com\/#organization","name":"UNIVERSNEWS224","url":"https:\/\/universnews224.com\/","logo":{"@type":"ImageObject","inLanguage":"fr-FR","@id":"https:\/\/universnews224.com\/#\/schema\/logo\/image\/","url":"https:\/\/universnews224.com\/wp-content\/uploads\/2022\/08\/cropped-cropped-logoban.jpg","contentUrl":"https:\/\/universnews224.com\/wp-content\/uploads\/2022\/08\/cropped-cropped-logoban.jpg","width":1080,"height":138,"caption":"UNIVERSNEWS224"},"image":{"@id":"https:\/\/universnews224.com\/#\/schema\/logo\/image\/"}},{"@type":"Person","@id":"https:\/\/universnews224.com\/#\/schema\/person\/a4b7d4f94a4716df60456a491260485e","name":"La R\u00e9daction","image":{"@type":"ImageObject","inLanguage":"fr-FR","@id":"https:\/\/universnews224.com\/#\/schema\/person\/image\/","url":"https:\/\/secure.gravatar.com\/avatar\/edb90acc7752b23e1b3307ad36c14f0d?s=96&d=mm&r=g","contentUrl":"https:\/\/secure.gravatar.com\/avatar\/edb90acc7752b23e1b3307ad36c14f0d?s=96&d=mm&r=g","caption":"La R\u00e9daction"},"sameAs":["https:\/\/universnews224.com"],"url":"https:\/\/universnews224.com\/index.php\/author\/m-camara\/"}]}},"_links":{"self":[{"href":"https:\/\/universnews224.com\/index.php\/wp-json\/wp\/v2\/posts\/4540"}],"collection":[{"href":"https:\/\/universnews224.com\/index.php\/wp-json\/wp\/v2\/posts"}],"about":[{"href":"https:\/\/universnews224.com\/index.php\/wp-json\/wp\/v2\/types\/post"}],"author":[{"embeddable":true,"href":"https:\/\/universnews224.com\/index.php\/wp-json\/wp\/v2\/users\/2"}],"replies":[{"embeddable":true,"href":"https:\/\/universnews224.com\/index.php\/wp-json\/wp\/v2\/comments?post=4540"}],"version-history":[{"count":1,"href":"https:\/\/universnews224.com\/index.php\/wp-json\/wp\/v2\/posts\/4540\/revisions"}],"predecessor-version":[{"id":4542,"href":"https:\/\/universnews224.com\/index.php\/wp-json\/wp\/v2\/posts\/4540\/revisions\/4542"}],"wp:featuredmedia":[{"embeddable":true,"href":"https:\/\/universnews224.com\/index.php\/wp-json\/wp\/v2\/media\/4541"}],"wp:attachment":[{"href":"https:\/\/universnews224.com\/index.php\/wp-json\/wp\/v2\/media?parent=4540"}],"wp:term":[{"taxonomy":"category","embeddable":true,"href":"https:\/\/universnews224.com\/index.php\/wp-json\/wp\/v2\/categories?post=4540"},{"taxonomy":"post_tag","embeddable":true,"href":"https:\/\/universnews224.com\/index.php\/wp-json\/wp\/v2\/tags?post=4540"}],"curies":[{"name":"wp","href":"https:\/\/api.w.org\/{rel}","templated":true}]}}