{"id":4544,"date":"2023-11-02T13:21:09","date_gmt":"2023-11-02T12:21:09","guid":{"rendered":"https:\/\/universnews224.com\/?p=4544"},"modified":"2023-11-02T13:21:09","modified_gmt":"2023-11-02T12:21:09","slug":"commemoration-de-l-an-65-de-l-armee-les-autorites-militaires-inaugurent-plusieurs-infrastructures","status":"publish","type":"post","link":"https:\/\/universnews224.com\/index.php\/commemoration-de-l-an-65-de-l-armee-les-autorites-militaires-inaugurent-plusieurs-infrastructures\/","title":{"rendered":"Comm\u00e9moration de l&rsquo; an 65 de l&rsquo; arm\u00e9e : les autorit\u00e9s militaires inaugurent  plusieurs infrastructures"},"content":{"rendered":"<p class=\"p3\"><span class=\"s2\">C&rsquo;est \u00e0 l&rsquo;occasion des festivit\u00e9 de l&rsquo;an 65\u00e8me anniversaire de l&rsquo;arm\u00e9e guineenne que les hauts grad\u00e9s de notre pays accompagn\u00e9 du ministre d&rsquo;\u00e9tat, ministre de la d\u00e9fense nationale Aboubacar Sidiki Camara a proc\u00e9d\u00e9 ce mercredi 1er novembre 2023, \u00e0 l\u2019ouverture de trois importantes infrastructures construites au camp Alpha Yaya Diallo en faveur des corps habill\u00e9s et civile qui sont entre autres : le centre medico-l\u00e9gal (morgue) le centre de N\u00e9phrologie h\u00e9modialyse, des usines militaires de confection.<a href=\"https:\/\/universnews224.com\/wp-content\/uploads\/2023\/11\/5B929971-5BE7-4067-9A4E-8B7A0AD4FD7D.jpeg\"><img loading=\"lazy\" class=\"alignnone size-medium wp-image-4546\" src=\"https:\/\/universnews224.com\/wp-content\/uploads\/2023\/11\/5B929971-5BE7-4067-9A4E-8B7A0AD4FD7D-300x169.jpeg\" alt=\"\" width=\"300\" height=\"169\" srcset=\"https:\/\/universnews224.com\/wp-content\/uploads\/2023\/11\/5B929971-5BE7-4067-9A4E-8B7A0AD4FD7D-300x169.jpeg 300w, https:\/\/universnews224.com\/wp-content\/uploads\/2023\/11\/5B929971-5BE7-4067-9A4E-8B7A0AD4FD7D-1024x576.jpeg 1024w, https:\/\/universnews224.com\/wp-content\/uploads\/2023\/11\/5B929971-5BE7-4067-9A4E-8B7A0AD4FD7D-768x432.jpeg 768w, https:\/\/universnews224.com\/wp-content\/uploads\/2023\/11\/5B929971-5BE7-4067-9A4E-8B7A0AD4FD7D-800x450.jpeg 800w, https:\/\/universnews224.com\/wp-content\/uploads\/2023\/11\/5B929971-5BE7-4067-9A4E-8B7A0AD4FD7D.jpeg 1032w\" sizes=\"(max-width: 300px) 100vw, 300px\" \/><\/a><\/span><\/p>\n<p class=\"p3\"><span class=\"s2\">Dans son intervention, le ministre d&rsquo;\u00c9tat, ministre de la d\u00e9fense nationale, Aboubacar Sidiki Camara a remerci\u00e9 le pr\u00e9sident de la transition d&rsquo;avoir permis aujourd&rsquo;hui \u00e0 cette date historique de notre pays de faire autant pour les infrastructures qui sont inaugur\u00e9e en faveur de notre arm\u00e9e. <\/span><\/p>\n<p class=\"p3\"><span class=\"s2\">\u00ab Aujourd\u2019hui, ce centre que nous inaugurons est un ensemble d\u2019infrastructures qui, non seulement comble un manque en la mati\u00e8re aux forces arm\u00e9es, mais aussi assure l\u2019honneur et la dignit\u00e9 \u00e0 nos disparus avant leur inhumation. Nous sommes ravis, contents de ces bijoux, quand on sait combien co\u00fbte l\u2019h\u00e9modialyse \u00e0 l\u2019arm\u00e9e, c\u2019est des centaines de millions par mois. Apr\u00e8s l\u2019inauguration de ce centre, tout le peuple de Guin\u00e9e peut venir ici et \u00e7a \u00e0 bas co\u00fbt, parce que c\u2019est leur arm\u00e9e, c\u2019est leur moyen. Les m\u00e9decins qui sont l\u00e0 sont pay\u00e9s par le peuple, les \u00e9quipements qui sont l\u00e0 sont pay\u00e9s par le contribuable guin\u00e9en. Tout le monde peut venir. On va cr\u00e9er une porte par derri\u00e8re pour faciliter l\u2019acc\u00e8s des civils \u00bb. <\/span><\/p>\n<p class=\"p3\"><span class=\"s2\">Et d&rsquo;ajouter, \u00ab On a eu toute la chaine hospitali\u00e8re, c\u2019est-\u00e0-dire l\u2019infirmerie, l\u2019h\u00f4pital du camp Samory est d\u00e9sormais dot\u00e9 de laboratoire \u00e9quip\u00e9 d\u2019automate, de la chaine d\u2019imagerie, l\u2019\u00e9chographie, la radio et m\u00eame le scanner. L\u2019ann\u00e9e prochaine, le deuxi\u00e8me b\u00e2timent que vous voyez l\u00e0, doit recevoir d\u2019autres \u00e9quipements dans le budget 2024. Il s\u2019agira d\u2019installer l\u2019IRM et on aura la chaine compl\u00e8te. Il faut que les h\u00f4pitaux de la capitale aient une capacit\u00e9 tr\u00e8s \u00e9lev\u00e9e. Quand on fait la somme de ces h\u00f4pitaux, on sera dans les cinq-cents lits. En ce qui concerne usines de confection je dirais que, ce n\u2019est pas une usine chinoise, nous sommes en Guin\u00e9e. C\u2019est une usine guin\u00e9enne, c\u2019est une usine de force arm\u00e9e guin\u00e9enne. Le pr\u00e9sident a voulu que l\u2019arm\u00e9e Guin\u00e9enne travaille, s\u2019habiller elle-m\u00eame. Ici, vous avez \u00e0 peu pr\u00e8s 300 \u00e0 travailler. Et, les civiles font les deux tiers. De l&rsquo;autre c\u00f4t\u00e9 les handicap\u00e9s, m\u00eame les sourds-muets, le niveau de production de cette usine varie jusqu\u2019\u00e0 500 tenues par jour \u00bb, a d\u00e9clar\u00e9 le ministre d&rsquo;\u00c9tat.<a href=\"https:\/\/universnews224.com\/wp-content\/uploads\/2023\/11\/B39B4927-BC9E-42B2-B5E5-78B2BD9889DC.jpeg\"><img loading=\"lazy\" class=\"alignnone size-medium wp-image-4547\" src=\"https:\/\/universnews224.com\/wp-content\/uploads\/2023\/11\/B39B4927-BC9E-42B2-B5E5-78B2BD9889DC-300x169.jpeg\" alt=\"\" width=\"300\" height=\"169\" srcset=\"https:\/\/universnews224.com\/wp-content\/uploads\/2023\/11\/B39B4927-BC9E-42B2-B5E5-78B2BD9889DC-300x169.jpeg 300w, https:\/\/universnews224.com\/wp-content\/uploads\/2023\/11\/B39B4927-BC9E-42B2-B5E5-78B2BD9889DC-1024x576.jpeg 1024w, https:\/\/universnews224.com\/wp-content\/uploads\/2023\/11\/B39B4927-BC9E-42B2-B5E5-78B2BD9889DC-768x432.jpeg 768w, https:\/\/universnews224.com\/wp-content\/uploads\/2023\/11\/B39B4927-BC9E-42B2-B5E5-78B2BD9889DC-800x450.jpeg 800w, https:\/\/universnews224.com\/wp-content\/uploads\/2023\/11\/B39B4927-BC9E-42B2-B5E5-78B2BD9889DC.jpeg 1032w\" sizes=\"(max-width: 300px) 100vw, 300px\" \/><\/a><\/span><\/p>\n<p class=\"p3\"><span class=\"s2\">Sana Sylla.<\/span><\/p>\n","protected":false},"excerpt":{"rendered":"<p>C&rsquo;est \u00e0 l&rsquo;occasion des festivit\u00e9 de l&rsquo;an 65\u00e8me anniversaire de l&rsquo;arm\u00e9e guineenne que les hauts<\/p>\n","protected":false},"author":2,"featured_media":4545,"comment_status":"closed","ping_status":"open","sticky":false,"template":"","format":"standard","meta":[],"categories":[3,5],"tags":[229],"yoast_head":"<!-- This site is optimized with the Yoast SEO plugin v19.13 - https:\/\/yoast.com\/wordpress\/plugins\/seo\/ -->\n<title>Comm\u00e9moration de l&#039; an 65 de l&#039; arm\u00e9e : les autorit\u00e9s militaires inaugurent plusieurs infrastructures - UNIVERSNEWS224<\/title>\n<meta name=\"robots\" content=\"index, follow, max-snippet:-1, max-image-preview:large, max-video-preview:-1\" \/>\n<link rel=\"canonical\" href=\"https:\/\/universnews224.com\/index.php\/commemoration-de-l-an-65-de-l-armee-les-autorites-militaires-inaugurent-plusieurs-infrastructures\/\" \/>\n<meta property=\"og:locale\" content=\"fr_FR\" \/>\n<meta property=\"og:type\" content=\"article\" \/>\n<meta property=\"og:title\" content=\"Comm\u00e9moration de l&#039; an 65 de l&#039; arm\u00e9e : les autorit\u00e9s militaires inaugurent plusieurs infrastructures - UNIVERSNEWS224\" \/>\n<meta property=\"og:description\" content=\"C&rsquo;est \u00e0 l&rsquo;occasion des festivit\u00e9 de l&rsquo;an 65\u00e8me anniversaire de l&rsquo;arm\u00e9e guineenne que les hauts\" \/>\n<meta property=\"og:url\" content=\"https:\/\/universnews224.com\/index.php\/commemoration-de-l-an-65-de-l-armee-les-autorites-militaires-inaugurent-plusieurs-infrastructures\/\" \/>\n<meta property=\"og:site_name\" content=\"UNIVERSNEWS224\" \/>\n<meta property=\"article:published_time\" content=\"2023-11-02T12:21:09+00:00\" \/>\n<meta property=\"og:image\" content=\"https:\/\/universnews224.com\/wp-content\/uploads\/2023\/11\/54DEECCF-912A-4E18-926F-DD2548393BA2.jpeg\" \/>\n\t<meta property=\"og:image:width\" content=\"1032\" \/>\n\t<meta property=\"og:image:height\" content=\"580\" \/>\n\t<meta property=\"og:image:type\" content=\"image\/jpeg\" \/>\n<meta name=\"author\" content=\"La R\u00e9daction\" \/>\n<meta name=\"twitter:label1\" content=\"\u00c9crit par\" \/>\n\t<meta name=\"twitter:data1\" content=\"La R\u00e9daction\" \/>\n\t<meta name=\"twitter:label2\" content=\"Dur\u00e9e de lecture estim\u00e9e\" \/>\n\t<meta name=\"twitter:data2\" content=\"3 minutes\" \/>\n<script type=\"application\/ld+json\" class=\"yoast-schema-graph\">{\"@context\":\"https:\/\/schema.org\",\"@graph\":[{\"@type\":\"Article\",\"@id\":\"https:\/\/universnews224.com\/index.php\/commemoration-de-l-an-65-de-l-armee-les-autorites-militaires-inaugurent-plusieurs-infrastructures\/#article\",\"isPartOf\":{\"@id\":\"https:\/\/universnews224.com\/index.php\/commemoration-de-l-an-65-de-l-armee-les-autorites-militaires-inaugurent-plusieurs-infrastructures\/\"},\"author\":{\"name\":\"La R\u00e9daction\",\"@id\":\"https:\/\/universnews224.com\/#\/schema\/person\/a4b7d4f94a4716df60456a491260485e\"},\"headline\":\"Comm\u00e9moration de l&rsquo; an 65 de l&rsquo; arm\u00e9e : les autorit\u00e9s militaires inaugurent plusieurs infrastructures\",\"datePublished\":\"2023-11-02T12:21:09+00:00\",\"dateModified\":\"2023-11-02T12:21:09+00:00\",\"mainEntityOfPage\":{\"@id\":\"https:\/\/universnews224.com\/index.php\/commemoration-de-l-an-65-de-l-armee-les-autorites-militaires-inaugurent-plusieurs-infrastructures\/\"},\"wordCount\":501,\"publisher\":{\"@id\":\"https:\/\/universnews224.com\/#organization\"},\"keywords\":[\"La une\"],\"articleSection\":[\"ACTU\",\"SOCI\u00c9T\u00c9\"],\"inLanguage\":\"fr-FR\"},{\"@type\":\"WebPage\",\"@id\":\"https:\/\/universnews224.com\/index.php\/commemoration-de-l-an-65-de-l-armee-les-autorites-militaires-inaugurent-plusieurs-infrastructures\/\",\"url\":\"https:\/\/universnews224.com\/index.php\/commemoration-de-l-an-65-de-l-armee-les-autorites-militaires-inaugurent-plusieurs-infrastructures\/\",\"name\":\"Comm\u00e9moration de l' an 65 de l' arm\u00e9e : les autorit\u00e9s militaires inaugurent plusieurs infrastructures - UNIVERSNEWS224\",\"isPartOf\":{\"@id\":\"https:\/\/universnews224.com\/#website\"},\"datePublished\":\"2023-11-02T12:21:09+00:00\",\"dateModified\":\"2023-11-02T12:21:09+00:00\",\"inLanguage\":\"fr-FR\",\"potentialAction\":[{\"@type\":\"ReadAction\",\"target\":[\"https:\/\/universnews224.com\/index.php\/commemoration-de-l-an-65-de-l-armee-les-autorites-militaires-inaugurent-plusieurs-infrastructures\/\"]}]},{\"@type\":\"WebSite\",\"@id\":\"https:\/\/universnews224.com\/#website\",\"url\":\"https:\/\/universnews224.com\/\",\"name\":\"UNIVERSNEWS224\",\"description\":\"\",\"publisher\":{\"@id\":\"https:\/\/universnews224.com\/#organization\"},\"potentialAction\":[{\"@type\":\"SearchAction\",\"target\":{\"@type\":\"EntryPoint\",\"urlTemplate\":\"https:\/\/universnews224.com\/?s={search_term_string}\"},\"query-input\":\"required name=search_term_string\"}],\"inLanguage\":\"fr-FR\"},{\"@type\":\"Organization\",\"@id\":\"https:\/\/universnews224.com\/#organization\",\"name\":\"UNIVERSNEWS224\",\"url\":\"https:\/\/universnews224.com\/\",\"logo\":{\"@type\":\"ImageObject\",\"inLanguage\":\"fr-FR\",\"@id\":\"https:\/\/universnews224.com\/#\/schema\/logo\/image\/\",\"url\":\"https:\/\/universnews224.com\/wp-content\/uploads\/2022\/08\/cropped-cropped-logoban.jpg\",\"contentUrl\":\"https:\/\/universnews224.com\/wp-content\/uploads\/2022\/08\/cropped-cropped-logoban.jpg\",\"width\":1080,\"height\":138,\"caption\":\"UNIVERSNEWS224\"},\"image\":{\"@id\":\"https:\/\/universnews224.com\/#\/schema\/logo\/image\/\"}},{\"@type\":\"Person\",\"@id\":\"https:\/\/universnews224.com\/#\/schema\/person\/a4b7d4f94a4716df60456a491260485e\",\"name\":\"La R\u00e9daction\",\"image\":{\"@type\":\"ImageObject\",\"inLanguage\":\"fr-FR\",\"@id\":\"https:\/\/universnews224.com\/#\/schema\/person\/image\/\",\"url\":\"https:\/\/secure.gravatar.com\/avatar\/edb90acc7752b23e1b3307ad36c14f0d?s=96&d=mm&r=g\",\"contentUrl\":\"https:\/\/secure.gravatar.com\/avatar\/edb90acc7752b23e1b3307ad36c14f0d?s=96&d=mm&r=g\",\"caption\":\"La R\u00e9daction\"},\"sameAs\":[\"https:\/\/universnews224.com\"],\"url\":\"https:\/\/universnews224.com\/index.php\/author\/m-camara\/\"}]}<\/script>\n<!-- \/ Yoast SEO plugin. -->","yoast_head_json":{"title":"Comm\u00e9moration de l' an 65 de l' arm\u00e9e : les autorit\u00e9s militaires inaugurent plusieurs infrastructures - UNIVERSNEWS224","robots":{"index":"index","follow":"follow","max-snippet":"max-snippet:-1","max-image-preview":"max-image-preview:large","max-video-preview":"max-video-preview:-1"},"canonical":"https:\/\/universnews224.com\/index.php\/commemoration-de-l-an-65-de-l-armee-les-autorites-militaires-inaugurent-plusieurs-infrastructures\/","og_locale":"fr_FR","og_type":"article","og_title":"Comm\u00e9moration de l' an 65 de l' arm\u00e9e : les autorit\u00e9s militaires inaugurent plusieurs infrastructures - UNIVERSNEWS224","og_description":"C&rsquo;est \u00e0 l&rsquo;occasion des festivit\u00e9 de l&rsquo;an 65\u00e8me anniversaire de l&rsquo;arm\u00e9e guineenne que les hauts","og_url":"https:\/\/universnews224.com\/index.php\/commemoration-de-l-an-65-de-l-armee-les-autorites-militaires-inaugurent-plusieurs-infrastructures\/","og_site_name":"UNIVERSNEWS224","article_published_time":"2023-11-02T12:21:09+00:00","og_image":[{"width":1032,"height":580,"url":"https:\/\/universnews224.com\/wp-content\/uploads\/2023\/11\/54DEECCF-912A-4E18-926F-DD2548393BA2.jpeg","type":"image\/jpeg"}],"author":"La R\u00e9daction","twitter_misc":{"\u00c9crit par":"La R\u00e9daction","Dur\u00e9e de lecture estim\u00e9e":"3 minutes"},"schema":{"@context":"https:\/\/schema.org","@graph":[{"@type":"Article","@id":"https:\/\/universnews224.com\/index.php\/commemoration-de-l-an-65-de-l-armee-les-autorites-militaires-inaugurent-plusieurs-infrastructures\/#article","isPartOf":{"@id":"https:\/\/universnews224.com\/index.php\/commemoration-de-l-an-65-de-l-armee-les-autorites-militaires-inaugurent-plusieurs-infrastructures\/"},"author":{"name":"La R\u00e9daction","@id":"https:\/\/universnews224.com\/#\/schema\/person\/a4b7d4f94a4716df60456a491260485e"},"headline":"Comm\u00e9moration de l&rsquo; an 65 de l&rsquo; arm\u00e9e : les autorit\u00e9s militaires inaugurent plusieurs infrastructures","datePublished":"2023-11-02T12:21:09+00:00","dateModified":"2023-11-02T12:21:09+00:00","mainEntityOfPage":{"@id":"https:\/\/universnews224.com\/index.php\/commemoration-de-l-an-65-de-l-armee-les-autorites-militaires-inaugurent-plusieurs-infrastructures\/"},"wordCount":501,"publisher":{"@id":"https:\/\/universnews224.com\/#organization"},"keywords":["La une"],"articleSection":["ACTU","SOCI\u00c9T\u00c9"],"inLanguage":"fr-FR"},{"@type":"WebPage","@id":"https:\/\/universnews224.com\/index.php\/commemoration-de-l-an-65-de-l-armee-les-autorites-militaires-inaugurent-plusieurs-infrastructures\/","url":"https:\/\/universnews224.com\/index.php\/commemoration-de-l-an-65-de-l-armee-les-autorites-militaires-inaugurent-plusieurs-infrastructures\/","name":"Comm\u00e9moration de l' an 65 de l' arm\u00e9e : les autorit\u00e9s militaires inaugurent plusieurs infrastructures - UNIVERSNEWS224","isPartOf":{"@id":"https:\/\/universnews224.com\/#website"},"datePublished":"2023-11-02T12:21:09+00:00","dateModified":"2023-11-02T12:21:09+00:00","inLanguage":"fr-FR","potentialAction":[{"@type":"ReadAction","target":["https:\/\/universnews224.com\/index.php\/commemoration-de-l-an-65-de-l-armee-les-autorites-militaires-inaugurent-plusieurs-infrastructures\/"]}]},{"@type":"WebSite","@id":"https:\/\/universnews224.com\/#website","url":"https:\/\/universnews224.com\/","name":"UNIVERSNEWS224","description":"","publisher":{"@id":"https:\/\/universnews224.com\/#organization"},"potentialAction":[{"@type":"SearchAction","target":{"@type":"EntryPoint","urlTemplate":"https:\/\/universnews224.com\/?s={search_term_string}"},"query-input":"required name=search_term_string"}],"inLanguage":"fr-FR"},{"@type":"Organization","@id":"https:\/\/universnews224.com\/#organization","name":"UNIVERSNEWS224","url":"https:\/\/universnews224.com\/","logo":{"@type":"ImageObject","inLanguage":"fr-FR","@id":"https:\/\/universnews224.com\/#\/schema\/logo\/image\/","url":"https:\/\/universnews224.com\/wp-content\/uploads\/2022\/08\/cropped-cropped-logoban.jpg","contentUrl":"https:\/\/universnews224.com\/wp-content\/uploads\/2022\/08\/cropped-cropped-logoban.jpg","width":1080,"height":138,"caption":"UNIVERSNEWS224"},"image":{"@id":"https:\/\/universnews224.com\/#\/schema\/logo\/image\/"}},{"@type":"Person","@id":"https:\/\/universnews224.com\/#\/schema\/person\/a4b7d4f94a4716df60456a491260485e","name":"La R\u00e9daction","image":{"@type":"ImageObject","inLanguage":"fr-FR","@id":"https:\/\/universnews224.com\/#\/schema\/person\/image\/","url":"https:\/\/secure.gravatar.com\/avatar\/edb90acc7752b23e1b3307ad36c14f0d?s=96&d=mm&r=g","contentUrl":"https:\/\/secure.gravatar.com\/avatar\/edb90acc7752b23e1b3307ad36c14f0d?s=96&d=mm&r=g","caption":"La R\u00e9daction"},"sameAs":["https:\/\/universnews224.com"],"url":"https:\/\/universnews224.com\/index.php\/author\/m-camara\/"}]}},"_links":{"self":[{"href":"https:\/\/universnews224.com\/index.php\/wp-json\/wp\/v2\/posts\/4544"}],"collection":[{"href":"https:\/\/universnews224.com\/index.php\/wp-json\/wp\/v2\/posts"}],"about":[{"href":"https:\/\/universnews224.com\/index.php\/wp-json\/wp\/v2\/types\/post"}],"author":[{"embeddable":true,"href":"https:\/\/universnews224.com\/index.php\/wp-json\/wp\/v2\/users\/2"}],"replies":[{"embeddable":true,"href":"https:\/\/universnews224.com\/index.php\/wp-json\/wp\/v2\/comments?post=4544"}],"version-history":[{"count":1,"href":"https:\/\/universnews224.com\/index.php\/wp-json\/wp\/v2\/posts\/4544\/revisions"}],"predecessor-version":[{"id":4548,"href":"https:\/\/universnews224.com\/index.php\/wp-json\/wp\/v2\/posts\/4544\/revisions\/4548"}],"wp:featuredmedia":[{"embeddable":true,"href":"https:\/\/universnews224.com\/index.php\/wp-json\/wp\/v2\/media\/4545"}],"wp:attachment":[{"href":"https:\/\/universnews224.com\/index.php\/wp-json\/wp\/v2\/media?parent=4544"}],"wp:term":[{"taxonomy":"category","embeddable":true,"href":"https:\/\/universnews224.com\/index.php\/wp-json\/wp\/v2\/categories?post=4544"},{"taxonomy":"post_tag","embeddable":true,"href":"https:\/\/universnews224.com\/index.php\/wp-json\/wp\/v2\/tags?post=4544"}],"curies":[{"name":"wp","href":"https:\/\/api.w.org\/{rel}","templated":true}]}}