{"id":4555,"date":"2023-11-06T21:01:46","date_gmt":"2023-11-06T20:01:46","guid":{"rendered":"https:\/\/universnews224.com\/?p=4555"},"modified":"2023-11-06T21:01:46","modified_gmt":"2023-11-06T20:01:46","slug":"evasion-a-la-centrale-de-conakry-mon-client-ma-dit-tres-clairement-que-son-fils-netait-pas-parmi-ces-elements-qui-sont-venus-les-exfiltrer-me-fode-kaba-cherif","status":"publish","type":"post","link":"https:\/\/universnews224.com\/index.php\/evasion-a-la-centrale-de-conakry-mon-client-ma-dit-tres-clairement-que-son-fils-netait-pas-parmi-ces-elements-qui-sont-venus-les-exfiltrer-me-fode-kaba-cherif\/","title":{"rendered":"\u00c9vasion \u00e0 la centrale de Conakry: \u201cMon client m\u2019a dit tr\u00e8s clairement que son fils n\u2019\u00e9tait pas parmi ces \u00e9l\u00e9ments qui sont venus les exfiltrer\u201d, Me Fod\u00e9 Kaba Ch\u00e9rif"},"content":{"rendered":"<p class=\"p1\"><span class=\"s1\">Consid\u00e9r\u00e9 comme le cerveau de l\u2019attaque qui a vis\u00e9 la maison centrale de Conakry le samedi dernier, le nom du fils de colonel Claude Pivi, revient sur toutes les l\u00e8vres. <\/span><\/p>\n<p class=\"p1\"><span class=\"s1\">Selon des autorit\u00e9s guin\u00e9ennes, Verny Pivi est le commando qui a dirig\u00e9 l\u2019op\u00e9ration d\u2019exfiltration de son p\u00e8re et ces trois cod\u00e9tenus dont l\u2019ancien pr\u00e9sident de la transition, Capitaine Moussa Dadis Camara. <\/span><\/p>\n<p class=\"p1\"><span class=\"s1\">R\u00e9gissant sur cette actualit\u00e9 chez nos confr\u00e8res de la radio Fim Fm dans l\u2019\u00e9mission Mirador de ce lundi 06 novembre 2023, Me Fod\u00e9 Kaba Ch\u00e9rif, l\u2019avocat du colonel Claude Pivi a d\u00e9menti toute implication de Verny dans cette op\u00e9ration. <\/span><\/p>\n<p class=\"p1\"><span class=\"s1\">\u201c\u00c0 date, je n\u2019ai plus de ses nouvelles, mais que ce qui s\u2019est pass\u00e9, j\u2019avoue que lorsque j\u2019ai appris qu\u2019il y a eu cette attaque contre la maison centrale o\u00f9 j\u2019ai d\u2019autres clients, j\u2019ai du coup tent\u00e9 d\u2019appeler d\u2019autres y compris le Colonel Pivi. Apr\u00e8s quelques tentatives, il a d\u00e9croch\u00e9 parce que son num\u00e9ro ne passait pas. C\u2019est dans l\u2019apr\u00e8s-midi que je l\u2019ai eu au t\u00e9l\u00e9phone. Dans ses propos, j\u2019ai pu comprendre qu\u2019il \u00e9tait apeur\u00e9, parce que surpris par l\u2019\u00e9v\u00e9nement. Il n\u2019en revenait pas, contrairement \u00e0 certains ont pu dire. Je lui ai quand-m\u00eame demander s\u2019il \u00e9tait parmi ceux qui \u00e9tait en cavale? Il m\u2019a effectivement dit qu\u2019il \u00e9tait exfiltr\u00e9 comme tous les autres, et que c\u2019est un commando compos\u00e9 de certains militaires qui ont men\u00e9 l\u2019op\u00e9ration, a t-il indiqu\u00e9. <\/span><\/p>\n<p class=\"p1\"><span class=\"s1\">Et d\u2019ajouter: \u201cMon client, quand je l\u2019ai eu au t\u00e9l\u00e9phone, je lui ai demand\u00e9 est-ce que ton client \u00e9tait dans l\u2019\u00e9quipe ? Il m\u2019a dit tr\u00e8s clairement que son fils n\u2019\u00e9tait pas parmi ces \u00e9l\u00e9ments qui sont venus les exfiltrer. Son fils n\u2019en faisait pas partie. Je crois que le fait que \u00e7a \u00e9t\u00e9 dit dans les m\u00e9dias que son fils \u00e9tait dans la mission l\u2019a apeur\u00e9 davantage et c\u2019est ce qui le faisait craindre de sa vie et de la vie de son enfant et c\u2019est raison pour laquelle il n\u2019est pas revenu jusqu\u2019\u00e0 date\u00bb, a t-il martel\u00e9. <\/span><\/p>\n<p class=\"p1\"><span class=\"s1\">Mohamed Camara <\/span><\/p>\n","protected":false},"excerpt":{"rendered":"<p>Consid\u00e9r\u00e9 comme le cerveau de l\u2019attaque qui a vis\u00e9 la maison centrale de Conakry le<\/p>\n","protected":false},"author":2,"featured_media":4556,"comment_status":"closed","ping_status":"open","sticky":false,"template":"","format":"standard","meta":[],"categories":[3,4],"tags":[229],"yoast_head":"<!-- This site is optimized with the Yoast SEO plugin v19.13 - https:\/\/yoast.com\/wordpress\/plugins\/seo\/ -->\n<title>\u00c9vasion \u00e0 la centrale de Conakry: \u201cMon client m\u2019a dit tr\u00e8s clairement que son fils n\u2019\u00e9tait pas parmi ces \u00e9l\u00e9ments qui sont venus les exfiltrer\u201d, Me Fod\u00e9 Kaba Ch\u00e9rif - UNIVERSNEWS224<\/title>\n<meta name=\"robots\" content=\"index, follow, max-snippet:-1, max-image-preview:large, max-video-preview:-1\" \/>\n<link rel=\"canonical\" href=\"https:\/\/universnews224.com\/index.php\/evasion-a-la-centrale-de-conakry-mon-client-ma-dit-tres-clairement-que-son-fils-netait-pas-parmi-ces-elements-qui-sont-venus-les-exfiltrer-me-fode-kaba-cherif\/\" \/>\n<meta property=\"og:locale\" content=\"fr_FR\" \/>\n<meta property=\"og:type\" content=\"article\" \/>\n<meta property=\"og:title\" content=\"\u00c9vasion \u00e0 la centrale de Conakry: \u201cMon client m\u2019a dit tr\u00e8s clairement que son fils n\u2019\u00e9tait pas parmi ces \u00e9l\u00e9ments qui sont venus les exfiltrer\u201d, Me Fod\u00e9 Kaba Ch\u00e9rif - UNIVERSNEWS224\" \/>\n<meta property=\"og:description\" content=\"Consid\u00e9r\u00e9 comme le cerveau de l\u2019attaque qui a vis\u00e9 la maison centrale de Conakry le\" \/>\n<meta property=\"og:url\" content=\"https:\/\/universnews224.com\/index.php\/evasion-a-la-centrale-de-conakry-mon-client-ma-dit-tres-clairement-que-son-fils-netait-pas-parmi-ces-elements-qui-sont-venus-les-exfiltrer-me-fode-kaba-cherif\/\" \/>\n<meta property=\"og:site_name\" content=\"UNIVERSNEWS224\" \/>\n<meta property=\"article:published_time\" content=\"2023-11-06T20:01:46+00:00\" \/>\n<meta property=\"og:image\" content=\"https:\/\/universnews224.com\/wp-content\/uploads\/2023\/11\/463039F9-6B71-495E-BF6A-5BD13C4E5099.jpeg\" \/>\n\t<meta property=\"og:image:width\" content=\"700\" \/>\n\t<meta property=\"og:image:height\" content=\"305\" \/>\n\t<meta property=\"og:image:type\" content=\"image\/jpeg\" \/>\n<meta name=\"author\" content=\"La R\u00e9daction\" \/>\n<meta name=\"twitter:label1\" content=\"\u00c9crit par\" \/>\n\t<meta name=\"twitter:data1\" content=\"La R\u00e9daction\" \/>\n\t<meta name=\"twitter:label2\" content=\"Dur\u00e9e de lecture estim\u00e9e\" \/>\n\t<meta name=\"twitter:data2\" content=\"2 minutes\" \/>\n<script type=\"application\/ld+json\" class=\"yoast-schema-graph\">{\"@context\":\"https:\/\/schema.org\",\"@graph\":[{\"@type\":\"Article\",\"@id\":\"https:\/\/universnews224.com\/index.php\/evasion-a-la-centrale-de-conakry-mon-client-ma-dit-tres-clairement-que-son-fils-netait-pas-parmi-ces-elements-qui-sont-venus-les-exfiltrer-me-fode-kaba-cherif\/#article\",\"isPartOf\":{\"@id\":\"https:\/\/universnews224.com\/index.php\/evasion-a-la-centrale-de-conakry-mon-client-ma-dit-tres-clairement-que-son-fils-netait-pas-parmi-ces-elements-qui-sont-venus-les-exfiltrer-me-fode-kaba-cherif\/\"},\"author\":{\"name\":\"La R\u00e9daction\",\"@id\":\"https:\/\/universnews224.com\/#\/schema\/person\/a4b7d4f94a4716df60456a491260485e\"},\"headline\":\"\u00c9vasion \u00e0 la centrale de Conakry: \u201cMon client m\u2019a dit tr\u00e8s clairement que son fils n\u2019\u00e9tait pas parmi ces \u00e9l\u00e9ments qui sont venus les exfiltrer\u201d, Me Fod\u00e9 Kaba Ch\u00e9rif\",\"datePublished\":\"2023-11-06T20:01:46+00:00\",\"dateModified\":\"2023-11-06T20:01:46+00:00\",\"mainEntityOfPage\":{\"@id\":\"https:\/\/universnews224.com\/index.php\/evasion-a-la-centrale-de-conakry-mon-client-ma-dit-tres-clairement-que-son-fils-netait-pas-parmi-ces-elements-qui-sont-venus-les-exfiltrer-me-fode-kaba-cherif\/\"},\"wordCount\":424,\"publisher\":{\"@id\":\"https:\/\/universnews224.com\/#organization\"},\"keywords\":[\"La une\"],\"articleSection\":[\"ACTU\",\"POLITIQUE\"],\"inLanguage\":\"fr-FR\"},{\"@type\":\"WebPage\",\"@id\":\"https:\/\/universnews224.com\/index.php\/evasion-a-la-centrale-de-conakry-mon-client-ma-dit-tres-clairement-que-son-fils-netait-pas-parmi-ces-elements-qui-sont-venus-les-exfiltrer-me-fode-kaba-cherif\/\",\"url\":\"https:\/\/universnews224.com\/index.php\/evasion-a-la-centrale-de-conakry-mon-client-ma-dit-tres-clairement-que-son-fils-netait-pas-parmi-ces-elements-qui-sont-venus-les-exfiltrer-me-fode-kaba-cherif\/\",\"name\":\"\u00c9vasion \u00e0 la centrale de Conakry: \u201cMon client m\u2019a dit tr\u00e8s clairement que son fils n\u2019\u00e9tait pas parmi ces \u00e9l\u00e9ments qui sont venus les exfiltrer\u201d, Me Fod\u00e9 Kaba Ch\u00e9rif - UNIVERSNEWS224\",\"isPartOf\":{\"@id\":\"https:\/\/universnews224.com\/#website\"},\"datePublished\":\"2023-11-06T20:01:46+00:00\",\"dateModified\":\"2023-11-06T20:01:46+00:00\",\"inLanguage\":\"fr-FR\",\"potentialAction\":[{\"@type\":\"ReadAction\",\"target\":[\"https:\/\/universnews224.com\/index.php\/evasion-a-la-centrale-de-conakry-mon-client-ma-dit-tres-clairement-que-son-fils-netait-pas-parmi-ces-elements-qui-sont-venus-les-exfiltrer-me-fode-kaba-cherif\/\"]}]},{\"@type\":\"WebSite\",\"@id\":\"https:\/\/universnews224.com\/#website\",\"url\":\"https:\/\/universnews224.com\/\",\"name\":\"UNIVERSNEWS224\",\"description\":\"\",\"publisher\":{\"@id\":\"https:\/\/universnews224.com\/#organization\"},\"potentialAction\":[{\"@type\":\"SearchAction\",\"target\":{\"@type\":\"EntryPoint\",\"urlTemplate\":\"https:\/\/universnews224.com\/?s={search_term_string}\"},\"query-input\":\"required name=search_term_string\"}],\"inLanguage\":\"fr-FR\"},{\"@type\":\"Organization\",\"@id\":\"https:\/\/universnews224.com\/#organization\",\"name\":\"UNIVERSNEWS224\",\"url\":\"https:\/\/universnews224.com\/\",\"logo\":{\"@type\":\"ImageObject\",\"inLanguage\":\"fr-FR\",\"@id\":\"https:\/\/universnews224.com\/#\/schema\/logo\/image\/\",\"url\":\"https:\/\/universnews224.com\/wp-content\/uploads\/2022\/08\/cropped-cropped-logoban.jpg\",\"contentUrl\":\"https:\/\/universnews224.com\/wp-content\/uploads\/2022\/08\/cropped-cropped-logoban.jpg\",\"width\":1080,\"height\":138,\"caption\":\"UNIVERSNEWS224\"},\"image\":{\"@id\":\"https:\/\/universnews224.com\/#\/schema\/logo\/image\/\"}},{\"@type\":\"Person\",\"@id\":\"https:\/\/universnews224.com\/#\/schema\/person\/a4b7d4f94a4716df60456a491260485e\",\"name\":\"La R\u00e9daction\",\"image\":{\"@type\":\"ImageObject\",\"inLanguage\":\"fr-FR\",\"@id\":\"https:\/\/universnews224.com\/#\/schema\/person\/image\/\",\"url\":\"https:\/\/secure.gravatar.com\/avatar\/edb90acc7752b23e1b3307ad36c14f0d?s=96&d=mm&r=g\",\"contentUrl\":\"https:\/\/secure.gravatar.com\/avatar\/edb90acc7752b23e1b3307ad36c14f0d?s=96&d=mm&r=g\",\"caption\":\"La R\u00e9daction\"},\"sameAs\":[\"https:\/\/universnews224.com\"],\"url\":\"https:\/\/universnews224.com\/index.php\/author\/m-camara\/\"}]}<\/script>\n<!-- \/ Yoast SEO plugin. -->","yoast_head_json":{"title":"\u00c9vasion \u00e0 la centrale de Conakry: \u201cMon client m\u2019a dit tr\u00e8s clairement que son fils n\u2019\u00e9tait pas parmi ces \u00e9l\u00e9ments qui sont venus les exfiltrer\u201d, Me Fod\u00e9 Kaba Ch\u00e9rif - UNIVERSNEWS224","robots":{"index":"index","follow":"follow","max-snippet":"max-snippet:-1","max-image-preview":"max-image-preview:large","max-video-preview":"max-video-preview:-1"},"canonical":"https:\/\/universnews224.com\/index.php\/evasion-a-la-centrale-de-conakry-mon-client-ma-dit-tres-clairement-que-son-fils-netait-pas-parmi-ces-elements-qui-sont-venus-les-exfiltrer-me-fode-kaba-cherif\/","og_locale":"fr_FR","og_type":"article","og_title":"\u00c9vasion \u00e0 la centrale de Conakry: \u201cMon client m\u2019a dit tr\u00e8s clairement que son fils n\u2019\u00e9tait pas parmi ces \u00e9l\u00e9ments qui sont venus les exfiltrer\u201d, Me Fod\u00e9 Kaba Ch\u00e9rif - UNIVERSNEWS224","og_description":"Consid\u00e9r\u00e9 comme le cerveau de l\u2019attaque qui a vis\u00e9 la maison centrale de Conakry le","og_url":"https:\/\/universnews224.com\/index.php\/evasion-a-la-centrale-de-conakry-mon-client-ma-dit-tres-clairement-que-son-fils-netait-pas-parmi-ces-elements-qui-sont-venus-les-exfiltrer-me-fode-kaba-cherif\/","og_site_name":"UNIVERSNEWS224","article_published_time":"2023-11-06T20:01:46+00:00","og_image":[{"width":700,"height":305,"url":"https:\/\/universnews224.com\/wp-content\/uploads\/2023\/11\/463039F9-6B71-495E-BF6A-5BD13C4E5099.jpeg","type":"image\/jpeg"}],"author":"La R\u00e9daction","twitter_misc":{"\u00c9crit par":"La R\u00e9daction","Dur\u00e9e de lecture estim\u00e9e":"2 minutes"},"schema":{"@context":"https:\/\/schema.org","@graph":[{"@type":"Article","@id":"https:\/\/universnews224.com\/index.php\/evasion-a-la-centrale-de-conakry-mon-client-ma-dit-tres-clairement-que-son-fils-netait-pas-parmi-ces-elements-qui-sont-venus-les-exfiltrer-me-fode-kaba-cherif\/#article","isPartOf":{"@id":"https:\/\/universnews224.com\/index.php\/evasion-a-la-centrale-de-conakry-mon-client-ma-dit-tres-clairement-que-son-fils-netait-pas-parmi-ces-elements-qui-sont-venus-les-exfiltrer-me-fode-kaba-cherif\/"},"author":{"name":"La R\u00e9daction","@id":"https:\/\/universnews224.com\/#\/schema\/person\/a4b7d4f94a4716df60456a491260485e"},"headline":"\u00c9vasion \u00e0 la centrale de Conakry: \u201cMon client m\u2019a dit tr\u00e8s clairement que son fils n\u2019\u00e9tait pas parmi ces \u00e9l\u00e9ments qui sont venus les exfiltrer\u201d, Me Fod\u00e9 Kaba Ch\u00e9rif","datePublished":"2023-11-06T20:01:46+00:00","dateModified":"2023-11-06T20:01:46+00:00","mainEntityOfPage":{"@id":"https:\/\/universnews224.com\/index.php\/evasion-a-la-centrale-de-conakry-mon-client-ma-dit-tres-clairement-que-son-fils-netait-pas-parmi-ces-elements-qui-sont-venus-les-exfiltrer-me-fode-kaba-cherif\/"},"wordCount":424,"publisher":{"@id":"https:\/\/universnews224.com\/#organization"},"keywords":["La une"],"articleSection":["ACTU","POLITIQUE"],"inLanguage":"fr-FR"},{"@type":"WebPage","@id":"https:\/\/universnews224.com\/index.php\/evasion-a-la-centrale-de-conakry-mon-client-ma-dit-tres-clairement-que-son-fils-netait-pas-parmi-ces-elements-qui-sont-venus-les-exfiltrer-me-fode-kaba-cherif\/","url":"https:\/\/universnews224.com\/index.php\/evasion-a-la-centrale-de-conakry-mon-client-ma-dit-tres-clairement-que-son-fils-netait-pas-parmi-ces-elements-qui-sont-venus-les-exfiltrer-me-fode-kaba-cherif\/","name":"\u00c9vasion \u00e0 la centrale de Conakry: \u201cMon client m\u2019a dit tr\u00e8s clairement que son fils n\u2019\u00e9tait pas parmi ces \u00e9l\u00e9ments qui sont venus les exfiltrer\u201d, Me Fod\u00e9 Kaba Ch\u00e9rif - UNIVERSNEWS224","isPartOf":{"@id":"https:\/\/universnews224.com\/#website"},"datePublished":"2023-11-06T20:01:46+00:00","dateModified":"2023-11-06T20:01:46+00:00","inLanguage":"fr-FR","potentialAction":[{"@type":"ReadAction","target":["https:\/\/universnews224.com\/index.php\/evasion-a-la-centrale-de-conakry-mon-client-ma-dit-tres-clairement-que-son-fils-netait-pas-parmi-ces-elements-qui-sont-venus-les-exfiltrer-me-fode-kaba-cherif\/"]}]},{"@type":"WebSite","@id":"https:\/\/universnews224.com\/#website","url":"https:\/\/universnews224.com\/","name":"UNIVERSNEWS224","description":"","publisher":{"@id":"https:\/\/universnews224.com\/#organization"},"potentialAction":[{"@type":"SearchAction","target":{"@type":"EntryPoint","urlTemplate":"https:\/\/universnews224.com\/?s={search_term_string}"},"query-input":"required name=search_term_string"}],"inLanguage":"fr-FR"},{"@type":"Organization","@id":"https:\/\/universnews224.com\/#organization","name":"UNIVERSNEWS224","url":"https:\/\/universnews224.com\/","logo":{"@type":"ImageObject","inLanguage":"fr-FR","@id":"https:\/\/universnews224.com\/#\/schema\/logo\/image\/","url":"https:\/\/universnews224.com\/wp-content\/uploads\/2022\/08\/cropped-cropped-logoban.jpg","contentUrl":"https:\/\/universnews224.com\/wp-content\/uploads\/2022\/08\/cropped-cropped-logoban.jpg","width":1080,"height":138,"caption":"UNIVERSNEWS224"},"image":{"@id":"https:\/\/universnews224.com\/#\/schema\/logo\/image\/"}},{"@type":"Person","@id":"https:\/\/universnews224.com\/#\/schema\/person\/a4b7d4f94a4716df60456a491260485e","name":"La R\u00e9daction","image":{"@type":"ImageObject","inLanguage":"fr-FR","@id":"https:\/\/universnews224.com\/#\/schema\/person\/image\/","url":"https:\/\/secure.gravatar.com\/avatar\/edb90acc7752b23e1b3307ad36c14f0d?s=96&d=mm&r=g","contentUrl":"https:\/\/secure.gravatar.com\/avatar\/edb90acc7752b23e1b3307ad36c14f0d?s=96&d=mm&r=g","caption":"La R\u00e9daction"},"sameAs":["https:\/\/universnews224.com"],"url":"https:\/\/universnews224.com\/index.php\/author\/m-camara\/"}]}},"_links":{"self":[{"href":"https:\/\/universnews224.com\/index.php\/wp-json\/wp\/v2\/posts\/4555"}],"collection":[{"href":"https:\/\/universnews224.com\/index.php\/wp-json\/wp\/v2\/posts"}],"about":[{"href":"https:\/\/universnews224.com\/index.php\/wp-json\/wp\/v2\/types\/post"}],"author":[{"embeddable":true,"href":"https:\/\/universnews224.com\/index.php\/wp-json\/wp\/v2\/users\/2"}],"replies":[{"embeddable":true,"href":"https:\/\/universnews224.com\/index.php\/wp-json\/wp\/v2\/comments?post=4555"}],"version-history":[{"count":1,"href":"https:\/\/universnews224.com\/index.php\/wp-json\/wp\/v2\/posts\/4555\/revisions"}],"predecessor-version":[{"id":4557,"href":"https:\/\/universnews224.com\/index.php\/wp-json\/wp\/v2\/posts\/4555\/revisions\/4557"}],"wp:featuredmedia":[{"embeddable":true,"href":"https:\/\/universnews224.com\/index.php\/wp-json\/wp\/v2\/media\/4556"}],"wp:attachment":[{"href":"https:\/\/universnews224.com\/index.php\/wp-json\/wp\/v2\/media?parent=4555"}],"wp:term":[{"taxonomy":"category","embeddable":true,"href":"https:\/\/universnews224.com\/index.php\/wp-json\/wp\/v2\/categories?post=4555"},{"taxonomy":"post_tag","embeddable":true,"href":"https:\/\/universnews224.com\/index.php\/wp-json\/wp\/v2\/tags?post=4555"}],"curies":[{"name":"wp","href":"https:\/\/api.w.org\/{rel}","templated":true}]}}