{"id":4558,"date":"2023-11-06T21:06:04","date_gmt":"2023-11-06T20:06:04","guid":{"rendered":"https:\/\/universnews224.com\/?p=4558"},"modified":"2023-11-06T21:06:04","modified_gmt":"2023-11-06T20:06:04","slug":"me-jocamey-haba-une-plainte-va-etre-deposee-pour-le-compte-du-president-dadis-pour-enlevement-et-sequestration","status":"publish","type":"post","link":"https:\/\/universnews224.com\/index.php\/me-jocamey-haba-une-plainte-va-etre-deposee-pour-le-compte-du-president-dadis-pour-enlevement-et-sequestration\/","title":{"rendered":"Me Jocamey Haba: \u201cUne plainte va \u00eatre d\u00e9pos\u00e9e pour le compte du pr\u00e9sident Dadis pour enl\u00e8vement et s\u00e9questration\u201d"},"content":{"rendered":"<p class=\"p1\">Ma\u00eetre Jean Baptiste Jocamey Haba, l\u2019un des avocats de l\u2019ancien pr\u00e9sident de la Moussa Dadis Camara a r\u00e9agi ce lundi, 06 novembre 2023 \u00e0 l\u2019attaque dont la maison centrale a \u00e9t\u00e9 la cible le samedi dernier par un groupe d\u2019hommes lourdement arm\u00e9s.<\/p>\n<p class=\"p1\"><span class=\"s1\">Alors que les autorit\u00e9s guin\u00e9ennes parlent d\u2019\u00e9vasion, l\u2019avocat de Capitaine Moussa Dadis Camara croit dur comme fer que son client a \u00e9t\u00e9 enlev\u00e9. Selon lui, m\u00eame dans l\u2019imaginaire le pr\u00e9sident Dadis ne peut pas d\u2019\u00e9vader. <\/span><\/p>\n<p class=\"p1\"><span class=\"s1\">\u201cMon client a \u00e9t\u00e9 enlev\u00e9, la vie de mon client a \u00e9t\u00e9 mise en danger. Je vais vous dire, mon client m\u00eame dans l\u2019imaginaire ne peut s\u2019\u00e9vader. Je vais vous donner des raisons que vous connaissez peut-\u00eatre. Premi\u00e8re raison, depuis plus de 10 ans je le d\u00e9fend, je l\u2019ai connu \u00e0 Wagadougou pas en Guin\u00e9e, l\u2019homme que je d\u00e9fend , je le connais professionnellement. Pendant 10 ans il a demand\u00e9 \u00e0 se remettre \u00e0 la disposition de la justice de son pays, pendant plusieurs fois, on a voulu venir en Guin\u00e9e, on a \u00e9t\u00e9 bloqu\u00e9. La seule fois qu\u2019on a pris l\u2019avion, rappelez-vous que notre avion a \u00e9t\u00e9 d\u00e9tourn\u00e9. Au lieu d\u2019atterrir \u00e0 l\u2019a\u00e9roport international d\u2019Abidjan, on nous a d\u00e9tourn\u00e9 pour l\u2019a\u00e9roport international d\u2019Accra. Moi, j\u2019ai adress\u00e9 un PV au commandant de bord \u00e0 l\u2019\u00e9poque, j\u2019ai voulu saisir la cour de la C\u00c9D\u00c9AO, mais il m\u2019a dit Non! Rappelez-vous c\u2019est lui pendant que nous \u00e9tions entrain de n\u00e9gocier certaines choses avec certaines autorit\u00e9s pour sa venue, tenant compte de son statut et de la s\u00e9curit\u00e9 dont qu\u2019il devrait b\u00e9n\u00e9ficier, c\u2019est lui qui est venu seul ici et aller se constituer prisonnier. Il \u00e9tait le premier \u00e0 monter \u00e0 bord du v\u00e9hicule qui les a conduit \u00e0 la maison centrale et depuis que le proc\u00e8s a commenc\u00e9, il n\u2019a jamais voulu qu\u2019on demande un seul instant sa libert\u00e9. Autre chose c\u2019est quelqu\u2019un qui, de mani\u00e8re instinctive a aveuglement confiance \u00e0 la justice guin\u00e9enne et cela date de tr\u00e8s longtemps\u201da t-il indiqu\u00e9. <\/span><\/p>\n<p class=\"p1\"><span class=\"s1\">Et de poursuivre: \u201cSur un autre registre, ce proc\u00e8s bien que formellement, c\u2019est un proc\u00e8s guin\u00e9o-guin\u00e9en, vous \u00eates d\u2019accord avec moi que dans les faits, c\u2019est un proc\u00e8s qui est suivi par la communaut\u00e9 internationale. Si ce proc\u00e8s est m\u00e9diatis\u00e9 je vous dis tr\u00e8s bien la raison parce qu\u2019au d\u00e9part, le ministre Cheick Sacko avait pris un arr\u00eat\u00e9 \u00e0 la demande des bailleurs de fonds pour que ce proc\u00e8s soit m\u00e9diatis\u00e9. La Guin\u00e9e avait pris des engagements, \u00e7a veut dire que la communaut\u00e9 internationale suit ce proc\u00e8s. Le pr\u00e9sident Dadis va fuir pour aller o\u00f9, \u00e0 l\u2019\u00e9tranger en sachant qu\u2019il soit traqu\u00e9 par la communaut\u00e9 internationale? En Guin\u00e9e pour passer comme un fugitif alors m\u00eame qu\u2019il se pr\u00e9parait \u00e0 me recevoir pour \u00eatre pr\u00e9par\u00e9 pour la phase de t\u00e9moignage? a t-il not\u00e9. <\/span><\/p>\n<p class=\"p1\"><span class=\"s1\">Plus loin, Me Jean Baptiste Jocamey Haba annonce une plainte pour enl\u00e8vement, s\u00e9questration et mise en danger de la vie d\u2019autrui. <\/span><\/p>\n<p class=\"p1\"><span class=\"s1\">\u201cC\u2019est un fait il y a attaque et une attaque d\u2019ailleurs qui avait mis en danger la vie du pr\u00e9sident Dadis. Une attaque qui a clairement indiqu\u00e9 les failles s\u00e9curitaires . Moi,aujourd\u2019hui je suis inquiet que sa vie ne soit pas en s\u00e9curit\u00e9, qu\u2019il ne soit pas en s\u00e9curit\u00e9 l\u00e0 o\u00f9 il est, parce que n\u2019importe qui pourrait y aller \u00e0 tout moment faire ce qu\u2019il veut. C\u2019est l\u00e0 o\u00f9 j\u2019attire l\u2019attention du gouvernement, la maison centrale est prot\u00e9g\u00e9e par la garde p\u00e9nitentiaire. La garde p\u00e9nitentiaire rel\u00e8ve du minist\u00e8re de la justice, donc de l\u2019\u00c9tat. L\u2019\u00c9tat a la responsabilit\u00e9 et l\u2019obligation d\u2019assurer la s\u00e9curit\u00e9 de tous les guin\u00e9ens notamment, s\u2019assurer la s\u00e9curit\u00e9 de ceux-l\u00e0 qui sont en prison. Quand il s\u2019agit d\u2019un ancien chef de l\u2019\u00c9tat, cette obligation doit encore aller plus loin et je vous rappelle que l\u2019obligation de s\u00e9curit\u00e9 est une obligation de r\u00e9sultats, ce n\u2019est pas une obligation de moyens. Laissez un<span class=\"Apple-converted-space\">\u00a0 <\/span>ancien pr\u00e9sident pour son compte, l\u2019exposer pour ce qui s\u2019est fait, pour moi mettre les gens en danger. C\u2019est pourquoi, j\u2019ai d\u00e9j\u00e0 pr\u00e9par\u00e9 tout, une plainte va \u00eatre d\u00e9pos\u00e9e pour le compte du pr\u00e9sident Dadis pour enl\u00e8vement, pour s\u00e9questration et \u00e9galement pour mise danger de la vie d\u2019autrui. Parce qu\u2019il y a des failles s\u00e9curitaires et le moment venu quand la plainte sera d\u00e9pos\u00e9e, je vais communiquer pleinement sur cette plainte et d\u00e9montrer toutes les failles s\u00e9curitaires, de d\u00e9monter en quoi il a \u00e9t\u00e9 enlev\u00e9\u201d, a t-il martel\u00e9. <\/span><\/p>\n<p class=\"p1\"><span class=\"s1\">Mohamed Camara <\/span><\/p>\n","protected":false},"excerpt":{"rendered":"<p>Ma\u00eetre Jean Baptiste Jocamey Haba, l\u2019un des avocats de l\u2019ancien pr\u00e9sident de la Moussa Dadis<\/p>\n","protected":false},"author":2,"featured_media":4559,"comment_status":"closed","ping_status":"open","sticky":false,"template":"","format":"standard","meta":[],"categories":[3,4],"tags":[229],"yoast_head":"<!-- This site is optimized with the Yoast SEO plugin v19.13 - https:\/\/yoast.com\/wordpress\/plugins\/seo\/ -->\n<title>Me Jocamey Haba: \u201cUne plainte va \u00eatre d\u00e9pos\u00e9e pour le compte du pr\u00e9sident Dadis pour enl\u00e8vement et s\u00e9questration\u201d - UNIVERSNEWS224<\/title>\n<meta name=\"robots\" content=\"index, follow, max-snippet:-1, max-image-preview:large, max-video-preview:-1\" \/>\n<link rel=\"canonical\" href=\"https:\/\/universnews224.com\/index.php\/me-jocamey-haba-une-plainte-va-etre-deposee-pour-le-compte-du-president-dadis-pour-enlevement-et-sequestration\/\" \/>\n<meta property=\"og:locale\" content=\"fr_FR\" \/>\n<meta property=\"og:type\" content=\"article\" \/>\n<meta property=\"og:title\" content=\"Me Jocamey Haba: \u201cUne plainte va \u00eatre d\u00e9pos\u00e9e pour le compte du pr\u00e9sident Dadis pour enl\u00e8vement et s\u00e9questration\u201d - UNIVERSNEWS224\" \/>\n<meta property=\"og:description\" content=\"Ma\u00eetre Jean Baptiste Jocamey Haba, l\u2019un des avocats de l\u2019ancien pr\u00e9sident de la Moussa Dadis\" \/>\n<meta property=\"og:url\" content=\"https:\/\/universnews224.com\/index.php\/me-jocamey-haba-une-plainte-va-etre-deposee-pour-le-compte-du-president-dadis-pour-enlevement-et-sequestration\/\" \/>\n<meta property=\"og:site_name\" content=\"UNIVERSNEWS224\" \/>\n<meta property=\"article:published_time\" content=\"2023-11-06T20:06:04+00:00\" \/>\n<meta property=\"og:image\" content=\"https:\/\/universnews224.com\/wp-content\/uploads\/2023\/11\/4AF3D110-C3F7-4150-9EEF-ADF652B1CA0B.jpeg\" \/>\n\t<meta property=\"og:image:width\" content=\"808\" \/>\n\t<meta property=\"og:image:height\" content=\"474\" \/>\n\t<meta property=\"og:image:type\" content=\"image\/jpeg\" \/>\n<meta name=\"author\" content=\"La R\u00e9daction\" \/>\n<meta name=\"twitter:label1\" content=\"\u00c9crit par\" \/>\n\t<meta name=\"twitter:data1\" content=\"La R\u00e9daction\" \/>\n\t<meta name=\"twitter:label2\" content=\"Dur\u00e9e de lecture estim\u00e9e\" \/>\n\t<meta name=\"twitter:data2\" content=\"4 minutes\" \/>\n<script type=\"application\/ld+json\" class=\"yoast-schema-graph\">{\"@context\":\"https:\/\/schema.org\",\"@graph\":[{\"@type\":\"Article\",\"@id\":\"https:\/\/universnews224.com\/index.php\/me-jocamey-haba-une-plainte-va-etre-deposee-pour-le-compte-du-president-dadis-pour-enlevement-et-sequestration\/#article\",\"isPartOf\":{\"@id\":\"https:\/\/universnews224.com\/index.php\/me-jocamey-haba-une-plainte-va-etre-deposee-pour-le-compte-du-president-dadis-pour-enlevement-et-sequestration\/\"},\"author\":{\"name\":\"La R\u00e9daction\",\"@id\":\"https:\/\/universnews224.com\/#\/schema\/person\/a4b7d4f94a4716df60456a491260485e\"},\"headline\":\"Me Jocamey Haba: \u201cUne plainte va \u00eatre d\u00e9pos\u00e9e pour le compte du pr\u00e9sident Dadis pour enl\u00e8vement et s\u00e9questration\u201d\",\"datePublished\":\"2023-11-06T20:06:04+00:00\",\"dateModified\":\"2023-11-06T20:06:04+00:00\",\"mainEntityOfPage\":{\"@id\":\"https:\/\/universnews224.com\/index.php\/me-jocamey-haba-une-plainte-va-etre-deposee-pour-le-compte-du-president-dadis-pour-enlevement-et-sequestration\/\"},\"wordCount\":875,\"publisher\":{\"@id\":\"https:\/\/universnews224.com\/#organization\"},\"keywords\":[\"La une\"],\"articleSection\":[\"ACTU\",\"POLITIQUE\"],\"inLanguage\":\"fr-FR\"},{\"@type\":\"WebPage\",\"@id\":\"https:\/\/universnews224.com\/index.php\/me-jocamey-haba-une-plainte-va-etre-deposee-pour-le-compte-du-president-dadis-pour-enlevement-et-sequestration\/\",\"url\":\"https:\/\/universnews224.com\/index.php\/me-jocamey-haba-une-plainte-va-etre-deposee-pour-le-compte-du-president-dadis-pour-enlevement-et-sequestration\/\",\"name\":\"Me Jocamey Haba: \u201cUne plainte va \u00eatre d\u00e9pos\u00e9e pour le compte du pr\u00e9sident Dadis pour enl\u00e8vement et s\u00e9questration\u201d - UNIVERSNEWS224\",\"isPartOf\":{\"@id\":\"https:\/\/universnews224.com\/#website\"},\"datePublished\":\"2023-11-06T20:06:04+00:00\",\"dateModified\":\"2023-11-06T20:06:04+00:00\",\"inLanguage\":\"fr-FR\",\"potentialAction\":[{\"@type\":\"ReadAction\",\"target\":[\"https:\/\/universnews224.com\/index.php\/me-jocamey-haba-une-plainte-va-etre-deposee-pour-le-compte-du-president-dadis-pour-enlevement-et-sequestration\/\"]}]},{\"@type\":\"WebSite\",\"@id\":\"https:\/\/universnews224.com\/#website\",\"url\":\"https:\/\/universnews224.com\/\",\"name\":\"UNIVERSNEWS224\",\"description\":\"\",\"publisher\":{\"@id\":\"https:\/\/universnews224.com\/#organization\"},\"potentialAction\":[{\"@type\":\"SearchAction\",\"target\":{\"@type\":\"EntryPoint\",\"urlTemplate\":\"https:\/\/universnews224.com\/?s={search_term_string}\"},\"query-input\":\"required name=search_term_string\"}],\"inLanguage\":\"fr-FR\"},{\"@type\":\"Organization\",\"@id\":\"https:\/\/universnews224.com\/#organization\",\"name\":\"UNIVERSNEWS224\",\"url\":\"https:\/\/universnews224.com\/\",\"logo\":{\"@type\":\"ImageObject\",\"inLanguage\":\"fr-FR\",\"@id\":\"https:\/\/universnews224.com\/#\/schema\/logo\/image\/\",\"url\":\"https:\/\/universnews224.com\/wp-content\/uploads\/2022\/08\/cropped-cropped-logoban.jpg\",\"contentUrl\":\"https:\/\/universnews224.com\/wp-content\/uploads\/2022\/08\/cropped-cropped-logoban.jpg\",\"width\":1080,\"height\":138,\"caption\":\"UNIVERSNEWS224\"},\"image\":{\"@id\":\"https:\/\/universnews224.com\/#\/schema\/logo\/image\/\"}},{\"@type\":\"Person\",\"@id\":\"https:\/\/universnews224.com\/#\/schema\/person\/a4b7d4f94a4716df60456a491260485e\",\"name\":\"La R\u00e9daction\",\"image\":{\"@type\":\"ImageObject\",\"inLanguage\":\"fr-FR\",\"@id\":\"https:\/\/universnews224.com\/#\/schema\/person\/image\/\",\"url\":\"https:\/\/secure.gravatar.com\/avatar\/edb90acc7752b23e1b3307ad36c14f0d?s=96&d=mm&r=g\",\"contentUrl\":\"https:\/\/secure.gravatar.com\/avatar\/edb90acc7752b23e1b3307ad36c14f0d?s=96&d=mm&r=g\",\"caption\":\"La R\u00e9daction\"},\"sameAs\":[\"https:\/\/universnews224.com\"],\"url\":\"https:\/\/universnews224.com\/index.php\/author\/m-camara\/\"}]}<\/script>\n<!-- \/ Yoast SEO plugin. -->","yoast_head_json":{"title":"Me Jocamey Haba: \u201cUne plainte va \u00eatre d\u00e9pos\u00e9e pour le compte du pr\u00e9sident Dadis pour enl\u00e8vement et s\u00e9questration\u201d - UNIVERSNEWS224","robots":{"index":"index","follow":"follow","max-snippet":"max-snippet:-1","max-image-preview":"max-image-preview:large","max-video-preview":"max-video-preview:-1"},"canonical":"https:\/\/universnews224.com\/index.php\/me-jocamey-haba-une-plainte-va-etre-deposee-pour-le-compte-du-president-dadis-pour-enlevement-et-sequestration\/","og_locale":"fr_FR","og_type":"article","og_title":"Me Jocamey Haba: \u201cUne plainte va \u00eatre d\u00e9pos\u00e9e pour le compte du pr\u00e9sident Dadis pour enl\u00e8vement et s\u00e9questration\u201d - UNIVERSNEWS224","og_description":"Ma\u00eetre Jean Baptiste Jocamey Haba, l\u2019un des avocats de l\u2019ancien pr\u00e9sident de la Moussa Dadis","og_url":"https:\/\/universnews224.com\/index.php\/me-jocamey-haba-une-plainte-va-etre-deposee-pour-le-compte-du-president-dadis-pour-enlevement-et-sequestration\/","og_site_name":"UNIVERSNEWS224","article_published_time":"2023-11-06T20:06:04+00:00","og_image":[{"width":808,"height":474,"url":"https:\/\/universnews224.com\/wp-content\/uploads\/2023\/11\/4AF3D110-C3F7-4150-9EEF-ADF652B1CA0B.jpeg","type":"image\/jpeg"}],"author":"La R\u00e9daction","twitter_misc":{"\u00c9crit par":"La R\u00e9daction","Dur\u00e9e de lecture estim\u00e9e":"4 minutes"},"schema":{"@context":"https:\/\/schema.org","@graph":[{"@type":"Article","@id":"https:\/\/universnews224.com\/index.php\/me-jocamey-haba-une-plainte-va-etre-deposee-pour-le-compte-du-president-dadis-pour-enlevement-et-sequestration\/#article","isPartOf":{"@id":"https:\/\/universnews224.com\/index.php\/me-jocamey-haba-une-plainte-va-etre-deposee-pour-le-compte-du-president-dadis-pour-enlevement-et-sequestration\/"},"author":{"name":"La R\u00e9daction","@id":"https:\/\/universnews224.com\/#\/schema\/person\/a4b7d4f94a4716df60456a491260485e"},"headline":"Me Jocamey Haba: \u201cUne plainte va \u00eatre d\u00e9pos\u00e9e pour le compte du pr\u00e9sident Dadis pour enl\u00e8vement et s\u00e9questration\u201d","datePublished":"2023-11-06T20:06:04+00:00","dateModified":"2023-11-06T20:06:04+00:00","mainEntityOfPage":{"@id":"https:\/\/universnews224.com\/index.php\/me-jocamey-haba-une-plainte-va-etre-deposee-pour-le-compte-du-president-dadis-pour-enlevement-et-sequestration\/"},"wordCount":875,"publisher":{"@id":"https:\/\/universnews224.com\/#organization"},"keywords":["La une"],"articleSection":["ACTU","POLITIQUE"],"inLanguage":"fr-FR"},{"@type":"WebPage","@id":"https:\/\/universnews224.com\/index.php\/me-jocamey-haba-une-plainte-va-etre-deposee-pour-le-compte-du-president-dadis-pour-enlevement-et-sequestration\/","url":"https:\/\/universnews224.com\/index.php\/me-jocamey-haba-une-plainte-va-etre-deposee-pour-le-compte-du-president-dadis-pour-enlevement-et-sequestration\/","name":"Me Jocamey Haba: \u201cUne plainte va \u00eatre d\u00e9pos\u00e9e pour le compte du pr\u00e9sident Dadis pour enl\u00e8vement et s\u00e9questration\u201d - UNIVERSNEWS224","isPartOf":{"@id":"https:\/\/universnews224.com\/#website"},"datePublished":"2023-11-06T20:06:04+00:00","dateModified":"2023-11-06T20:06:04+00:00","inLanguage":"fr-FR","potentialAction":[{"@type":"ReadAction","target":["https:\/\/universnews224.com\/index.php\/me-jocamey-haba-une-plainte-va-etre-deposee-pour-le-compte-du-president-dadis-pour-enlevement-et-sequestration\/"]}]},{"@type":"WebSite","@id":"https:\/\/universnews224.com\/#website","url":"https:\/\/universnews224.com\/","name":"UNIVERSNEWS224","description":"","publisher":{"@id":"https:\/\/universnews224.com\/#organization"},"potentialAction":[{"@type":"SearchAction","target":{"@type":"EntryPoint","urlTemplate":"https:\/\/universnews224.com\/?s={search_term_string}"},"query-input":"required name=search_term_string"}],"inLanguage":"fr-FR"},{"@type":"Organization","@id":"https:\/\/universnews224.com\/#organization","name":"UNIVERSNEWS224","url":"https:\/\/universnews224.com\/","logo":{"@type":"ImageObject","inLanguage":"fr-FR","@id":"https:\/\/universnews224.com\/#\/schema\/logo\/image\/","url":"https:\/\/universnews224.com\/wp-content\/uploads\/2022\/08\/cropped-cropped-logoban.jpg","contentUrl":"https:\/\/universnews224.com\/wp-content\/uploads\/2022\/08\/cropped-cropped-logoban.jpg","width":1080,"height":138,"caption":"UNIVERSNEWS224"},"image":{"@id":"https:\/\/universnews224.com\/#\/schema\/logo\/image\/"}},{"@type":"Person","@id":"https:\/\/universnews224.com\/#\/schema\/person\/a4b7d4f94a4716df60456a491260485e","name":"La R\u00e9daction","image":{"@type":"ImageObject","inLanguage":"fr-FR","@id":"https:\/\/universnews224.com\/#\/schema\/person\/image\/","url":"https:\/\/secure.gravatar.com\/avatar\/edb90acc7752b23e1b3307ad36c14f0d?s=96&d=mm&r=g","contentUrl":"https:\/\/secure.gravatar.com\/avatar\/edb90acc7752b23e1b3307ad36c14f0d?s=96&d=mm&r=g","caption":"La R\u00e9daction"},"sameAs":["https:\/\/universnews224.com"],"url":"https:\/\/universnews224.com\/index.php\/author\/m-camara\/"}]}},"_links":{"self":[{"href":"https:\/\/universnews224.com\/index.php\/wp-json\/wp\/v2\/posts\/4558"}],"collection":[{"href":"https:\/\/universnews224.com\/index.php\/wp-json\/wp\/v2\/posts"}],"about":[{"href":"https:\/\/universnews224.com\/index.php\/wp-json\/wp\/v2\/types\/post"}],"author":[{"embeddable":true,"href":"https:\/\/universnews224.com\/index.php\/wp-json\/wp\/v2\/users\/2"}],"replies":[{"embeddable":true,"href":"https:\/\/universnews224.com\/index.php\/wp-json\/wp\/v2\/comments?post=4558"}],"version-history":[{"count":1,"href":"https:\/\/universnews224.com\/index.php\/wp-json\/wp\/v2\/posts\/4558\/revisions"}],"predecessor-version":[{"id":4560,"href":"https:\/\/universnews224.com\/index.php\/wp-json\/wp\/v2\/posts\/4558\/revisions\/4560"}],"wp:featuredmedia":[{"embeddable":true,"href":"https:\/\/universnews224.com\/index.php\/wp-json\/wp\/v2\/media\/4559"}],"wp:attachment":[{"href":"https:\/\/universnews224.com\/index.php\/wp-json\/wp\/v2\/media?parent=4558"}],"wp:term":[{"taxonomy":"category","embeddable":true,"href":"https:\/\/universnews224.com\/index.php\/wp-json\/wp\/v2\/categories?post=4558"},{"taxonomy":"post_tag","embeddable":true,"href":"https:\/\/universnews224.com\/index.php\/wp-json\/wp\/v2\/tags?post=4558"}],"curies":[{"name":"wp","href":"https:\/\/api.w.org\/{rel}","templated":true}]}}