{"id":4571,"date":"2023-11-08T22:56:54","date_gmt":"2023-11-08T21:56:54","guid":{"rendered":"https:\/\/universnews224.com\/?p=4571"},"modified":"2023-11-08T22:56:54","modified_gmt":"2023-11-08T21:56:54","slug":"guinee-les-organisateurs-annoncent-les-couleurs-de-la-3eme-edition-du-fodelf-a-conakry","status":"publish","type":"post","link":"https:\/\/universnews224.com\/index.php\/guinee-les-organisateurs-annoncent-les-couleurs-de-la-3eme-edition-du-fodelf-a-conakry\/","title":{"rendered":"Guin\u00e9e : les organisateurs annoncent les couleurs de la 3\u00e8me \u00e9dition du FODELF \u00e0 Conakry"},"content":{"rendered":"<p class=\"p3\"><span class=\"s2\">Le Forum de l\u2019Entrepreneuriat et Leadership F\u00e9minin de Guin\u00e9e (FODELF) \u00e9taient devant la presse ce mercredi, 08 Novembre, \u00e0 Conakry pour parler du lancement des activit\u00e9s de la 3\u00e8me<span class=\"Apple-converted-space\">\u00a0 <\/span>\u00e9dition pr\u00e9vue du 17 au 19 Novembre prochain.<\/span><\/p>\n<p class=\"p3\"><span class=\"s2\">Par ailleurs, les membres de<span class=\"Apple-converted-space\">\u00a0 <\/span>cette structure annoncent le th\u00e8me de cette 3\u00e8me \u00e9dition qui est : \u00a0\u00bb Femmes, renforcer votre potentiel pour booster votre activit\u00e9 \u00ab\u00a0. Une mani\u00e8re de permettre \u00e0 la junte f\u00e9minine de se faire conna\u00eetre<span class=\"Apple-converted-space\">\u00a0 <\/span>sur le plan des affaires.<\/span><\/p>\n<p class=\"p3\"><span class=\"s2\">Dans son intervention, la pr\u00e9sidente de cette organisation Macir\u00e9 Tour\u00e9 indique que, \u00ab l\u2019Objectif recherch\u00e9, c\u2019est de mettre en lumi\u00e8re des femmes entrepreneurs, mais aussi les outiller parce qu\u2019il faut booster l\u2019entrepreneuriat f\u00e9minin. <\/span><\/p>\n<p class=\"p3\"><span class=\"s2\">\u201cLes femmes sont entrepreneures dans l\u2019\u00e2me, et les plus grands riches du monde on cite peu de femmes. Donc, il faut maintenant qu\u2019elles pensent business, qu\u2019elles r\u00e9fl\u00e9chissent business pour qu\u2019on puisse compter plusieurs femmes millionnaires. Pour cette 3\u00e8me \u00e9dition, on a voulu vraiment mettre en lumi\u00e8re les femmes entrepreneures \u00e0 travers surtout l\u2019exposition en une journ\u00e9e. On ne peut pas tout exposer ou elles ne peuvent pas gagner grand-chose. On est parti sur 72 heures d\u2019activit\u00e9s, on a des ateliers qui pouvaient renforcer leurs capacit\u00e9s au-del\u00e0 des panels habituels. Nous sommes partis \u00e9galement sur les Master-class , nous avons une consultante externe qui doit donner cette formation\u201d, a t-il soulign\u00e9. <\/span><\/p>\n<p class=\"p3\"><span class=\"s2\">Et d&rsquo;ajouter,<span class=\"Apple-converted-space\">\u00a0 <\/span>\u00ab La journ\u00e9e du 19 novembre, nous allons faire aube aux femmes dans le secteur culturel, nos s\u0153urs qui font la mode vont exposer leurs produits et elles vont faire aussi des d\u00e9fil\u00e9s. Nos cons\u0153urs aussi qui sont dans la musique sont invit\u00e9es c\u2019est exceptionnel pour nous, c\u2019est une particularit\u00e9 que nous mettons en place enfin de booster les comp\u00e9tences des femmes en mati\u00e8re de travail leadership de nos femmes \u00bb, a conclu.<\/span><\/p>\n<p class=\"p3\"><span class=\"s2\">Sana Sylla.<\/span><\/p>\n","protected":false},"excerpt":{"rendered":"<p>Le Forum de l\u2019Entrepreneuriat et Leadership F\u00e9minin de Guin\u00e9e (FODELF) \u00e9taient devant la presse ce<\/p>\n","protected":false},"author":2,"featured_media":4572,"comment_status":"closed","ping_status":"open","sticky":false,"template":"","format":"standard","meta":[],"categories":[3,5],"tags":[229],"yoast_head":"<!-- This site is optimized with the Yoast SEO plugin v19.13 - https:\/\/yoast.com\/wordpress\/plugins\/seo\/ -->\n<title>Guin\u00e9e : les organisateurs annoncent les couleurs de la 3\u00e8me \u00e9dition du FODELF \u00e0 Conakry - UNIVERSNEWS224<\/title>\n<meta name=\"robots\" content=\"index, follow, max-snippet:-1, max-image-preview:large, max-video-preview:-1\" \/>\n<link rel=\"canonical\" href=\"https:\/\/universnews224.com\/index.php\/guinee-les-organisateurs-annoncent-les-couleurs-de-la-3eme-edition-du-fodelf-a-conakry\/\" \/>\n<meta property=\"og:locale\" content=\"fr_FR\" \/>\n<meta property=\"og:type\" content=\"article\" \/>\n<meta property=\"og:title\" content=\"Guin\u00e9e : les organisateurs annoncent les couleurs de la 3\u00e8me \u00e9dition du FODELF \u00e0 Conakry - UNIVERSNEWS224\" \/>\n<meta property=\"og:description\" content=\"Le Forum de l\u2019Entrepreneuriat et Leadership F\u00e9minin de Guin\u00e9e (FODELF) \u00e9taient devant la presse ce\" \/>\n<meta property=\"og:url\" content=\"https:\/\/universnews224.com\/index.php\/guinee-les-organisateurs-annoncent-les-couleurs-de-la-3eme-edition-du-fodelf-a-conakry\/\" \/>\n<meta property=\"og:site_name\" content=\"UNIVERSNEWS224\" \/>\n<meta property=\"article:published_time\" content=\"2023-11-08T21:56:54+00:00\" \/>\n<meta property=\"og:image\" content=\"https:\/\/universnews224.com\/wp-content\/uploads\/2023\/11\/659A30B2-A661-4359-BC51-6BEC966F617B.jpeg\" \/>\n\t<meta property=\"og:image:width\" content=\"1024\" \/>\n\t<meta property=\"og:image:height\" content=\"570\" \/>\n\t<meta property=\"og:image:type\" content=\"image\/jpeg\" \/>\n<meta name=\"author\" content=\"La R\u00e9daction\" \/>\n<meta name=\"twitter:label1\" content=\"\u00c9crit par\" \/>\n\t<meta name=\"twitter:data1\" content=\"La R\u00e9daction\" \/>\n\t<meta name=\"twitter:label2\" content=\"Dur\u00e9e de lecture estim\u00e9e\" \/>\n\t<meta name=\"twitter:data2\" content=\"2 minutes\" \/>\n<script type=\"application\/ld+json\" class=\"yoast-schema-graph\">{\"@context\":\"https:\/\/schema.org\",\"@graph\":[{\"@type\":\"Article\",\"@id\":\"https:\/\/universnews224.com\/index.php\/guinee-les-organisateurs-annoncent-les-couleurs-de-la-3eme-edition-du-fodelf-a-conakry\/#article\",\"isPartOf\":{\"@id\":\"https:\/\/universnews224.com\/index.php\/guinee-les-organisateurs-annoncent-les-couleurs-de-la-3eme-edition-du-fodelf-a-conakry\/\"},\"author\":{\"name\":\"La R\u00e9daction\",\"@id\":\"https:\/\/universnews224.com\/#\/schema\/person\/a4b7d4f94a4716df60456a491260485e\"},\"headline\":\"Guin\u00e9e : les organisateurs annoncent les couleurs de la 3\u00e8me \u00e9dition du FODELF \u00e0 Conakry\",\"datePublished\":\"2023-11-08T21:56:54+00:00\",\"dateModified\":\"2023-11-08T21:56:54+00:00\",\"mainEntityOfPage\":{\"@id\":\"https:\/\/universnews224.com\/index.php\/guinee-les-organisateurs-annoncent-les-couleurs-de-la-3eme-edition-du-fodelf-a-conakry\/\"},\"wordCount\":338,\"publisher\":{\"@id\":\"https:\/\/universnews224.com\/#organization\"},\"keywords\":[\"La une\"],\"articleSection\":[\"ACTU\",\"SOCI\u00c9T\u00c9\"],\"inLanguage\":\"fr-FR\"},{\"@type\":\"WebPage\",\"@id\":\"https:\/\/universnews224.com\/index.php\/guinee-les-organisateurs-annoncent-les-couleurs-de-la-3eme-edition-du-fodelf-a-conakry\/\",\"url\":\"https:\/\/universnews224.com\/index.php\/guinee-les-organisateurs-annoncent-les-couleurs-de-la-3eme-edition-du-fodelf-a-conakry\/\",\"name\":\"Guin\u00e9e : les organisateurs annoncent les couleurs de la 3\u00e8me \u00e9dition du FODELF \u00e0 Conakry - UNIVERSNEWS224\",\"isPartOf\":{\"@id\":\"https:\/\/universnews224.com\/#website\"},\"datePublished\":\"2023-11-08T21:56:54+00:00\",\"dateModified\":\"2023-11-08T21:56:54+00:00\",\"inLanguage\":\"fr-FR\",\"potentialAction\":[{\"@type\":\"ReadAction\",\"target\":[\"https:\/\/universnews224.com\/index.php\/guinee-les-organisateurs-annoncent-les-couleurs-de-la-3eme-edition-du-fodelf-a-conakry\/\"]}]},{\"@type\":\"WebSite\",\"@id\":\"https:\/\/universnews224.com\/#website\",\"url\":\"https:\/\/universnews224.com\/\",\"name\":\"UNIVERSNEWS224\",\"description\":\"\",\"publisher\":{\"@id\":\"https:\/\/universnews224.com\/#organization\"},\"potentialAction\":[{\"@type\":\"SearchAction\",\"target\":{\"@type\":\"EntryPoint\",\"urlTemplate\":\"https:\/\/universnews224.com\/?s={search_term_string}\"},\"query-input\":\"required name=search_term_string\"}],\"inLanguage\":\"fr-FR\"},{\"@type\":\"Organization\",\"@id\":\"https:\/\/universnews224.com\/#organization\",\"name\":\"UNIVERSNEWS224\",\"url\":\"https:\/\/universnews224.com\/\",\"logo\":{\"@type\":\"ImageObject\",\"inLanguage\":\"fr-FR\",\"@id\":\"https:\/\/universnews224.com\/#\/schema\/logo\/image\/\",\"url\":\"https:\/\/universnews224.com\/wp-content\/uploads\/2022\/08\/cropped-cropped-logoban.jpg\",\"contentUrl\":\"https:\/\/universnews224.com\/wp-content\/uploads\/2022\/08\/cropped-cropped-logoban.jpg\",\"width\":1080,\"height\":138,\"caption\":\"UNIVERSNEWS224\"},\"image\":{\"@id\":\"https:\/\/universnews224.com\/#\/schema\/logo\/image\/\"}},{\"@type\":\"Person\",\"@id\":\"https:\/\/universnews224.com\/#\/schema\/person\/a4b7d4f94a4716df60456a491260485e\",\"name\":\"La R\u00e9daction\",\"image\":{\"@type\":\"ImageObject\",\"inLanguage\":\"fr-FR\",\"@id\":\"https:\/\/universnews224.com\/#\/schema\/person\/image\/\",\"url\":\"https:\/\/secure.gravatar.com\/avatar\/edb90acc7752b23e1b3307ad36c14f0d?s=96&d=mm&r=g\",\"contentUrl\":\"https:\/\/secure.gravatar.com\/avatar\/edb90acc7752b23e1b3307ad36c14f0d?s=96&d=mm&r=g\",\"caption\":\"La R\u00e9daction\"},\"sameAs\":[\"https:\/\/universnews224.com\"],\"url\":\"https:\/\/universnews224.com\/index.php\/author\/m-camara\/\"}]}<\/script>\n<!-- \/ Yoast SEO plugin. -->","yoast_head_json":{"title":"Guin\u00e9e : les organisateurs annoncent les couleurs de la 3\u00e8me \u00e9dition du FODELF \u00e0 Conakry - UNIVERSNEWS224","robots":{"index":"index","follow":"follow","max-snippet":"max-snippet:-1","max-image-preview":"max-image-preview:large","max-video-preview":"max-video-preview:-1"},"canonical":"https:\/\/universnews224.com\/index.php\/guinee-les-organisateurs-annoncent-les-couleurs-de-la-3eme-edition-du-fodelf-a-conakry\/","og_locale":"fr_FR","og_type":"article","og_title":"Guin\u00e9e : les organisateurs annoncent les couleurs de la 3\u00e8me \u00e9dition du FODELF \u00e0 Conakry - UNIVERSNEWS224","og_description":"Le Forum de l\u2019Entrepreneuriat et Leadership F\u00e9minin de Guin\u00e9e (FODELF) \u00e9taient devant la presse ce","og_url":"https:\/\/universnews224.com\/index.php\/guinee-les-organisateurs-annoncent-les-couleurs-de-la-3eme-edition-du-fodelf-a-conakry\/","og_site_name":"UNIVERSNEWS224","article_published_time":"2023-11-08T21:56:54+00:00","og_image":[{"width":1024,"height":570,"url":"https:\/\/universnews224.com\/wp-content\/uploads\/2023\/11\/659A30B2-A661-4359-BC51-6BEC966F617B.jpeg","type":"image\/jpeg"}],"author":"La R\u00e9daction","twitter_misc":{"\u00c9crit par":"La R\u00e9daction","Dur\u00e9e de lecture estim\u00e9e":"2 minutes"},"schema":{"@context":"https:\/\/schema.org","@graph":[{"@type":"Article","@id":"https:\/\/universnews224.com\/index.php\/guinee-les-organisateurs-annoncent-les-couleurs-de-la-3eme-edition-du-fodelf-a-conakry\/#article","isPartOf":{"@id":"https:\/\/universnews224.com\/index.php\/guinee-les-organisateurs-annoncent-les-couleurs-de-la-3eme-edition-du-fodelf-a-conakry\/"},"author":{"name":"La R\u00e9daction","@id":"https:\/\/universnews224.com\/#\/schema\/person\/a4b7d4f94a4716df60456a491260485e"},"headline":"Guin\u00e9e : les organisateurs annoncent les couleurs de la 3\u00e8me \u00e9dition du FODELF \u00e0 Conakry","datePublished":"2023-11-08T21:56:54+00:00","dateModified":"2023-11-08T21:56:54+00:00","mainEntityOfPage":{"@id":"https:\/\/universnews224.com\/index.php\/guinee-les-organisateurs-annoncent-les-couleurs-de-la-3eme-edition-du-fodelf-a-conakry\/"},"wordCount":338,"publisher":{"@id":"https:\/\/universnews224.com\/#organization"},"keywords":["La une"],"articleSection":["ACTU","SOCI\u00c9T\u00c9"],"inLanguage":"fr-FR"},{"@type":"WebPage","@id":"https:\/\/universnews224.com\/index.php\/guinee-les-organisateurs-annoncent-les-couleurs-de-la-3eme-edition-du-fodelf-a-conakry\/","url":"https:\/\/universnews224.com\/index.php\/guinee-les-organisateurs-annoncent-les-couleurs-de-la-3eme-edition-du-fodelf-a-conakry\/","name":"Guin\u00e9e : les organisateurs annoncent les couleurs de la 3\u00e8me \u00e9dition du FODELF \u00e0 Conakry - UNIVERSNEWS224","isPartOf":{"@id":"https:\/\/universnews224.com\/#website"},"datePublished":"2023-11-08T21:56:54+00:00","dateModified":"2023-11-08T21:56:54+00:00","inLanguage":"fr-FR","potentialAction":[{"@type":"ReadAction","target":["https:\/\/universnews224.com\/index.php\/guinee-les-organisateurs-annoncent-les-couleurs-de-la-3eme-edition-du-fodelf-a-conakry\/"]}]},{"@type":"WebSite","@id":"https:\/\/universnews224.com\/#website","url":"https:\/\/universnews224.com\/","name":"UNIVERSNEWS224","description":"","publisher":{"@id":"https:\/\/universnews224.com\/#organization"},"potentialAction":[{"@type":"SearchAction","target":{"@type":"EntryPoint","urlTemplate":"https:\/\/universnews224.com\/?s={search_term_string}"},"query-input":"required name=search_term_string"}],"inLanguage":"fr-FR"},{"@type":"Organization","@id":"https:\/\/universnews224.com\/#organization","name":"UNIVERSNEWS224","url":"https:\/\/universnews224.com\/","logo":{"@type":"ImageObject","inLanguage":"fr-FR","@id":"https:\/\/universnews224.com\/#\/schema\/logo\/image\/","url":"https:\/\/universnews224.com\/wp-content\/uploads\/2022\/08\/cropped-cropped-logoban.jpg","contentUrl":"https:\/\/universnews224.com\/wp-content\/uploads\/2022\/08\/cropped-cropped-logoban.jpg","width":1080,"height":138,"caption":"UNIVERSNEWS224"},"image":{"@id":"https:\/\/universnews224.com\/#\/schema\/logo\/image\/"}},{"@type":"Person","@id":"https:\/\/universnews224.com\/#\/schema\/person\/a4b7d4f94a4716df60456a491260485e","name":"La R\u00e9daction","image":{"@type":"ImageObject","inLanguage":"fr-FR","@id":"https:\/\/universnews224.com\/#\/schema\/person\/image\/","url":"https:\/\/secure.gravatar.com\/avatar\/edb90acc7752b23e1b3307ad36c14f0d?s=96&d=mm&r=g","contentUrl":"https:\/\/secure.gravatar.com\/avatar\/edb90acc7752b23e1b3307ad36c14f0d?s=96&d=mm&r=g","caption":"La R\u00e9daction"},"sameAs":["https:\/\/universnews224.com"],"url":"https:\/\/universnews224.com\/index.php\/author\/m-camara\/"}]}},"_links":{"self":[{"href":"https:\/\/universnews224.com\/index.php\/wp-json\/wp\/v2\/posts\/4571"}],"collection":[{"href":"https:\/\/universnews224.com\/index.php\/wp-json\/wp\/v2\/posts"}],"about":[{"href":"https:\/\/universnews224.com\/index.php\/wp-json\/wp\/v2\/types\/post"}],"author":[{"embeddable":true,"href":"https:\/\/universnews224.com\/index.php\/wp-json\/wp\/v2\/users\/2"}],"replies":[{"embeddable":true,"href":"https:\/\/universnews224.com\/index.php\/wp-json\/wp\/v2\/comments?post=4571"}],"version-history":[{"count":1,"href":"https:\/\/universnews224.com\/index.php\/wp-json\/wp\/v2\/posts\/4571\/revisions"}],"predecessor-version":[{"id":4573,"href":"https:\/\/universnews224.com\/index.php\/wp-json\/wp\/v2\/posts\/4571\/revisions\/4573"}],"wp:featuredmedia":[{"embeddable":true,"href":"https:\/\/universnews224.com\/index.php\/wp-json\/wp\/v2\/media\/4572"}],"wp:attachment":[{"href":"https:\/\/universnews224.com\/index.php\/wp-json\/wp\/v2\/media?parent=4571"}],"wp:term":[{"taxonomy":"category","embeddable":true,"href":"https:\/\/universnews224.com\/index.php\/wp-json\/wp\/v2\/categories?post=4571"},{"taxonomy":"post_tag","embeddable":true,"href":"https:\/\/universnews224.com\/index.php\/wp-json\/wp\/v2\/tags?post=4571"}],"curies":[{"name":"wp","href":"https:\/\/api.w.org\/{rel}","templated":true}]}}