{"id":4585,"date":"2023-11-11T23:22:35","date_gmt":"2023-11-11T22:22:35","guid":{"rendered":"https:\/\/universnews224.com\/?p=4585"},"modified":"2023-11-11T23:22:35","modified_gmt":"2023-11-11T22:22:35","slug":"fode-baldeil-est-impossible-a-notre-niveau-daccepter-que-les-elections-soient-organisees-par-le-matd","status":"publish","type":"post","link":"https:\/\/universnews224.com\/index.php\/fode-baldeil-est-impossible-a-notre-niveau-daccepter-que-les-elections-soient-organisees-par-le-matd\/","title":{"rendered":"Fod\u00e9 Bald\u00e9:\u201cIl est impossible \u00e0 notre niveau d\u2019accepter que les \u00e9lections soient organis\u00e9es par le MATD"},"content":{"rendered":"<p class=\"p1\"><span class=\"s1\">L\u2019Union des Forces R\u00e9publicaines s\u2019oppose \u00e0 l\u2019organisation des futures \u00e9lections par le minist\u00e8re de l\u2019Administration du Territoire et de la D\u00e9centralisation en lieu et place de la commission \u00e9lectorale nationale ind\u00e9pendante( CENI) comme l\u2019a indiqu\u00e9 le d\u00e9cret du pr\u00e9sident de la transition. C\u2019est moins ce qu\u2019a annonc\u00e9 Fod\u00e9 Bald\u00e9, responsable de la communication de l\u2019UFR ce samedi 11 novembre 2023 \u00e0 l\u2019occasion de l\u2019assembl\u00e9e g\u00e9n\u00e9rale du parti. <\/span><\/p>\n<p class=\"p1\"><span class=\"s1\">\u201cQuelqu\u2019un qui a \u00e9t\u00e9 capable de dire, m\u00eame si la justice donne la maison de Sydia, nous, on va l\u2019a ramener, est-ce que vous \u00eates pr\u00eats que cet homme l\u00e0 dirige des<span class=\"Apple-converted-space\">\u00a0 <\/span>\u00e9lections? Donc, \u00e0 l\u2019UFR il n\u2019y a pas de d\u00e9bat, il est impossible \u00e0 notre niveau d\u2019accepter que les \u00e9lections soient organis\u00e9es par le MATD pour la simple et unique raison qu\u2019il a montr\u00e9 une preuve irr\u00e9futable de partialit\u00e9. Quelqu\u2019un a fait l\u2019historique pour dire pourquoi \u00e0 l\u2019\u00e9poque, les \u00e9lections \u00e9taient organis\u00e9es par le minist\u00e8re, parce qu\u2019il y avait un parti unique. Peut-\u00eatre, c\u2019\u00e9tait une \u00e9lection de fable pour permettre aux observateurs internationaux qu\u2019il y a eu une \u00e9lection en Guin\u00e9e. Sinon, il n\u2019en est pas une. Aujourd\u2019hui, il s\u2019agit pour nous de comprendre est-ce que les gens qui n\u2019ont pas respect\u00e9 leur engagement du 05 septembre, peuvent sortir les vrais r\u00e9sultats des urnes ? Nous disons non. Un d\u00e9cret ne peut pas abroger une loi organique, c\u2019est impossible, en tout cas dans un pays o\u00f9 les gens r\u00e9fl\u00e9chissent tr\u00e8s bien. Alors qu\u2019il y a une loi qui encadre la CENI, un d\u00e9cret a \u00e9t\u00e9 pris en fin 2022 par le colonel Mamadi Doumbouya pour confier l\u2019organisation des \u00e9lections \u00e0 la direction politique et \u00e9lectorale du minist\u00e8re de l\u2019administration du territoire et de la D\u00e9centralisation, nous disons non\u00a0\u00bb, a-t-il martel\u00e9. <\/span><\/p>\n<p class=\"p1\"><span class=\"s1\">Mohamed Camara <\/span><\/p>\n<p>&nbsp;<\/p>\n","protected":false},"excerpt":{"rendered":"<p>L\u2019Union des Forces R\u00e9publicaines s\u2019oppose \u00e0 l\u2019organisation des futures \u00e9lections par le minist\u00e8re de l\u2019Administration<\/p>\n","protected":false},"author":2,"featured_media":4586,"comment_status":"closed","ping_status":"open","sticky":false,"template":"","format":"standard","meta":[],"categories":[3,4],"tags":[229],"yoast_head":"<!-- This site is optimized with the Yoast SEO plugin v19.13 - https:\/\/yoast.com\/wordpress\/plugins\/seo\/ -->\n<title>Fod\u00e9 Bald\u00e9:\u201cIl est impossible \u00e0 notre niveau d\u2019accepter que les \u00e9lections soient organis\u00e9es par le MATD - UNIVERSNEWS224<\/title>\n<meta name=\"robots\" content=\"index, follow, max-snippet:-1, max-image-preview:large, max-video-preview:-1\" \/>\n<link rel=\"canonical\" href=\"https:\/\/universnews224.com\/index.php\/fode-baldeil-est-impossible-a-notre-niveau-daccepter-que-les-elections-soient-organisees-par-le-matd\/\" \/>\n<meta property=\"og:locale\" content=\"fr_FR\" \/>\n<meta property=\"og:type\" content=\"article\" \/>\n<meta property=\"og:title\" content=\"Fod\u00e9 Bald\u00e9:\u201cIl est impossible \u00e0 notre niveau d\u2019accepter que les \u00e9lections soient organis\u00e9es par le MATD - UNIVERSNEWS224\" \/>\n<meta property=\"og:description\" content=\"L\u2019Union des Forces R\u00e9publicaines s\u2019oppose \u00e0 l\u2019organisation des futures \u00e9lections par le minist\u00e8re de l\u2019Administration\" \/>\n<meta property=\"og:url\" content=\"https:\/\/universnews224.com\/index.php\/fode-baldeil-est-impossible-a-notre-niveau-daccepter-que-les-elections-soient-organisees-par-le-matd\/\" \/>\n<meta property=\"og:site_name\" content=\"UNIVERSNEWS224\" \/>\n<meta property=\"article:published_time\" content=\"2023-11-11T22:22:35+00:00\" \/>\n<meta property=\"og:image\" content=\"https:\/\/universnews224.com\/wp-content\/uploads\/2023\/11\/86D3BE73-C9D6-4519-8D82-8B11BA0C67AB.jpeg\" \/>\n\t<meta property=\"og:image:width\" content=\"1020\" \/>\n\t<meta property=\"og:image:height\" content=\"459\" \/>\n\t<meta property=\"og:image:type\" content=\"image\/jpeg\" \/>\n<meta name=\"author\" content=\"La R\u00e9daction\" \/>\n<meta name=\"twitter:label1\" content=\"\u00c9crit par\" \/>\n\t<meta name=\"twitter:data1\" content=\"La R\u00e9daction\" \/>\n\t<meta name=\"twitter:label2\" content=\"Dur\u00e9e de lecture estim\u00e9e\" \/>\n\t<meta name=\"twitter:data2\" content=\"2 minutes\" \/>\n<script type=\"application\/ld+json\" class=\"yoast-schema-graph\">{\"@context\":\"https:\/\/schema.org\",\"@graph\":[{\"@type\":\"Article\",\"@id\":\"https:\/\/universnews224.com\/index.php\/fode-baldeil-est-impossible-a-notre-niveau-daccepter-que-les-elections-soient-organisees-par-le-matd\/#article\",\"isPartOf\":{\"@id\":\"https:\/\/universnews224.com\/index.php\/fode-baldeil-est-impossible-a-notre-niveau-daccepter-que-les-elections-soient-organisees-par-le-matd\/\"},\"author\":{\"name\":\"La R\u00e9daction\",\"@id\":\"https:\/\/universnews224.com\/#\/schema\/person\/a4b7d4f94a4716df60456a491260485e\"},\"headline\":\"Fod\u00e9 Bald\u00e9:\u201cIl est impossible \u00e0 notre niveau d\u2019accepter que les \u00e9lections soient organis\u00e9es par le MATD\",\"datePublished\":\"2023-11-11T22:22:35+00:00\",\"dateModified\":\"2023-11-11T22:22:35+00:00\",\"mainEntityOfPage\":{\"@id\":\"https:\/\/universnews224.com\/index.php\/fode-baldeil-est-impossible-a-notre-niveau-daccepter-que-les-elections-soient-organisees-par-le-matd\/\"},\"wordCount\":355,\"publisher\":{\"@id\":\"https:\/\/universnews224.com\/#organization\"},\"keywords\":[\"La une\"],\"articleSection\":[\"ACTU\",\"POLITIQUE\"],\"inLanguage\":\"fr-FR\"},{\"@type\":\"WebPage\",\"@id\":\"https:\/\/universnews224.com\/index.php\/fode-baldeil-est-impossible-a-notre-niveau-daccepter-que-les-elections-soient-organisees-par-le-matd\/\",\"url\":\"https:\/\/universnews224.com\/index.php\/fode-baldeil-est-impossible-a-notre-niveau-daccepter-que-les-elections-soient-organisees-par-le-matd\/\",\"name\":\"Fod\u00e9 Bald\u00e9:\u201cIl est impossible \u00e0 notre niveau d\u2019accepter que les \u00e9lections soient organis\u00e9es par le MATD - UNIVERSNEWS224\",\"isPartOf\":{\"@id\":\"https:\/\/universnews224.com\/#website\"},\"datePublished\":\"2023-11-11T22:22:35+00:00\",\"dateModified\":\"2023-11-11T22:22:35+00:00\",\"inLanguage\":\"fr-FR\",\"potentialAction\":[{\"@type\":\"ReadAction\",\"target\":[\"https:\/\/universnews224.com\/index.php\/fode-baldeil-est-impossible-a-notre-niveau-daccepter-que-les-elections-soient-organisees-par-le-matd\/\"]}]},{\"@type\":\"WebSite\",\"@id\":\"https:\/\/universnews224.com\/#website\",\"url\":\"https:\/\/universnews224.com\/\",\"name\":\"UNIVERSNEWS224\",\"description\":\"\",\"publisher\":{\"@id\":\"https:\/\/universnews224.com\/#organization\"},\"potentialAction\":[{\"@type\":\"SearchAction\",\"target\":{\"@type\":\"EntryPoint\",\"urlTemplate\":\"https:\/\/universnews224.com\/?s={search_term_string}\"},\"query-input\":\"required name=search_term_string\"}],\"inLanguage\":\"fr-FR\"},{\"@type\":\"Organization\",\"@id\":\"https:\/\/universnews224.com\/#organization\",\"name\":\"UNIVERSNEWS224\",\"url\":\"https:\/\/universnews224.com\/\",\"logo\":{\"@type\":\"ImageObject\",\"inLanguage\":\"fr-FR\",\"@id\":\"https:\/\/universnews224.com\/#\/schema\/logo\/image\/\",\"url\":\"https:\/\/universnews224.com\/wp-content\/uploads\/2022\/08\/cropped-cropped-logoban.jpg\",\"contentUrl\":\"https:\/\/universnews224.com\/wp-content\/uploads\/2022\/08\/cropped-cropped-logoban.jpg\",\"width\":1080,\"height\":138,\"caption\":\"UNIVERSNEWS224\"},\"image\":{\"@id\":\"https:\/\/universnews224.com\/#\/schema\/logo\/image\/\"}},{\"@type\":\"Person\",\"@id\":\"https:\/\/universnews224.com\/#\/schema\/person\/a4b7d4f94a4716df60456a491260485e\",\"name\":\"La R\u00e9daction\",\"image\":{\"@type\":\"ImageObject\",\"inLanguage\":\"fr-FR\",\"@id\":\"https:\/\/universnews224.com\/#\/schema\/person\/image\/\",\"url\":\"https:\/\/secure.gravatar.com\/avatar\/edb90acc7752b23e1b3307ad36c14f0d?s=96&d=mm&r=g\",\"contentUrl\":\"https:\/\/secure.gravatar.com\/avatar\/edb90acc7752b23e1b3307ad36c14f0d?s=96&d=mm&r=g\",\"caption\":\"La R\u00e9daction\"},\"sameAs\":[\"https:\/\/universnews224.com\"],\"url\":\"https:\/\/universnews224.com\/index.php\/author\/m-camara\/\"}]}<\/script>\n<!-- \/ Yoast SEO plugin. -->","yoast_head_json":{"title":"Fod\u00e9 Bald\u00e9:\u201cIl est impossible \u00e0 notre niveau d\u2019accepter que les \u00e9lections soient organis\u00e9es par le MATD - UNIVERSNEWS224","robots":{"index":"index","follow":"follow","max-snippet":"max-snippet:-1","max-image-preview":"max-image-preview:large","max-video-preview":"max-video-preview:-1"},"canonical":"https:\/\/universnews224.com\/index.php\/fode-baldeil-est-impossible-a-notre-niveau-daccepter-que-les-elections-soient-organisees-par-le-matd\/","og_locale":"fr_FR","og_type":"article","og_title":"Fod\u00e9 Bald\u00e9:\u201cIl est impossible \u00e0 notre niveau d\u2019accepter que les \u00e9lections soient organis\u00e9es par le MATD - UNIVERSNEWS224","og_description":"L\u2019Union des Forces R\u00e9publicaines s\u2019oppose \u00e0 l\u2019organisation des futures \u00e9lections par le minist\u00e8re de l\u2019Administration","og_url":"https:\/\/universnews224.com\/index.php\/fode-baldeil-est-impossible-a-notre-niveau-daccepter-que-les-elections-soient-organisees-par-le-matd\/","og_site_name":"UNIVERSNEWS224","article_published_time":"2023-11-11T22:22:35+00:00","og_image":[{"width":1020,"height":459,"url":"https:\/\/universnews224.com\/wp-content\/uploads\/2023\/11\/86D3BE73-C9D6-4519-8D82-8B11BA0C67AB.jpeg","type":"image\/jpeg"}],"author":"La R\u00e9daction","twitter_misc":{"\u00c9crit par":"La R\u00e9daction","Dur\u00e9e de lecture estim\u00e9e":"2 minutes"},"schema":{"@context":"https:\/\/schema.org","@graph":[{"@type":"Article","@id":"https:\/\/universnews224.com\/index.php\/fode-baldeil-est-impossible-a-notre-niveau-daccepter-que-les-elections-soient-organisees-par-le-matd\/#article","isPartOf":{"@id":"https:\/\/universnews224.com\/index.php\/fode-baldeil-est-impossible-a-notre-niveau-daccepter-que-les-elections-soient-organisees-par-le-matd\/"},"author":{"name":"La R\u00e9daction","@id":"https:\/\/universnews224.com\/#\/schema\/person\/a4b7d4f94a4716df60456a491260485e"},"headline":"Fod\u00e9 Bald\u00e9:\u201cIl est impossible \u00e0 notre niveau d\u2019accepter que les \u00e9lections soient organis\u00e9es par le MATD","datePublished":"2023-11-11T22:22:35+00:00","dateModified":"2023-11-11T22:22:35+00:00","mainEntityOfPage":{"@id":"https:\/\/universnews224.com\/index.php\/fode-baldeil-est-impossible-a-notre-niveau-daccepter-que-les-elections-soient-organisees-par-le-matd\/"},"wordCount":355,"publisher":{"@id":"https:\/\/universnews224.com\/#organization"},"keywords":["La une"],"articleSection":["ACTU","POLITIQUE"],"inLanguage":"fr-FR"},{"@type":"WebPage","@id":"https:\/\/universnews224.com\/index.php\/fode-baldeil-est-impossible-a-notre-niveau-daccepter-que-les-elections-soient-organisees-par-le-matd\/","url":"https:\/\/universnews224.com\/index.php\/fode-baldeil-est-impossible-a-notre-niveau-daccepter-que-les-elections-soient-organisees-par-le-matd\/","name":"Fod\u00e9 Bald\u00e9:\u201cIl est impossible \u00e0 notre niveau d\u2019accepter que les \u00e9lections soient organis\u00e9es par le MATD - UNIVERSNEWS224","isPartOf":{"@id":"https:\/\/universnews224.com\/#website"},"datePublished":"2023-11-11T22:22:35+00:00","dateModified":"2023-11-11T22:22:35+00:00","inLanguage":"fr-FR","potentialAction":[{"@type":"ReadAction","target":["https:\/\/universnews224.com\/index.php\/fode-baldeil-est-impossible-a-notre-niveau-daccepter-que-les-elections-soient-organisees-par-le-matd\/"]}]},{"@type":"WebSite","@id":"https:\/\/universnews224.com\/#website","url":"https:\/\/universnews224.com\/","name":"UNIVERSNEWS224","description":"","publisher":{"@id":"https:\/\/universnews224.com\/#organization"},"potentialAction":[{"@type":"SearchAction","target":{"@type":"EntryPoint","urlTemplate":"https:\/\/universnews224.com\/?s={search_term_string}"},"query-input":"required name=search_term_string"}],"inLanguage":"fr-FR"},{"@type":"Organization","@id":"https:\/\/universnews224.com\/#organization","name":"UNIVERSNEWS224","url":"https:\/\/universnews224.com\/","logo":{"@type":"ImageObject","inLanguage":"fr-FR","@id":"https:\/\/universnews224.com\/#\/schema\/logo\/image\/","url":"https:\/\/universnews224.com\/wp-content\/uploads\/2022\/08\/cropped-cropped-logoban.jpg","contentUrl":"https:\/\/universnews224.com\/wp-content\/uploads\/2022\/08\/cropped-cropped-logoban.jpg","width":1080,"height":138,"caption":"UNIVERSNEWS224"},"image":{"@id":"https:\/\/universnews224.com\/#\/schema\/logo\/image\/"}},{"@type":"Person","@id":"https:\/\/universnews224.com\/#\/schema\/person\/a4b7d4f94a4716df60456a491260485e","name":"La R\u00e9daction","image":{"@type":"ImageObject","inLanguage":"fr-FR","@id":"https:\/\/universnews224.com\/#\/schema\/person\/image\/","url":"https:\/\/secure.gravatar.com\/avatar\/edb90acc7752b23e1b3307ad36c14f0d?s=96&d=mm&r=g","contentUrl":"https:\/\/secure.gravatar.com\/avatar\/edb90acc7752b23e1b3307ad36c14f0d?s=96&d=mm&r=g","caption":"La R\u00e9daction"},"sameAs":["https:\/\/universnews224.com"],"url":"https:\/\/universnews224.com\/index.php\/author\/m-camara\/"}]}},"_links":{"self":[{"href":"https:\/\/universnews224.com\/index.php\/wp-json\/wp\/v2\/posts\/4585"}],"collection":[{"href":"https:\/\/universnews224.com\/index.php\/wp-json\/wp\/v2\/posts"}],"about":[{"href":"https:\/\/universnews224.com\/index.php\/wp-json\/wp\/v2\/types\/post"}],"author":[{"embeddable":true,"href":"https:\/\/universnews224.com\/index.php\/wp-json\/wp\/v2\/users\/2"}],"replies":[{"embeddable":true,"href":"https:\/\/universnews224.com\/index.php\/wp-json\/wp\/v2\/comments?post=4585"}],"version-history":[{"count":1,"href":"https:\/\/universnews224.com\/index.php\/wp-json\/wp\/v2\/posts\/4585\/revisions"}],"predecessor-version":[{"id":4587,"href":"https:\/\/universnews224.com\/index.php\/wp-json\/wp\/v2\/posts\/4585\/revisions\/4587"}],"wp:featuredmedia":[{"embeddable":true,"href":"https:\/\/universnews224.com\/index.php\/wp-json\/wp\/v2\/media\/4586"}],"wp:attachment":[{"href":"https:\/\/universnews224.com\/index.php\/wp-json\/wp\/v2\/media?parent=4585"}],"wp:term":[{"taxonomy":"category","embeddable":true,"href":"https:\/\/universnews224.com\/index.php\/wp-json\/wp\/v2\/categories?post=4585"},{"taxonomy":"post_tag","embeddable":true,"href":"https:\/\/universnews224.com\/index.php\/wp-json\/wp\/v2\/tags?post=4585"}],"curies":[{"name":"wp","href":"https:\/\/api.w.org\/{rel}","templated":true}]}}