{"id":4616,"date":"2023-11-16T23:20:58","date_gmt":"2023-11-16T22:20:58","guid":{"rendered":"https:\/\/universnews224.com\/?p=4616"},"modified":"2023-11-16T23:20:58","modified_gmt":"2023-11-16T22:20:58","slug":"commune-de-matam-badra-kone-annonce-sa-demission-apres-lexpiration-de-leur-mandat","status":"publish","type":"post","link":"https:\/\/universnews224.com\/index.php\/commune-de-matam-badra-kone-annonce-sa-demission-apres-lexpiration-de-leur-mandat\/","title":{"rendered":"Commune de Matam: Badra Kon\u00e9 annonce sa d\u00e9mission apr\u00e8s l\u2019expiration de leur mandat."},"content":{"rendered":"<p class=\"p1\">C\u2019\u00e9tait en faveur d\u2019une conf\u00e9rence de presse qu\u2019il a anim\u00e9e ce jeudi, 16 novembre 2023 \u00e0 la mairie de Matam que, Ali Badra Kon\u00e9, a rendu sa d\u00e9mission en tant que 1er vice-pr\u00e9sident de la mairie de Matam.<\/p>\n<p class=\"p1\"><span class=\"s1\">Badra Kon\u00e9 justifie cette d\u00e9cision par le fait que le mandat tous les conseillers communaux sont arriv\u00e9s \u00e0 terme ce jeudi, 16 novembre. <\/span><\/p>\n<p class=\"p1\"><span class=\"s1\">\u201cAujourd\u2019hui, nous atteignons un moment crucial. Les cinq ann\u00e9es de notre mandat, de novembre 2018 \u00e0 novembre 2023, tirent \u00e0 leur fin. C\u2019est un moment propice \u00e0 la r\u00e9flexion, \u00e0 la prise de conscience de la responsabilit\u00e9 qui incombe \u00e0 tout \u00e9lu local. Nous devons questionner notre l\u00e9gitimit\u00e9 \u00e0 repr\u00e9senter les citoyens de cette circonscription. J\u2019ai pris la d\u00e9cision de retourner vers les populations lors des prochaines \u00e9lections, avec l\u2019objectif de me repr\u00e9senter et de briguer la fonction de maire principal. Ce choix s\u2019inscrit dans une d\u00e9marche de renouvellement et d\u2019engagement envers vous, ch\u00e8res citoyennes et chers citoyens. Anim\u00e9 par une qu\u00eate absolue de redevabilit\u00e9 envers vous, et guid\u00e9 par l\u2019honn\u00eatet\u00e9, la sinc\u00e9rit\u00e9, la personnalit\u00e9, et la dignit\u00e9, j\u2019ai pris cette d\u00e9cision difficile mais n\u00e9cessaire. Je ne peux plus pr\u00e9tendre \u00e0 la fonction d\u2019adjoint au maire. Il est temps pour de nouvelles perspectives, de nouvelles \u00e9nergies, et de nouvelles id\u00e9es de prendre le relais\u201d, a t-il annonc\u00e9. <\/span><\/p>\n<p class=\"p1\"><span class=\"s1\">Camara Mamadouba <\/span><\/p>\n","protected":false},"excerpt":{"rendered":"<p>C\u2019\u00e9tait en faveur d\u2019une conf\u00e9rence de presse qu\u2019il a anim\u00e9e ce jeudi, 16 novembre 2023<\/p>\n","protected":false},"author":2,"featured_media":4617,"comment_status":"closed","ping_status":"open","sticky":false,"template":"","format":"standard","meta":[],"categories":[3,4],"tags":[229],"yoast_head":"<!-- This site is optimized with the Yoast SEO plugin v19.13 - https:\/\/yoast.com\/wordpress\/plugins\/seo\/ -->\n<title>Commune de Matam: Badra Kon\u00e9 annonce sa d\u00e9mission apr\u00e8s l\u2019expiration de leur mandat. - UNIVERSNEWS224<\/title>\n<meta name=\"robots\" content=\"index, follow, max-snippet:-1, max-image-preview:large, max-video-preview:-1\" \/>\n<link rel=\"canonical\" href=\"https:\/\/universnews224.com\/index.php\/commune-de-matam-badra-kone-annonce-sa-demission-apres-lexpiration-de-leur-mandat\/\" \/>\n<meta property=\"og:locale\" content=\"fr_FR\" \/>\n<meta property=\"og:type\" content=\"article\" \/>\n<meta property=\"og:title\" content=\"Commune de Matam: Badra Kon\u00e9 annonce sa d\u00e9mission apr\u00e8s l\u2019expiration de leur mandat. - UNIVERSNEWS224\" \/>\n<meta property=\"og:description\" content=\"C\u2019\u00e9tait en faveur d\u2019une conf\u00e9rence de presse qu\u2019il a anim\u00e9e ce jeudi, 16 novembre 2023\" \/>\n<meta property=\"og:url\" content=\"https:\/\/universnews224.com\/index.php\/commune-de-matam-badra-kone-annonce-sa-demission-apres-lexpiration-de-leur-mandat\/\" \/>\n<meta property=\"og:site_name\" content=\"UNIVERSNEWS224\" \/>\n<meta property=\"article:published_time\" content=\"2023-11-16T22:20:58+00:00\" \/>\n<meta property=\"og:image\" content=\"https:\/\/universnews224.com\/wp-content\/uploads\/2023\/11\/B7A3ECA4-D147-48E6-9A20-A69A349038F4.jpeg\" \/>\n\t<meta property=\"og:image:width\" content=\"1000\" \/>\n\t<meta property=\"og:image:height\" content=\"750\" \/>\n\t<meta property=\"og:image:type\" content=\"image\/jpeg\" \/>\n<meta name=\"author\" content=\"La R\u00e9daction\" \/>\n<meta name=\"twitter:label1\" content=\"\u00c9crit par\" \/>\n\t<meta name=\"twitter:data1\" content=\"La R\u00e9daction\" \/>\n\t<meta name=\"twitter:label2\" content=\"Dur\u00e9e de lecture estim\u00e9e\" \/>\n\t<meta name=\"twitter:data2\" content=\"2 minutes\" \/>\n<script type=\"application\/ld+json\" class=\"yoast-schema-graph\">{\"@context\":\"https:\/\/schema.org\",\"@graph\":[{\"@type\":\"Article\",\"@id\":\"https:\/\/universnews224.com\/index.php\/commune-de-matam-badra-kone-annonce-sa-demission-apres-lexpiration-de-leur-mandat\/#article\",\"isPartOf\":{\"@id\":\"https:\/\/universnews224.com\/index.php\/commune-de-matam-badra-kone-annonce-sa-demission-apres-lexpiration-de-leur-mandat\/\"},\"author\":{\"name\":\"La R\u00e9daction\",\"@id\":\"https:\/\/universnews224.com\/#\/schema\/person\/a4b7d4f94a4716df60456a491260485e\"},\"headline\":\"Commune de Matam: Badra Kon\u00e9 annonce sa d\u00e9mission apr\u00e8s l\u2019expiration de leur mandat.\",\"datePublished\":\"2023-11-16T22:20:58+00:00\",\"dateModified\":\"2023-11-16T22:20:58+00:00\",\"mainEntityOfPage\":{\"@id\":\"https:\/\/universnews224.com\/index.php\/commune-de-matam-badra-kone-annonce-sa-demission-apres-lexpiration-de-leur-mandat\/\"},\"wordCount\":255,\"publisher\":{\"@id\":\"https:\/\/universnews224.com\/#organization\"},\"keywords\":[\"La une\"],\"articleSection\":[\"ACTU\",\"POLITIQUE\"],\"inLanguage\":\"fr-FR\"},{\"@type\":\"WebPage\",\"@id\":\"https:\/\/universnews224.com\/index.php\/commune-de-matam-badra-kone-annonce-sa-demission-apres-lexpiration-de-leur-mandat\/\",\"url\":\"https:\/\/universnews224.com\/index.php\/commune-de-matam-badra-kone-annonce-sa-demission-apres-lexpiration-de-leur-mandat\/\",\"name\":\"Commune de Matam: Badra Kon\u00e9 annonce sa d\u00e9mission apr\u00e8s l\u2019expiration de leur mandat. - UNIVERSNEWS224\",\"isPartOf\":{\"@id\":\"https:\/\/universnews224.com\/#website\"},\"datePublished\":\"2023-11-16T22:20:58+00:00\",\"dateModified\":\"2023-11-16T22:20:58+00:00\",\"inLanguage\":\"fr-FR\",\"potentialAction\":[{\"@type\":\"ReadAction\",\"target\":[\"https:\/\/universnews224.com\/index.php\/commune-de-matam-badra-kone-annonce-sa-demission-apres-lexpiration-de-leur-mandat\/\"]}]},{\"@type\":\"WebSite\",\"@id\":\"https:\/\/universnews224.com\/#website\",\"url\":\"https:\/\/universnews224.com\/\",\"name\":\"UNIVERSNEWS224\",\"description\":\"\",\"publisher\":{\"@id\":\"https:\/\/universnews224.com\/#organization\"},\"potentialAction\":[{\"@type\":\"SearchAction\",\"target\":{\"@type\":\"EntryPoint\",\"urlTemplate\":\"https:\/\/universnews224.com\/?s={search_term_string}\"},\"query-input\":\"required name=search_term_string\"}],\"inLanguage\":\"fr-FR\"},{\"@type\":\"Organization\",\"@id\":\"https:\/\/universnews224.com\/#organization\",\"name\":\"UNIVERSNEWS224\",\"url\":\"https:\/\/universnews224.com\/\",\"logo\":{\"@type\":\"ImageObject\",\"inLanguage\":\"fr-FR\",\"@id\":\"https:\/\/universnews224.com\/#\/schema\/logo\/image\/\",\"url\":\"https:\/\/universnews224.com\/wp-content\/uploads\/2022\/08\/cropped-cropped-logoban.jpg\",\"contentUrl\":\"https:\/\/universnews224.com\/wp-content\/uploads\/2022\/08\/cropped-cropped-logoban.jpg\",\"width\":1080,\"height\":138,\"caption\":\"UNIVERSNEWS224\"},\"image\":{\"@id\":\"https:\/\/universnews224.com\/#\/schema\/logo\/image\/\"}},{\"@type\":\"Person\",\"@id\":\"https:\/\/universnews224.com\/#\/schema\/person\/a4b7d4f94a4716df60456a491260485e\",\"name\":\"La R\u00e9daction\",\"image\":{\"@type\":\"ImageObject\",\"inLanguage\":\"fr-FR\",\"@id\":\"https:\/\/universnews224.com\/#\/schema\/person\/image\/\",\"url\":\"https:\/\/secure.gravatar.com\/avatar\/edb90acc7752b23e1b3307ad36c14f0d?s=96&d=mm&r=g\",\"contentUrl\":\"https:\/\/secure.gravatar.com\/avatar\/edb90acc7752b23e1b3307ad36c14f0d?s=96&d=mm&r=g\",\"caption\":\"La R\u00e9daction\"},\"sameAs\":[\"https:\/\/universnews224.com\"],\"url\":\"https:\/\/universnews224.com\/index.php\/author\/m-camara\/\"}]}<\/script>\n<!-- \/ Yoast SEO plugin. -->","yoast_head_json":{"title":"Commune de Matam: Badra Kon\u00e9 annonce sa d\u00e9mission apr\u00e8s l\u2019expiration de leur mandat. - UNIVERSNEWS224","robots":{"index":"index","follow":"follow","max-snippet":"max-snippet:-1","max-image-preview":"max-image-preview:large","max-video-preview":"max-video-preview:-1"},"canonical":"https:\/\/universnews224.com\/index.php\/commune-de-matam-badra-kone-annonce-sa-demission-apres-lexpiration-de-leur-mandat\/","og_locale":"fr_FR","og_type":"article","og_title":"Commune de Matam: Badra Kon\u00e9 annonce sa d\u00e9mission apr\u00e8s l\u2019expiration de leur mandat. - UNIVERSNEWS224","og_description":"C\u2019\u00e9tait en faveur d\u2019une conf\u00e9rence de presse qu\u2019il a anim\u00e9e ce jeudi, 16 novembre 2023","og_url":"https:\/\/universnews224.com\/index.php\/commune-de-matam-badra-kone-annonce-sa-demission-apres-lexpiration-de-leur-mandat\/","og_site_name":"UNIVERSNEWS224","article_published_time":"2023-11-16T22:20:58+00:00","og_image":[{"width":1000,"height":750,"url":"https:\/\/universnews224.com\/wp-content\/uploads\/2023\/11\/B7A3ECA4-D147-48E6-9A20-A69A349038F4.jpeg","type":"image\/jpeg"}],"author":"La R\u00e9daction","twitter_misc":{"\u00c9crit par":"La R\u00e9daction","Dur\u00e9e de lecture estim\u00e9e":"2 minutes"},"schema":{"@context":"https:\/\/schema.org","@graph":[{"@type":"Article","@id":"https:\/\/universnews224.com\/index.php\/commune-de-matam-badra-kone-annonce-sa-demission-apres-lexpiration-de-leur-mandat\/#article","isPartOf":{"@id":"https:\/\/universnews224.com\/index.php\/commune-de-matam-badra-kone-annonce-sa-demission-apres-lexpiration-de-leur-mandat\/"},"author":{"name":"La R\u00e9daction","@id":"https:\/\/universnews224.com\/#\/schema\/person\/a4b7d4f94a4716df60456a491260485e"},"headline":"Commune de Matam: Badra Kon\u00e9 annonce sa d\u00e9mission apr\u00e8s l\u2019expiration de leur mandat.","datePublished":"2023-11-16T22:20:58+00:00","dateModified":"2023-11-16T22:20:58+00:00","mainEntityOfPage":{"@id":"https:\/\/universnews224.com\/index.php\/commune-de-matam-badra-kone-annonce-sa-demission-apres-lexpiration-de-leur-mandat\/"},"wordCount":255,"publisher":{"@id":"https:\/\/universnews224.com\/#organization"},"keywords":["La une"],"articleSection":["ACTU","POLITIQUE"],"inLanguage":"fr-FR"},{"@type":"WebPage","@id":"https:\/\/universnews224.com\/index.php\/commune-de-matam-badra-kone-annonce-sa-demission-apres-lexpiration-de-leur-mandat\/","url":"https:\/\/universnews224.com\/index.php\/commune-de-matam-badra-kone-annonce-sa-demission-apres-lexpiration-de-leur-mandat\/","name":"Commune de Matam: Badra Kon\u00e9 annonce sa d\u00e9mission apr\u00e8s l\u2019expiration de leur mandat. - UNIVERSNEWS224","isPartOf":{"@id":"https:\/\/universnews224.com\/#website"},"datePublished":"2023-11-16T22:20:58+00:00","dateModified":"2023-11-16T22:20:58+00:00","inLanguage":"fr-FR","potentialAction":[{"@type":"ReadAction","target":["https:\/\/universnews224.com\/index.php\/commune-de-matam-badra-kone-annonce-sa-demission-apres-lexpiration-de-leur-mandat\/"]}]},{"@type":"WebSite","@id":"https:\/\/universnews224.com\/#website","url":"https:\/\/universnews224.com\/","name":"UNIVERSNEWS224","description":"","publisher":{"@id":"https:\/\/universnews224.com\/#organization"},"potentialAction":[{"@type":"SearchAction","target":{"@type":"EntryPoint","urlTemplate":"https:\/\/universnews224.com\/?s={search_term_string}"},"query-input":"required name=search_term_string"}],"inLanguage":"fr-FR"},{"@type":"Organization","@id":"https:\/\/universnews224.com\/#organization","name":"UNIVERSNEWS224","url":"https:\/\/universnews224.com\/","logo":{"@type":"ImageObject","inLanguage":"fr-FR","@id":"https:\/\/universnews224.com\/#\/schema\/logo\/image\/","url":"https:\/\/universnews224.com\/wp-content\/uploads\/2022\/08\/cropped-cropped-logoban.jpg","contentUrl":"https:\/\/universnews224.com\/wp-content\/uploads\/2022\/08\/cropped-cropped-logoban.jpg","width":1080,"height":138,"caption":"UNIVERSNEWS224"},"image":{"@id":"https:\/\/universnews224.com\/#\/schema\/logo\/image\/"}},{"@type":"Person","@id":"https:\/\/universnews224.com\/#\/schema\/person\/a4b7d4f94a4716df60456a491260485e","name":"La R\u00e9daction","image":{"@type":"ImageObject","inLanguage":"fr-FR","@id":"https:\/\/universnews224.com\/#\/schema\/person\/image\/","url":"https:\/\/secure.gravatar.com\/avatar\/edb90acc7752b23e1b3307ad36c14f0d?s=96&d=mm&r=g","contentUrl":"https:\/\/secure.gravatar.com\/avatar\/edb90acc7752b23e1b3307ad36c14f0d?s=96&d=mm&r=g","caption":"La R\u00e9daction"},"sameAs":["https:\/\/universnews224.com"],"url":"https:\/\/universnews224.com\/index.php\/author\/m-camara\/"}]}},"_links":{"self":[{"href":"https:\/\/universnews224.com\/index.php\/wp-json\/wp\/v2\/posts\/4616"}],"collection":[{"href":"https:\/\/universnews224.com\/index.php\/wp-json\/wp\/v2\/posts"}],"about":[{"href":"https:\/\/universnews224.com\/index.php\/wp-json\/wp\/v2\/types\/post"}],"author":[{"embeddable":true,"href":"https:\/\/universnews224.com\/index.php\/wp-json\/wp\/v2\/users\/2"}],"replies":[{"embeddable":true,"href":"https:\/\/universnews224.com\/index.php\/wp-json\/wp\/v2\/comments?post=4616"}],"version-history":[{"count":1,"href":"https:\/\/universnews224.com\/index.php\/wp-json\/wp\/v2\/posts\/4616\/revisions"}],"predecessor-version":[{"id":4618,"href":"https:\/\/universnews224.com\/index.php\/wp-json\/wp\/v2\/posts\/4616\/revisions\/4618"}],"wp:featuredmedia":[{"embeddable":true,"href":"https:\/\/universnews224.com\/index.php\/wp-json\/wp\/v2\/media\/4617"}],"wp:attachment":[{"href":"https:\/\/universnews224.com\/index.php\/wp-json\/wp\/v2\/media?parent=4616"}],"wp:term":[{"taxonomy":"category","embeddable":true,"href":"https:\/\/universnews224.com\/index.php\/wp-json\/wp\/v2\/categories?post=4616"},{"taxonomy":"post_tag","embeddable":true,"href":"https:\/\/universnews224.com\/index.php\/wp-json\/wp\/v2\/tags?post=4616"}],"curies":[{"name":"wp","href":"https:\/\/api.w.org\/{rel}","templated":true}]}}