{"id":4625,"date":"2023-11-17T19:24:47","date_gmt":"2023-11-17T18:24:47","guid":{"rendered":"https:\/\/universnews224.com\/?p=4625"},"modified":"2023-11-17T19:24:47","modified_gmt":"2023-11-17T18:24:47","slug":"conakry-cest-parti-pour-la-3eme-edition-du-forum-de-lentrepreneuriat-et-leadership-feminin","status":"publish","type":"post","link":"https:\/\/universnews224.com\/index.php\/conakry-cest-parti-pour-la-3eme-edition-du-forum-de-lentrepreneuriat-et-leadership-feminin\/","title":{"rendered":"Conakry: C\u2019est parti pour la 3\u00e8me  \u00e9dition du forum de l\u2019entrepreneuriat et leadership f\u00e9minin"},"content":{"rendered":"<p class=\"p3\"><span class=\"s2\">La 3\u00e8me<span class=\"Apple-converted-space\">\u00a0 <\/span>\u00e9dition du forum de l\u2019entrepreneuriat et leadership f\u00e9minin (FODELF) a \u00e9t\u00e9 officiellement lanc\u00e9e ce vendredi 17 novembre<span class=\"Apple-converted-space\">\u00a0 <\/span>2023 \u00e0 Conakry. Plac\u00e9e sous le th\u00e8me: \u00ab femmes, renforcez votre posture entrepreunariale<span class=\"Apple-converted-space\">\u00a0 <\/span>pour booster vos activit\u00e9s \u00bb, cette \u00e9dition a connu la pr\u00e9sence du monde entrepreneurial f\u00e9minin, la repr\u00e9sentante du ministre de l\u00b4action sociale, de la promotion f\u00e9minine de l\u2019enfance et des personnes vuln\u00e9rables Mme Hawa kamy Camara&#8230;<\/span><\/p>\n<p class=\"p3\"><span class=\"s2\">Selon Macir\u00e9 Tour\u00e9 initiatrice de l\u2019\u00e9v\u00e8nement, ce forum consiste \u00e0 cr\u00e9er un espace d\u2019\u00e9change sur les questions li\u00e9es \u00e0 l\u2019entrepreneuriat f\u00e9minin.<a href=\"https:\/\/universnews224.com\/wp-content\/uploads\/2023\/11\/E8ECA667-894E-4805-9BB0-8B635D54A90F.jpeg\"><img loading=\"lazy\" class=\"alignnone size-medium wp-image-4627\" src=\"https:\/\/universnews224.com\/wp-content\/uploads\/2023\/11\/E8ECA667-894E-4805-9BB0-8B635D54A90F-300x200.jpeg\" alt=\"\" width=\"300\" height=\"200\" srcset=\"https:\/\/universnews224.com\/wp-content\/uploads\/2023\/11\/E8ECA667-894E-4805-9BB0-8B635D54A90F-300x200.jpeg 300w, https:\/\/universnews224.com\/wp-content\/uploads\/2023\/11\/E8ECA667-894E-4805-9BB0-8B635D54A90F-768x513.jpeg 768w, https:\/\/universnews224.com\/wp-content\/uploads\/2023\/11\/E8ECA667-894E-4805-9BB0-8B635D54A90F.jpeg 1024w\" sizes=\"(max-width: 300px) 100vw, 300px\" \/><\/a><\/span><\/p>\n<p class=\"p3\"><span class=\"s2\">\u00ab Le FODELF est un forum qui fait la promotion de l\u2019entrepreneuriat et de leadership f\u00e9minin en cr\u00e9ant un espace d\u2019\u00e9change et de partage entre les acteurs de la promotion f\u00e9minine sur les questions li\u00e9es \u00e0 l\u2019entrepreneuriat et au leadership f\u00e9minin. Toutefois, les femmes entrepreneures font face \u00e0 des d\u00e9fis, comme la discrimination dans l&rsquo;acc\u00e8s au financement, la conciliation travail-famille, et un manque de r\u00e9seaux de soutien. Une \u00e9tude de l\u2019APIP r\u00e9v\u00e8le que parmi les 52% de femmes dans la population guin\u00e9enne, seulement 16,42% dirigent une entreprise \u00bb, a-t-elle fait savoir.<a href=\"https:\/\/universnews224.com\/wp-content\/uploads\/2023\/11\/F23D76B3-4402-48DE-9DE0-6B7EF262DA0F.jpeg\"><img loading=\"lazy\" class=\"alignnone size-medium wp-image-4628\" src=\"https:\/\/universnews224.com\/wp-content\/uploads\/2023\/11\/F23D76B3-4402-48DE-9DE0-6B7EF262DA0F-300x200.jpeg\" alt=\"\" width=\"300\" height=\"200\" srcset=\"https:\/\/universnews224.com\/wp-content\/uploads\/2023\/11\/F23D76B3-4402-48DE-9DE0-6B7EF262DA0F-300x200.jpeg 300w, https:\/\/universnews224.com\/wp-content\/uploads\/2023\/11\/F23D76B3-4402-48DE-9DE0-6B7EF262DA0F-768x512.jpeg 768w, https:\/\/universnews224.com\/wp-content\/uploads\/2023\/11\/F23D76B3-4402-48DE-9DE0-6B7EF262DA0F.jpeg 1024w\" sizes=\"(max-width: 300px) 100vw, 300px\" \/><\/a><\/span><\/p>\n<p class=\"p3\"><span class=\"s2\">\u00ab L\u2019objectif est d\u2019encourager et promouvoir l&rsquo;entrepreneuriat f\u00e9minin par un espace d&rsquo;\u00e9change et de soutien. Inspirer et motiver les femmes \u00e0 entreprendre en mettant en avant des success stories. Offrir des opportunit\u00e9s de r\u00e9seautage professionnel pour favoriser les collaborations. Sensibiliser aux d\u00e9fis sp\u00e9cifiques des femmes entrepreneures et discuter des strat\u00e9gies pour les surmonter. Cr\u00e9er un environnement inclusif et bienveillant qui favorise l&rsquo;\u00e9change et le partage d\u2019exp\u00e9riences. Faire le bilan des avanc\u00e9es en mati\u00e8re d\u2019entrepreneuriat f\u00e9minin en Guin\u00e9e. Valoriser les initiatives innovantes et inspirantes dans l&rsquo;am\u00e9lioration des conditions de vie des femmes \u00bb, pr\u00e9cise la pr\u00e9sidente de FODELF.<\/span><\/p>\n<p class=\"p3\"><span class=\"s2\">De son c\u00f4t\u00e9,<span class=\"Apple-converted-space\">\u00a0 <\/span>Mme Hawa kamy Camara, repr\u00e9sentante du ministre f\u00e9licite et encourage l\u00b4origanisatrice pour cette 3\u00e8me \u00e9dition.<a href=\"https:\/\/universnews224.com\/wp-content\/uploads\/2023\/11\/AEE66B6D-F3F5-4305-8B85-22DA70BA0628.jpeg\"><img loading=\"lazy\" class=\"alignnone size-medium wp-image-4629\" src=\"https:\/\/universnews224.com\/wp-content\/uploads\/2023\/11\/AEE66B6D-F3F5-4305-8B85-22DA70BA0628-300x200.jpeg\" alt=\"\" width=\"300\" height=\"200\" srcset=\"https:\/\/universnews224.com\/wp-content\/uploads\/2023\/11\/AEE66B6D-F3F5-4305-8B85-22DA70BA0628-300x200.jpeg 300w, https:\/\/universnews224.com\/wp-content\/uploads\/2023\/11\/AEE66B6D-F3F5-4305-8B85-22DA70BA0628-768x512.jpeg 768w, https:\/\/universnews224.com\/wp-content\/uploads\/2023\/11\/AEE66B6D-F3F5-4305-8B85-22DA70BA0628.jpeg 1024w\" sizes=\"(max-width: 300px) 100vw, 300px\" \/><\/a> <\/span><\/p>\n<p class=\"p3\"><span class=\"s2\">\u00ab Je suis venue faire passer le message du ministre<span class=\"Apple-converted-space\">\u00a0 <\/span>parce que le forum de l\u2019entrepreneuriat et leadership f\u00e9minin rentre dans les pr\u00e9rogatives du minist\u00e8re. Cette 3\u00e8me \u00e9dition est une occasion particuli\u00e8re pour les braves femmes, le forum de l\u2019entrepreneuriat prouve et renforce \u00e0 suffisance votre volont\u00e9 quotidienne de participer activement \u00e0 l\u00b4\u00e9panouissement et \u00e0 autonomisation des femmes \u00e0 travers la valorisation de vos potentiels cr\u00e9ations des activites qui va dans les lignes du minist\u00e8re. Car objectif du ministre c&rsquo;est d\u00b4avoir beaucoup plus de femme autonome dans notre pays \u00bb, a d\u00e9clar\u00e9 Mme Hawa kamy.<\/span><\/p>\n<p class=\"p3\"><span class=\"s2\">Sana Sylla<\/span><\/p>\n","protected":false},"excerpt":{"rendered":"<p>La 3\u00e8me\u00a0 \u00e9dition du forum de l\u2019entrepreneuriat et leadership f\u00e9minin (FODELF) a \u00e9t\u00e9 officiellement lanc\u00e9e<\/p>\n","protected":false},"author":2,"featured_media":4626,"comment_status":"closed","ping_status":"open","sticky":false,"template":"","format":"standard","meta":[],"categories":[3,5],"tags":[229],"yoast_head":"<!-- This site is optimized with the Yoast SEO plugin v19.13 - https:\/\/yoast.com\/wordpress\/plugins\/seo\/ -->\n<title>Conakry: C\u2019est parti pour la 3\u00e8me \u00e9dition du forum de l\u2019entrepreneuriat et leadership f\u00e9minin - UNIVERSNEWS224<\/title>\n<meta name=\"robots\" content=\"index, follow, max-snippet:-1, max-image-preview:large, max-video-preview:-1\" \/>\n<link rel=\"canonical\" href=\"https:\/\/universnews224.com\/index.php\/conakry-cest-parti-pour-la-3eme-edition-du-forum-de-lentrepreneuriat-et-leadership-feminin\/\" \/>\n<meta property=\"og:locale\" content=\"fr_FR\" \/>\n<meta property=\"og:type\" content=\"article\" \/>\n<meta property=\"og:title\" content=\"Conakry: C\u2019est parti pour la 3\u00e8me \u00e9dition du forum de l\u2019entrepreneuriat et leadership f\u00e9minin - UNIVERSNEWS224\" \/>\n<meta property=\"og:description\" content=\"La 3\u00e8me\u00a0 \u00e9dition du forum de l\u2019entrepreneuriat et leadership f\u00e9minin (FODELF) a \u00e9t\u00e9 officiellement lanc\u00e9e\" \/>\n<meta property=\"og:url\" content=\"https:\/\/universnews224.com\/index.php\/conakry-cest-parti-pour-la-3eme-edition-du-forum-de-lentrepreneuriat-et-leadership-feminin\/\" \/>\n<meta property=\"og:site_name\" content=\"UNIVERSNEWS224\" \/>\n<meta property=\"article:published_time\" content=\"2023-11-17T18:24:47+00:00\" \/>\n<meta property=\"og:image\" content=\"https:\/\/universnews224.com\/wp-content\/uploads\/2023\/11\/852BBA1F-3330-401E-94EA-89E7B48F0496.jpeg\" \/>\n\t<meta property=\"og:image:width\" content=\"1024\" \/>\n\t<meta property=\"og:image:height\" content=\"683\" \/>\n\t<meta property=\"og:image:type\" content=\"image\/jpeg\" \/>\n<meta name=\"author\" content=\"La R\u00e9daction\" \/>\n<meta name=\"twitter:label1\" content=\"\u00c9crit par\" \/>\n\t<meta name=\"twitter:data1\" content=\"La R\u00e9daction\" \/>\n\t<meta name=\"twitter:label2\" content=\"Dur\u00e9e de lecture estim\u00e9e\" \/>\n\t<meta name=\"twitter:data2\" content=\"3 minutes\" \/>\n<script type=\"application\/ld+json\" class=\"yoast-schema-graph\">{\"@context\":\"https:\/\/schema.org\",\"@graph\":[{\"@type\":\"Article\",\"@id\":\"https:\/\/universnews224.com\/index.php\/conakry-cest-parti-pour-la-3eme-edition-du-forum-de-lentrepreneuriat-et-leadership-feminin\/#article\",\"isPartOf\":{\"@id\":\"https:\/\/universnews224.com\/index.php\/conakry-cest-parti-pour-la-3eme-edition-du-forum-de-lentrepreneuriat-et-leadership-feminin\/\"},\"author\":{\"name\":\"La R\u00e9daction\",\"@id\":\"https:\/\/universnews224.com\/#\/schema\/person\/a4b7d4f94a4716df60456a491260485e\"},\"headline\":\"Conakry: C\u2019est parti pour la 3\u00e8me \u00e9dition du forum de l\u2019entrepreneuriat et leadership f\u00e9minin\",\"datePublished\":\"2023-11-17T18:24:47+00:00\",\"dateModified\":\"2023-11-17T18:24:47+00:00\",\"mainEntityOfPage\":{\"@id\":\"https:\/\/universnews224.com\/index.php\/conakry-cest-parti-pour-la-3eme-edition-du-forum-de-lentrepreneuriat-et-leadership-feminin\/\"},\"wordCount\":458,\"publisher\":{\"@id\":\"https:\/\/universnews224.com\/#organization\"},\"keywords\":[\"La une\"],\"articleSection\":[\"ACTU\",\"SOCI\u00c9T\u00c9\"],\"inLanguage\":\"fr-FR\"},{\"@type\":\"WebPage\",\"@id\":\"https:\/\/universnews224.com\/index.php\/conakry-cest-parti-pour-la-3eme-edition-du-forum-de-lentrepreneuriat-et-leadership-feminin\/\",\"url\":\"https:\/\/universnews224.com\/index.php\/conakry-cest-parti-pour-la-3eme-edition-du-forum-de-lentrepreneuriat-et-leadership-feminin\/\",\"name\":\"Conakry: C\u2019est parti pour la 3\u00e8me \u00e9dition du forum de l\u2019entrepreneuriat et leadership f\u00e9minin - UNIVERSNEWS224\",\"isPartOf\":{\"@id\":\"https:\/\/universnews224.com\/#website\"},\"datePublished\":\"2023-11-17T18:24:47+00:00\",\"dateModified\":\"2023-11-17T18:24:47+00:00\",\"inLanguage\":\"fr-FR\",\"potentialAction\":[{\"@type\":\"ReadAction\",\"target\":[\"https:\/\/universnews224.com\/index.php\/conakry-cest-parti-pour-la-3eme-edition-du-forum-de-lentrepreneuriat-et-leadership-feminin\/\"]}]},{\"@type\":\"WebSite\",\"@id\":\"https:\/\/universnews224.com\/#website\",\"url\":\"https:\/\/universnews224.com\/\",\"name\":\"UNIVERSNEWS224\",\"description\":\"\",\"publisher\":{\"@id\":\"https:\/\/universnews224.com\/#organization\"},\"potentialAction\":[{\"@type\":\"SearchAction\",\"target\":{\"@type\":\"EntryPoint\",\"urlTemplate\":\"https:\/\/universnews224.com\/?s={search_term_string}\"},\"query-input\":\"required name=search_term_string\"}],\"inLanguage\":\"fr-FR\"},{\"@type\":\"Organization\",\"@id\":\"https:\/\/universnews224.com\/#organization\",\"name\":\"UNIVERSNEWS224\",\"url\":\"https:\/\/universnews224.com\/\",\"logo\":{\"@type\":\"ImageObject\",\"inLanguage\":\"fr-FR\",\"@id\":\"https:\/\/universnews224.com\/#\/schema\/logo\/image\/\",\"url\":\"https:\/\/universnews224.com\/wp-content\/uploads\/2022\/08\/cropped-cropped-logoban.jpg\",\"contentUrl\":\"https:\/\/universnews224.com\/wp-content\/uploads\/2022\/08\/cropped-cropped-logoban.jpg\",\"width\":1080,\"height\":138,\"caption\":\"UNIVERSNEWS224\"},\"image\":{\"@id\":\"https:\/\/universnews224.com\/#\/schema\/logo\/image\/\"}},{\"@type\":\"Person\",\"@id\":\"https:\/\/universnews224.com\/#\/schema\/person\/a4b7d4f94a4716df60456a491260485e\",\"name\":\"La R\u00e9daction\",\"image\":{\"@type\":\"ImageObject\",\"inLanguage\":\"fr-FR\",\"@id\":\"https:\/\/universnews224.com\/#\/schema\/person\/image\/\",\"url\":\"https:\/\/secure.gravatar.com\/avatar\/edb90acc7752b23e1b3307ad36c14f0d?s=96&d=mm&r=g\",\"contentUrl\":\"https:\/\/secure.gravatar.com\/avatar\/edb90acc7752b23e1b3307ad36c14f0d?s=96&d=mm&r=g\",\"caption\":\"La R\u00e9daction\"},\"sameAs\":[\"https:\/\/universnews224.com\"],\"url\":\"https:\/\/universnews224.com\/index.php\/author\/m-camara\/\"}]}<\/script>\n<!-- \/ Yoast SEO plugin. -->","yoast_head_json":{"title":"Conakry: C\u2019est parti pour la 3\u00e8me \u00e9dition du forum de l\u2019entrepreneuriat et leadership f\u00e9minin - UNIVERSNEWS224","robots":{"index":"index","follow":"follow","max-snippet":"max-snippet:-1","max-image-preview":"max-image-preview:large","max-video-preview":"max-video-preview:-1"},"canonical":"https:\/\/universnews224.com\/index.php\/conakry-cest-parti-pour-la-3eme-edition-du-forum-de-lentrepreneuriat-et-leadership-feminin\/","og_locale":"fr_FR","og_type":"article","og_title":"Conakry: C\u2019est parti pour la 3\u00e8me \u00e9dition du forum de l\u2019entrepreneuriat et leadership f\u00e9minin - UNIVERSNEWS224","og_description":"La 3\u00e8me\u00a0 \u00e9dition du forum de l\u2019entrepreneuriat et leadership f\u00e9minin (FODELF) a \u00e9t\u00e9 officiellement lanc\u00e9e","og_url":"https:\/\/universnews224.com\/index.php\/conakry-cest-parti-pour-la-3eme-edition-du-forum-de-lentrepreneuriat-et-leadership-feminin\/","og_site_name":"UNIVERSNEWS224","article_published_time":"2023-11-17T18:24:47+00:00","og_image":[{"width":1024,"height":683,"url":"https:\/\/universnews224.com\/wp-content\/uploads\/2023\/11\/852BBA1F-3330-401E-94EA-89E7B48F0496.jpeg","type":"image\/jpeg"}],"author":"La R\u00e9daction","twitter_misc":{"\u00c9crit par":"La R\u00e9daction","Dur\u00e9e de lecture estim\u00e9e":"3 minutes"},"schema":{"@context":"https:\/\/schema.org","@graph":[{"@type":"Article","@id":"https:\/\/universnews224.com\/index.php\/conakry-cest-parti-pour-la-3eme-edition-du-forum-de-lentrepreneuriat-et-leadership-feminin\/#article","isPartOf":{"@id":"https:\/\/universnews224.com\/index.php\/conakry-cest-parti-pour-la-3eme-edition-du-forum-de-lentrepreneuriat-et-leadership-feminin\/"},"author":{"name":"La R\u00e9daction","@id":"https:\/\/universnews224.com\/#\/schema\/person\/a4b7d4f94a4716df60456a491260485e"},"headline":"Conakry: C\u2019est parti pour la 3\u00e8me \u00e9dition du forum de l\u2019entrepreneuriat et leadership f\u00e9minin","datePublished":"2023-11-17T18:24:47+00:00","dateModified":"2023-11-17T18:24:47+00:00","mainEntityOfPage":{"@id":"https:\/\/universnews224.com\/index.php\/conakry-cest-parti-pour-la-3eme-edition-du-forum-de-lentrepreneuriat-et-leadership-feminin\/"},"wordCount":458,"publisher":{"@id":"https:\/\/universnews224.com\/#organization"},"keywords":["La une"],"articleSection":["ACTU","SOCI\u00c9T\u00c9"],"inLanguage":"fr-FR"},{"@type":"WebPage","@id":"https:\/\/universnews224.com\/index.php\/conakry-cest-parti-pour-la-3eme-edition-du-forum-de-lentrepreneuriat-et-leadership-feminin\/","url":"https:\/\/universnews224.com\/index.php\/conakry-cest-parti-pour-la-3eme-edition-du-forum-de-lentrepreneuriat-et-leadership-feminin\/","name":"Conakry: C\u2019est parti pour la 3\u00e8me \u00e9dition du forum de l\u2019entrepreneuriat et leadership f\u00e9minin - UNIVERSNEWS224","isPartOf":{"@id":"https:\/\/universnews224.com\/#website"},"datePublished":"2023-11-17T18:24:47+00:00","dateModified":"2023-11-17T18:24:47+00:00","inLanguage":"fr-FR","potentialAction":[{"@type":"ReadAction","target":["https:\/\/universnews224.com\/index.php\/conakry-cest-parti-pour-la-3eme-edition-du-forum-de-lentrepreneuriat-et-leadership-feminin\/"]}]},{"@type":"WebSite","@id":"https:\/\/universnews224.com\/#website","url":"https:\/\/universnews224.com\/","name":"UNIVERSNEWS224","description":"","publisher":{"@id":"https:\/\/universnews224.com\/#organization"},"potentialAction":[{"@type":"SearchAction","target":{"@type":"EntryPoint","urlTemplate":"https:\/\/universnews224.com\/?s={search_term_string}"},"query-input":"required name=search_term_string"}],"inLanguage":"fr-FR"},{"@type":"Organization","@id":"https:\/\/universnews224.com\/#organization","name":"UNIVERSNEWS224","url":"https:\/\/universnews224.com\/","logo":{"@type":"ImageObject","inLanguage":"fr-FR","@id":"https:\/\/universnews224.com\/#\/schema\/logo\/image\/","url":"https:\/\/universnews224.com\/wp-content\/uploads\/2022\/08\/cropped-cropped-logoban.jpg","contentUrl":"https:\/\/universnews224.com\/wp-content\/uploads\/2022\/08\/cropped-cropped-logoban.jpg","width":1080,"height":138,"caption":"UNIVERSNEWS224"},"image":{"@id":"https:\/\/universnews224.com\/#\/schema\/logo\/image\/"}},{"@type":"Person","@id":"https:\/\/universnews224.com\/#\/schema\/person\/a4b7d4f94a4716df60456a491260485e","name":"La R\u00e9daction","image":{"@type":"ImageObject","inLanguage":"fr-FR","@id":"https:\/\/universnews224.com\/#\/schema\/person\/image\/","url":"https:\/\/secure.gravatar.com\/avatar\/edb90acc7752b23e1b3307ad36c14f0d?s=96&d=mm&r=g","contentUrl":"https:\/\/secure.gravatar.com\/avatar\/edb90acc7752b23e1b3307ad36c14f0d?s=96&d=mm&r=g","caption":"La R\u00e9daction"},"sameAs":["https:\/\/universnews224.com"],"url":"https:\/\/universnews224.com\/index.php\/author\/m-camara\/"}]}},"_links":{"self":[{"href":"https:\/\/universnews224.com\/index.php\/wp-json\/wp\/v2\/posts\/4625"}],"collection":[{"href":"https:\/\/universnews224.com\/index.php\/wp-json\/wp\/v2\/posts"}],"about":[{"href":"https:\/\/universnews224.com\/index.php\/wp-json\/wp\/v2\/types\/post"}],"author":[{"embeddable":true,"href":"https:\/\/universnews224.com\/index.php\/wp-json\/wp\/v2\/users\/2"}],"replies":[{"embeddable":true,"href":"https:\/\/universnews224.com\/index.php\/wp-json\/wp\/v2\/comments?post=4625"}],"version-history":[{"count":1,"href":"https:\/\/universnews224.com\/index.php\/wp-json\/wp\/v2\/posts\/4625\/revisions"}],"predecessor-version":[{"id":4630,"href":"https:\/\/universnews224.com\/index.php\/wp-json\/wp\/v2\/posts\/4625\/revisions\/4630"}],"wp:featuredmedia":[{"embeddable":true,"href":"https:\/\/universnews224.com\/index.php\/wp-json\/wp\/v2\/media\/4626"}],"wp:attachment":[{"href":"https:\/\/universnews224.com\/index.php\/wp-json\/wp\/v2\/media?parent=4625"}],"wp:term":[{"taxonomy":"category","embeddable":true,"href":"https:\/\/universnews224.com\/index.php\/wp-json\/wp\/v2\/categories?post=4625"},{"taxonomy":"post_tag","embeddable":true,"href":"https:\/\/universnews224.com\/index.php\/wp-json\/wp\/v2\/tags?post=4625"}],"curies":[{"name":"wp","href":"https:\/\/api.w.org\/{rel}","templated":true}]}}