{"id":4642,"date":"2023-11-21T18:41:47","date_gmt":"2023-11-21T17:41:47","guid":{"rendered":"https:\/\/universnews224.com\/?p=4642"},"modified":"2023-11-21T18:41:47","modified_gmt":"2023-11-21T17:41:47","slug":"envoi-dune-commission-rogatoire-a-dakar-pour-moi-cest-une-maniere-decorner-limage-de-cellou-dalein-diallo-cellou-balde","status":"publish","type":"post","link":"https:\/\/universnews224.com\/index.php\/envoi-dune-commission-rogatoire-a-dakar-pour-moi-cest-une-maniere-decorner-limage-de-cellou-dalein-diallo-cellou-balde\/","title":{"rendered":"Envoi d\u2019une commission rogatoire \u00e0 Dakar: \u201cPour moi, c\u2019est une mani\u00e8re d\u2019\u00e9corner l\u2019image de Cellou Dalein Diallo\u201d, Cellou Bald\u00e9."},"content":{"rendered":"<p class=\"p1\">Lors de sa r\u00e9cente sortie m\u00e9diatique, le ministre de la justice a laiss\u00e9 qu\u2019une commission rogatoire internationale va bient\u00f4t se rendre au S\u00e9n\u00e9gal pour entendre le pr\u00e9sident de l\u2019UFDG, Cellou Dalein, accus\u00e9 dans l\u2019affaire Air-Guin\u00e9e.<\/p>\n<p class=\"p1\"><span class=\"s2\">R\u00e9gissant sur cette actualit\u00e9 chez nos confr\u00e8res de la radio Fim Fm dans l\u2019\u00e9mission \u00abMirador\u00bb ce mardi, 21 novembre 2023, Cellou Bald\u00e9, coordinateur des f\u00e9d\u00e9rations de l\u2019UFDG \u00e0 l\u2019int\u00e9rieur salue cette d\u00e9marche qui permettra \u00e0 son pr\u00e9sident de laver son honneur dans cette affaire. Toutefois, il s\u2019interroge sur le timing choisi par le garde des sceaux pour communiquer sur cette affaire. <\/span><\/p>\n<p class=\"p1\"><span class=\"s2\">\u201cLa premi\u00e8re r\u00e9action qui m\u2019es venue en t\u00eate, c\u2019est de dire pourquoi le timing, pourquoi quand Cellou Dalein est \u00e0 l\u2019international, tous les yeux sont riv\u00e9s sur l\u2019\u00e9lection \u00e0 Madagascar, il est sous les projecteurs, c\u2019est en ce moment l\u00e0 que la justice guin\u00e9enne sorte cette autre carte, choisisse le timing pour communiquer par rapport \u00e0 cette commission rogatoire. Parce que c\u2019est une question de proc\u00e9dure. Pour moi, c\u2019est une mani\u00e8re d\u2019\u00e9corner son image, sa mission \u00e0 l\u2019international, rappeler que tout compte fait, il est sur le coup de la justice ici. Alors qu\u2019on pouvait tout simplement adresser un courrier \u00e0 ses avocats par rapport \u00e0 cette commission rogatoire\u201d, a t-il martel\u00e9. <\/span><\/p>\n<p class=\"p1\"><span class=\"s2\">Mohamed Camara <\/span><\/p>\n<p class=\"p1\">\n","protected":false},"excerpt":{"rendered":"<p>Lors de sa r\u00e9cente sortie m\u00e9diatique, le ministre de la justice a laiss\u00e9 qu\u2019une commission<\/p>\n","protected":false},"author":2,"featured_media":4635,"comment_status":"closed","ping_status":"open","sticky":false,"template":"","format":"standard","meta":[],"categories":[3,4],"tags":[229],"yoast_head":"<!-- This site is optimized with the Yoast SEO plugin v19.13 - https:\/\/yoast.com\/wordpress\/plugins\/seo\/ -->\n<title>Envoi d\u2019une commission rogatoire \u00e0 Dakar: \u201cPour moi, c\u2019est une mani\u00e8re d\u2019\u00e9corner l\u2019image de Cellou Dalein Diallo\u201d, Cellou Bald\u00e9. - UNIVERSNEWS224<\/title>\n<meta name=\"robots\" content=\"index, follow, max-snippet:-1, max-image-preview:large, max-video-preview:-1\" \/>\n<link rel=\"canonical\" href=\"https:\/\/universnews224.com\/index.php\/envoi-dune-commission-rogatoire-a-dakar-pour-moi-cest-une-maniere-decorner-limage-de-cellou-dalein-diallo-cellou-balde\/\" \/>\n<meta property=\"og:locale\" content=\"fr_FR\" \/>\n<meta property=\"og:type\" content=\"article\" \/>\n<meta property=\"og:title\" content=\"Envoi d\u2019une commission rogatoire \u00e0 Dakar: \u201cPour moi, c\u2019est une mani\u00e8re d\u2019\u00e9corner l\u2019image de Cellou Dalein Diallo\u201d, Cellou Bald\u00e9. - UNIVERSNEWS224\" \/>\n<meta property=\"og:description\" content=\"Lors de sa r\u00e9cente sortie m\u00e9diatique, le ministre de la justice a laiss\u00e9 qu\u2019une commission\" \/>\n<meta property=\"og:url\" content=\"https:\/\/universnews224.com\/index.php\/envoi-dune-commission-rogatoire-a-dakar-pour-moi-cest-une-maniere-decorner-limage-de-cellou-dalein-diallo-cellou-balde\/\" \/>\n<meta property=\"og:site_name\" content=\"UNIVERSNEWS224\" \/>\n<meta property=\"article:published_time\" content=\"2023-11-21T17:41:47+00:00\" \/>\n<meta property=\"og:image\" content=\"https:\/\/universnews224.com\/wp-content\/uploads\/2023\/11\/13596DC6-2C11-40E9-BF65-FE703A8276B2.jpeg\" \/>\n\t<meta property=\"og:image:width\" content=\"734\" \/>\n\t<meta property=\"og:image:height\" content=\"499\" \/>\n\t<meta property=\"og:image:type\" content=\"image\/jpeg\" \/>\n<meta name=\"author\" content=\"La R\u00e9daction\" \/>\n<meta name=\"twitter:label1\" content=\"\u00c9crit par\" \/>\n\t<meta name=\"twitter:data1\" content=\"La R\u00e9daction\" \/>\n\t<meta name=\"twitter:label2\" content=\"Dur\u00e9e de lecture estim\u00e9e\" \/>\n\t<meta name=\"twitter:data2\" content=\"2 minutes\" \/>\n<script type=\"application\/ld+json\" class=\"yoast-schema-graph\">{\"@context\":\"https:\/\/schema.org\",\"@graph\":[{\"@type\":\"Article\",\"@id\":\"https:\/\/universnews224.com\/index.php\/envoi-dune-commission-rogatoire-a-dakar-pour-moi-cest-une-maniere-decorner-limage-de-cellou-dalein-diallo-cellou-balde\/#article\",\"isPartOf\":{\"@id\":\"https:\/\/universnews224.com\/index.php\/envoi-dune-commission-rogatoire-a-dakar-pour-moi-cest-une-maniere-decorner-limage-de-cellou-dalein-diallo-cellou-balde\/\"},\"author\":{\"name\":\"La R\u00e9daction\",\"@id\":\"https:\/\/universnews224.com\/#\/schema\/person\/a4b7d4f94a4716df60456a491260485e\"},\"headline\":\"Envoi d\u2019une commission rogatoire \u00e0 Dakar: \u201cPour moi, c\u2019est une mani\u00e8re d\u2019\u00e9corner l\u2019image de Cellou Dalein Diallo\u201d, Cellou Bald\u00e9.\",\"datePublished\":\"2023-11-21T17:41:47+00:00\",\"dateModified\":\"2023-11-21T17:41:47+00:00\",\"mainEntityOfPage\":{\"@id\":\"https:\/\/universnews224.com\/index.php\/envoi-dune-commission-rogatoire-a-dakar-pour-moi-cest-une-maniere-decorner-limage-de-cellou-dalein-diallo-cellou-balde\/\"},\"wordCount\":261,\"publisher\":{\"@id\":\"https:\/\/universnews224.com\/#organization\"},\"keywords\":[\"La une\"],\"articleSection\":[\"ACTU\",\"POLITIQUE\"],\"inLanguage\":\"fr-FR\"},{\"@type\":\"WebPage\",\"@id\":\"https:\/\/universnews224.com\/index.php\/envoi-dune-commission-rogatoire-a-dakar-pour-moi-cest-une-maniere-decorner-limage-de-cellou-dalein-diallo-cellou-balde\/\",\"url\":\"https:\/\/universnews224.com\/index.php\/envoi-dune-commission-rogatoire-a-dakar-pour-moi-cest-une-maniere-decorner-limage-de-cellou-dalein-diallo-cellou-balde\/\",\"name\":\"Envoi d\u2019une commission rogatoire \u00e0 Dakar: \u201cPour moi, c\u2019est une mani\u00e8re d\u2019\u00e9corner l\u2019image de Cellou Dalein Diallo\u201d, Cellou Bald\u00e9. - UNIVERSNEWS224\",\"isPartOf\":{\"@id\":\"https:\/\/universnews224.com\/#website\"},\"datePublished\":\"2023-11-21T17:41:47+00:00\",\"dateModified\":\"2023-11-21T17:41:47+00:00\",\"inLanguage\":\"fr-FR\",\"potentialAction\":[{\"@type\":\"ReadAction\",\"target\":[\"https:\/\/universnews224.com\/index.php\/envoi-dune-commission-rogatoire-a-dakar-pour-moi-cest-une-maniere-decorner-limage-de-cellou-dalein-diallo-cellou-balde\/\"]}]},{\"@type\":\"WebSite\",\"@id\":\"https:\/\/universnews224.com\/#website\",\"url\":\"https:\/\/universnews224.com\/\",\"name\":\"UNIVERSNEWS224\",\"description\":\"\",\"publisher\":{\"@id\":\"https:\/\/universnews224.com\/#organization\"},\"potentialAction\":[{\"@type\":\"SearchAction\",\"target\":{\"@type\":\"EntryPoint\",\"urlTemplate\":\"https:\/\/universnews224.com\/?s={search_term_string}\"},\"query-input\":\"required name=search_term_string\"}],\"inLanguage\":\"fr-FR\"},{\"@type\":\"Organization\",\"@id\":\"https:\/\/universnews224.com\/#organization\",\"name\":\"UNIVERSNEWS224\",\"url\":\"https:\/\/universnews224.com\/\",\"logo\":{\"@type\":\"ImageObject\",\"inLanguage\":\"fr-FR\",\"@id\":\"https:\/\/universnews224.com\/#\/schema\/logo\/image\/\",\"url\":\"https:\/\/universnews224.com\/wp-content\/uploads\/2022\/08\/cropped-cropped-logoban.jpg\",\"contentUrl\":\"https:\/\/universnews224.com\/wp-content\/uploads\/2022\/08\/cropped-cropped-logoban.jpg\",\"width\":1080,\"height\":138,\"caption\":\"UNIVERSNEWS224\"},\"image\":{\"@id\":\"https:\/\/universnews224.com\/#\/schema\/logo\/image\/\"}},{\"@type\":\"Person\",\"@id\":\"https:\/\/universnews224.com\/#\/schema\/person\/a4b7d4f94a4716df60456a491260485e\",\"name\":\"La R\u00e9daction\",\"image\":{\"@type\":\"ImageObject\",\"inLanguage\":\"fr-FR\",\"@id\":\"https:\/\/universnews224.com\/#\/schema\/person\/image\/\",\"url\":\"https:\/\/secure.gravatar.com\/avatar\/edb90acc7752b23e1b3307ad36c14f0d?s=96&d=mm&r=g\",\"contentUrl\":\"https:\/\/secure.gravatar.com\/avatar\/edb90acc7752b23e1b3307ad36c14f0d?s=96&d=mm&r=g\",\"caption\":\"La R\u00e9daction\"},\"sameAs\":[\"https:\/\/universnews224.com\"],\"url\":\"https:\/\/universnews224.com\/index.php\/author\/m-camara\/\"}]}<\/script>\n<!-- \/ Yoast SEO plugin. -->","yoast_head_json":{"title":"Envoi d\u2019une commission rogatoire \u00e0 Dakar: \u201cPour moi, c\u2019est une mani\u00e8re d\u2019\u00e9corner l\u2019image de Cellou Dalein Diallo\u201d, Cellou Bald\u00e9. - UNIVERSNEWS224","robots":{"index":"index","follow":"follow","max-snippet":"max-snippet:-1","max-image-preview":"max-image-preview:large","max-video-preview":"max-video-preview:-1"},"canonical":"https:\/\/universnews224.com\/index.php\/envoi-dune-commission-rogatoire-a-dakar-pour-moi-cest-une-maniere-decorner-limage-de-cellou-dalein-diallo-cellou-balde\/","og_locale":"fr_FR","og_type":"article","og_title":"Envoi d\u2019une commission rogatoire \u00e0 Dakar: \u201cPour moi, c\u2019est une mani\u00e8re d\u2019\u00e9corner l\u2019image de Cellou Dalein Diallo\u201d, Cellou Bald\u00e9. - UNIVERSNEWS224","og_description":"Lors de sa r\u00e9cente sortie m\u00e9diatique, le ministre de la justice a laiss\u00e9 qu\u2019une commission","og_url":"https:\/\/universnews224.com\/index.php\/envoi-dune-commission-rogatoire-a-dakar-pour-moi-cest-une-maniere-decorner-limage-de-cellou-dalein-diallo-cellou-balde\/","og_site_name":"UNIVERSNEWS224","article_published_time":"2023-11-21T17:41:47+00:00","og_image":[{"width":734,"height":499,"url":"https:\/\/universnews224.com\/wp-content\/uploads\/2023\/11\/13596DC6-2C11-40E9-BF65-FE703A8276B2.jpeg","type":"image\/jpeg"}],"author":"La R\u00e9daction","twitter_misc":{"\u00c9crit par":"La R\u00e9daction","Dur\u00e9e de lecture estim\u00e9e":"2 minutes"},"schema":{"@context":"https:\/\/schema.org","@graph":[{"@type":"Article","@id":"https:\/\/universnews224.com\/index.php\/envoi-dune-commission-rogatoire-a-dakar-pour-moi-cest-une-maniere-decorner-limage-de-cellou-dalein-diallo-cellou-balde\/#article","isPartOf":{"@id":"https:\/\/universnews224.com\/index.php\/envoi-dune-commission-rogatoire-a-dakar-pour-moi-cest-une-maniere-decorner-limage-de-cellou-dalein-diallo-cellou-balde\/"},"author":{"name":"La R\u00e9daction","@id":"https:\/\/universnews224.com\/#\/schema\/person\/a4b7d4f94a4716df60456a491260485e"},"headline":"Envoi d\u2019une commission rogatoire \u00e0 Dakar: \u201cPour moi, c\u2019est une mani\u00e8re d\u2019\u00e9corner l\u2019image de Cellou Dalein Diallo\u201d, Cellou Bald\u00e9.","datePublished":"2023-11-21T17:41:47+00:00","dateModified":"2023-11-21T17:41:47+00:00","mainEntityOfPage":{"@id":"https:\/\/universnews224.com\/index.php\/envoi-dune-commission-rogatoire-a-dakar-pour-moi-cest-une-maniere-decorner-limage-de-cellou-dalein-diallo-cellou-balde\/"},"wordCount":261,"publisher":{"@id":"https:\/\/universnews224.com\/#organization"},"keywords":["La une"],"articleSection":["ACTU","POLITIQUE"],"inLanguage":"fr-FR"},{"@type":"WebPage","@id":"https:\/\/universnews224.com\/index.php\/envoi-dune-commission-rogatoire-a-dakar-pour-moi-cest-une-maniere-decorner-limage-de-cellou-dalein-diallo-cellou-balde\/","url":"https:\/\/universnews224.com\/index.php\/envoi-dune-commission-rogatoire-a-dakar-pour-moi-cest-une-maniere-decorner-limage-de-cellou-dalein-diallo-cellou-balde\/","name":"Envoi d\u2019une commission rogatoire \u00e0 Dakar: \u201cPour moi, c\u2019est une mani\u00e8re d\u2019\u00e9corner l\u2019image de Cellou Dalein Diallo\u201d, Cellou Bald\u00e9. - UNIVERSNEWS224","isPartOf":{"@id":"https:\/\/universnews224.com\/#website"},"datePublished":"2023-11-21T17:41:47+00:00","dateModified":"2023-11-21T17:41:47+00:00","inLanguage":"fr-FR","potentialAction":[{"@type":"ReadAction","target":["https:\/\/universnews224.com\/index.php\/envoi-dune-commission-rogatoire-a-dakar-pour-moi-cest-une-maniere-decorner-limage-de-cellou-dalein-diallo-cellou-balde\/"]}]},{"@type":"WebSite","@id":"https:\/\/universnews224.com\/#website","url":"https:\/\/universnews224.com\/","name":"UNIVERSNEWS224","description":"","publisher":{"@id":"https:\/\/universnews224.com\/#organization"},"potentialAction":[{"@type":"SearchAction","target":{"@type":"EntryPoint","urlTemplate":"https:\/\/universnews224.com\/?s={search_term_string}"},"query-input":"required name=search_term_string"}],"inLanguage":"fr-FR"},{"@type":"Organization","@id":"https:\/\/universnews224.com\/#organization","name":"UNIVERSNEWS224","url":"https:\/\/universnews224.com\/","logo":{"@type":"ImageObject","inLanguage":"fr-FR","@id":"https:\/\/universnews224.com\/#\/schema\/logo\/image\/","url":"https:\/\/universnews224.com\/wp-content\/uploads\/2022\/08\/cropped-cropped-logoban.jpg","contentUrl":"https:\/\/universnews224.com\/wp-content\/uploads\/2022\/08\/cropped-cropped-logoban.jpg","width":1080,"height":138,"caption":"UNIVERSNEWS224"},"image":{"@id":"https:\/\/universnews224.com\/#\/schema\/logo\/image\/"}},{"@type":"Person","@id":"https:\/\/universnews224.com\/#\/schema\/person\/a4b7d4f94a4716df60456a491260485e","name":"La R\u00e9daction","image":{"@type":"ImageObject","inLanguage":"fr-FR","@id":"https:\/\/universnews224.com\/#\/schema\/person\/image\/","url":"https:\/\/secure.gravatar.com\/avatar\/edb90acc7752b23e1b3307ad36c14f0d?s=96&d=mm&r=g","contentUrl":"https:\/\/secure.gravatar.com\/avatar\/edb90acc7752b23e1b3307ad36c14f0d?s=96&d=mm&r=g","caption":"La R\u00e9daction"},"sameAs":["https:\/\/universnews224.com"],"url":"https:\/\/universnews224.com\/index.php\/author\/m-camara\/"}]}},"_links":{"self":[{"href":"https:\/\/universnews224.com\/index.php\/wp-json\/wp\/v2\/posts\/4642"}],"collection":[{"href":"https:\/\/universnews224.com\/index.php\/wp-json\/wp\/v2\/posts"}],"about":[{"href":"https:\/\/universnews224.com\/index.php\/wp-json\/wp\/v2\/types\/post"}],"author":[{"embeddable":true,"href":"https:\/\/universnews224.com\/index.php\/wp-json\/wp\/v2\/users\/2"}],"replies":[{"embeddable":true,"href":"https:\/\/universnews224.com\/index.php\/wp-json\/wp\/v2\/comments?post=4642"}],"version-history":[{"count":1,"href":"https:\/\/universnews224.com\/index.php\/wp-json\/wp\/v2\/posts\/4642\/revisions"}],"predecessor-version":[{"id":4643,"href":"https:\/\/universnews224.com\/index.php\/wp-json\/wp\/v2\/posts\/4642\/revisions\/4643"}],"wp:featuredmedia":[{"embeddable":true,"href":"https:\/\/universnews224.com\/index.php\/wp-json\/wp\/v2\/media\/4635"}],"wp:attachment":[{"href":"https:\/\/universnews224.com\/index.php\/wp-json\/wp\/v2\/media?parent=4642"}],"wp:term":[{"taxonomy":"category","embeddable":true,"href":"https:\/\/universnews224.com\/index.php\/wp-json\/wp\/v2\/categories?post=4642"},{"taxonomy":"post_tag","embeddable":true,"href":"https:\/\/universnews224.com\/index.php\/wp-json\/wp\/v2\/tags?post=4642"}],"curies":[{"name":"wp","href":"https:\/\/api.w.org\/{rel}","templated":true}]}}