{"id":4647,"date":"2023-11-21T18:45:59","date_gmt":"2023-11-21T17:45:59","guid":{"rendered":"https:\/\/universnews224.com\/?p=4647"},"modified":"2023-11-21T18:45:59","modified_gmt":"2023-11-21T17:45:59","slug":"cellou-balde-sur-arrestation-extrajudiciaire-general-el-sissi-les-erreurs-du-passe-sont-toujours-la","status":"publish","type":"post","link":"https:\/\/universnews224.com\/index.php\/cellou-balde-sur-arrestation-extrajudiciaire-general-el-sissi-les-erreurs-du-passe-sont-toujours-la\/","title":{"rendered":"Cellou Bald\u00e9 sur arrestation extrajudiciaire G\u00e9n\u00e9ral El Sissi: \u201cLes erreurs du pass\u00e9 sont toujours l\u00e0\u201d"},"content":{"rendered":"<p class=\"p1\"><span class=\"s1\">Le responsable des f\u00e9d\u00e9rations de l\u2019Union des forces d\u00e9mocratiques de Guin\u00e9e (UFDG) \u00e0 l\u2019int\u00e9rieur du pays s\u2019est exprim\u00e9 ce mardi, 21 novembre 2023,sur l\u2019interpellation, le samedi dernier, de Fod\u00e9 Moussa Mara alias G\u00e9n\u00e9ral El Sissi du RPG Arc-en-ciel. <\/span><\/p>\n<p class=\"p1\"><span class=\"s1\">Selon Cellou Bald\u00e9, l\u2019interpellation en dehors de toute proc\u00e9dure judiciaire de ce servent militant du RPG arc-en-ciel montre que, le CNRD est entrain de r\u00e9p\u00e9ter les m\u00eames erreurs du pass\u00e9. <\/span><\/p>\n<p class=\"p1\"><span class=\"s1\">\u201cLes erreurs du pass\u00e9 sont toujours l\u00e0. Moi, je dirai que les erreurs du pass\u00e9 se bousculent avec les fautes du pr\u00e9sent. Parce que, quand nous-m\u00eame, on reconna\u00eet que ce qui s\u2019est pass\u00e9, c\u2019est une erreur et que nous-m\u00eame, on l\u2019a reproduise, c\u2019est que ce n\u2019est plus erreur, \u00e7a devient une faute. C\u2019est une situation aggravante parce qu\u2019il y a des dispositions du code de proc\u00e9dure p\u00e9nale, quand on a envie d\u2019attendre un citoyen par rapport \u00e0 des infractions pr\u00e9sum\u00e9es, mais il y a la mani\u00e8re. Le code de proc\u00e9dure p\u00e9nale pr\u00e9voit clairement comment on doit inviter un citoyen devant les juridictions quelque soit la gravit\u00e9 de infractions\u201d, a t-il rappeler. <\/span><\/p>\n<p class=\"p1\"><span class=\"s1\">Au lendemain de son interpellation, le ministre de la justice a donn\u00e9 des injonctions au procureur g\u00e9n\u00e9ral de la Cour d\u2019appel de Conakry \u00e0 effet d\u2019engager des poursuites judiciaires contre Alpha Cond\u00e9 et El Sissi pour des faits pr\u00e9sum\u00e9s de trahison, association de malfaiteurs et complicit\u00e9 de d\u00e9tention illicite d\u2019armes et munitions. <\/span><\/p>\n<p class=\"p1\"><span class=\"s1\">Pour Cellou Bald\u00e9, la Guin\u00e9e doit sortir de ces pratiques d\u2019une autre \u00e9poque. <\/span><\/p>\n<p class=\"p1\"><span class=\"s1\">\u201cJe n\u2019ai pas envie de revivre cette histoire. Moi, j\u2019ai \u00e9t\u00e9 accus\u00e9 avec d\u2019autres compagnons de d\u00e9tention, de fabrication de transfert d\u2019armes de guerre et d\u2019armes l\u00e9g\u00e8res, de minutions, d\u2019atteinte \u00e0 l\u2019int\u00e9grit\u00e9 du territoire, de tentative de d\u00e9stabilisation parce que juste, on a dit c\u2019est Cellou Dalein qui a gagn\u00e9 les \u00e9lections, parce que j\u2019ai \u00e9t\u00e9 directeur g\u00e9n\u00e9ral de campagne de l\u2019UFDG en moyenne Guin\u00e9e. Et aujourd\u2019hui, j\u2019attends d\u2019autres accusations, \u00e7a m\u2019\u00e9c\u0153ure. La Guin\u00e9e doit sortir des complots et contre complots, nous sommes depuis 58 dans l\u2019histoire de complots. Nous sommes dans la tribalisation, nous sommes dans la violence d\u2019\u00c9tat de fa\u00e7on permanente, le pays doit sortir de \u00e7a. Nous devons nous tourner r\u00e9solument vers le d\u00e9veloppement\u201d, a t-il indiqu\u00e9. <\/span><\/p>\n<p class=\"p1\"><span class=\"s1\">Mohamed Camara <\/span><\/p>\n<p class=\"p1\"><span class=\"s1\">. <\/span><\/p>\n","protected":false},"excerpt":{"rendered":"<p>Le responsable des f\u00e9d\u00e9rations de l\u2019Union des forces d\u00e9mocratiques de Guin\u00e9e (UFDG) \u00e0 l\u2019int\u00e9rieur du<\/p>\n","protected":false},"author":2,"featured_media":4648,"comment_status":"closed","ping_status":"open","sticky":false,"template":"","format":"standard","meta":[],"categories":[3,4],"tags":[229],"yoast_head":"<!-- This site is optimized with the Yoast SEO plugin v19.13 - https:\/\/yoast.com\/wordpress\/plugins\/seo\/ -->\n<title>Cellou Bald\u00e9 sur arrestation extrajudiciaire G\u00e9n\u00e9ral El Sissi: \u201cLes erreurs du pass\u00e9 sont toujours l\u00e0\u201d - UNIVERSNEWS224<\/title>\n<meta name=\"robots\" content=\"index, follow, max-snippet:-1, max-image-preview:large, max-video-preview:-1\" \/>\n<link rel=\"canonical\" href=\"https:\/\/universnews224.com\/index.php\/cellou-balde-sur-arrestation-extrajudiciaire-general-el-sissi-les-erreurs-du-passe-sont-toujours-la\/\" \/>\n<meta property=\"og:locale\" content=\"fr_FR\" \/>\n<meta property=\"og:type\" content=\"article\" \/>\n<meta property=\"og:title\" content=\"Cellou Bald\u00e9 sur arrestation extrajudiciaire G\u00e9n\u00e9ral El Sissi: \u201cLes erreurs du pass\u00e9 sont toujours l\u00e0\u201d - UNIVERSNEWS224\" \/>\n<meta property=\"og:description\" content=\"Le responsable des f\u00e9d\u00e9rations de l\u2019Union des forces d\u00e9mocratiques de Guin\u00e9e (UFDG) \u00e0 l\u2019int\u00e9rieur du\" \/>\n<meta property=\"og:url\" content=\"https:\/\/universnews224.com\/index.php\/cellou-balde-sur-arrestation-extrajudiciaire-general-el-sissi-les-erreurs-du-passe-sont-toujours-la\/\" \/>\n<meta property=\"og:site_name\" content=\"UNIVERSNEWS224\" \/>\n<meta property=\"article:published_time\" content=\"2023-11-21T17:45:59+00:00\" \/>\n<meta property=\"og:image\" content=\"https:\/\/universnews224.com\/wp-content\/uploads\/2023\/11\/65773035-736B-457E-84E8-AF7EA2FD303E.png\" \/>\n\t<meta property=\"og:image:width\" content=\"720\" \/>\n\t<meta property=\"og:image:height\" content=\"570\" \/>\n\t<meta property=\"og:image:type\" content=\"image\/png\" \/>\n<meta name=\"author\" content=\"La R\u00e9daction\" \/>\n<meta name=\"twitter:label1\" content=\"\u00c9crit par\" \/>\n\t<meta name=\"twitter:data1\" content=\"La R\u00e9daction\" \/>\n\t<meta name=\"twitter:label2\" content=\"Dur\u00e9e de lecture estim\u00e9e\" \/>\n\t<meta name=\"twitter:data2\" content=\"2 minutes\" \/>\n<script type=\"application\/ld+json\" class=\"yoast-schema-graph\">{\"@context\":\"https:\/\/schema.org\",\"@graph\":[{\"@type\":\"Article\",\"@id\":\"https:\/\/universnews224.com\/index.php\/cellou-balde-sur-arrestation-extrajudiciaire-general-el-sissi-les-erreurs-du-passe-sont-toujours-la\/#article\",\"isPartOf\":{\"@id\":\"https:\/\/universnews224.com\/index.php\/cellou-balde-sur-arrestation-extrajudiciaire-general-el-sissi-les-erreurs-du-passe-sont-toujours-la\/\"},\"author\":{\"name\":\"La R\u00e9daction\",\"@id\":\"https:\/\/universnews224.com\/#\/schema\/person\/a4b7d4f94a4716df60456a491260485e\"},\"headline\":\"Cellou Bald\u00e9 sur arrestation extrajudiciaire G\u00e9n\u00e9ral El Sissi: \u201cLes erreurs du pass\u00e9 sont toujours l\u00e0\u201d\",\"datePublished\":\"2023-11-21T17:45:59+00:00\",\"dateModified\":\"2023-11-21T17:45:59+00:00\",\"mainEntityOfPage\":{\"@id\":\"https:\/\/universnews224.com\/index.php\/cellou-balde-sur-arrestation-extrajudiciaire-general-el-sissi-les-erreurs-du-passe-sont-toujours-la\/\"},\"wordCount\":452,\"publisher\":{\"@id\":\"https:\/\/universnews224.com\/#organization\"},\"keywords\":[\"La une\"],\"articleSection\":[\"ACTU\",\"POLITIQUE\"],\"inLanguage\":\"fr-FR\"},{\"@type\":\"WebPage\",\"@id\":\"https:\/\/universnews224.com\/index.php\/cellou-balde-sur-arrestation-extrajudiciaire-general-el-sissi-les-erreurs-du-passe-sont-toujours-la\/\",\"url\":\"https:\/\/universnews224.com\/index.php\/cellou-balde-sur-arrestation-extrajudiciaire-general-el-sissi-les-erreurs-du-passe-sont-toujours-la\/\",\"name\":\"Cellou Bald\u00e9 sur arrestation extrajudiciaire G\u00e9n\u00e9ral El Sissi: \u201cLes erreurs du pass\u00e9 sont toujours l\u00e0\u201d - UNIVERSNEWS224\",\"isPartOf\":{\"@id\":\"https:\/\/universnews224.com\/#website\"},\"datePublished\":\"2023-11-21T17:45:59+00:00\",\"dateModified\":\"2023-11-21T17:45:59+00:00\",\"inLanguage\":\"fr-FR\",\"potentialAction\":[{\"@type\":\"ReadAction\",\"target\":[\"https:\/\/universnews224.com\/index.php\/cellou-balde-sur-arrestation-extrajudiciaire-general-el-sissi-les-erreurs-du-passe-sont-toujours-la\/\"]}]},{\"@type\":\"WebSite\",\"@id\":\"https:\/\/universnews224.com\/#website\",\"url\":\"https:\/\/universnews224.com\/\",\"name\":\"UNIVERSNEWS224\",\"description\":\"\",\"publisher\":{\"@id\":\"https:\/\/universnews224.com\/#organization\"},\"potentialAction\":[{\"@type\":\"SearchAction\",\"target\":{\"@type\":\"EntryPoint\",\"urlTemplate\":\"https:\/\/universnews224.com\/?s={search_term_string}\"},\"query-input\":\"required name=search_term_string\"}],\"inLanguage\":\"fr-FR\"},{\"@type\":\"Organization\",\"@id\":\"https:\/\/universnews224.com\/#organization\",\"name\":\"UNIVERSNEWS224\",\"url\":\"https:\/\/universnews224.com\/\",\"logo\":{\"@type\":\"ImageObject\",\"inLanguage\":\"fr-FR\",\"@id\":\"https:\/\/universnews224.com\/#\/schema\/logo\/image\/\",\"url\":\"https:\/\/universnews224.com\/wp-content\/uploads\/2022\/08\/cropped-cropped-logoban.jpg\",\"contentUrl\":\"https:\/\/universnews224.com\/wp-content\/uploads\/2022\/08\/cropped-cropped-logoban.jpg\",\"width\":1080,\"height\":138,\"caption\":\"UNIVERSNEWS224\"},\"image\":{\"@id\":\"https:\/\/universnews224.com\/#\/schema\/logo\/image\/\"}},{\"@type\":\"Person\",\"@id\":\"https:\/\/universnews224.com\/#\/schema\/person\/a4b7d4f94a4716df60456a491260485e\",\"name\":\"La R\u00e9daction\",\"image\":{\"@type\":\"ImageObject\",\"inLanguage\":\"fr-FR\",\"@id\":\"https:\/\/universnews224.com\/#\/schema\/person\/image\/\",\"url\":\"https:\/\/secure.gravatar.com\/avatar\/edb90acc7752b23e1b3307ad36c14f0d?s=96&d=mm&r=g\",\"contentUrl\":\"https:\/\/secure.gravatar.com\/avatar\/edb90acc7752b23e1b3307ad36c14f0d?s=96&d=mm&r=g\",\"caption\":\"La R\u00e9daction\"},\"sameAs\":[\"https:\/\/universnews224.com\"],\"url\":\"https:\/\/universnews224.com\/index.php\/author\/m-camara\/\"}]}<\/script>\n<!-- \/ Yoast SEO plugin. -->","yoast_head_json":{"title":"Cellou Bald\u00e9 sur arrestation extrajudiciaire G\u00e9n\u00e9ral El Sissi: \u201cLes erreurs du pass\u00e9 sont toujours l\u00e0\u201d - UNIVERSNEWS224","robots":{"index":"index","follow":"follow","max-snippet":"max-snippet:-1","max-image-preview":"max-image-preview:large","max-video-preview":"max-video-preview:-1"},"canonical":"https:\/\/universnews224.com\/index.php\/cellou-balde-sur-arrestation-extrajudiciaire-general-el-sissi-les-erreurs-du-passe-sont-toujours-la\/","og_locale":"fr_FR","og_type":"article","og_title":"Cellou Bald\u00e9 sur arrestation extrajudiciaire G\u00e9n\u00e9ral El Sissi: \u201cLes erreurs du pass\u00e9 sont toujours l\u00e0\u201d - UNIVERSNEWS224","og_description":"Le responsable des f\u00e9d\u00e9rations de l\u2019Union des forces d\u00e9mocratiques de Guin\u00e9e (UFDG) \u00e0 l\u2019int\u00e9rieur du","og_url":"https:\/\/universnews224.com\/index.php\/cellou-balde-sur-arrestation-extrajudiciaire-general-el-sissi-les-erreurs-du-passe-sont-toujours-la\/","og_site_name":"UNIVERSNEWS224","article_published_time":"2023-11-21T17:45:59+00:00","og_image":[{"width":720,"height":570,"url":"https:\/\/universnews224.com\/wp-content\/uploads\/2023\/11\/65773035-736B-457E-84E8-AF7EA2FD303E.png","type":"image\/png"}],"author":"La R\u00e9daction","twitter_misc":{"\u00c9crit par":"La R\u00e9daction","Dur\u00e9e de lecture estim\u00e9e":"2 minutes"},"schema":{"@context":"https:\/\/schema.org","@graph":[{"@type":"Article","@id":"https:\/\/universnews224.com\/index.php\/cellou-balde-sur-arrestation-extrajudiciaire-general-el-sissi-les-erreurs-du-passe-sont-toujours-la\/#article","isPartOf":{"@id":"https:\/\/universnews224.com\/index.php\/cellou-balde-sur-arrestation-extrajudiciaire-general-el-sissi-les-erreurs-du-passe-sont-toujours-la\/"},"author":{"name":"La R\u00e9daction","@id":"https:\/\/universnews224.com\/#\/schema\/person\/a4b7d4f94a4716df60456a491260485e"},"headline":"Cellou Bald\u00e9 sur arrestation extrajudiciaire G\u00e9n\u00e9ral El Sissi: \u201cLes erreurs du pass\u00e9 sont toujours l\u00e0\u201d","datePublished":"2023-11-21T17:45:59+00:00","dateModified":"2023-11-21T17:45:59+00:00","mainEntityOfPage":{"@id":"https:\/\/universnews224.com\/index.php\/cellou-balde-sur-arrestation-extrajudiciaire-general-el-sissi-les-erreurs-du-passe-sont-toujours-la\/"},"wordCount":452,"publisher":{"@id":"https:\/\/universnews224.com\/#organization"},"keywords":["La une"],"articleSection":["ACTU","POLITIQUE"],"inLanguage":"fr-FR"},{"@type":"WebPage","@id":"https:\/\/universnews224.com\/index.php\/cellou-balde-sur-arrestation-extrajudiciaire-general-el-sissi-les-erreurs-du-passe-sont-toujours-la\/","url":"https:\/\/universnews224.com\/index.php\/cellou-balde-sur-arrestation-extrajudiciaire-general-el-sissi-les-erreurs-du-passe-sont-toujours-la\/","name":"Cellou Bald\u00e9 sur arrestation extrajudiciaire G\u00e9n\u00e9ral El Sissi: \u201cLes erreurs du pass\u00e9 sont toujours l\u00e0\u201d - UNIVERSNEWS224","isPartOf":{"@id":"https:\/\/universnews224.com\/#website"},"datePublished":"2023-11-21T17:45:59+00:00","dateModified":"2023-11-21T17:45:59+00:00","inLanguage":"fr-FR","potentialAction":[{"@type":"ReadAction","target":["https:\/\/universnews224.com\/index.php\/cellou-balde-sur-arrestation-extrajudiciaire-general-el-sissi-les-erreurs-du-passe-sont-toujours-la\/"]}]},{"@type":"WebSite","@id":"https:\/\/universnews224.com\/#website","url":"https:\/\/universnews224.com\/","name":"UNIVERSNEWS224","description":"","publisher":{"@id":"https:\/\/universnews224.com\/#organization"},"potentialAction":[{"@type":"SearchAction","target":{"@type":"EntryPoint","urlTemplate":"https:\/\/universnews224.com\/?s={search_term_string}"},"query-input":"required name=search_term_string"}],"inLanguage":"fr-FR"},{"@type":"Organization","@id":"https:\/\/universnews224.com\/#organization","name":"UNIVERSNEWS224","url":"https:\/\/universnews224.com\/","logo":{"@type":"ImageObject","inLanguage":"fr-FR","@id":"https:\/\/universnews224.com\/#\/schema\/logo\/image\/","url":"https:\/\/universnews224.com\/wp-content\/uploads\/2022\/08\/cropped-cropped-logoban.jpg","contentUrl":"https:\/\/universnews224.com\/wp-content\/uploads\/2022\/08\/cropped-cropped-logoban.jpg","width":1080,"height":138,"caption":"UNIVERSNEWS224"},"image":{"@id":"https:\/\/universnews224.com\/#\/schema\/logo\/image\/"}},{"@type":"Person","@id":"https:\/\/universnews224.com\/#\/schema\/person\/a4b7d4f94a4716df60456a491260485e","name":"La R\u00e9daction","image":{"@type":"ImageObject","inLanguage":"fr-FR","@id":"https:\/\/universnews224.com\/#\/schema\/person\/image\/","url":"https:\/\/secure.gravatar.com\/avatar\/edb90acc7752b23e1b3307ad36c14f0d?s=96&d=mm&r=g","contentUrl":"https:\/\/secure.gravatar.com\/avatar\/edb90acc7752b23e1b3307ad36c14f0d?s=96&d=mm&r=g","caption":"La R\u00e9daction"},"sameAs":["https:\/\/universnews224.com"],"url":"https:\/\/universnews224.com\/index.php\/author\/m-camara\/"}]}},"_links":{"self":[{"href":"https:\/\/universnews224.com\/index.php\/wp-json\/wp\/v2\/posts\/4647"}],"collection":[{"href":"https:\/\/universnews224.com\/index.php\/wp-json\/wp\/v2\/posts"}],"about":[{"href":"https:\/\/universnews224.com\/index.php\/wp-json\/wp\/v2\/types\/post"}],"author":[{"embeddable":true,"href":"https:\/\/universnews224.com\/index.php\/wp-json\/wp\/v2\/users\/2"}],"replies":[{"embeddable":true,"href":"https:\/\/universnews224.com\/index.php\/wp-json\/wp\/v2\/comments?post=4647"}],"version-history":[{"count":1,"href":"https:\/\/universnews224.com\/index.php\/wp-json\/wp\/v2\/posts\/4647\/revisions"}],"predecessor-version":[{"id":4649,"href":"https:\/\/universnews224.com\/index.php\/wp-json\/wp\/v2\/posts\/4647\/revisions\/4649"}],"wp:featuredmedia":[{"embeddable":true,"href":"https:\/\/universnews224.com\/index.php\/wp-json\/wp\/v2\/media\/4648"}],"wp:attachment":[{"href":"https:\/\/universnews224.com\/index.php\/wp-json\/wp\/v2\/media?parent=4647"}],"wp:term":[{"taxonomy":"category","embeddable":true,"href":"https:\/\/universnews224.com\/index.php\/wp-json\/wp\/v2\/categories?post=4647"},{"taxonomy":"post_tag","embeddable":true,"href":"https:\/\/universnews224.com\/index.php\/wp-json\/wp\/v2\/tags?post=4647"}],"curies":[{"name":"wp","href":"https:\/\/api.w.org\/{rel}","templated":true}]}}